{"id":11066,"date":"2017-10-25T10:28:10","date_gmt":"2017-10-25T08:28:10","guid":{"rendered":"https:\/\/fotografiadlaciekawych.pl\/?p=11066"},"modified":"2018-08-27T10:40:12","modified_gmt":"2018-08-27T08:40:12","slug":"trojkat-ekspozycji-w-fotografii","status":"publish","type":"post","link":"https:\/\/fotografiadlaciekawych.pl\/index.php\/2017\/10\/25\/trojkat-ekspozycji-w-fotografii\/","title":{"rendered":"Tr\u00f3jk\u0105t ekspozycji w fotografii dla \u015bwiat\u0142a ci\u0105g\u0142ego oraz lampy b\u0142yskowej"},"content":{"rendered":"<p>Opisuj\u0105c parametry na\u015bwietlenia zdj\u0119cia mo\u017cna je graficznie przedstawi\u0107 jako tr\u00f3jk\u0105t ekspozycji o trzech wierzcho\u0142kach: czas, przys\u0142ona oraz ISO. Warto jednak zaznaczy\u0107, \u017ce tr\u00f3jk\u0105t ekspozycji dla \u015bwiat\u0142a b\u0142yskowego jest inny ni\u017c tr\u00f3jk\u0105t ekspozycji dla \u015bwiat\u0142a ci\u0105g\u0142ego. Inaczej trzeba ustawia\u0107 parametry na\u015bwietlania kiedy fotografujesz przy \u015bwietle s\u0142onecznym, a inaczej kiedy u\u017cywasz lampy b\u0142yskowej.<br \/>\n<!--more--><\/p>\n<h2>Tr\u00f3jk\u0105t ekspozycji dla \u015bwiat\u0142a ci\u0105g\u0142ego<\/h2>\n<p><a href=\"https:\/\/fotografiadlaciekawych.pl\/wp-content\/uploads\/2017\/10\/trojkat-ekspozycji-dla-swiatla-ciaglego.jpg\" rel=\"lightbox\"><img loading=\"lazy\" decoding=\"async\" src=\"https:\/\/fotografiadlaciekawych.pl\/wp-content\/uploads\/2017\/10\/trojkat-ekspozycji-dla-swiatla-ciaglego-400x293.jpg\" alt=\"Tr\u00f3jk\u0105t ekspozycji dla \u015bwiat\u0142a ci\u0105g\u0142ego\" width=\"400\" height=\"293\" class=\"alignnone size-medium wp-image-11160\" srcset=\"https:\/\/fotografiadlaciekawych.pl\/wp-content\/uploads\/2017\/10\/trojkat-ekspozycji-dla-swiatla-ciaglego-400x293.jpg 400w, https:\/\/fotografiadlaciekawych.pl\/wp-content\/uploads\/2017\/10\/trojkat-ekspozycji-dla-swiatla-ciaglego-768x563.jpg 768w, https:\/\/fotografiadlaciekawych.pl\/wp-content\/uploads\/2017\/10\/trojkat-ekspozycji-dla-swiatla-ciaglego.jpg 900w\" sizes=\"auto, (max-width: 400px) 100vw, 400px\" \/><\/a><\/p>\n<p>W przypadku \u015bwiat\u0142a ci\u0105g\u0142ego dob\u00f3r ekspozycji polega na ustawieniu odpowiednich warto\u015bci czasu na\u015bwietlania, przys\u0142ony i ISO. S\u0105 to trzy czynniki decyduj\u0105ce o na\u015bwietleniu zdj\u0119cia. Tak naprawd\u0119 jednak o na\u015bwietleniu decyduje tylko przys\u0142ona, kt\u00f3ra definiuje moc \u015bwiat\u0142a wpuszczanego przez obiektyw oraz czas na\u015bwietlania, kt\u00f3ry decyduje jak d\u0142ugo to wpuszczone \u015bwiat\u0142o jest &#8222;\u0142apane&#8221; przez matryc\u0119. ISO wp\u0142ywa tylko na spos\u00f3b interpretacji z\u0142apanego \u015bwiat\u0142a. Niemniej efekt w postaci zdj\u0119cia wynika z ustawie\u0144 tych trzech czynnik\u00f3w.<\/p>\n<p>Zale\u017cno\u015b\u0107 mi\u0119dzy nimi jest dobrze opisana we wpisie <a href=\"https:\/\/fotografiadlaciekawych.pl\/index.php\/2016\/06\/22\/ekspozycja-skladniki\/\">Ekspozycja na wakacje &#8211; \u015bci\u0105ga z jej sk\u0142adnik\u00f3w<\/a>, dlatego nie b\u0119d\u0119 si\u0119 tu powtarza\u0142. Zobacz prosz\u0119 tamten wpis.<\/p>\n<h2>Tr\u00f3jk\u0105t ekspozycji dla lampy b\u0142yskowej<\/h2>\n<p><a href=\"https:\/\/fotografiadlaciekawych.pl\/wp-content\/uploads\/2017\/10\/trojkat-ekspozycji-dla-lampy-blyskowej.jpg\" rel=\"lightbox\"><img loading=\"lazy\" decoding=\"async\" src=\"https:\/\/fotografiadlaciekawych.pl\/wp-content\/uploads\/2017\/10\/trojkat-ekspozycji-dla-lampy-blyskowej-400x293.jpg\" alt=\"Tr\u00f3jk\u0105t ekspozycji dla lampy b\u0142yskowej\" width=\"400\" height=\"293\" class=\"alignnone size-medium wp-image-11161\" srcset=\"https:\/\/fotografiadlaciekawych.pl\/wp-content\/uploads\/2017\/10\/trojkat-ekspozycji-dla-lampy-blyskowej-400x293.jpg 400w, https:\/\/fotografiadlaciekawych.pl\/wp-content\/uploads\/2017\/10\/trojkat-ekspozycji-dla-lampy-blyskowej-768x562.jpg 768w, https:\/\/fotografiadlaciekawych.pl\/wp-content\/uploads\/2017\/10\/trojkat-ekspozycji-dla-lampy-blyskowej.jpg 900w\" sizes=\"auto, (max-width: 400px) 100vw, 400px\" \/><\/a><\/p>\n<p>\u015awiat\u0142o pochodz\u0105ce od lampy b\u0142yskowej jest emitowane przez bardzo kr\u00f3tki okres czasu. Jest on niezale\u017cny od czasu na\u015bwietlania, dlatego w przypadku \u015bwiat\u0142a b\u0142yskowego dob\u00f3r ekspozycji polega na ustawieniu odpowiednich warto\u015bci przys\u0142ony i ISO. Trzecim parametrem, kt\u00f3ry mo\u017cesz regulowa\u0107, jest moc \u015bwiat\u0142a b\u0142yskowego. Natomiast, aby matryca aparatu mog\u0142a zarejestrowa\u0107 obraz w czasie b\u0142ysku \u015bwiat\u0142a, czas migawki musi by\u0107 tylko r\u00f3wny lub d\u0142u\u017cszy od czasu synchronizacji.<\/p>\n<p>Tak wi\u0119c korzystaj\u0105c z lampy b\u0142yskowej, do okre\u015blonej mocy b\u0142ysku dobierasz odpowiedni\u0105 warto\u015b\u0107 przys\u0142ony i ISO. Maj\u0105c mo\u017cliwo\u015b\u0107 sterowania moc\u0105 b\u0142ysku mo\u017cesz te\u017c post\u0105pi\u0107 odwrotnie. To znaczy, ustawiasz przys\u0142on\u0119 oraz ISO i dopiero do tych warto\u015bci dobierasz odpowiedni\u0105 moc b\u0142ysku. Przewa\u017cnie taki spos\u00f3b post\u0119powania jest najskuteczniejszy w o\u015bwietleniu studyjnym przy sesjach z wi\u0119cej ni\u017c jedn\u0105 lamp\u0105. Wtedy ze wzgl\u0119du na jako\u015b\u0107 zdj\u0119\u0107 ustawiasz najni\u017csze ISO i przys\u0142on\u0119 ze wzgl\u0119du na potrzebn\u0105 g\u0142\u0119bi\u0119 ostro\u015bci lub ze wzgl\u0119du na najwy\u017csz\u0105 ostro\u015b\u0107 obiektywu.<\/p>\n<p>Czas na\u015bwietlania, w przypadku \u015bwiat\u0142a b\u0142yskowego, powinien by\u0107 jedynie r\u00f3wny lub d\u0142u\u017cszy ni\u017c czas synchronizacji migawki z lamp\u0105 b\u0142yskow\u0105. Przewa\u017cnie ma on warto\u015b\u0107 od 1\/160 lub 1\/250 sekundy w przypadku aparat\u00f3w z migawk\u0105 szczelinow\u0105. Kiedy\u015b to nawet by\u0142a 1\/30 sekundy. Oznacza to, \u017ce niezale\u017cnie czy ustawisz czas na 1 sekund\u0119, 1\/10 sekundy, czy 1\/100 sekundy to na\u015bwietlenie z lampy b\u0142yskowej b\u0119dzie dok\u0142adnie takie samo. Przecie\u017c sam b\u0142ysk trwa tylko kr\u00f3tk\u0105 chwil\u0119.<\/p>\n<p>Niekt\u00f3re reporterskie lampy b\u0142yskowe maj\u0105 specjalny tryb i daj\u0105 mo\u017cliwo\u015b\u0107 synchronizowania b\u0142ysku z kr\u00f3tszymi czasami ni\u017c czas synchronizacji.<\/p>\n<p>Ps. Opublikowany materia\u0142 to tylko niewielki fragment ebooka <a href=\"http:\/\/oziemblewski.com\/publikacje\/ekspozycja-barwa-ostrosc\/\" rel=\"noopener\" target=\"_blank\">&#8222;Ekspozycja &#8211; Barwa &#8211; Ostro\u015b\u0107&#8221;<\/a>. Wi\u0119cej na temat ekspozycji otrzymasz po zapisaniu si\u0119 na list\u0119 <a href=\"https:\/\/oziemblewski.com\/darmowe\/ekspozycja\/\" rel=\"noopener\" target=\"_blank\">Ekspozycja, zdj\u0119cia nocne i w trudnych warunkach o\u015bwietleniowych<\/a>.<\/p>\n<p><a href=\"https:\/\/oziemblewski.com\/darmowe\/ekspozycja\/\" rel=\"noopener\" target=\"_blank\"><img loading=\"lazy\" decoding=\"async\" src=\"https:\/\/fotografiadlaciekawych.pl\/wp-content\/uploads\/2018\/08\/zapisy-na-ekspozycje.jpg\" alt=\"Zapisy na lekcje o ekspozycji\" width=\"400\" height=\"225\" class=\"alignnone size-full wp-image-11974\" \/><\/a><\/p>\n","protected":false},"excerpt":{"rendered":"<p>Opisuj\u0105c parametry na\u015bwietlenia zdj\u0119cia mo\u017cna je graficznie przedstawi\u0107 jako tr\u00f3jk\u0105t ekspozycji o trzech wierzcho\u0142kach: czas, przys\u0142ona oraz ISO. Warto jednak zaznaczy\u0107, \u017ce tr\u00f3jk\u0105t ekspozycji dla \u015bwiat\u0142a b\u0142yskowego jest inny ni\u017c tr\u00f3jk\u0105t ekspozycji dla \u015bwiat\u0142a ci\u0105g\u0142ego. Inaczej trzeba ustawia\u0107 parametry na\u015bwietlania kiedy fotografujesz przy \u015bwietle s\u0142onecznym, a inaczej kiedy u\u017cywasz lampy b\u0142yskowej.<\/p>\n","protected":false},"author":1,"featured_media":11165,"comment_status":"open","ping_status":"open","sticky":false,"template":"","format":"standard","meta":{"_jetpack_newsletter_access":"","_jetpack_dont_email_post_to_subs":false,"_jetpack_newsletter_tier_id":0,"_jetpack_memberships_contains_paywalled_content":false,"_jetpack_feature_clip_id":0,"_jetpack_memberships_contains_paid_content":false,"footnotes":"","jetpack_publicize_message":"","jetpack_publicize_feature_enabled":true,"jetpack_social_post_already_shared":false,"jetpack_social_options":{"image_generator_settings":{"template":"highway","default_image_id":0,"font":"","enabled":false},"version":2},"jetpack_post_was_ever_published":false},"categories":[610,15],"tags":[143,175,916],"class_list":["post-11066","post","type-post","status-publish","format-standard","has-post-thumbnail","hentry","category-ekspozycja-fotografia","category-fotografia","tag-ekspozycja","tag-lampa-blyskowa","tag-trojkat-ekspozycji"],"yoast_head":"<!-- This site is optimized with the Yoast SEO plugin v28.4 - https:\/\/yoast.com\/product\/yoast-seo-wordpress\/ -->\n<title>Tr\u00f3jk\u0105t ekspozycji w fotografii dla \u015bwiat\u0142a ci\u0105g\u0142ego oraz lampy b\u0142yskowej<\/title>\n<meta name=\"description\" content=\"Opisuj\u0105c parametry na\u015bwietlenia mo\u017cna je graficznie przedstawi\u0107 jako tr\u00f3jk\u0105t ekspozycji o trzech wierzcho\u0142kach: czas, przys\u0142ona oraz ISO. Warto jednak ...\" \/>\n<meta name=\"robots\" content=\"index, follow, max-snippet:-1, max-image-preview:large, max-video-preview:-1\" \/>\n<link rel=\"canonical\" href=\"https:\/\/fotografiadlaciekawych.pl\/index.php\/2017\/10\/25\/trojkat-ekspozycji-w-fotografii\/\" \/>\n<meta property=\"og:locale\" content=\"pl_PL\" \/>\n<meta property=\"og:type\" content=\"article\" \/>\n<meta property=\"og:title\" content=\"Tr\u00f3jk\u0105t ekspozycji w fotografii dla \u015bwiat\u0142a ci\u0105g\u0142ego oraz lampy b\u0142yskowej\" \/>\n<meta property=\"og:description\" content=\"Opisuj\u0105c parametry na\u015bwietlenia mo\u017cna je graficznie przedstawi\u0107 jako tr\u00f3jk\u0105t ekspozycji o trzech wierzcho\u0142kach: czas, przys\u0142ona oraz ISO. Warto jednak ...\" \/>\n<meta property=\"og:url\" content=\"https:\/\/fotografiadlaciekawych.pl\/index.php\/2017\/10\/25\/trojkat-ekspozycji-w-fotografii\/\" \/>\n<meta property=\"og:site_name\" content=\"Fotografia dla ciekawych\" \/>\n<meta property=\"article:publisher\" content=\"https:\/\/www.facebook.com\/przemyslaw.oziemblewski\" \/>\n<meta property=\"article:author\" content=\"https:\/\/www.facebook.com\/przemyslaw.oziemblewski\" \/>\n<meta property=\"article:published_time\" content=\"2017-10-25T08:28:10+00:00\" \/>\n<meta property=\"article:modified_time\" content=\"2018-08-27T08:40:12+00:00\" \/>\n<meta property=\"og:image\" content=\"https:\/\/fotografiadlaciekawych.pl\/wp-content\/uploads\/2017\/10\/trojkat-ekspozycji-dla-swiatla-ciaglego.jpg\" \/>\n\t<meta property=\"og:image:width\" content=\"900\" \/>\n\t<meta property=\"og:image:height\" content=\"660\" \/>\n\t<meta property=\"og:image:type\" content=\"image\/jpeg\" \/>\n<meta name=\"author\" content=\"Przemys\u0142aw Oziemblewski\" \/>\n<meta name=\"twitter:label1\" content=\"Napisane przez\" \/>\n\t<meta name=\"twitter:data1\" content=\"Przemys\u0142aw Oziemblewski\" \/>\n\t<meta name=\"twitter:label2\" content=\"Szacowany czas czytania\" \/>\n\t<meta name=\"twitter:data2\" content=\"3 minuty\" \/>\n<script type=\"application\/ld+json\" class=\"yoast-schema-graph\">{\"@context\":\"https:\\\/\\\/schema.org\",\"@graph\":[{\"@type\":\"Article\",\"@id\":\"https:\\\/\\\/fotografiadlaciekawych.pl\\\/index.php\\\/2017\\\/10\\\/25\\\/trojkat-ekspozycji-w-fotografii\\\/#article\",\"isPartOf\":{\"@id\":\"https:\\\/\\\/fotografiadlaciekawych.pl\\\/index.php\\\/2017\\\/10\\\/25\\\/trojkat-ekspozycji-w-fotografii\\\/\"},\"author\":{\"name\":\"Przemys\u0142aw Oziemblewski\",\"@id\":\"https:\\\/\\\/fotografiadlaciekawych.pl\\\/#\\\/schema\\\/person\\\/a9c16bf51d40163ef50c7170ff56de4d\"},\"headline\":\"Tr\u00f3jk\u0105t ekspozycji w fotografii dla \u015bwiat\u0142a ci\u0105g\u0142ego oraz lampy b\u0142yskowej\",\"datePublished\":\"2017-10-25T08:28:10+00:00\",\"dateModified\":\"2018-08-27T08:40:12+00:00\",\"mainEntityOfPage\":{\"@id\":\"https:\\\/\\\/fotografiadlaciekawych.pl\\\/index.php\\\/2017\\\/10\\\/25\\\/trojkat-ekspozycji-w-fotografii\\\/\"},\"wordCount\":565,\"commentCount\":0,\"publisher\":{\"@id\":\"https:\\\/\\\/fotografiadlaciekawych.pl\\\/#\\\/schema\\\/person\\\/a9c16bf51d40163ef50c7170ff56de4d\"},\"image\":{\"@id\":\"https:\\\/\\\/fotografiadlaciekawych.pl\\\/index.php\\\/2017\\\/10\\\/25\\\/trojkat-ekspozycji-w-fotografii\\\/#primaryimage\"},\"thumbnailUrl\":\"https:\\\/\\\/fotografiadlaciekawych.pl\\\/wp-content\\\/uploads\\\/2017\\\/10\\\/trojkat-ekspozycji2.jpg\",\"keywords\":[\"ekspozycja\",\"lampa b\u0142yskowa\",\"tr\u00f3jk\u0105t ekspozycji\"],\"articleSection\":[\"Ekspozycja\",\"Fotografia\"],\"inLanguage\":\"pl-PL\",\"potentialAction\":[{\"@type\":\"CommentAction\",\"name\":\"Comment\",\"target\":[\"https:\\\/\\\/fotografiadlaciekawych.pl\\\/index.php\\\/2017\\\/10\\\/25\\\/trojkat-ekspozycji-w-fotografii\\\/#respond\"]}]},{\"@type\":\"WebPage\",\"@id\":\"https:\\\/\\\/fotografiadlaciekawych.pl\\\/index.php\\\/2017\\\/10\\\/25\\\/trojkat-ekspozycji-w-fotografii\\\/\",\"url\":\"https:\\\/\\\/fotografiadlaciekawych.pl\\\/index.php\\\/2017\\\/10\\\/25\\\/trojkat-ekspozycji-w-fotografii\\\/\",\"name\":\"Tr\u00f3jk\u0105t ekspozycji w fotografii dla \u015bwiat\u0142a ci\u0105g\u0142ego oraz lampy b\u0142yskowej\",\"isPartOf\":{\"@id\":\"https:\\\/\\\/fotografiadlaciekawych.pl\\\/#website\"},\"primaryImageOfPage\":{\"@id\":\"https:\\\/\\\/fotografiadlaciekawych.pl\\\/index.php\\\/2017\\\/10\\\/25\\\/trojkat-ekspozycji-w-fotografii\\\/#primaryimage\"},\"image\":{\"@id\":\"https:\\\/\\\/fotografiadlaciekawych.pl\\\/index.php\\\/2017\\\/10\\\/25\\\/trojkat-ekspozycji-w-fotografii\\\/#primaryimage\"},\"thumbnailUrl\":\"https:\\\/\\\/fotografiadlaciekawych.pl\\\/wp-content\\\/uploads\\\/2017\\\/10\\\/trojkat-ekspozycji2.jpg\",\"datePublished\":\"2017-10-25T08:28:10+00:00\",\"dateModified\":\"2018-08-27T08:40:12+00:00\",\"description\":\"Opisuj\u0105c parametry na\u015bwietlenia mo\u017cna je graficznie przedstawi\u0107 jako tr\u00f3jk\u0105t ekspozycji o trzech wierzcho\u0142kach: czas, przys\u0142ona oraz ISO. Warto jednak ...\",\"breadcrumb\":{\"@id\":\"https:\\\/\\\/fotografiadlaciekawych.pl\\\/index.php\\\/2017\\\/10\\\/25\\\/trojkat-ekspozycji-w-fotografii\\\/#breadcrumb\"},\"inLanguage\":\"pl-PL\",\"potentialAction\":[{\"@type\":\"ReadAction\",\"target\":[\"https:\\\/\\\/fotografiadlaciekawych.pl\\\/index.php\\\/2017\\\/10\\\/25\\\/trojkat-ekspozycji-w-fotografii\\\/\"]}]},{\"@type\":\"ImageObject\",\"inLanguage\":\"pl-PL\",\"@id\":\"https:\\\/\\\/fotografiadlaciekawych.pl\\\/index.php\\\/2017\\\/10\\\/25\\\/trojkat-ekspozycji-w-fotografii\\\/#primaryimage\",\"url\":\"https:\\\/\\\/fotografiadlaciekawych.pl\\\/wp-content\\\/uploads\\\/2017\\\/10\\\/trojkat-ekspozycji2.jpg\",\"contentUrl\":\"https:\\\/\\\/fotografiadlaciekawych.pl\\\/wp-content\\\/uploads\\\/2017\\\/10\\\/trojkat-ekspozycji2.jpg\",\"width\":1400,\"height\":787,\"caption\":\"Tr\u00f3jk\u0105t ekspozycji\"},{\"@type\":\"BreadcrumbList\",\"@id\":\"https:\\\/\\\/fotografiadlaciekawych.pl\\\/index.php\\\/2017\\\/10\\\/25\\\/trojkat-ekspozycji-w-fotografii\\\/#breadcrumb\",\"itemListElement\":[{\"@type\":\"ListItem\",\"position\":1,\"name\":\"Home\",\"item\":\"https:\\\/\\\/fotografiadlaciekawych.pl\\\/\"},{\"@type\":\"ListItem\",\"position\":2,\"name\":\"Tr\u00f3jk\u0105t ekspozycji w fotografii dla \u015bwiat\u0142a ci\u0105g\u0142ego oraz lampy b\u0142yskowej\"}]},{\"@type\":\"WebSite\",\"@id\":\"https:\\\/\\\/fotografiadlaciekawych.pl\\\/#website\",\"url\":\"https:\\\/\\\/fotografiadlaciekawych.pl\\\/\",\"name\":\"Fotografia dla ciekawych\",\"description\":\"Blog prowadzony od 2008 r.\",\"publisher\":{\"@id\":\"https:\\\/\\\/fotografiadlaciekawych.pl\\\/#\\\/schema\\\/person\\\/a9c16bf51d40163ef50c7170ff56de4d\"},\"potentialAction\":[{\"@type\":\"SearchAction\",\"target\":{\"@type\":\"EntryPoint\",\"urlTemplate\":\"https:\\\/\\\/fotografiadlaciekawych.pl\\\/?s={search_term_string}\"},\"query-input\":{\"@type\":\"PropertyValueSpecification\",\"valueRequired\":true,\"valueName\":\"search_term_string\"}}],\"inLanguage\":\"pl-PL\"},{\"@type\":[\"Person\",\"Organization\"],\"@id\":\"https:\\\/\\\/fotografiadlaciekawych.pl\\\/#\\\/schema\\\/person\\\/a9c16bf51d40163ef50c7170ff56de4d\",\"name\":\"Przemys\u0142aw Oziemblewski\",\"image\":{\"@type\":\"ImageObject\",\"inLanguage\":\"pl-PL\",\"@id\":\"https:\\\/\\\/fotografiadlaciekawych.pl\\\/wp-content\\\/uploads\\\/2020\\\/12\\\/przemek-oziemblewski-250px.jpg\",\"url\":\"https:\\\/\\\/fotografiadlaciekawych.pl\\\/wp-content\\\/uploads\\\/2020\\\/12\\\/przemek-oziemblewski-250px.jpg\",\"contentUrl\":\"https:\\\/\\\/fotografiadlaciekawych.pl\\\/wp-content\\\/uploads\\\/2020\\\/12\\\/przemek-oziemblewski-250px.jpg\",\"width\":250,\"height\":250,\"caption\":\"Przemys\u0142aw Oziemblewski\"},\"logo\":{\"@id\":\"https:\\\/\\\/fotografiadlaciekawych.pl\\\/wp-content\\\/uploads\\\/2020\\\/12\\\/przemek-oziemblewski-250px.jpg\"},\"sameAs\":[\"http:\\\/\\\/fotografiadlaciekawych.pl\",\"https:\\\/\\\/www.facebook.com\\\/przemyslaw.oziemblewski\",\"https:\\\/\\\/www.instagram.com\\\/p.oziemblewski\\\/\",\"https:\\\/\\\/www.pinterest.com\\\/fotodcpl\\\/\",\"https:\\\/\\\/youtube.com\\\/@PrzemyslawOziemblewski\"]}]}<\/script>\n<!-- \/ Yoast SEO plugin. -->","yoast_head_json":{"title":"Tr\u00f3jk\u0105t ekspozycji w fotografii dla \u015bwiat\u0142a ci\u0105g\u0142ego oraz lampy b\u0142yskowej","description":"Opisuj\u0105c parametry na\u015bwietlenia mo\u017cna je graficznie przedstawi\u0107 jako tr\u00f3jk\u0105t ekspozycji o trzech wierzcho\u0142kach: czas, przys\u0142ona oraz ISO. Warto jednak ...","robots":{"index":"index","follow":"follow","max-snippet":"max-snippet:-1","max-image-preview":"max-image-preview:large","max-video-preview":"max-video-preview:-1"},"canonical":"https:\/\/fotografiadlaciekawych.pl\/index.php\/2017\/10\/25\/trojkat-ekspozycji-w-fotografii\/","og_locale":"pl_PL","og_type":"article","og_title":"Tr\u00f3jk\u0105t ekspozycji w fotografii dla \u015bwiat\u0142a ci\u0105g\u0142ego oraz lampy b\u0142yskowej","og_description":"Opisuj\u0105c parametry na\u015bwietlenia mo\u017cna je graficznie przedstawi\u0107 jako tr\u00f3jk\u0105t ekspozycji o trzech wierzcho\u0142kach: czas, przys\u0142ona oraz ISO. Warto jednak ...","og_url":"https:\/\/fotografiadlaciekawych.pl\/index.php\/2017\/10\/25\/trojkat-ekspozycji-w-fotografii\/","og_site_name":"Fotografia dla ciekawych","article_publisher":"https:\/\/www.facebook.com\/przemyslaw.oziemblewski","article_author":"https:\/\/www.facebook.com\/przemyslaw.oziemblewski","article_published_time":"2017-10-25T08:28:10+00:00","article_modified_time":"2018-08-27T08:40:12+00:00","og_image":[{"width":900,"height":660,"url":"https:\/\/fotografiadlaciekawych.pl\/wp-content\/uploads\/2017\/10\/trojkat-ekspozycji-dla-swiatla-ciaglego.jpg","type":"image\/jpeg"}],"author":"Przemys\u0142aw Oziemblewski","twitter_misc":{"Napisane przez":"Przemys\u0142aw Oziemblewski","Szacowany czas czytania":"3 minuty"},"schema":{"@context":"https:\/\/schema.org","@graph":[{"@type":"Article","@id":"https:\/\/fotografiadlaciekawych.pl\/index.php\/2017\/10\/25\/trojkat-ekspozycji-w-fotografii\/#article","isPartOf":{"@id":"https:\/\/fotografiadlaciekawych.pl\/index.php\/2017\/10\/25\/trojkat-ekspozycji-w-fotografii\/"},"author":{"name":"Przemys\u0142aw Oziemblewski","@id":"https:\/\/fotografiadlaciekawych.pl\/#\/schema\/person\/a9c16bf51d40163ef50c7170ff56de4d"},"headline":"Tr\u00f3jk\u0105t ekspozycji w fotografii dla \u015bwiat\u0142a ci\u0105g\u0142ego oraz lampy b\u0142yskowej","datePublished":"2017-10-25T08:28:10+00:00","dateModified":"2018-08-27T08:40:12+00:00","mainEntityOfPage":{"@id":"https:\/\/fotografiadlaciekawych.pl\/index.php\/2017\/10\/25\/trojkat-ekspozycji-w-fotografii\/"},"wordCount":565,"commentCount":0,"publisher":{"@id":"https:\/\/fotografiadlaciekawych.pl\/#\/schema\/person\/a9c16bf51d40163ef50c7170ff56de4d"},"image":{"@id":"https:\/\/fotografiadlaciekawych.pl\/index.php\/2017\/10\/25\/trojkat-ekspozycji-w-fotografii\/#primaryimage"},"thumbnailUrl":"https:\/\/fotografiadlaciekawych.pl\/wp-content\/uploads\/2017\/10\/trojkat-ekspozycji2.jpg","keywords":["ekspozycja","lampa b\u0142yskowa","tr\u00f3jk\u0105t ekspozycji"],"articleSection":["Ekspozycja","Fotografia"],"inLanguage":"pl-PL","potentialAction":[{"@type":"CommentAction","name":"Comment","target":["https:\/\/fotografiadlaciekawych.pl\/index.php\/2017\/10\/25\/trojkat-ekspozycji-w-fotografii\/#respond"]}]},{"@type":"WebPage","@id":"https:\/\/fotografiadlaciekawych.pl\/index.php\/2017\/10\/25\/trojkat-ekspozycji-w-fotografii\/","url":"https:\/\/fotografiadlaciekawych.pl\/index.php\/2017\/10\/25\/trojkat-ekspozycji-w-fotografii\/","name":"Tr\u00f3jk\u0105t ekspozycji w fotografii dla \u015bwiat\u0142a ci\u0105g\u0142ego oraz lampy b\u0142yskowej","isPartOf":{"@id":"https:\/\/fotografiadlaciekawych.pl\/#website"},"primaryImageOfPage":{"@id":"https:\/\/fotografiadlaciekawych.pl\/index.php\/2017\/10\/25\/trojkat-ekspozycji-w-fotografii\/#primaryimage"},"image":{"@id":"https:\/\/fotografiadlaciekawych.pl\/index.php\/2017\/10\/25\/trojkat-ekspozycji-w-fotografii\/#primaryimage"},"thumbnailUrl":"https:\/\/fotografiadlaciekawych.pl\/wp-content\/uploads\/2017\/10\/trojkat-ekspozycji2.jpg","datePublished":"2017-10-25T08:28:10+00:00","dateModified":"2018-08-27T08:40:12+00:00","description":"Opisuj\u0105c parametry na\u015bwietlenia mo\u017cna je graficznie przedstawi\u0107 jako tr\u00f3jk\u0105t ekspozycji o trzech wierzcho\u0142kach: czas, przys\u0142ona oraz ISO. Warto jednak ...","breadcrumb":{"@id":"https:\/\/fotografiadlaciekawych.pl\/index.php\/2017\/10\/25\/trojkat-ekspozycji-w-fotografii\/#breadcrumb"},"inLanguage":"pl-PL","potentialAction":[{"@type":"ReadAction","target":["https:\/\/fotografiadlaciekawych.pl\/index.php\/2017\/10\/25\/trojkat-ekspozycji-w-fotografii\/"]}]},{"@type":"ImageObject","inLanguage":"pl-PL","@id":"https:\/\/fotografiadlaciekawych.pl\/index.php\/2017\/10\/25\/trojkat-ekspozycji-w-fotografii\/#primaryimage","url":"https:\/\/fotografiadlaciekawych.pl\/wp-content\/uploads\/2017\/10\/trojkat-ekspozycji2.jpg","contentUrl":"https:\/\/fotografiadlaciekawych.pl\/wp-content\/uploads\/2017\/10\/trojkat-ekspozycji2.jpg","width":1400,"height":787,"caption":"Tr\u00f3jk\u0105t ekspozycji"},{"@type":"BreadcrumbList","@id":"https:\/\/fotografiadlaciekawych.pl\/index.php\/2017\/10\/25\/trojkat-ekspozycji-w-fotografii\/#breadcrumb","itemListElement":[{"@type":"ListItem","position":1,"name":"Home","item":"https:\/\/fotografiadlaciekawych.pl\/"},{"@type":"ListItem","position":2,"name":"Tr\u00f3jk\u0105t ekspozycji w fotografii dla \u015bwiat\u0142a ci\u0105g\u0142ego oraz lampy b\u0142yskowej"}]},{"@type":"WebSite","@id":"https:\/\/fotografiadlaciekawych.pl\/#website","url":"https:\/\/fotografiadlaciekawych.pl\/","name":"Fotografia dla ciekawych","description":"Blog prowadzony od 2008 r.","publisher":{"@id":"https:\/\/fotografiadlaciekawych.pl\/#\/schema\/person\/a9c16bf51d40163ef50c7170ff56de4d"},"potentialAction":[{"@type":"SearchAction","target":{"@type":"EntryPoint","urlTemplate":"https:\/\/fotografiadlaciekawych.pl\/?s={search_term_string}"},"query-input":{"@type":"PropertyValueSpecification","valueRequired":true,"valueName":"search_term_string"}}],"inLanguage":"pl-PL"},{"@type":["Person","Organization"],"@id":"https:\/\/fotografiadlaciekawych.pl\/#\/schema\/person\/a9c16bf51d40163ef50c7170ff56de4d","name":"Przemys\u0142aw Oziemblewski","image":{"@type":"ImageObject","inLanguage":"pl-PL","@id":"https:\/\/fotografiadlaciekawych.pl\/wp-content\/uploads\/2020\/12\/przemek-oziemblewski-250px.jpg","url":"https:\/\/fotografiadlaciekawych.pl\/wp-content\/uploads\/2020\/12\/przemek-oziemblewski-250px.jpg","contentUrl":"https:\/\/fotografiadlaciekawych.pl\/wp-content\/uploads\/2020\/12\/przemek-oziemblewski-250px.jpg","width":250,"height":250,"caption":"Przemys\u0142aw Oziemblewski"},"logo":{"@id":"https:\/\/fotografiadlaciekawych.pl\/wp-content\/uploads\/2020\/12\/przemek-oziemblewski-250px.jpg"},"sameAs":["http:\/\/fotografiadlaciekawych.pl","https:\/\/www.facebook.com\/przemyslaw.oziemblewski","https:\/\/www.instagram.com\/p.oziemblewski\/","https:\/\/www.pinterest.com\/fotodcpl\/","https:\/\/youtube.com\/@PrzemyslawOziemblewski"]}]}},"jetpack_publicize_connections":[],"jetpack_sharing_enabled":true,"jetpack-related-posts":[{"id":14157,"url":"https:\/\/fotografiadlaciekawych.pl\/index.php\/2020\/02\/25\/jak-przygotowac-sie-do-nocnych-zdjec-i-malowania-swiatlem\/","url_meta":{"origin":11066,"position":0},"title":"Jak przygotowa\u0107 si\u0119 do nocnych zdj\u0119\u0107 i malowania \u015bwiat\u0142em","author":"Przemys\u0142aw Oziemblewski","date":"wtorek, 25 lut 2020","format":false,"excerpt":"Je\u015bli wybierasz si\u0119 na nocne zdj\u0119cia lub na malowanie \u015bwiat\u0142em, to warto si\u0119 do tego przygotowa\u0107. To co b\u0119dzie potrzebne zale\u017cy od warunk\u00f3w o\u015bwietleniowych, w kt\u00f3rych b\u0119dziesz fotografowa\u0142. Szczeg\u00f3lnie istotny jest tu \u0142\u0105cz\u0105cy si\u0119 z tym czas na\u015bwietlania. W przypadku malowania \u015bwiat\u0142em wa\u017cne jest te\u017c to, czy malujesz \u015bwiat\u0142em samodzielnie,\u2026","rel":"","context":"W \u201eCzas migawki&quot;","block_context":{"text":"Czas migawki","link":"https:\/\/fotografiadlaciekawych.pl\/index.php\/category\/fotografia\/czas-migawki-fotografia\/"},"img":{"alt_text":"Chodzie\u017c","src":"https:\/\/i0.wp.com\/fotografiadlaciekawych.pl\/wp-content\/uploads\/2020\/02\/191217_IMG_4951_1000px.jpg?resize=350%2C200&ssl=1","width":350,"height":200,"srcset":"https:\/\/i0.wp.com\/fotografiadlaciekawych.pl\/wp-content\/uploads\/2020\/02\/191217_IMG_4951_1000px.jpg?resize=350%2C200&ssl=1 1x, https:\/\/i0.wp.com\/fotografiadlaciekawych.pl\/wp-content\/uploads\/2020\/02\/191217_IMG_4951_1000px.jpg?resize=525%2C300&ssl=1 1.5x, https:\/\/i0.wp.com\/fotografiadlaciekawych.pl\/wp-content\/uploads\/2020\/02\/191217_IMG_4951_1000px.jpg?resize=700%2C400&ssl=1 2x"},"classes":[]},{"id":18729,"url":"https:\/\/fotografiadlaciekawych.pl\/index.php\/2024\/03\/21\/jak-wykorzystac-luksomierz-jako-swiatlomierz-do-zdjec\/","url_meta":{"origin":11066,"position":1},"title":"Jak wykorzysta\u0107 luksomierz jako \u015bwiat\u0142omierz do zdj\u0119\u0107?","author":"Przemys\u0142aw Oziemblewski","date":"czwartek, 21 mar 2024","format":false,"excerpt":"Robi\u0105c zdj\u0119cia, zazwyczaj zawierzasz, systemowi pomiaru \u015bwiat\u0142a robionemu przez aparat. Je\u015bli zdj\u0119cie wyjdzie za ciemne lub za jasne, to mo\u017cesz wprowadzi\u0107 korekt\u0119 ekspozycji i gotowe. Kolejne zdj\u0119cia s\u0105 ju\u017c dobrze na\u015bwietlone. To, \u017ce aparat czasami si\u0119 myli, wynika z faktu, \u017ce dokonuje on pomiaru \u015bwiat\u0142a odbitego. Dlatego w zale\u017cno\u015bci od\u2026","rel":"","context":"W \u201eR\u00f3\u017cne&quot;","block_context":{"text":"R\u00f3\u017cne","link":"https:\/\/fotografiadlaciekawych.pl\/index.php\/category\/rozne\/"},"img":{"alt_text":"Luksomierz na tle szarej karty fotograficznej","src":"https:\/\/i0.wp.com\/fotografiadlaciekawych.pl\/wp-content\/uploads\/2024\/03\/240320_IMG_6944_1080px.jpg?resize=350%2C200&ssl=1","width":350,"height":200,"srcset":"https:\/\/i0.wp.com\/fotografiadlaciekawych.pl\/wp-content\/uploads\/2024\/03\/240320_IMG_6944_1080px.jpg?resize=350%2C200&ssl=1 1x, https:\/\/i0.wp.com\/fotografiadlaciekawych.pl\/wp-content\/uploads\/2024\/03\/240320_IMG_6944_1080px.jpg?resize=525%2C300&ssl=1 1.5x, https:\/\/i0.wp.com\/fotografiadlaciekawych.pl\/wp-content\/uploads\/2024\/03\/240320_IMG_6944_1080px.jpg?resize=700%2C400&ssl=1 2x, https:\/\/i0.wp.com\/fotografiadlaciekawych.pl\/wp-content\/uploads\/2024\/03\/240320_IMG_6944_1080px.jpg?resize=1050%2C600&ssl=1 3x"},"classes":[]},{"id":12244,"url":"https:\/\/fotografiadlaciekawych.pl\/index.php\/2018\/11\/30\/kurs-ekspozycja-klucz-do-nowych-zdjec-jest-juz-dostepny\/","url_meta":{"origin":11066,"position":2},"title":"Kurs &#8222;Ekspozycja &#8211; klucz do nowych zdj\u0119\u0107&#8221; jest ju\u017c dost\u0119pny","author":"Przemys\u0142aw Oziemblewski","date":"pi\u0105tek, 30 lis 2018","format":false,"excerpt":"Wiele pyta\u0144, kt\u00f3re do mnie dociera dotyczy spraw, kt\u00f3re tak naprawd\u0119 zwi\u0105zane s\u0105 ekspozycj\u0105. Problemy wynikaj\u0105 zazwyczaj z braku zrozumienia sposobu jak aparat dobiera parametry na\u015bwietlania, jak fotograf mo\u017ce na to wp\u0142ywa\u0107 oraz jak patrze\u0107 na fotografowan\u0105 scen\u0119 pod wzgl\u0119dem jej na\u015bwietlania. Po opanowaniu tego fotograf zyskuje nie tylko mo\u017cliwo\u015b\u0107\u2026","rel":"","context":"W \u201eKursy&quot;","block_context":{"text":"Kursy","link":"https:\/\/fotografiadlaciekawych.pl\/index.php\/category\/kursy\/"},"img":{"alt_text":"","src":"https:\/\/i0.wp.com\/fotografiadlaciekawych.pl\/wp-content\/uploads\/2018\/11\/okladka01.jpg?resize=350%2C200&ssl=1","width":350,"height":200,"srcset":"https:\/\/i0.wp.com\/fotografiadlaciekawych.pl\/wp-content\/uploads\/2018\/11\/okladka01.jpg?resize=350%2C200&ssl=1 1x, https:\/\/i0.wp.com\/fotografiadlaciekawych.pl\/wp-content\/uploads\/2018\/11\/okladka01.jpg?resize=525%2C300&ssl=1 1.5x, https:\/\/i0.wp.com\/fotografiadlaciekawych.pl\/wp-content\/uploads\/2018\/11\/okladka01.jpg?resize=700%2C400&ssl=1 2x, https:\/\/i0.wp.com\/fotografiadlaciekawych.pl\/wp-content\/uploads\/2018\/11\/okladka01.jpg?resize=1050%2C600&ssl=1 3x"},"classes":[]},{"id":9339,"url":"https:\/\/fotografiadlaciekawych.pl\/index.php\/2016\/04\/15\/fotografowac-banki-mydlane\/","url_meta":{"origin":11066,"position":3},"title":"Jak fotografowa\u0107 ba\u0144ki mydlane? &#8211; przepis na zdj\u0119cie","author":"Przemys\u0142aw Oziemblewski","date":"pi\u0105tek, 15 kwi 2016","format":false,"excerpt":"Fotografowanie baniek mydlanych jest w zasadzie do\u015b\u0107 proste. Oczywi\u015bcie jest kilka problem\u00f3w, kt\u00f3re trzeba rozwi\u0105za\u0107, ale wysi\u0142ek jest rekompensowany uzyskanymi zdj\u0119ciami. To jest troch\u0119 tak jak przy fotografowaniu dymu z kadzide\u0142ka. Nigdy nie wiadomo, co w ostatecznie si\u0119 otrzyma. Zobacz wi\u0119c jak mo\u017cesz sfotografowa\u0107 kolorowe ba\u0144ki mydlane. Je\u015bli chodzi o\u2026","rel":"","context":"W \u201eFotografia&quot;","block_context":{"text":"Fotografia","link":"https:\/\/fotografiadlaciekawych.pl\/index.php\/category\/fotografia\/"},"img":{"alt_text":"","src":"https:\/\/i0.wp.com\/fotografiadlaciekawych.pl\/wp-content\/uploads\/2016\/04\/banki-mydlane-1334_850.jpg?resize=350%2C200&ssl=1","width":350,"height":200,"srcset":"https:\/\/i0.wp.com\/fotografiadlaciekawych.pl\/wp-content\/uploads\/2016\/04\/banki-mydlane-1334_850.jpg?resize=350%2C200&ssl=1 1x, https:\/\/i0.wp.com\/fotografiadlaciekawych.pl\/wp-content\/uploads\/2016\/04\/banki-mydlane-1334_850.jpg?resize=525%2C300&ssl=1 1.5x, https:\/\/i0.wp.com\/fotografiadlaciekawych.pl\/wp-content\/uploads\/2016\/04\/banki-mydlane-1334_850.jpg?resize=700%2C400&ssl=1 2x"},"classes":[]},{"id":9483,"url":"https:\/\/fotografiadlaciekawych.pl\/index.php\/2016\/05\/23\/pozbyc-sie-przeswietlen-lampy-blyskowej\/","url_meta":{"origin":11066,"position":4},"title":"Jak pozby\u0107 si\u0119 prze\u015bwietle\u0144 od lampy b\u0142yskowej","author":"Przemys\u0142aw Oziemblewski","date":"poniedzia\u0142ek, 23 maj 2016","format":false,"excerpt":"Dosta\u0142em pytanie od Iwony: \"Witam. Mam pro\u015bb\u0119 w dobraniu odpowiedniej lampy. Mam lustrzank\u0119 sony Alfa35 i chcia\u0142abym kupi\u0107 do niej lamp\u0119. Na powietrzu zdj\u0119cia s\u0105 \u0142adne, jednak w pomieszczeniach zdj\u0119cia s\u0105 albo ciemne, ponure - jak nie w\u0142\u0105cz\u0119 lampy, a jak w\u0142\u0105cz\u0105 standardow\u0105 w aparacie to znowu s\u0105 prze\u015bwietlone. Dlatego\u2026","rel":"","context":"W \u201eEkspozycja&quot;","block_context":{"text":"Ekspozycja","link":"https:\/\/fotografiadlaciekawych.pl\/index.php\/category\/fotografia\/ekspozycja-fotografia\/"},"img":{"alt_text":"Lampa b\u0142yskowa i korekta prze\u015bwietle\u0144","src":"https:\/\/i0.wp.com\/fotografiadlaciekawych.pl\/wp-content\/uploads\/2016\/05\/lampa-blyskowa-korekta-przeswietlen-3874_850-2-400x267.jpg?resize=350%2C200","width":350,"height":200},"classes":[]},{"id":13141,"url":"https:\/\/fotografiadlaciekawych.pl\/index.php\/2019\/06\/11\/jest-juz-dostepna-ii-edycja-kursu-ekspozycja-klucz-do-nowych-zdjec\/","url_meta":{"origin":11066,"position":5},"title":"Jest ju\u017c dost\u0119pna II edycja kursu &#8222;Ekspozycja &#8211; klucz do nowych zdj\u0119\u0107&#8221;","author":"Przemys\u0142aw Oziemblewski","date":"wtorek, 11 cze 2019","format":false,"excerpt":"Wiele pyta\u0144, kt\u00f3re do mnie dociera dotyczy spraw, kt\u00f3re tak naprawd\u0119 zwi\u0105zane s\u0105 ekspozycj\u0105. Problemy wynikaj\u0105 zazwyczaj z braku zrozumienia sposobu jak aparat dobiera parametry na\u015bwietlania, jak fotograf mo\u017ce na to wp\u0142ywa\u0107 oraz jak patrze\u0107 na fotografowan\u0105 scen\u0119 pod wzgl\u0119dem jej na\u015bwietlania. Po opanowaniu tego fotograf zyskuje nie tylko mo\u017cliwo\u015b\u0107\u2026","rel":"","context":"W \u201eKursy&quot;","block_context":{"text":"Kursy","link":"https:\/\/fotografiadlaciekawych.pl\/index.php\/category\/kursy\/"},"img":{"alt_text":"","src":"https:\/\/i0.wp.com\/fotografiadlaciekawych.pl\/wp-content\/uploads\/2018\/11\/okladka01.jpg?resize=350%2C200&ssl=1","width":350,"height":200,"srcset":"https:\/\/i0.wp.com\/fotografiadlaciekawych.pl\/wp-content\/uploads\/2018\/11\/okladka01.jpg?resize=350%2C200&ssl=1 1x, https:\/\/i0.wp.com\/fotografiadlaciekawych.pl\/wp-content\/uploads\/2018\/11\/okladka01.jpg?resize=525%2C300&ssl=1 1.5x, https:\/\/i0.wp.com\/fotografiadlaciekawych.pl\/wp-content\/uploads\/2018\/11\/okladka01.jpg?resize=700%2C400&ssl=1 2x, https:\/\/i0.wp.com\/fotografiadlaciekawych.pl\/wp-content\/uploads\/2018\/11\/okladka01.jpg?resize=1050%2C600&ssl=1 3x"},"classes":[]}],"jetpack_featured_media_url":"https:\/\/fotografiadlaciekawych.pl\/wp-content\/uploads\/2017\/10\/trojkat-ekspozycji2.jpg","_links":{"self":[{"href":"https:\/\/fotografiadlaciekawych.pl\/index.php\/wp-json\/wp\/v2\/posts\/11066","targetHints":{"allow":["GET"]}}],"collection":[{"href":"https:\/\/fotografiadlaciekawych.pl\/index.php\/wp-json\/wp\/v2\/posts"}],"about":[{"href":"https:\/\/fotografiadlaciekawych.pl\/index.php\/wp-json\/wp\/v2\/types\/post"}],"author":[{"embeddable":true,"href":"https:\/\/fotografiadlaciekawych.pl\/index.php\/wp-json\/wp\/v2\/users\/1"}],"replies":[{"embeddable":true,"href":"https:\/\/fotografiadlaciekawych.pl\/index.php\/wp-json\/wp\/v2\/comments?post=11066"}],"version-history":[{"count":5,"href":"https:\/\/fotografiadlaciekawych.pl\/index.php\/wp-json\/wp\/v2\/posts\/11066\/revisions"}],"predecessor-version":[{"id":12001,"href":"https:\/\/fotografiadlaciekawych.pl\/index.php\/wp-json\/wp\/v2\/posts\/11066\/revisions\/12001"}],"wp:featuredmedia":[{"embeddable":true,"href":"https:\/\/fotografiadlaciekawych.pl\/index.php\/wp-json\/wp\/v2\/media\/11165"}],"wp:attachment":[{"href":"https:\/\/fotografiadlaciekawych.pl\/index.php\/wp-json\/wp\/v2\/media?parent=11066"}],"wp:term":[{"taxonomy":"category","embeddable":true,"href":"https:\/\/fotografiadlaciekawych.pl\/index.php\/wp-json\/wp\/v2\/categories?post=11066"},{"taxonomy":"post_tag","embeddable":true,"href":"https:\/\/fotografiadlaciekawych.pl\/index.php\/wp-json\/wp\/v2\/tags?post=11066"}],"curies":[{"name":"wp","href":"https:\/\/api.w.org\/{rel}","templated":true}]}}