{"id":11103,"date":"2017-10-16T10:06:04","date_gmt":"2017-10-16T08:06:04","guid":{"rendered":"https:\/\/fotografiadlaciekawych.pl\/?p=11103"},"modified":"2017-10-16T10:06:43","modified_gmt":"2017-10-16T08:06:43","slug":"dzisiejszy-wschod-slonca-dobry-poczatek","status":"publish","type":"post","link":"https:\/\/fotografiadlaciekawych.pl\/index.php\/2017\/10\/16\/dzisiejszy-wschod-slonca-dobry-poczatek\/","title":{"rendered":"Dzisiejszy wsch\u00f3d s\u0142o\u0144ca na dobry pocz\u0105tek dnia"},"content":{"rendered":"<p>Przez kilka najbli\u017cszych dni ma by\u0107 ciep\u0142o i s\u0142onecznie. B\u0119dzie mo\u017cna wi\u0119c spr\u00f3bowa\u0107 z\u0142apa\u0107 z\u0142ot\u0105 polsk\u0105 jesie\u0144. Przyk\u0142adowe zdj\u0119cia li\u015bci, kt\u00f3re moga pos\u0142u\u017cy\u0107 za inspiracj\u0119 znajdziesz we wpisie <a href=\"https:\/\/fotografiadlaciekawych.pl\/index.php\/2015\/11\/05\/10-sposobow-na-jesienne-zdjecia-lisci\/\">10 sposob\u00f3w na jesienne zdj\u0119cia li\u015bci<\/a>. Tymczasem zamieszczam trzy zdj\u0119cia z dzisiejszego wschodu s\u0142o\u0144ca. Tak na dobry pocz\u0105tek dnia.<br \/>\n<!--more--><br \/>\n<a href=\"https:\/\/fotografiadlaciekawych.pl\/wp-content\/uploads\/2017\/10\/4371_850.jpg\" rel=\"lightbox\"><img loading=\"lazy\" decoding=\"async\" src=\"https:\/\/fotografiadlaciekawych.pl\/wp-content\/uploads\/2017\/10\/4371_850-400x267.jpg\" alt=\"\" width=\"400\" height=\"267\" class=\"alignnone size-medium wp-image-11105\" srcset=\"https:\/\/fotografiadlaciekawych.pl\/wp-content\/uploads\/2017\/10\/4371_850-400x267.jpg 400w, https:\/\/fotografiadlaciekawych.pl\/wp-content\/uploads\/2017\/10\/4371_850-768x512.jpg 768w, https:\/\/fotografiadlaciekawych.pl\/wp-content\/uploads\/2017\/10\/4371_850.jpg 850w\" sizes=\"auto, (max-width: 400px) 100vw, 400px\" \/><\/a><\/p>\n<p><a href=\"https:\/\/fotografiadlaciekawych.pl\/wp-content\/uploads\/2017\/10\/4391_850.jpg\" rel=\"lightbox\"><img loading=\"lazy\" decoding=\"async\" src=\"https:\/\/fotografiadlaciekawych.pl\/wp-content\/uploads\/2017\/10\/4391_850-400x267.jpg\" alt=\"\" width=\"400\" height=\"267\" class=\"alignnone size-medium wp-image-11104\" srcset=\"https:\/\/fotografiadlaciekawych.pl\/wp-content\/uploads\/2017\/10\/4391_850-400x267.jpg 400w, https:\/\/fotografiadlaciekawych.pl\/wp-content\/uploads\/2017\/10\/4391_850-768x512.jpg 768w, https:\/\/fotografiadlaciekawych.pl\/wp-content\/uploads\/2017\/10\/4391_850.jpg 850w\" sizes=\"auto, (max-width: 400px) 100vw, 400px\" \/><\/a><\/p>\n<p><a href=\"https:\/\/fotografiadlaciekawych.pl\/wp-content\/uploads\/2017\/10\/4393_850.jpg\" rel=\"lightbox\"><img loading=\"lazy\" decoding=\"async\" src=\"https:\/\/fotografiadlaciekawych.pl\/wp-content\/uploads\/2017\/10\/4393_850-400x267.jpg\" alt=\"\" width=\"400\" height=\"267\" class=\"alignnone size-medium wp-image-11106\" srcset=\"https:\/\/fotografiadlaciekawych.pl\/wp-content\/uploads\/2017\/10\/4393_850-400x267.jpg 400w, https:\/\/fotografiadlaciekawych.pl\/wp-content\/uploads\/2017\/10\/4393_850-768x512.jpg 768w, https:\/\/fotografiadlaciekawych.pl\/wp-content\/uploads\/2017\/10\/4393_850.jpg 850w\" sizes=\"auto, (max-width: 400px) 100vw, 400px\" \/><\/a><\/p>\n","protected":false},"excerpt":{"rendered":"<p>Przez kilka najbli\u017cszych dni ma by\u0107 ciep\u0142o i s\u0142onecznie. B\u0119dzie mo\u017cna wi\u0119c spr\u00f3bowa\u0107 z\u0142apa\u0107 z\u0142ot\u0105 polsk\u0105 jesie\u0144. Przyk\u0142adowe zdj\u0119cia li\u015bci, kt\u00f3re moga pos\u0142u\u017cy\u0107 za inspiracj\u0119 znajdziesz we wpisie 10 sposob\u00f3w na jesienne zdj\u0119cia li\u015bci. Tymczasem zamieszczam trzy zdj\u0119cia z dzisiejszego wschodu s\u0142o\u0144ca. Tak na dobry pocz\u0105tek dnia.<\/p>\n","protected":false},"author":1,"featured_media":11106,"comment_status":"open","ping_status":"open","sticky":false,"template":"","format":"standard","meta":{"_jetpack_newsletter_access":"","_jetpack_dont_email_post_to_subs":false,"_jetpack_newsletter_tier_id":0,"_jetpack_memberships_contains_paywalled_content":false,"_jetpack_feature_clip_id":0,"_jetpack_memberships_contains_paid_content":false,"footnotes":"","jetpack_publicize_message":"","jetpack_publicize_feature_enabled":true,"jetpack_social_post_already_shared":false,"jetpack_social_options":{"image_generator_settings":{"template":"highway","default_image_id":0,"font":"","enabled":false},"version":2},"jetpack_post_was_ever_published":false},"categories":[11],"tags":[402],"class_list":["post-11103","post","type-post","status-publish","format-standard","has-post-thumbnail","hentry","category-zdjecia","tag-wschod-slonca"],"yoast_head":"<!-- This site is optimized with the Yoast SEO plugin v28.4 - https:\/\/yoast.com\/product\/yoast-seo-wordpress\/ -->\n<title>Dzisiejszy wsch\u00f3d s\u0142o\u0144ca na dobry pocz\u0105tek dnia<\/title>\n<meta name=\"robots\" content=\"index, follow, max-snippet:-1, max-image-preview:large, max-video-preview:-1\" \/>\n<link rel=\"canonical\" href=\"https:\/\/fotografiadlaciekawych.pl\/index.php\/2017\/10\/16\/dzisiejszy-wschod-slonca-dobry-poczatek\/\" \/>\n<meta property=\"og:locale\" content=\"pl_PL\" \/>\n<meta property=\"og:type\" content=\"article\" \/>\n<meta property=\"og:title\" content=\"Dzisiejszy wsch\u00f3d s\u0142o\u0144ca na dobry pocz\u0105tek dnia\" \/>\n<meta property=\"og:description\" content=\"Przez kilka najbli\u017cszych dni ma by\u0107 ciep\u0142o i s\u0142onecznie. B\u0119dzie mo\u017cna wi\u0119c spr\u00f3bowa\u0107 z\u0142apa\u0107 z\u0142ot\u0105 polsk\u0105 jesie\u0144. Przyk\u0142adowe zdj\u0119cia li\u015bci, kt\u00f3re moga pos\u0142u\u017cy\u0107 za inspiracj\u0119 znajdziesz we wpisie 10 sposob\u00f3w na jesienne zdj\u0119cia li\u015bci. Tymczasem zamieszczam trzy zdj\u0119cia z dzisiejszego wschodu s\u0142o\u0144ca. Tak na dobry pocz\u0105tek dnia.\" \/>\n<meta property=\"og:url\" content=\"https:\/\/fotografiadlaciekawych.pl\/index.php\/2017\/10\/16\/dzisiejszy-wschod-slonca-dobry-poczatek\/\" \/>\n<meta property=\"og:site_name\" content=\"Fotografia dla ciekawych\" \/>\n<meta property=\"article:publisher\" content=\"https:\/\/www.facebook.com\/przemyslaw.oziemblewski\" \/>\n<meta property=\"article:author\" content=\"https:\/\/www.facebook.com\/przemyslaw.oziemblewski\" \/>\n<meta property=\"article:published_time\" content=\"2017-10-16T08:06:04+00:00\" \/>\n<meta property=\"article:modified_time\" content=\"2017-10-16T08:06:43+00:00\" \/>\n<meta property=\"og:image\" content=\"https:\/\/fotografiadlaciekawych.pl\/wp-content\/uploads\/2017\/10\/4393_850.jpg\" \/>\n\t<meta property=\"og:image:width\" content=\"850\" \/>\n\t<meta property=\"og:image:height\" content=\"567\" \/>\n\t<meta property=\"og:image:type\" content=\"image\/jpeg\" \/>\n<meta name=\"author\" content=\"Przemys\u0142aw Oziemblewski\" \/>\n<meta name=\"twitter:label1\" content=\"Napisane przez\" \/>\n\t<meta name=\"twitter:data1\" content=\"Przemys\u0142aw Oziemblewski\" \/>\n<script type=\"application\/ld+json\" class=\"yoast-schema-graph\">{\"@context\":\"https:\\\/\\\/schema.org\",\"@graph\":[{\"@type\":\"Article\",\"@id\":\"https:\\\/\\\/fotografiadlaciekawych.pl\\\/index.php\\\/2017\\\/10\\\/16\\\/dzisiejszy-wschod-slonca-dobry-poczatek\\\/#article\",\"isPartOf\":{\"@id\":\"https:\\\/\\\/fotografiadlaciekawych.pl\\\/index.php\\\/2017\\\/10\\\/16\\\/dzisiejszy-wschod-slonca-dobry-poczatek\\\/\"},\"author\":{\"name\":\"Przemys\u0142aw Oziemblewski\",\"@id\":\"https:\\\/\\\/fotografiadlaciekawych.pl\\\/#\\\/schema\\\/person\\\/a9c16bf51d40163ef50c7170ff56de4d\"},\"headline\":\"Dzisiejszy wsch\u00f3d s\u0142o\u0144ca na dobry pocz\u0105tek dnia\",\"datePublished\":\"2017-10-16T08:06:04+00:00\",\"dateModified\":\"2017-10-16T08:06:43+00:00\",\"mainEntityOfPage\":{\"@id\":\"https:\\\/\\\/fotografiadlaciekawych.pl\\\/index.php\\\/2017\\\/10\\\/16\\\/dzisiejszy-wschod-slonca-dobry-poczatek\\\/\"},\"wordCount\":79,\"commentCount\":0,\"publisher\":{\"@id\":\"https:\\\/\\\/fotografiadlaciekawych.pl\\\/#\\\/schema\\\/person\\\/a9c16bf51d40163ef50c7170ff56de4d\"},\"image\":{\"@id\":\"https:\\\/\\\/fotografiadlaciekawych.pl\\\/index.php\\\/2017\\\/10\\\/16\\\/dzisiejszy-wschod-slonca-dobry-poczatek\\\/#primaryimage\"},\"thumbnailUrl\":\"https:\\\/\\\/fotografiadlaciekawych.pl\\\/wp-content\\\/uploads\\\/2017\\\/10\\\/4393_850.jpg\",\"keywords\":[\"wsch\u00f3d s\u0142o\u0144ca\"],\"articleSection\":[\"Zdj\u0119cia\"],\"inLanguage\":\"pl-PL\",\"potentialAction\":[{\"@type\":\"CommentAction\",\"name\":\"Comment\",\"target\":[\"https:\\\/\\\/fotografiadlaciekawych.pl\\\/index.php\\\/2017\\\/10\\\/16\\\/dzisiejszy-wschod-slonca-dobry-poczatek\\\/#respond\"]}]},{\"@type\":\"WebPage\",\"@id\":\"https:\\\/\\\/fotografiadlaciekawych.pl\\\/index.php\\\/2017\\\/10\\\/16\\\/dzisiejszy-wschod-slonca-dobry-poczatek\\\/\",\"url\":\"https:\\\/\\\/fotografiadlaciekawych.pl\\\/index.php\\\/2017\\\/10\\\/16\\\/dzisiejszy-wschod-slonca-dobry-poczatek\\\/\",\"name\":\"Dzisiejszy wsch\u00f3d s\u0142o\u0144ca na dobry pocz\u0105tek dnia\",\"isPartOf\":{\"@id\":\"https:\\\/\\\/fotografiadlaciekawych.pl\\\/#website\"},\"primaryImageOfPage\":{\"@id\":\"https:\\\/\\\/fotografiadlaciekawych.pl\\\/index.php\\\/2017\\\/10\\\/16\\\/dzisiejszy-wschod-slonca-dobry-poczatek\\\/#primaryimage\"},\"image\":{\"@id\":\"https:\\\/\\\/fotografiadlaciekawych.pl\\\/index.php\\\/2017\\\/10\\\/16\\\/dzisiejszy-wschod-slonca-dobry-poczatek\\\/#primaryimage\"},\"thumbnailUrl\":\"https:\\\/\\\/fotografiadlaciekawych.pl\\\/wp-content\\\/uploads\\\/2017\\\/10\\\/4393_850.jpg\",\"datePublished\":\"2017-10-16T08:06:04+00:00\",\"dateModified\":\"2017-10-16T08:06:43+00:00\",\"breadcrumb\":{\"@id\":\"https:\\\/\\\/fotografiadlaciekawych.pl\\\/index.php\\\/2017\\\/10\\\/16\\\/dzisiejszy-wschod-slonca-dobry-poczatek\\\/#breadcrumb\"},\"inLanguage\":\"pl-PL\",\"potentialAction\":[{\"@type\":\"ReadAction\",\"target\":[\"https:\\\/\\\/fotografiadlaciekawych.pl\\\/index.php\\\/2017\\\/10\\\/16\\\/dzisiejszy-wschod-slonca-dobry-poczatek\\\/\"]}]},{\"@type\":\"ImageObject\",\"inLanguage\":\"pl-PL\",\"@id\":\"https:\\\/\\\/fotografiadlaciekawych.pl\\\/index.php\\\/2017\\\/10\\\/16\\\/dzisiejszy-wschod-slonca-dobry-poczatek\\\/#primaryimage\",\"url\":\"https:\\\/\\\/fotografiadlaciekawych.pl\\\/wp-content\\\/uploads\\\/2017\\\/10\\\/4393_850.jpg\",\"contentUrl\":\"https:\\\/\\\/fotografiadlaciekawych.pl\\\/wp-content\\\/uploads\\\/2017\\\/10\\\/4393_850.jpg\",\"width\":850,\"height\":567},{\"@type\":\"BreadcrumbList\",\"@id\":\"https:\\\/\\\/fotografiadlaciekawych.pl\\\/index.php\\\/2017\\\/10\\\/16\\\/dzisiejszy-wschod-slonca-dobry-poczatek\\\/#breadcrumb\",\"itemListElement\":[{\"@type\":\"ListItem\",\"position\":1,\"name\":\"Home\",\"item\":\"https:\\\/\\\/fotografiadlaciekawych.pl\\\/\"},{\"@type\":\"ListItem\",\"position\":2,\"name\":\"Dzisiejszy wsch\u00f3d s\u0142o\u0144ca na dobry pocz\u0105tek dnia\"}]},{\"@type\":\"WebSite\",\"@id\":\"https:\\\/\\\/fotografiadlaciekawych.pl\\\/#website\",\"url\":\"https:\\\/\\\/fotografiadlaciekawych.pl\\\/\",\"name\":\"Fotografia dla ciekawych\",\"description\":\"Blog prowadzony od 2008 r.\",\"publisher\":{\"@id\":\"https:\\\/\\\/fotografiadlaciekawych.pl\\\/#\\\/schema\\\/person\\\/a9c16bf51d40163ef50c7170ff56de4d\"},\"potentialAction\":[{\"@type\":\"SearchAction\",\"target\":{\"@type\":\"EntryPoint\",\"urlTemplate\":\"https:\\\/\\\/fotografiadlaciekawych.pl\\\/?s={search_term_string}\"},\"query-input\":{\"@type\":\"PropertyValueSpecification\",\"valueRequired\":true,\"valueName\":\"search_term_string\"}}],\"inLanguage\":\"pl-PL\"},{\"@type\":[\"Person\",\"Organization\"],\"@id\":\"https:\\\/\\\/fotografiadlaciekawych.pl\\\/#\\\/schema\\\/person\\\/a9c16bf51d40163ef50c7170ff56de4d\",\"name\":\"Przemys\u0142aw Oziemblewski\",\"image\":{\"@type\":\"ImageObject\",\"inLanguage\":\"pl-PL\",\"@id\":\"https:\\\/\\\/fotografiadlaciekawych.pl\\\/wp-content\\\/uploads\\\/2020\\\/12\\\/przemek-oziemblewski-250px.jpg\",\"url\":\"https:\\\/\\\/fotografiadlaciekawych.pl\\\/wp-content\\\/uploads\\\/2020\\\/12\\\/przemek-oziemblewski-250px.jpg\",\"contentUrl\":\"https:\\\/\\\/fotografiadlaciekawych.pl\\\/wp-content\\\/uploads\\\/2020\\\/12\\\/przemek-oziemblewski-250px.jpg\",\"width\":250,\"height\":250,\"caption\":\"Przemys\u0142aw Oziemblewski\"},\"logo\":{\"@id\":\"https:\\\/\\\/fotografiadlaciekawych.pl\\\/wp-content\\\/uploads\\\/2020\\\/12\\\/przemek-oziemblewski-250px.jpg\"},\"sameAs\":[\"http:\\\/\\\/fotografiadlaciekawych.pl\",\"https:\\\/\\\/www.facebook.com\\\/przemyslaw.oziemblewski\",\"https:\\\/\\\/www.instagram.com\\\/p.oziemblewski\\\/\",\"https:\\\/\\\/www.pinterest.com\\\/fotodcpl\\\/\",\"https:\\\/\\\/youtube.com\\\/@PrzemyslawOziemblewski\"]}]}<\/script>\n<!-- \/ Yoast SEO plugin. -->","yoast_head_json":{"title":"Dzisiejszy wsch\u00f3d s\u0142o\u0144ca na dobry pocz\u0105tek dnia","robots":{"index":"index","follow":"follow","max-snippet":"max-snippet:-1","max-image-preview":"max-image-preview:large","max-video-preview":"max-video-preview:-1"},"canonical":"https:\/\/fotografiadlaciekawych.pl\/index.php\/2017\/10\/16\/dzisiejszy-wschod-slonca-dobry-poczatek\/","og_locale":"pl_PL","og_type":"article","og_title":"Dzisiejszy wsch\u00f3d s\u0142o\u0144ca na dobry pocz\u0105tek dnia","og_description":"Przez kilka najbli\u017cszych dni ma by\u0107 ciep\u0142o i s\u0142onecznie. B\u0119dzie mo\u017cna wi\u0119c spr\u00f3bowa\u0107 z\u0142apa\u0107 z\u0142ot\u0105 polsk\u0105 jesie\u0144. Przyk\u0142adowe zdj\u0119cia li\u015bci, kt\u00f3re moga pos\u0142u\u017cy\u0107 za inspiracj\u0119 znajdziesz we wpisie 10 sposob\u00f3w na jesienne zdj\u0119cia li\u015bci. Tymczasem zamieszczam trzy zdj\u0119cia z dzisiejszego wschodu s\u0142o\u0144ca. Tak na dobry pocz\u0105tek dnia.","og_url":"https:\/\/fotografiadlaciekawych.pl\/index.php\/2017\/10\/16\/dzisiejszy-wschod-slonca-dobry-poczatek\/","og_site_name":"Fotografia dla ciekawych","article_publisher":"https:\/\/www.facebook.com\/przemyslaw.oziemblewski","article_author":"https:\/\/www.facebook.com\/przemyslaw.oziemblewski","article_published_time":"2017-10-16T08:06:04+00:00","article_modified_time":"2017-10-16T08:06:43+00:00","og_image":[{"width":850,"height":567,"url":"https:\/\/fotografiadlaciekawych.pl\/wp-content\/uploads\/2017\/10\/4393_850.jpg","type":"image\/jpeg"}],"author":"Przemys\u0142aw Oziemblewski","twitter_misc":{"Napisane przez":"Przemys\u0142aw Oziemblewski"},"schema":{"@context":"https:\/\/schema.org","@graph":[{"@type":"Article","@id":"https:\/\/fotografiadlaciekawych.pl\/index.php\/2017\/10\/16\/dzisiejszy-wschod-slonca-dobry-poczatek\/#article","isPartOf":{"@id":"https:\/\/fotografiadlaciekawych.pl\/index.php\/2017\/10\/16\/dzisiejszy-wschod-slonca-dobry-poczatek\/"},"author":{"name":"Przemys\u0142aw Oziemblewski","@id":"https:\/\/fotografiadlaciekawych.pl\/#\/schema\/person\/a9c16bf51d40163ef50c7170ff56de4d"},"headline":"Dzisiejszy wsch\u00f3d s\u0142o\u0144ca na dobry pocz\u0105tek dnia","datePublished":"2017-10-16T08:06:04+00:00","dateModified":"2017-10-16T08:06:43+00:00","mainEntityOfPage":{"@id":"https:\/\/fotografiadlaciekawych.pl\/index.php\/2017\/10\/16\/dzisiejszy-wschod-slonca-dobry-poczatek\/"},"wordCount":79,"commentCount":0,"publisher":{"@id":"https:\/\/fotografiadlaciekawych.pl\/#\/schema\/person\/a9c16bf51d40163ef50c7170ff56de4d"},"image":{"@id":"https:\/\/fotografiadlaciekawych.pl\/index.php\/2017\/10\/16\/dzisiejszy-wschod-slonca-dobry-poczatek\/#primaryimage"},"thumbnailUrl":"https:\/\/fotografiadlaciekawych.pl\/wp-content\/uploads\/2017\/10\/4393_850.jpg","keywords":["wsch\u00f3d s\u0142o\u0144ca"],"articleSection":["Zdj\u0119cia"],"inLanguage":"pl-PL","potentialAction":[{"@type":"CommentAction","name":"Comment","target":["https:\/\/fotografiadlaciekawych.pl\/index.php\/2017\/10\/16\/dzisiejszy-wschod-slonca-dobry-poczatek\/#respond"]}]},{"@type":"WebPage","@id":"https:\/\/fotografiadlaciekawych.pl\/index.php\/2017\/10\/16\/dzisiejszy-wschod-slonca-dobry-poczatek\/","url":"https:\/\/fotografiadlaciekawych.pl\/index.php\/2017\/10\/16\/dzisiejszy-wschod-slonca-dobry-poczatek\/","name":"Dzisiejszy wsch\u00f3d s\u0142o\u0144ca na dobry pocz\u0105tek dnia","isPartOf":{"@id":"https:\/\/fotografiadlaciekawych.pl\/#website"},"primaryImageOfPage":{"@id":"https:\/\/fotografiadlaciekawych.pl\/index.php\/2017\/10\/16\/dzisiejszy-wschod-slonca-dobry-poczatek\/#primaryimage"},"image":{"@id":"https:\/\/fotografiadlaciekawych.pl\/index.php\/2017\/10\/16\/dzisiejszy-wschod-slonca-dobry-poczatek\/#primaryimage"},"thumbnailUrl":"https:\/\/fotografiadlaciekawych.pl\/wp-content\/uploads\/2017\/10\/4393_850.jpg","datePublished":"2017-10-16T08:06:04+00:00","dateModified":"2017-10-16T08:06:43+00:00","breadcrumb":{"@id":"https:\/\/fotografiadlaciekawych.pl\/index.php\/2017\/10\/16\/dzisiejszy-wschod-slonca-dobry-poczatek\/#breadcrumb"},"inLanguage":"pl-PL","potentialAction":[{"@type":"ReadAction","target":["https:\/\/fotografiadlaciekawych.pl\/index.php\/2017\/10\/16\/dzisiejszy-wschod-slonca-dobry-poczatek\/"]}]},{"@type":"ImageObject","inLanguage":"pl-PL","@id":"https:\/\/fotografiadlaciekawych.pl\/index.php\/2017\/10\/16\/dzisiejszy-wschod-slonca-dobry-poczatek\/#primaryimage","url":"https:\/\/fotografiadlaciekawych.pl\/wp-content\/uploads\/2017\/10\/4393_850.jpg","contentUrl":"https:\/\/fotografiadlaciekawych.pl\/wp-content\/uploads\/2017\/10\/4393_850.jpg","width":850,"height":567},{"@type":"BreadcrumbList","@id":"https:\/\/fotografiadlaciekawych.pl\/index.php\/2017\/10\/16\/dzisiejszy-wschod-slonca-dobry-poczatek\/#breadcrumb","itemListElement":[{"@type":"ListItem","position":1,"name":"Home","item":"https:\/\/fotografiadlaciekawych.pl\/"},{"@type":"ListItem","position":2,"name":"Dzisiejszy wsch\u00f3d s\u0142o\u0144ca na dobry pocz\u0105tek dnia"}]},{"@type":"WebSite","@id":"https:\/\/fotografiadlaciekawych.pl\/#website","url":"https:\/\/fotografiadlaciekawych.pl\/","name":"Fotografia dla ciekawych","description":"Blog prowadzony od 2008 r.","publisher":{"@id":"https:\/\/fotografiadlaciekawych.pl\/#\/schema\/person\/a9c16bf51d40163ef50c7170ff56de4d"},"potentialAction":[{"@type":"SearchAction","target":{"@type":"EntryPoint","urlTemplate":"https:\/\/fotografiadlaciekawych.pl\/?s={search_term_string}"},"query-input":{"@type":"PropertyValueSpecification","valueRequired":true,"valueName":"search_term_string"}}],"inLanguage":"pl-PL"},{"@type":["Person","Organization"],"@id":"https:\/\/fotografiadlaciekawych.pl\/#\/schema\/person\/a9c16bf51d40163ef50c7170ff56de4d","name":"Przemys\u0142aw Oziemblewski","image":{"@type":"ImageObject","inLanguage":"pl-PL","@id":"https:\/\/fotografiadlaciekawych.pl\/wp-content\/uploads\/2020\/12\/przemek-oziemblewski-250px.jpg","url":"https:\/\/fotografiadlaciekawych.pl\/wp-content\/uploads\/2020\/12\/przemek-oziemblewski-250px.jpg","contentUrl":"https:\/\/fotografiadlaciekawych.pl\/wp-content\/uploads\/2020\/12\/przemek-oziemblewski-250px.jpg","width":250,"height":250,"caption":"Przemys\u0142aw Oziemblewski"},"logo":{"@id":"https:\/\/fotografiadlaciekawych.pl\/wp-content\/uploads\/2020\/12\/przemek-oziemblewski-250px.jpg"},"sameAs":["http:\/\/fotografiadlaciekawych.pl","https:\/\/www.facebook.com\/przemyslaw.oziemblewski","https:\/\/www.instagram.com\/p.oziemblewski\/","https:\/\/www.pinterest.com\/fotodcpl\/","https:\/\/youtube.com\/@PrzemyslawOziemblewski"]}]}},"jetpack_publicize_connections":[],"jetpack_sharing_enabled":true,"jetpack-related-posts":[{"id":6621,"url":"https:\/\/fotografiadlaciekawych.pl\/index.php\/2013\/10\/03\/wschod-slonca-na-dobry-poczatek-dnia\/","url_meta":{"origin":11103,"position":0},"title":"Wsch\u00f3d S\u0142o\u0144ca na dobry pocz\u0105tek dnia","author":"Przemys\u0142aw Oziemblewski","date":"czwartek, 3 pa\u017a 2013","format":false,"excerpt":"Jak poprawi\u0107 sobie humor? P\u00f3j\u015b\u0107 na wsch\u00f3d S\u0142o\u0144ca :-) Teraz mamy okres, \u017ce S\u0142o\u0144ce wschodzi o odpowiedniej godzinie. Nie za wcze\u015bnie, nie za p\u00f3\u017ano. Wi\u0119c przed rozpocz\u0119ciem standardowej aktywno\u015bci dnia mo\u017cna sobie pozwoli\u0107 na kr\u00f3tk\u0105 sesj\u0119 fotograficzn\u0105. Ja mam blisko nad jezioro, ale i w \u015brodowisku miejskim pewnie da si\u0119\u2026","rel":"","context":"W \u201eZdj\u0119cia&quot;","block_context":{"text":"Zdj\u0119cia","link":"https:\/\/fotografiadlaciekawych.pl\/index.php\/category\/zdjecia\/"},"img":{"alt_text":"","src":"https:\/\/i0.wp.com\/fotografiadlaciekawych.pl\/wp-content\/uploads\/2013\/10\/IMG_7256800-150x150.jpg?resize=350%2C200&ssl=1","width":350,"height":200,"srcset":"https:\/\/i0.wp.com\/fotografiadlaciekawych.pl\/wp-content\/uploads\/2013\/10\/IMG_7256800-150x150.jpg?resize=350%2C200&ssl=1 1x, https:\/\/i0.wp.com\/fotografiadlaciekawych.pl\/wp-content\/uploads\/2013\/10\/IMG_7256800-150x150.jpg?resize=525%2C300&ssl=1 1.5x, https:\/\/i0.wp.com\/fotografiadlaciekawych.pl\/wp-content\/uploads\/2013\/10\/IMG_7256800-150x150.jpg?resize=700%2C400&ssl=1 2x"},"classes":[]},{"id":11328,"url":"https:\/\/fotografiadlaciekawych.pl\/index.php\/2018\/01\/03\/jezioro-miejskie-chodziezy-kilka-zdjec-porannego-spaceru\/","url_meta":{"origin":11103,"position":1},"title":"Jezioro Miejskie w Chodzie\u017cy &#8211; kilka zdj\u0119\u0107 z porannego spaceru","author":"Przemys\u0142aw Oziemblewski","date":"\u015broda, 3 sty 2018","format":false,"excerpt":"Oto kilka zdj\u0119\u0107 na dobry pocz\u0105tek Nowego Roku. Zosta\u0142y zrobione dzisiaj przed wschodem s\u0142o\u0144ca nad jeziorem Miejskim (Chodzieskim) w Chodzie\u017cy. Teraz dni robi\u0105 si\u0119 ju\u017c coraz d\u0142u\u017csze, ale wsch\u00f3d s\u0142o\u0144ca nadal jest o sensownej godzinie. Nie trzeba si\u0119, tak jak latem, zrywa\u0107 wcze\u015bnie by zd\u0105\u017cy\u0107 na poranne zdj\u0119cia. Niestety przez\u2026","rel":"","context":"W \u201eZdj\u0119cia&quot;","block_context":{"text":"Zdj\u0119cia","link":"https:\/\/fotografiadlaciekawych.pl\/index.php\/category\/zdjecia\/"},"img":{"alt_text":"","src":"https:\/\/i0.wp.com\/fotografiadlaciekawych.pl\/wp-content\/uploads\/2018\/01\/4596_850.jpg?resize=350%2C200&ssl=1","width":350,"height":200,"srcset":"https:\/\/i0.wp.com\/fotografiadlaciekawych.pl\/wp-content\/uploads\/2018\/01\/4596_850.jpg?resize=350%2C200&ssl=1 1x, https:\/\/i0.wp.com\/fotografiadlaciekawych.pl\/wp-content\/uploads\/2018\/01\/4596_850.jpg?resize=525%2C300&ssl=1 1.5x, https:\/\/i0.wp.com\/fotografiadlaciekawych.pl\/wp-content\/uploads\/2018\/01\/4596_850.jpg?resize=700%2C400&ssl=1 2x"},"classes":[]},{"id":3067,"url":"https:\/\/fotografiadlaciekawych.pl\/index.php\/2010\/10\/18\/dzisiejszy-wschod-slonca\/","url_meta":{"origin":11103,"position":2},"title":"Dzisiejszy wsch\u00f3d S\u0142o\u0144ca","author":"Przemys\u0142aw Oziemblewski","date":"poniedzia\u0142ek, 18 pa\u017a 2010","format":false,"excerpt":"S\u0142ysza\u0142em ju\u017c nie raz opinie, \u017ce zdj\u0119\u0107 wschod\u00f3w i zachod\u00f3w S\u0142o\u0144ca jest ju\u017c tak ogromna masa, \u017ce nie warto si\u0119 temu tematowi po\u015bwi\u0119ca\u0107, \u017ce ju\u017c jest dosy\u0107 tego typu zdj\u0119\u0107. A ja my\u015bl\u0119, \u017ce wcale nie. Dlatego wykorzysta\u0142em dzisiejszy przymus wcze\u015bniejszego wstania i zrobi\u0142em jeszcze jedno, w\u0142a\u015bnie takie zdj\u0119cie. Ps.\u2026","rel":"","context":"W \u201eGaleria jednego zdj\u0119cia&quot;","block_context":{"text":"Galeria jednego zdj\u0119cia","link":"https:\/\/fotografiadlaciekawych.pl\/index.php\/category\/galeria-jednego-zdjecia\/"},"img":{"alt_text":"","src":"https:\/\/i0.wp.com\/fotografiadlaciekawych.pl\/wp-content\/uploads\/2010\/10\/IMG_4829k800-400x259.jpg?resize=350%2C200","width":350,"height":200},"classes":[]},{"id":18498,"url":"https:\/\/fotografiadlaciekawych.pl\/index.php\/2024\/02\/01\/kadry-stycznia-2024-moja-fotografia-moje-historie\/","url_meta":{"origin":11103,"position":3},"title":"Kadry stycznia 2024 &#8211; moja fotografia, moje historie","author":"Przemys\u0142aw Oziemblewski","date":"czwartek, 1 lut 2024","format":false,"excerpt":"Stycze\u0144 przyni\u00f3s\u0142 nie tylko zimow\u0105 aur\u0119, ale tak\u017ce mn\u00f3stwo okazji do fotografowania i testowania nowych pomys\u0142\u00f3w. Doczeka\u0142em si\u0119 ma\u0142ego narz\u0119dzia do wytwarzania dymu do zdj\u0119\u0107 oraz sprawdzi\u0142em, czy mog\u0119 \u201enadzia\u0107 Ksi\u0119\u017cyc na wierz\u0119\u201d. Mimo licznych pochmurnych dni by\u0142y te\u017c takie z niesamowitym \u015bwiat\u0142em o wschodzie i zachodzie s\u0142o\u0144ca. Po przegl\u0105dzie\u2026","rel":"","context":"W \u201eZdj\u0119cia&quot;","block_context":{"text":"Zdj\u0119cia","link":"https:\/\/fotografiadlaciekawych.pl\/index.php\/category\/zdjecia\/"},"img":{"alt_text":"","src":"https:\/\/i0.wp.com\/fotografiadlaciekawych.pl\/wp-content\/uploads\/2024\/02\/240130_IMG_6210_1080px.jpg?resize=350%2C200&ssl=1","width":350,"height":200,"srcset":"https:\/\/i0.wp.com\/fotografiadlaciekawych.pl\/wp-content\/uploads\/2024\/02\/240130_IMG_6210_1080px.jpg?resize=350%2C200&ssl=1 1x, https:\/\/i0.wp.com\/fotografiadlaciekawych.pl\/wp-content\/uploads\/2024\/02\/240130_IMG_6210_1080px.jpg?resize=525%2C300&ssl=1 1.5x, https:\/\/i0.wp.com\/fotografiadlaciekawych.pl\/wp-content\/uploads\/2024\/02\/240130_IMG_6210_1080px.jpg?resize=700%2C400&ssl=1 2x, https:\/\/i0.wp.com\/fotografiadlaciekawych.pl\/wp-content\/uploads\/2024\/02\/240130_IMG_6210_1080px.jpg?resize=1050%2C600&ssl=1 3x"},"classes":[]},{"id":20840,"url":"https:\/\/fotografiadlaciekawych.pl\/index.php\/2025\/10\/16\/jak-fotografowac-jesien-inspiracje-i-poradnik-dla-poczatkujacych\/","url_meta":{"origin":11103,"position":4},"title":"Jak fotografowa\u0107 jesie\u0144 &#8211; inspiracje i poradnik dla pocz\u0105tkuj\u0105cych","author":"Przemys\u0142aw Oziemblewski","date":"czwartek, 16 pa\u017a 2025","format":false,"excerpt":"Jesie\u0144 to pora roku, kt\u00f3ra daje fotografom wyj\u0105tkowe mo\u017cliwo\u015bci. Paleta barw od \u017c\u00f3\u0142tej przez czerwie\u0144 a\u017c po g\u0142\u0119bokie br\u0105zy, specyficzne \u015bwiat\u0142o i niepowtarzalny klimat \u2013 wszystko to sprawia, \u017ce jesienne zdj\u0119cia maj\u0105 w sobie co\u015b magicznego. Je\u015bli chcesz si\u0119 dowiedzie\u0107, jak wykorzysta\u0107 potencja\u0142 jesiennego fotografowania to zapraszam. Dlaczego jesie\u0144 to\u2026","rel":"","context":"W \u201eFotografia&quot;","block_context":{"text":"Fotografia","link":"https:\/\/fotografiadlaciekawych.pl\/index.php\/category\/fotografia\/"},"img":{"alt_text":"Jesienne, czerwone li\u015bcie","src":"https:\/\/i0.wp.com\/fotografiadlaciekawych.pl\/wp-content\/uploads\/2025\/10\/251016_PA162756_1080px.jpg?resize=350%2C200&ssl=1","width":350,"height":200,"srcset":"https:\/\/i0.wp.com\/fotografiadlaciekawych.pl\/wp-content\/uploads\/2025\/10\/251016_PA162756_1080px.jpg?resize=350%2C200&ssl=1 1x, https:\/\/i0.wp.com\/fotografiadlaciekawych.pl\/wp-content\/uploads\/2025\/10\/251016_PA162756_1080px.jpg?resize=525%2C300&ssl=1 1.5x, https:\/\/i0.wp.com\/fotografiadlaciekawych.pl\/wp-content\/uploads\/2025\/10\/251016_PA162756_1080px.jpg?resize=700%2C400&ssl=1 2x, https:\/\/i0.wp.com\/fotografiadlaciekawych.pl\/wp-content\/uploads\/2025\/10\/251016_PA162756_1080px.jpg?resize=1050%2C600&ssl=1 3x"},"classes":[]},{"id":21813,"url":"https:\/\/fotografiadlaciekawych.pl\/index.php\/2026\/08\/13\/zdjecia-z-wczorajszego-zacmienia-slonca-12-08-2026\/","url_meta":{"origin":11103,"position":5},"title":"Zdj\u0119cia z wczorajszego za\u0107mienia s\u0142o\u0144ca &#8211; 12.08.2026","author":"Przemys\u0142aw Oziemblewski","date":"czwartek, 13 sie 2026","format":false,"excerpt":"Oto kilka zdj\u0119\u0107 z wczorajszego za\u0107mienia s\u0142o\u0144ca. By\u0142o warto. Pierwszy raz fotografowa\u0142em je o zachodzie. Jest wi\u0119c i kilka kadr\u00f3w ze s\u0142o\u0144cem nad horyzontem. Na zdj\u0119cia wybra\u0142em si\u0119 na chodzieski stok narciarski. Jest stamt\u0105d dobry widok. Zreszt\u0105 wi\u0119cej os\u00f3b mia\u0142o ten sam pomys\u0142, bo parking by\u0142 zape\u0142niony i przysz\u0142o lub\u2026","rel":"","context":"W \u201eZdj\u0119cia&quot;","block_context":{"text":"Zdj\u0119cia","link":"https:\/\/fotografiadlaciekawych.pl\/index.php\/category\/zdjecia\/"},"img":{"alt_text":"Za\u0107mienie s\u0142o\u0144ca 12.08.2026 - zdj.2","src":"https:\/\/i0.wp.com\/fotografiadlaciekawych.pl\/wp-content\/uploads\/2026\/08\/260812_P8124589_1080px.jpg?resize=350%2C200&ssl=1","width":350,"height":200,"srcset":"https:\/\/i0.wp.com\/fotografiadlaciekawych.pl\/wp-content\/uploads\/2026\/08\/260812_P8124589_1080px.jpg?resize=350%2C200&ssl=1 1x, https:\/\/i0.wp.com\/fotografiadlaciekawych.pl\/wp-content\/uploads\/2026\/08\/260812_P8124589_1080px.jpg?resize=525%2C300&ssl=1 1.5x, https:\/\/i0.wp.com\/fotografiadlaciekawych.pl\/wp-content\/uploads\/2026\/08\/260812_P8124589_1080px.jpg?resize=700%2C400&ssl=1 2x, https:\/\/i0.wp.com\/fotografiadlaciekawych.pl\/wp-content\/uploads\/2026\/08\/260812_P8124589_1080px.jpg?resize=1050%2C600&ssl=1 3x"},"classes":[]}],"jetpack_featured_media_url":"https:\/\/fotografiadlaciekawych.pl\/wp-content\/uploads\/2017\/10\/4393_850.jpg","_links":{"self":[{"href":"https:\/\/fotografiadlaciekawych.pl\/index.php\/wp-json\/wp\/v2\/posts\/11103","targetHints":{"allow":["GET"]}}],"collection":[{"href":"https:\/\/fotografiadlaciekawych.pl\/index.php\/wp-json\/wp\/v2\/posts"}],"about":[{"href":"https:\/\/fotografiadlaciekawych.pl\/index.php\/wp-json\/wp\/v2\/types\/post"}],"author":[{"embeddable":true,"href":"https:\/\/fotografiadlaciekawych.pl\/index.php\/wp-json\/wp\/v2\/users\/1"}],"replies":[{"embeddable":true,"href":"https:\/\/fotografiadlaciekawych.pl\/index.php\/wp-json\/wp\/v2\/comments?post=11103"}],"version-history":[{"count":3,"href":"https:\/\/fotografiadlaciekawych.pl\/index.php\/wp-json\/wp\/v2\/posts\/11103\/revisions"}],"predecessor-version":[{"id":11109,"href":"https:\/\/fotografiadlaciekawych.pl\/index.php\/wp-json\/wp\/v2\/posts\/11103\/revisions\/11109"}],"wp:featuredmedia":[{"embeddable":true,"href":"https:\/\/fotografiadlaciekawych.pl\/index.php\/wp-json\/wp\/v2\/media\/11106"}],"wp:attachment":[{"href":"https:\/\/fotografiadlaciekawych.pl\/index.php\/wp-json\/wp\/v2\/media?parent=11103"}],"wp:term":[{"taxonomy":"category","embeddable":true,"href":"https:\/\/fotografiadlaciekawych.pl\/index.php\/wp-json\/wp\/v2\/categories?post=11103"},{"taxonomy":"post_tag","embeddable":true,"href":"https:\/\/fotografiadlaciekawych.pl\/index.php\/wp-json\/wp\/v2\/tags?post=11103"}],"curies":[{"name":"wp","href":"https:\/\/api.w.org\/{rel}","templated":true}]}}