{"id":12291,"date":"2018-12-05T15:22:26","date_gmt":"2018-12-05T14:22:26","guid":{"rendered":"https:\/\/fotografiadlaciekawych.pl\/?p=12291"},"modified":"2023-04-03T12:37:24","modified_gmt":"2023-04-03T10:37:24","slug":"czym-jest-ekspozycja-w-ev-i-jakie-to-ma-znaczenie","status":"publish","type":"post","link":"https:\/\/fotografiadlaciekawych.pl\/index.php\/2018\/12\/05\/czym-jest-ekspozycja-w-ev-i-jakie-to-ma-znaczenie\/","title":{"rendered":"Czym jest ekspozycja w EV i jakie to ma znaczenie"},"content":{"rendered":"<p>Dosta\u0142em pytanie od Bartosza: &#8222;Mam te\u017c pytanie odno\u015bnie grafiki z Pana strony &#8217;<a href=\"https:\/\/fotografiadlaciekawych.pl\/index.php\/do-pobrania\/\">Przyk\u0142adowe warto\u015bci ekspozycji w EV<\/a>&#8217;. Jak ustawi\u0107 warto\u015b\u0107 na Drog\u0119 Mleczn\u0105, na -7, skoro mog\u0119 zej\u015b\u0107 do warto\u015bci -3 EV? By\u0107 mo\u017ce pytanie nie profesjonalne, cho\u0107 zawsze mierz\u0105c w niebo, \u015bwiat\u0142omierz mia\u0142em na 0, otwart\u0105 przys\u0142on\u0119 (obiektyw mam ciemny 3.5, ale my\u015bl\u0119, \u017ce jestem w stanie co\u015b tu ugra\u0107) i tak zdj\u0119cia nie wychodzi\u0142y. B\u0119d\u0119 wdzi\u0119czny za sugesti\u0119.&#8221;<br \/>\n<!--more--><br \/>\nJest tutaj kilka kwestii to wyja\u015bnienia. <\/p>\n<h2>Pomiar i skala jasno\u015bci EV<\/h2>\n<p>Zaczn\u0119 od tego, czym jest EV. EV to skr\u00f3t od &#8222;Exposure value&#8221;. Mo\u017cna to t\u0142umaczy\u0107 jako &#8222;warto\u015b\u0107 ekspozycji&#8221;. Okre\u015bla ona jasno\u015b\u0107 kadru. W uproszczeniu informuje nas, ile jest \u015bwiat\u0142a. Czy jest jasno, czy ciemniej i jak bardzo? S\u0119k w ty, \u017ce \u015bwiat\u0142omierz w aparacie dokonuj\u0105c pomiaru, nie pokazuje zmierzonej warto\u015bci EV. Podaj\u0119 j\u0105 ju\u017c jako kombinacj\u0119 warto\u015bci przys\u0142ony, czasu migawki i ISO. Nie jest to problemem, o ile \u015bwiat\u0142omierz zmierzy dobrze i w og\u00f3le da rad\u0119 dokona\u0107 pomiaru.<\/p>\n<p>M\u00f3j wys\u0142u\u017cony ju\u017c Canon EOS 50D ma zakres pomiarowy \u015bwiat\u0142omierza od 1 do 20 EV. Oznacza to, \u017ce je\u015bli \u015bwiat\u0142a jest mniej ni\u017c 1 EV, to aparat nie wska\u017ce poprawnych warto\u015bci czasu, przys\u0142ony i ISO. W nowszych aparatach np. EOS R ten zakres pomiarowy jest szerszy i zaczyna si\u0119 od -3 EV. Dlatego w tym aparacie \u015bwiat\u0142omierz jest w stanie zmierzy\u0107 jeszcze mniejsz\u0105 ilo\u015b\u0107 \u015bwiat\u0142a.<\/p>\n<h2>Kiedy fotografowanie w trybie A (Av), a kiedy w manualnym M<\/h2>\n<p>Kiedy jasno\u015b\u0107 fotografowanej sceny jest w zakresie mo\u017cliwo\u015bci pomiaru \u015bwiat\u0142omierza, to wtedy mo\u017cesz korzysta\u0107 z fotografowania w trybie automatycznym lub p\u00f3\u0142automatycznym. Przyk\u0142adowo w trybie A (Av) mo\u017cesz ustawi\u0107 warto\u015b\u0107 przys\u0142ony i ISO, a aparat dobierze potrzebny czas na\u015bwietlania. To du\u017ce u\u0142atwienie.<\/p>\n<p>Je\u015bli natomiast jasno\u015b\u0107 fotografowanej sceny jest mniejsza, to automatyka ju\u017c nie daje rady. Nie oznacza to, \u017ce nie mo\u017cesz robi\u0107 zdj\u0119\u0107. Mo\u017cesz, ale ju\u017c tylko w trybie manualnym. Tak jest w przypadku Drogi Mlecznej, kt\u00f3rej jasno\u015b\u0107 wynosi oko\u0142o -7 EV (oczywi\u015bcie jest to te\u017c zale\u017cne od przejrzysto\u015bci powietrza, a ta musi by\u0107 naprawd\u0119 wysoka). Przyk\u0142adowa kombinacja sk\u0142adnik\u00f3w ekspozycji dla -7 EV to: f\/3.5, 60 sekund i ISO 3200. Opcja dla rybiego oka, bo przy w\u0119\u017cszym k\u0105cie widzenia obiektywu lepszy b\u0119dzie kr\u00f3tszy czas na\u015bwietlania. Wtedy trzeba odpowiednio podnie\u015b\u0107 ISO lub zastosowa\u0107 obiektyw z ja\u015bniejsz\u0105 przys\u0142on\u0105.<\/p>\n<p>Tak wi\u0119c korzystaj\u0105c z pomiaru i aparatu w trybie np. A (Av), mo\u017cesz robi\u0107 zdj\u0119cia tylko wtedy, gdy fotografowany obiekt ma jasno\u015b\u0107 wi\u0119ksz\u0105 ni\u017c -3 EV. Je\u015bli jest ciemniejszy, to aparat mo\u017ce wskaza\u0107 niew\u0142a\u015bciwe warto\u015bci sk\u0142adnik\u00f3w ekspozycji i zdj\u0119cie b\u0119dzie niedo\u015bwietlone.<\/p>\n<h2>Na marginesie<\/h2>\n<p>W bran\u017cy o\u015bwietleniowej miar\u0105 jasno\u015bci jest luminancja. Dla zainteresowanych podaj\u0119 definicj\u0119 (to taki \u017cart, chocia\u017c definicja jest prawdziwa):<br \/>\n&#8222;Luminancja (w okre\u015blonym kierunku, w punkcie powierzchni \u017ar\u00f3d\u0142a albo odbiornika promieniowania) jest to iloraz strumienia \u015bwietlnego wychodz\u0105cego, padaj\u0105cego lub przenikaj\u0105cego przez elementarne pole powierzchni otaczaj\u0105ce rozpatrywany punkt i rozchodz\u0105cego si\u0119 w okre\u015blonym sto\u017cku obejmuj\u0105cym ten kierunek, przez iloczyn k\u0105ta bry\u0142owego tego sto\u017cka i rzutu prostok\u0105tnego elementarnego pola na p\u0142aszczyzn\u0119 prostopad\u0142\u0105, do tego kierunku.&#8221;<\/p>\n<p>I pomy\u015ble\u0107, \u017ce kiedy\u015b si\u0119 tego uczy\u0142em \ud83d\ude42<\/p>\n<h2>Korekta ekspozycji z EV<\/h2>\n<p>Wr\u00f3\u0107my jednak do EV. Warto\u015bci EV maj\u0105 t\u0119 genialn\u0105 w\u0142a\u015bciwo\u015b\u0107, \u017ce zmiana o jedn\u0105 warto\u015b\u0107, jeden stopie\u0144 EV skutkuje podwojeniem lub zmniejszeniem o po\u0142ow\u0119 jasno\u015bci. Przyk\u0142adowo 4 EV to dwa razy ja\u015bniej ni\u017c 3 EV. R\u00f3\u017cnica o 1 EV. St\u0105d prosta droga do innej funkcji aparatu, a mianowicie do fotografowania z korekt\u0105 ekspozycji. Korzystaj\u0105c z niej, mo\u017cesz nakaza\u0107 automatyce aparatu, by robi\u0142a zdj\u0119cia ja\u015bniej lub ciemniej wzgl\u0119dem pomiaru \u015bwiat\u0142omierza o okre\u015blon\u0105 warto\u015b\u0107 EV np. -1 EV. Wtedy aparat odpowiednio b\u0119dzie korygowa\u0142 czas, przys\u0142on\u0119 lub ISO o jeden stopie\u0144. Tak wi\u0119c warto\u015b\u0107 EV, czy te\u017c skala jasno\u015bci EV jest wykorzystywana na kilka sposob\u00f3w.<\/p>\n<p>Je\u015bli chcesz dowiedzie\u0107 si\u0119 wi\u0119cej, jak wykorzysta\u0107 ekspozycj\u0119, to zapraszam do zapisania si\u0119 na list\u0119 &#8222;<a href=\"https:\/\/oziemblewski.com\/darmowe\/ekspozycja\/\" rel=\"noopener\" target=\"_blank\">Ekspozycja, zdj\u0119cia nocne i w trudnych warunkach<\/a>&#8222;. Dostaniesz wtedy na email darmowe lekcje z ekspozycji.<\/p>\n","protected":false},"excerpt":{"rendered":"<p>Dosta\u0142em pytanie od Bartosza: &#8222;Mam te\u017c pytanie odno\u015bnie grafiki z Pana strony &#8217;Przyk\u0142adowe warto\u015bci ekspozycji w EV&#8217;. Jak ustawi\u0107 warto\u015b\u0107 na Drog\u0119 Mleczn\u0105, na -7, skoro mog\u0119 zej\u015b\u0107 do warto\u015bci -3 EV? By\u0107 mo\u017ce pytanie nie profesjonalne, cho\u0107 zawsze mierz\u0105c w niebo, \u015bwiat\u0142omierz mia\u0142em na 0, otwart\u0105 przys\u0142on\u0119 (obiektyw mam ciemny 3.5, ale my\u015bl\u0119, \u017ce &hellip; <a href=\"https:\/\/fotografiadlaciekawych.pl\/index.php\/2018\/12\/05\/czym-jest-ekspozycja-w-ev-i-jakie-to-ma-znaczenie\/\" class=\"more-link\">Czytaj dalej <span class=\"screen-reader-text\">Czym jest ekspozycja w EV i jakie to ma znaczenie<\/span> <span class=\"meta-nav\">&rarr;<\/span><\/a><\/p>\n","protected":false},"author":1,"featured_media":12296,"comment_status":"open","ping_status":"open","sticky":false,"template":"","format":"standard","meta":{"_jetpack_newsletter_access":"","_jetpack_dont_email_post_to_subs":false,"_jetpack_newsletter_tier_id":0,"_jetpack_memberships_contains_paywalled_content":false,"_jetpack_feature_clip_id":0,"_jetpack_memberships_contains_paid_content":false,"footnotes":"","jetpack_publicize_message":"","jetpack_publicize_feature_enabled":true,"jetpack_social_post_already_shared":false,"jetpack_social_options":{"image_generator_settings":{"template":"highway","default_image_id":0,"font":"","enabled":false},"version":2},"jetpack_post_was_ever_published":false},"categories":[610],"tags":[143,215],"class_list":["post-12291","post","type-post","status-publish","format-standard","has-post-thumbnail","hentry","category-ekspozycja-fotografia","tag-ekspozycja","tag-zdjecia-nocne"],"yoast_head":"<!-- This site is optimized with the Yoast SEO plugin v28.4 - https:\/\/yoast.com\/product\/yoast-seo-wordpress\/ -->\n<title>Czym jest ekspozycja w EV i jakie to ma znaczenie<\/title>\n<meta name=\"description\" content=\"Zaczn\u0119 od tego, czym jest wkspozycja w EV. EV to skr\u00f3t od &quot;Exposure value&quot;. Mo\u017cna to t\u0142umaczy\u0107 jako &quot;warto\u015b\u0107 ekspozycji&quot;. Okre\u015bla ona jasno\u015b\u0107 kadru.\" \/>\n<meta name=\"robots\" content=\"index, follow, max-snippet:-1, max-image-preview:large, max-video-preview:-1\" \/>\n<link rel=\"canonical\" href=\"https:\/\/fotografiadlaciekawych.pl\/index.php\/2018\/12\/05\/czym-jest-ekspozycja-w-ev-i-jakie-to-ma-znaczenie\/\" \/>\n<meta property=\"og:locale\" content=\"pl_PL\" \/>\n<meta property=\"og:type\" content=\"article\" \/>\n<meta property=\"og:title\" content=\"Czym jest ekspozycja w EV i jakie to ma znaczenie\" \/>\n<meta property=\"og:description\" content=\"Zaczn\u0119 od tego, czym jest EV. EV to skr\u00f3t od &quot;Exposure value&quot;. Mo\u017cna to t\u0142umaczy\u0107 jako &quot;warto\u015b\u0107 ekspozycji&quot;. Okre\u015bla ona jasno\u015b\u0107 kadru. W uproszczeniu informuje nas ile jest \u015bwiat\u0142a.\" \/>\n<meta property=\"og:url\" content=\"https:\/\/fotografiadlaciekawych.pl\/index.php\/2018\/12\/05\/czym-jest-ekspozycja-w-ev-i-jakie-to-ma-znaczenie\/\" \/>\n<meta property=\"og:site_name\" content=\"Fotografia dla ciekawych\" \/>\n<meta property=\"article:publisher\" content=\"https:\/\/www.facebook.com\/przemyslaw.oziemblewski\" \/>\n<meta property=\"article:author\" content=\"https:\/\/www.facebook.com\/przemyslaw.oziemblewski\" \/>\n<meta property=\"article:published_time\" content=\"2018-12-05T14:22:26+00:00\" \/>\n<meta property=\"article:modified_time\" content=\"2023-04-03T10:37:24+00:00\" \/>\n<meta property=\"og:image\" content=\"https:\/\/fotografiadlaciekawych.pl\/wp-content\/uploads\/2018\/12\/160726_IMG_2607_1000px-2.jpg\" \/>\n\t<meta property=\"og:image:width\" content=\"1000\" \/>\n\t<meta property=\"og:image:height\" content=\"667\" \/>\n\t<meta property=\"og:image:type\" content=\"image\/jpeg\" \/>\n<meta name=\"author\" content=\"Przemys\u0142aw Oziemblewski\" \/>\n<meta name=\"twitter:label1\" content=\"Napisane przez\" \/>\n\t<meta name=\"twitter:data1\" content=\"Przemys\u0142aw Oziemblewski\" \/>\n\t<meta name=\"twitter:label2\" content=\"Szacowany czas czytania\" \/>\n\t<meta name=\"twitter:data2\" content=\"4 minuty\" \/>\n<script type=\"application\/ld+json\" class=\"yoast-schema-graph\">{\"@context\":\"https:\\\/\\\/schema.org\",\"@graph\":[{\"@type\":\"Article\",\"@id\":\"https:\\\/\\\/fotografiadlaciekawych.pl\\\/index.php\\\/2018\\\/12\\\/05\\\/czym-jest-ekspozycja-w-ev-i-jakie-to-ma-znaczenie\\\/#article\",\"isPartOf\":{\"@id\":\"https:\\\/\\\/fotografiadlaciekawych.pl\\\/index.php\\\/2018\\\/12\\\/05\\\/czym-jest-ekspozycja-w-ev-i-jakie-to-ma-znaczenie\\\/\"},\"author\":{\"name\":\"Przemys\u0142aw Oziemblewski\",\"@id\":\"https:\\\/\\\/fotografiadlaciekawych.pl\\\/#\\\/schema\\\/person\\\/a9c16bf51d40163ef50c7170ff56de4d\"},\"headline\":\"Czym jest ekspozycja w EV i jakie to ma znaczenie\",\"datePublished\":\"2018-12-05T14:22:26+00:00\",\"dateModified\":\"2023-04-03T10:37:24+00:00\",\"mainEntityOfPage\":{\"@id\":\"https:\\\/\\\/fotografiadlaciekawych.pl\\\/index.php\\\/2018\\\/12\\\/05\\\/czym-jest-ekspozycja-w-ev-i-jakie-to-ma-znaczenie\\\/\"},\"wordCount\":760,\"commentCount\":0,\"publisher\":{\"@id\":\"https:\\\/\\\/fotografiadlaciekawych.pl\\\/#\\\/schema\\\/person\\\/a9c16bf51d40163ef50c7170ff56de4d\"},\"image\":{\"@id\":\"https:\\\/\\\/fotografiadlaciekawych.pl\\\/index.php\\\/2018\\\/12\\\/05\\\/czym-jest-ekspozycja-w-ev-i-jakie-to-ma-znaczenie\\\/#primaryimage\"},\"thumbnailUrl\":\"https:\\\/\\\/fotografiadlaciekawych.pl\\\/wp-content\\\/uploads\\\/2018\\\/12\\\/160726_IMG_2607_1000px-2.jpg\",\"keywords\":[\"ekspozycja\",\"zdj\u0119cia nocne\"],\"articleSection\":[\"Ekspozycja\"],\"inLanguage\":\"pl-PL\",\"potentialAction\":[{\"@type\":\"CommentAction\",\"name\":\"Comment\",\"target\":[\"https:\\\/\\\/fotografiadlaciekawych.pl\\\/index.php\\\/2018\\\/12\\\/05\\\/czym-jest-ekspozycja-w-ev-i-jakie-to-ma-znaczenie\\\/#respond\"]}]},{\"@type\":\"WebPage\",\"@id\":\"https:\\\/\\\/fotografiadlaciekawych.pl\\\/index.php\\\/2018\\\/12\\\/05\\\/czym-jest-ekspozycja-w-ev-i-jakie-to-ma-znaczenie\\\/\",\"url\":\"https:\\\/\\\/fotografiadlaciekawych.pl\\\/index.php\\\/2018\\\/12\\\/05\\\/czym-jest-ekspozycja-w-ev-i-jakie-to-ma-znaczenie\\\/\",\"name\":\"Czym jest ekspozycja w EV i jakie to ma znaczenie\",\"isPartOf\":{\"@id\":\"https:\\\/\\\/fotografiadlaciekawych.pl\\\/#website\"},\"primaryImageOfPage\":{\"@id\":\"https:\\\/\\\/fotografiadlaciekawych.pl\\\/index.php\\\/2018\\\/12\\\/05\\\/czym-jest-ekspozycja-w-ev-i-jakie-to-ma-znaczenie\\\/#primaryimage\"},\"image\":{\"@id\":\"https:\\\/\\\/fotografiadlaciekawych.pl\\\/index.php\\\/2018\\\/12\\\/05\\\/czym-jest-ekspozycja-w-ev-i-jakie-to-ma-znaczenie\\\/#primaryimage\"},\"thumbnailUrl\":\"https:\\\/\\\/fotografiadlaciekawych.pl\\\/wp-content\\\/uploads\\\/2018\\\/12\\\/160726_IMG_2607_1000px-2.jpg\",\"datePublished\":\"2018-12-05T14:22:26+00:00\",\"dateModified\":\"2023-04-03T10:37:24+00:00\",\"description\":\"Zaczn\u0119 od tego, czym jest wkspozycja w EV. EV to skr\u00f3t od \\\"Exposure value\\\". Mo\u017cna to t\u0142umaczy\u0107 jako \\\"warto\u015b\u0107 ekspozycji\\\". Okre\u015bla ona jasno\u015b\u0107 kadru.\",\"breadcrumb\":{\"@id\":\"https:\\\/\\\/fotografiadlaciekawych.pl\\\/index.php\\\/2018\\\/12\\\/05\\\/czym-jest-ekspozycja-w-ev-i-jakie-to-ma-znaczenie\\\/#breadcrumb\"},\"inLanguage\":\"pl-PL\",\"potentialAction\":[{\"@type\":\"ReadAction\",\"target\":[\"https:\\\/\\\/fotografiadlaciekawych.pl\\\/index.php\\\/2018\\\/12\\\/05\\\/czym-jest-ekspozycja-w-ev-i-jakie-to-ma-znaczenie\\\/\"]}]},{\"@type\":\"ImageObject\",\"inLanguage\":\"pl-PL\",\"@id\":\"https:\\\/\\\/fotografiadlaciekawych.pl\\\/index.php\\\/2018\\\/12\\\/05\\\/czym-jest-ekspozycja-w-ev-i-jakie-to-ma-znaczenie\\\/#primaryimage\",\"url\":\"https:\\\/\\\/fotografiadlaciekawych.pl\\\/wp-content\\\/uploads\\\/2018\\\/12\\\/160726_IMG_2607_1000px-2.jpg\",\"contentUrl\":\"https:\\\/\\\/fotografiadlaciekawych.pl\\\/wp-content\\\/uploads\\\/2018\\\/12\\\/160726_IMG_2607_1000px-2.jpg\",\"width\":1000,\"height\":667},{\"@type\":\"BreadcrumbList\",\"@id\":\"https:\\\/\\\/fotografiadlaciekawych.pl\\\/index.php\\\/2018\\\/12\\\/05\\\/czym-jest-ekspozycja-w-ev-i-jakie-to-ma-znaczenie\\\/#breadcrumb\",\"itemListElement\":[{\"@type\":\"ListItem\",\"position\":1,\"name\":\"Home\",\"item\":\"https:\\\/\\\/fotografiadlaciekawych.pl\\\/\"},{\"@type\":\"ListItem\",\"position\":2,\"name\":\"Czym jest ekspozycja w EV i jakie to ma znaczenie\"}]},{\"@type\":\"WebSite\",\"@id\":\"https:\\\/\\\/fotografiadlaciekawych.pl\\\/#website\",\"url\":\"https:\\\/\\\/fotografiadlaciekawych.pl\\\/\",\"name\":\"Fotografia dla ciekawych\",\"description\":\"Blog prowadzony od 2008 r.\",\"publisher\":{\"@id\":\"https:\\\/\\\/fotografiadlaciekawych.pl\\\/#\\\/schema\\\/person\\\/a9c16bf51d40163ef50c7170ff56de4d\"},\"potentialAction\":[{\"@type\":\"SearchAction\",\"target\":{\"@type\":\"EntryPoint\",\"urlTemplate\":\"https:\\\/\\\/fotografiadlaciekawych.pl\\\/?s={search_term_string}\"},\"query-input\":{\"@type\":\"PropertyValueSpecification\",\"valueRequired\":true,\"valueName\":\"search_term_string\"}}],\"inLanguage\":\"pl-PL\"},{\"@type\":[\"Person\",\"Organization\"],\"@id\":\"https:\\\/\\\/fotografiadlaciekawych.pl\\\/#\\\/schema\\\/person\\\/a9c16bf51d40163ef50c7170ff56de4d\",\"name\":\"Przemys\u0142aw Oziemblewski\",\"image\":{\"@type\":\"ImageObject\",\"inLanguage\":\"pl-PL\",\"@id\":\"https:\\\/\\\/fotografiadlaciekawych.pl\\\/wp-content\\\/uploads\\\/2020\\\/12\\\/przemek-oziemblewski-250px.jpg\",\"url\":\"https:\\\/\\\/fotografiadlaciekawych.pl\\\/wp-content\\\/uploads\\\/2020\\\/12\\\/przemek-oziemblewski-250px.jpg\",\"contentUrl\":\"https:\\\/\\\/fotografiadlaciekawych.pl\\\/wp-content\\\/uploads\\\/2020\\\/12\\\/przemek-oziemblewski-250px.jpg\",\"width\":250,\"height\":250,\"caption\":\"Przemys\u0142aw Oziemblewski\"},\"logo\":{\"@id\":\"https:\\\/\\\/fotografiadlaciekawych.pl\\\/wp-content\\\/uploads\\\/2020\\\/12\\\/przemek-oziemblewski-250px.jpg\"},\"sameAs\":[\"http:\\\/\\\/fotografiadlaciekawych.pl\",\"https:\\\/\\\/www.facebook.com\\\/przemyslaw.oziemblewski\",\"https:\\\/\\\/www.instagram.com\\\/p.oziemblewski\\\/\",\"https:\\\/\\\/www.pinterest.com\\\/fotodcpl\\\/\",\"https:\\\/\\\/youtube.com\\\/@PrzemyslawOziemblewski\"]}]}<\/script>\n<!-- \/ Yoast SEO plugin. -->","yoast_head_json":{"title":"Czym jest ekspozycja w EV i jakie to ma znaczenie","description":"Zaczn\u0119 od tego, czym jest wkspozycja w EV. EV to skr\u00f3t od \"Exposure value\". Mo\u017cna to t\u0142umaczy\u0107 jako \"warto\u015b\u0107 ekspozycji\". Okre\u015bla ona jasno\u015b\u0107 kadru.","robots":{"index":"index","follow":"follow","max-snippet":"max-snippet:-1","max-image-preview":"max-image-preview:large","max-video-preview":"max-video-preview:-1"},"canonical":"https:\/\/fotografiadlaciekawych.pl\/index.php\/2018\/12\/05\/czym-jest-ekspozycja-w-ev-i-jakie-to-ma-znaczenie\/","og_locale":"pl_PL","og_type":"article","og_title":"Czym jest ekspozycja w EV i jakie to ma znaczenie","og_description":"Zaczn\u0119 od tego, czym jest EV. EV to skr\u00f3t od \"Exposure value\". Mo\u017cna to t\u0142umaczy\u0107 jako \"warto\u015b\u0107 ekspozycji\". Okre\u015bla ona jasno\u015b\u0107 kadru. W uproszczeniu informuje nas ile jest \u015bwiat\u0142a.","og_url":"https:\/\/fotografiadlaciekawych.pl\/index.php\/2018\/12\/05\/czym-jest-ekspozycja-w-ev-i-jakie-to-ma-znaczenie\/","og_site_name":"Fotografia dla ciekawych","article_publisher":"https:\/\/www.facebook.com\/przemyslaw.oziemblewski","article_author":"https:\/\/www.facebook.com\/przemyslaw.oziemblewski","article_published_time":"2018-12-05T14:22:26+00:00","article_modified_time":"2023-04-03T10:37:24+00:00","og_image":[{"width":1000,"height":667,"url":"https:\/\/fotografiadlaciekawych.pl\/wp-content\/uploads\/2018\/12\/160726_IMG_2607_1000px-2.jpg","type":"image\/jpeg"}],"author":"Przemys\u0142aw Oziemblewski","twitter_misc":{"Napisane przez":"Przemys\u0142aw Oziemblewski","Szacowany czas czytania":"4 minuty"},"schema":{"@context":"https:\/\/schema.org","@graph":[{"@type":"Article","@id":"https:\/\/fotografiadlaciekawych.pl\/index.php\/2018\/12\/05\/czym-jest-ekspozycja-w-ev-i-jakie-to-ma-znaczenie\/#article","isPartOf":{"@id":"https:\/\/fotografiadlaciekawych.pl\/index.php\/2018\/12\/05\/czym-jest-ekspozycja-w-ev-i-jakie-to-ma-znaczenie\/"},"author":{"name":"Przemys\u0142aw Oziemblewski","@id":"https:\/\/fotografiadlaciekawych.pl\/#\/schema\/person\/a9c16bf51d40163ef50c7170ff56de4d"},"headline":"Czym jest ekspozycja w EV i jakie to ma znaczenie","datePublished":"2018-12-05T14:22:26+00:00","dateModified":"2023-04-03T10:37:24+00:00","mainEntityOfPage":{"@id":"https:\/\/fotografiadlaciekawych.pl\/index.php\/2018\/12\/05\/czym-jest-ekspozycja-w-ev-i-jakie-to-ma-znaczenie\/"},"wordCount":760,"commentCount":0,"publisher":{"@id":"https:\/\/fotografiadlaciekawych.pl\/#\/schema\/person\/a9c16bf51d40163ef50c7170ff56de4d"},"image":{"@id":"https:\/\/fotografiadlaciekawych.pl\/index.php\/2018\/12\/05\/czym-jest-ekspozycja-w-ev-i-jakie-to-ma-znaczenie\/#primaryimage"},"thumbnailUrl":"https:\/\/fotografiadlaciekawych.pl\/wp-content\/uploads\/2018\/12\/160726_IMG_2607_1000px-2.jpg","keywords":["ekspozycja","zdj\u0119cia nocne"],"articleSection":["Ekspozycja"],"inLanguage":"pl-PL","potentialAction":[{"@type":"CommentAction","name":"Comment","target":["https:\/\/fotografiadlaciekawych.pl\/index.php\/2018\/12\/05\/czym-jest-ekspozycja-w-ev-i-jakie-to-ma-znaczenie\/#respond"]}]},{"@type":"WebPage","@id":"https:\/\/fotografiadlaciekawych.pl\/index.php\/2018\/12\/05\/czym-jest-ekspozycja-w-ev-i-jakie-to-ma-znaczenie\/","url":"https:\/\/fotografiadlaciekawych.pl\/index.php\/2018\/12\/05\/czym-jest-ekspozycja-w-ev-i-jakie-to-ma-znaczenie\/","name":"Czym jest ekspozycja w EV i jakie to ma znaczenie","isPartOf":{"@id":"https:\/\/fotografiadlaciekawych.pl\/#website"},"primaryImageOfPage":{"@id":"https:\/\/fotografiadlaciekawych.pl\/index.php\/2018\/12\/05\/czym-jest-ekspozycja-w-ev-i-jakie-to-ma-znaczenie\/#primaryimage"},"image":{"@id":"https:\/\/fotografiadlaciekawych.pl\/index.php\/2018\/12\/05\/czym-jest-ekspozycja-w-ev-i-jakie-to-ma-znaczenie\/#primaryimage"},"thumbnailUrl":"https:\/\/fotografiadlaciekawych.pl\/wp-content\/uploads\/2018\/12\/160726_IMG_2607_1000px-2.jpg","datePublished":"2018-12-05T14:22:26+00:00","dateModified":"2023-04-03T10:37:24+00:00","description":"Zaczn\u0119 od tego, czym jest wkspozycja w EV. EV to skr\u00f3t od \"Exposure value\". Mo\u017cna to t\u0142umaczy\u0107 jako \"warto\u015b\u0107 ekspozycji\". Okre\u015bla ona jasno\u015b\u0107 kadru.","breadcrumb":{"@id":"https:\/\/fotografiadlaciekawych.pl\/index.php\/2018\/12\/05\/czym-jest-ekspozycja-w-ev-i-jakie-to-ma-znaczenie\/#breadcrumb"},"inLanguage":"pl-PL","potentialAction":[{"@type":"ReadAction","target":["https:\/\/fotografiadlaciekawych.pl\/index.php\/2018\/12\/05\/czym-jest-ekspozycja-w-ev-i-jakie-to-ma-znaczenie\/"]}]},{"@type":"ImageObject","inLanguage":"pl-PL","@id":"https:\/\/fotografiadlaciekawych.pl\/index.php\/2018\/12\/05\/czym-jest-ekspozycja-w-ev-i-jakie-to-ma-znaczenie\/#primaryimage","url":"https:\/\/fotografiadlaciekawych.pl\/wp-content\/uploads\/2018\/12\/160726_IMG_2607_1000px-2.jpg","contentUrl":"https:\/\/fotografiadlaciekawych.pl\/wp-content\/uploads\/2018\/12\/160726_IMG_2607_1000px-2.jpg","width":1000,"height":667},{"@type":"BreadcrumbList","@id":"https:\/\/fotografiadlaciekawych.pl\/index.php\/2018\/12\/05\/czym-jest-ekspozycja-w-ev-i-jakie-to-ma-znaczenie\/#breadcrumb","itemListElement":[{"@type":"ListItem","position":1,"name":"Home","item":"https:\/\/fotografiadlaciekawych.pl\/"},{"@type":"ListItem","position":2,"name":"Czym jest ekspozycja w EV i jakie to ma znaczenie"}]},{"@type":"WebSite","@id":"https:\/\/fotografiadlaciekawych.pl\/#website","url":"https:\/\/fotografiadlaciekawych.pl\/","name":"Fotografia dla ciekawych","description":"Blog prowadzony od 2008 r.","publisher":{"@id":"https:\/\/fotografiadlaciekawych.pl\/#\/schema\/person\/a9c16bf51d40163ef50c7170ff56de4d"},"potentialAction":[{"@type":"SearchAction","target":{"@type":"EntryPoint","urlTemplate":"https:\/\/fotografiadlaciekawych.pl\/?s={search_term_string}"},"query-input":{"@type":"PropertyValueSpecification","valueRequired":true,"valueName":"search_term_string"}}],"inLanguage":"pl-PL"},{"@type":["Person","Organization"],"@id":"https:\/\/fotografiadlaciekawych.pl\/#\/schema\/person\/a9c16bf51d40163ef50c7170ff56de4d","name":"Przemys\u0142aw Oziemblewski","image":{"@type":"ImageObject","inLanguage":"pl-PL","@id":"https:\/\/fotografiadlaciekawych.pl\/wp-content\/uploads\/2020\/12\/przemek-oziemblewski-250px.jpg","url":"https:\/\/fotografiadlaciekawych.pl\/wp-content\/uploads\/2020\/12\/przemek-oziemblewski-250px.jpg","contentUrl":"https:\/\/fotografiadlaciekawych.pl\/wp-content\/uploads\/2020\/12\/przemek-oziemblewski-250px.jpg","width":250,"height":250,"caption":"Przemys\u0142aw Oziemblewski"},"logo":{"@id":"https:\/\/fotografiadlaciekawych.pl\/wp-content\/uploads\/2020\/12\/przemek-oziemblewski-250px.jpg"},"sameAs":["http:\/\/fotografiadlaciekawych.pl","https:\/\/www.facebook.com\/przemyslaw.oziemblewski","https:\/\/www.instagram.com\/p.oziemblewski\/","https:\/\/www.pinterest.com\/fotodcpl\/","https:\/\/youtube.com\/@PrzemyslawOziemblewski"]}]}},"jetpack_publicize_connections":[],"jetpack_sharing_enabled":true,"jetpack-related-posts":[{"id":9947,"url":"https:\/\/fotografiadlaciekawych.pl\/index.php\/2017\/03\/16\/dlaczego-pomiar-aparatu-moze-sie-mylic\/","url_meta":{"origin":12291,"position":0},"title":"Dlaczego pomiar aparatu mo\u017ce si\u0119 myli\u0107? Czy podawanie jasno\u015bci w EV ma sens?","author":"Przemys\u0142aw Oziemblewski","date":"czwartek, 16 mar 2017","format":false,"excerpt":"Dosta\u0142em pytania od Jacka: \"Mam pewien problem \/pytanie. Robi\u0119 z r\u00f3\u017cnymi nastawieniami na pokr\u0119tle. Raz potrzebna jest przes\u0142ona, raz czas itd. Oczywi\u015bcie g\u0142\u00f3wnie na M. Nastawianie wszystkiego jest jak mantra - znamy to na pami\u0119\u0107 i w\u0142a\u015bciwie gdy patrzymy to wprowadzamy tylko korekt\u0119 na s\u0142ynnej drabince - kompensacji ekspozycji. Jest\u2026","rel":"","context":"W \u201eFotografia&quot;","block_context":{"text":"Fotografia","link":"https:\/\/fotografiadlaciekawych.pl\/index.php\/category\/fotografia\/"},"img":{"alt_text":"","src":"https:\/\/i0.wp.com\/fotografiadlaciekawych.pl\/wp-content\/uploads\/2017\/03\/8620_850-400x267.jpg?resize=350%2C200","width":350,"height":200},"classes":[]},{"id":7215,"url":"https:\/\/fotografiadlaciekawych.pl\/index.php\/2014\/03\/07\/dlaczego-i-kiedy-stosowac-korekte-ekspozycji\/","url_meta":{"origin":12291,"position":1},"title":"Korekta ekspozycji &#8211; dlaczego i kiedy stosowa\u0107?","author":"Przemys\u0142aw Oziemblewski","date":"pi\u0105tek, 7 mar 2014","format":false,"excerpt":"Dosta\u0142em pytanie od Jarka: \"Czy m\u00f3g\u0142by\u015b poradzi\u0107 lub zrobi\u0107 poradnik jak kreatywnie i z rozwag\u0105 oraz ROZMYS\u0141EM pos\u0142ugiwa\u0107 si\u0119 korekt\u0105 ekspozycji (EV) w aparacie podczas robienia zdj\u0119\u0107. Pewnie ka\u017cdy fotografuj\u0105cy ma swoje przyzwyczajenia oraz wizj\u0119, ale jak czytam porady, ogl\u0105dam filmiki, dziel\u0105cy si\u0119 oficjalnie podaj\u0105, \u017ce przy takim zdj\u0119ciu nale\u017cy\u2026","rel":"","context":"W \u201eEkspozycja&quot;","block_context":{"text":"Ekspozycja","link":"https:\/\/fotografiadlaciekawych.pl\/index.php\/category\/fotografia\/ekspozycja-fotografia\/"},"img":{"alt_text":"Kiedy i dlaczego stosowa\u0107 korekt\u0119 ekspozycji","src":"https:\/\/i0.wp.com\/fotografiadlaciekawych.pl\/wp-content\/uploads\/2014\/03\/korekta-ekspozycji_1175_850-400x266.jpg?resize=350%2C200","width":350,"height":200},"classes":[]},{"id":18729,"url":"https:\/\/fotografiadlaciekawych.pl\/index.php\/2024\/03\/21\/jak-wykorzystac-luksomierz-jako-swiatlomierz-do-zdjec\/","url_meta":{"origin":12291,"position":2},"title":"Jak wykorzysta\u0107 luksomierz jako \u015bwiat\u0142omierz do zdj\u0119\u0107?","author":"Przemys\u0142aw Oziemblewski","date":"czwartek, 21 mar 2024","format":false,"excerpt":"Robi\u0105c zdj\u0119cia, zazwyczaj zawierzasz, systemowi pomiaru \u015bwiat\u0142a robionemu przez aparat. Je\u015bli zdj\u0119cie wyjdzie za ciemne lub za jasne, to mo\u017cesz wprowadzi\u0107 korekt\u0119 ekspozycji i gotowe. Kolejne zdj\u0119cia s\u0105 ju\u017c dobrze na\u015bwietlone. To, \u017ce aparat czasami si\u0119 myli, wynika z faktu, \u017ce dokonuje on pomiaru \u015bwiat\u0142a odbitego. Dlatego w zale\u017cno\u015bci od\u2026","rel":"","context":"W \u201eR\u00f3\u017cne&quot;","block_context":{"text":"R\u00f3\u017cne","link":"https:\/\/fotografiadlaciekawych.pl\/index.php\/category\/rozne\/"},"img":{"alt_text":"Luksomierz na tle szarej karty fotograficznej","src":"https:\/\/i0.wp.com\/fotografiadlaciekawych.pl\/wp-content\/uploads\/2024\/03\/240320_IMG_6944_1080px.jpg?resize=350%2C200&ssl=1","width":350,"height":200,"srcset":"https:\/\/i0.wp.com\/fotografiadlaciekawych.pl\/wp-content\/uploads\/2024\/03\/240320_IMG_6944_1080px.jpg?resize=350%2C200&ssl=1 1x, https:\/\/i0.wp.com\/fotografiadlaciekawych.pl\/wp-content\/uploads\/2024\/03\/240320_IMG_6944_1080px.jpg?resize=525%2C300&ssl=1 1.5x, https:\/\/i0.wp.com\/fotografiadlaciekawych.pl\/wp-content\/uploads\/2024\/03\/240320_IMG_6944_1080px.jpg?resize=700%2C400&ssl=1 2x, https:\/\/i0.wp.com\/fotografiadlaciekawych.pl\/wp-content\/uploads\/2024\/03\/240320_IMG_6944_1080px.jpg?resize=1050%2C600&ssl=1 3x"},"classes":[]},{"id":10764,"url":"https:\/\/fotografiadlaciekawych.pl\/index.php\/2017\/07\/13\/kompensacja-ekspozycji\/","url_meta":{"origin":12291,"position":3},"title":"Kompensacja ekspozycji &#8211; lekarstwem na prze\u015bwietlone zdj\u0119cia","author":"Przemys\u0142aw Oziemblewski","date":"czwartek, 13 lip 2017","format":false,"excerpt":"Je\u015bli wychodz\u0105 ci zdj\u0119cia zbyt jasne lub zbyt ciemne, to by\u0107 mo\u017ce ju\u017c czas na dowiedzenie si\u0119, co to jest kompensacja ekspozycji. Zobacz wi\u0119c jak j\u0105 wykorzysta\u0107. Z tego wpisu dowiesz si\u0119: Co to jest kompensacja ekspozycji Jak j\u0105 ustawia\u0107 w aparacie Kiedy stosowa\u0107 kompensacj\u0119 ekspozycji Dosta\u0142em pytanie od S\u0142awka:\u2026","rel":"","context":"W \u201eEkspozycja&quot;","block_context":{"text":"Ekspozycja","link":"https:\/\/fotografiadlaciekawych.pl\/index.php\/category\/fotografia\/ekspozycja-fotografia\/"},"img":{"alt_text":"kompensacja ekspozycji -2EV","src":"https:\/\/i0.wp.com\/fotografiadlaciekawych.pl\/wp-content\/uploads\/2017\/07\/kompensacja-ekspozycji-5753_850-2.jpg?resize=350%2C200&ssl=1","width":350,"height":200,"srcset":"https:\/\/i0.wp.com\/fotografiadlaciekawych.pl\/wp-content\/uploads\/2017\/07\/kompensacja-ekspozycji-5753_850-2.jpg?resize=350%2C200&ssl=1 1x, https:\/\/i0.wp.com\/fotografiadlaciekawych.pl\/wp-content\/uploads\/2017\/07\/kompensacja-ekspozycji-5753_850-2.jpg?resize=525%2C300&ssl=1 1.5x, https:\/\/i0.wp.com\/fotografiadlaciekawych.pl\/wp-content\/uploads\/2017\/07\/kompensacja-ekspozycji-5753_850-2.jpg?resize=700%2C400&ssl=1 2x"},"classes":[]},{"id":9660,"url":"https:\/\/fotografiadlaciekawych.pl\/index.php\/2016\/07\/18\/wartosc-ekspozycji-ev\/","url_meta":{"origin":12291,"position":4},"title":"Poznaj warto\u015b\u0107 ekspozycji w EV dla przyk\u0142adowych sytuacji","author":"Przemys\u0142aw Oziemblewski","date":"poniedzia\u0142ek, 18 lip 2016","format":false,"excerpt":"Fotografuj\u0105c jaki\u015b obiekt musisz si\u0119 dostosowa\u0107 do jego jasno\u015bci. To jest punkt wyj\u015bcia, je\u015bli chodzi o ustawianie w\u0142a\u015bciwych parametr\u00f3w ekspozycji. Jasno\u015b\u0107 fotografowanej sceny okre\u015blana jest jako warto\u015b\u0107 EV. Mo\u017ce ona r\u00f3wnie\u017c by\u0107 ujemna. Jednak naciskaj\u0105c do po\u0142owy spust migawki nie masz informacji z jak\u0105 warto\u015bci\u0105 EV masz do czynienia. Aparat\u2026","rel":"","context":"W \u201eEkspozycja&quot;","block_context":{"text":"Ekspozycja","link":"https:\/\/fotografiadlaciekawych.pl\/index.php\/category\/fotografia\/ekspozycja-fotografia\/"},"img":{"alt_text":"Orientacyjne wartosci ekspozycji","src":"https:\/\/i0.wp.com\/fotografiadlaciekawych.pl\/wp-content\/uploads\/2016\/07\/orientacyjne-wartosci-ekspozycji-fragment-400x311.jpg?resize=350%2C200","width":350,"height":200},"classes":[]},{"id":4889,"url":"https:\/\/fotografiadlaciekawych.pl\/index.php\/2012\/04\/24\/jak-dobierac-ekspozycje\/","url_meta":{"origin":12291,"position":5},"title":"Jak dobiera\u0107 ekspozycj\u0119?","author":"Przemys\u0142aw Oziemblewski","date":"wtorek, 24 kwi 2012","format":false,"excerpt":"Na co zwr\u00f3ci\u0107 uwag\u0119 przy ustalaniu odpowiednich parametr\u00f3w ekspozycji? Jakie ustawi\u0107 warto\u015bci przys\u0142ony, czasu migawki lub ISO? Wszystko to zale\u017cy ... ... od tego, co fotografujesz, jakie chcesz uzyska\u0107 efekt i jak silnym o\u015bwietleniem dysponujesz. Zacznijmy od tego, \u017ce z za\u0142o\u017cenia ustawiasz na pocz\u0105tku czu\u0142o\u015b\u0107 ISO na nisk\u0105 warto\u015b\u0107. W\u2026","rel":"","context":"W \u201eEkspozycja&quot;","block_context":{"text":"Ekspozycja","link":"https:\/\/fotografiadlaciekawych.pl\/index.php\/category\/fotografia\/ekspozycja-fotografia\/"},"img":{"alt_text":"","src":"https:\/\/i0.wp.com\/fotografiadlaciekawych.pl\/wp-content\/uploads\/2012\/04\/jak-dobrac-ekspozycje-400x171.png?resize=350%2C200","width":350,"height":200},"classes":[]}],"jetpack_featured_media_url":"https:\/\/fotografiadlaciekawych.pl\/wp-content\/uploads\/2018\/12\/160726_IMG_2607_1000px-2.jpg","_links":{"self":[{"href":"https:\/\/fotografiadlaciekawych.pl\/index.php\/wp-json\/wp\/v2\/posts\/12291","targetHints":{"allow":["GET"]}}],"collection":[{"href":"https:\/\/fotografiadlaciekawych.pl\/index.php\/wp-json\/wp\/v2\/posts"}],"about":[{"href":"https:\/\/fotografiadlaciekawych.pl\/index.php\/wp-json\/wp\/v2\/types\/post"}],"author":[{"embeddable":true,"href":"https:\/\/fotografiadlaciekawych.pl\/index.php\/wp-json\/wp\/v2\/users\/1"}],"replies":[{"embeddable":true,"href":"https:\/\/fotografiadlaciekawych.pl\/index.php\/wp-json\/wp\/v2\/comments?post=12291"}],"version-history":[{"count":11,"href":"https:\/\/fotografiadlaciekawych.pl\/index.php\/wp-json\/wp\/v2\/posts\/12291\/revisions"}],"predecessor-version":[{"id":17439,"href":"https:\/\/fotografiadlaciekawych.pl\/index.php\/wp-json\/wp\/v2\/posts\/12291\/revisions\/17439"}],"wp:featuredmedia":[{"embeddable":true,"href":"https:\/\/fotografiadlaciekawych.pl\/index.php\/wp-json\/wp\/v2\/media\/12296"}],"wp:attachment":[{"href":"https:\/\/fotografiadlaciekawych.pl\/index.php\/wp-json\/wp\/v2\/media?parent=12291"}],"wp:term":[{"taxonomy":"category","embeddable":true,"href":"https:\/\/fotografiadlaciekawych.pl\/index.php\/wp-json\/wp\/v2\/categories?post=12291"},{"taxonomy":"post_tag","embeddable":true,"href":"https:\/\/fotografiadlaciekawych.pl\/index.php\/wp-json\/wp\/v2\/tags?post=12291"}],"curies":[{"name":"wp","href":"https:\/\/api.w.org\/{rel}","templated":true}]}}