{"id":12777,"date":"2019-04-05T19:58:12","date_gmt":"2019-04-05T17:58:12","guid":{"rendered":"https:\/\/fotografiadlaciekawych.pl\/?p=12777"},"modified":"2019-04-25T12:47:57","modified_gmt":"2019-04-25T10:47:57","slug":"opinia-na-temat-ebooka-fotografia-dla-ciekawych","status":"publish","type":"post","link":"https:\/\/fotografiadlaciekawych.pl\/index.php\/2019\/04\/05\/opinia-na-temat-ebooka-fotografia-dla-ciekawych\/","title":{"rendered":"Opinia na temat ebooka &#8222;Fotografia dla ciekawych&#8221;"},"content":{"rendered":"<p>Dosta\u0142em niedawno od Zenona J\u0119drzykiewicza recenzj\u0119 mojego ebooka &#8222;Fotografia dla ciekawych&#8221;. Jak do tej pory jest to najd\u0142u\u017csza opinia, kt\u00f3r\u0105 otrzyma\u0142em. Zapraszam do zapoznania si\u0119 z ni\u0105.<\/p>\n<p>W tej recenzji pada propozycja bym napisa\u0142 jeszcze na temat fotografowania telefonem kom\u00f3rkowym. Je\u015bli wi\u0119c wi\u0119cej os\u00f3b te\u017c b\u0119dzie tym zainteresowanych, to oczywi\u015bcie co\u015b takiego powstanie. Dlatego mam do ciebie pro\u015bb\u0119. Napisz pod tym wpisem w komentarzu jaki temat ciebie interesuje. Czy faktycznie ma to by\u0107 &#8222;fotografowanie smartfonem&#8221;, czy mo\u017ce co\u015b innego. Czekam na propozycje.<br \/>\n<!--more--><br \/>\n<a href=\"https:\/\/fotografiadlaciekawych.pl\/wp-content\/uploads\/2019\/03\/podstawy-fotografii-fotografiadlaciekawych-ebook-pdf.jpg\" rel=\"lightbox\"><img loading=\"lazy\" decoding=\"async\" src=\"https:\/\/fotografiadlaciekawych.pl\/wp-content\/uploads\/2019\/03\/podstawy-fotografii-fotografiadlaciekawych-ebook-pdf-283x400.jpg\" alt=\"Podstawy fotografii - Fotografia dla ciekawych - ebook pdf\" width=\"283\" height=\"400\" class=\"alignnone size-medium wp-image-12719\" srcset=\"https:\/\/fotografiadlaciekawych.pl\/wp-content\/uploads\/2019\/03\/podstawy-fotografii-fotografiadlaciekawych-ebook-pdf-283x400.jpg 283w, https:\/\/fotografiadlaciekawych.pl\/wp-content\/uploads\/2019\/03\/podstawy-fotografii-fotografiadlaciekawych-ebook-pdf.jpg 375w\" sizes=\"auto, (max-width: 283px) 100vw, 283px\" \/><\/a><br \/>\n<em><a href=\"https:\/\/fotografiadlaciekawych.pl\/index.php\/2019\/03\/21\/podstawy-fotografii-darmowy-ebook-fotografia-dla-ciekawych\/\">Opis do ebooka \u201cFotografia dla ciekawych\u201d \u2013 wydanie II<\/a><br \/>\n<a href=\"https:\/\/fotografiadlaciekawych.pl\/index.php\/pakiet-powitalny\/\">Jak pobra\u0107 darmowy ebook \u201cFotografia dla ciekawych\u201d<\/a><\/em><\/p>\n<h2>Opinia o ebooku &#8222;Fotografia dla ciekawych&#8221;<\/h2>\n<p>Teraz przytocz\u0119 fragment recenzji:<\/p>\n<blockquote><p>W fotografii mo\u017cna znale\u017a\u0107, moim zdaniem, dwa kierunki \u2013 jeden bardziej teoretyczny, a drugi bardziej praktyczny.<\/p>\n<p>Teoretycy rozwodz\u0105 si\u0119 na temat filozofii fotografowania, poko\u0144czyli uczelnie artystyczne i wydaje im si\u0119, i\u017c zjedli wszystkie rozumy i s\u0105 uprawnieni do przebywania na Olimpie Fotograficznym. Osobi\u015bcie wol\u0119 praktyczniejsze podej\u015bcie i przebywanie gdzie\u015b u podn\u00f3\u017ca Olimpu, w\u015br\u00f3d zwyk\u0142ych zjadaczy chleba.<\/p>\n<p>Poradnik napisany przez Przemys\u0142awa Oziemblewskiego zaliczam do tej drugiej grupy, kt\u00f3ra jest mi bardzo bliska z racji wieloletniego kontaktu z fotografi\u0105. Autor postawi\u0142 sobie jako cel napisanie poradnika dla tych, kt\u00f3rzy zaczynaj\u0105 swoj\u0105 przygod\u0119 z fotografi\u0105. Moim zdaniem cel ten zosta\u0142 osi\u0105gni\u0119ty. W poradniku zawarto wszystkie niezb\u0119dne elementy, jakie mog\u0105 si\u0119 przyda\u0107 tym, kt\u00f3rzy po raz pierwszy wzi\u0119li aparat do r\u0119ki. Mog\u0105 z niego skorzysta\u0107 tak\u017ce ci, kt\u00f3rzy ju\u017c co\u015b wiedz\u0105 i chc\u0105 sobie zdobyt\u0105 wiedz\u0119 uporz\u0105dkowa\u0107 i utrwali\u0107. Dla takich czytelnik\u00f3w Autor wprowadzi\u0142 bardzo przydatne linki do innych pozycji tematycznych. Uk\u0142ad poradnika jest dobrze przemy\u015blany i nie budzi moich zastrze\u017ce\u0144, z wyj\u0105tkiem uwag natury technicznej, o czym b\u0119dzie mowa poni\u017cej.<\/p>\n<p>Tak si\u0119 sk\u0142ada, \u017ce wiele os\u00f3b fotografuje aparatami w smartfonach. Niby to bardzo prosta rzecz, ale zrobienie dobrego zdj\u0119cia telefonem te\u017c wymaga pewnej wiedzy i treningu, tak, aby wykorzysta\u0107 w\u0142a\u015bciwo\u015bci tego \u201eustrojstwa\u201d.<\/p>\n<p>Wszyscy Bogowie z Olimpu Fotograficznego raczej nie zni\u017c\u0105 si\u0119 nigdy do smartfoniarzy, bo ich boskim zdaniem istnieje tylko boska \u201epe\u0142na klatka\u201d (24 x 36 mm), istniej\u0105 tylko \u201enikoniarze\u201d (zwolennicy aparat\u00f3w firmy Nikon) i \u201ekanonierzy\u201d (zwolennicy aparat\u00f3w firmy Canon). Mo\u017ce kiedy\u015b do\u0142\u0105cz\u0105 do nich tak\u017ce \u201esoniarze\u201d, \u201efujiciarze\u201d a mo\u017ce jeszcze inni. Ich boskie dywagacje przypominaj\u0105 mi rozwa\u017cania na temat \u201eO wy\u017cszo\u015bci \u015awi\u0105t Bo\u017cego Narodzenia\u201d nad \u201e\u015awi\u0119tami Wielkiej Nocy\u201d i odwrotnie. Tytu\u0142y tych \u015bwi\u0105tecznych rozwa\u017ca\u0144 nie s\u0105 moje, pochodz\u0105 one z bardzo dowcipnych felieton\u00f3w, jakie dawnymi czasy mia\u0142 w radio Jan Tadeusz Stanis\u0142awski.<\/p>\n<p>Moim zdaniem Autora sta\u0107 jest na napisanie odr\u0119bnego poradnika lub rozdzia\u0142u w obecnym poradniku, np. pod tytu\u0142em \u201eFotografowanie smartfonem\u201d. To jest moim zdaniem bardzo potrzebna rzecz, to jest po prostu nie zaorany ug\u00f3r, czekaj\u0105cy na swojego rolnika, kt\u00f3ry zasieje na nim ziarno fotografii. Bior\u0105c pod uwag\u0119 prezentowane tre\u015bci sugerowa\u0142bym umieszczenie takiego ewentualnego rozdzia\u0142u na pocz\u0105tku poradnika. Wbrew pozorom napisanie takiego tekstu nie jest prost\u0105 spraw\u0105.\n<\/p><\/blockquote>\n<p>Ca\u0142o\u015b\u0107 recenzji masz pokazan\u0105 na za\u0142\u0105czonych obrazkach (kliknij aby powi\u0119kszy\u0107).<\/p>\n<p><a href=\"https:\/\/fotografiadlaciekawych.pl\/wp-content\/uploads\/2019\/04\/recenzja-poradnikadlapoczatkujacych-str1.png\"><img loading=\"lazy\" decoding=\"async\" src=\"https:\/\/fotografiadlaciekawych.pl\/wp-content\/uploads\/2019\/04\/recenzja-poradnikadlapoczatkujacych-str1-282x400.png\" alt=\"Recenzja poradnika dla poczatkuj\u0105cych\" width=\"282\" height=\"400\" class=\"alignnone size-medium wp-image-12781\" srcset=\"https:\/\/fotografiadlaciekawych.pl\/wp-content\/uploads\/2019\/04\/recenzja-poradnikadlapoczatkujacych-str1-282x400.png 282w, https:\/\/fotografiadlaciekawych.pl\/wp-content\/uploads\/2019\/04\/recenzja-poradnikadlapoczatkujacych-str1-768x1088.png 768w, https:\/\/fotografiadlaciekawych.pl\/wp-content\/uploads\/2019\/04\/recenzja-poradnikadlapoczatkujacych-str1-723x1024.png 723w, https:\/\/fotografiadlaciekawych.pl\/wp-content\/uploads\/2019\/04\/recenzja-poradnikadlapoczatkujacych-str1.png 845w\" sizes=\"auto, (max-width: 282px) 100vw, 282px\" \/><\/a><\/p>\n<p><a href=\"https:\/\/fotografiadlaciekawych.pl\/wp-content\/uploads\/2019\/04\/recenzja-poradnikadlapoczatkujacych-str2.png\"><img loading=\"lazy\" decoding=\"async\" src=\"https:\/\/fotografiadlaciekawych.pl\/wp-content\/uploads\/2019\/04\/recenzja-poradnikadlapoczatkujacych-str2-282x400.png\" alt=\"Recenzja poradnika dla poczatkuj\u0105cych\" width=\"282\" height=\"400\" class=\"alignnone size-medium wp-image-12782\" srcset=\"https:\/\/fotografiadlaciekawych.pl\/wp-content\/uploads\/2019\/04\/recenzja-poradnikadlapoczatkujacych-str2-282x400.png 282w, https:\/\/fotografiadlaciekawych.pl\/wp-content\/uploads\/2019\/04\/recenzja-poradnikadlapoczatkujacych-str2-768x1088.png 768w, https:\/\/fotografiadlaciekawych.pl\/wp-content\/uploads\/2019\/04\/recenzja-poradnikadlapoczatkujacych-str2-723x1024.png 723w, https:\/\/fotografiadlaciekawych.pl\/wp-content\/uploads\/2019\/04\/recenzja-poradnikadlapoczatkujacych-str2.png 845w\" sizes=\"auto, (max-width: 282px) 100vw, 282px\" \/><\/a><\/p>\n<p>Wi\u0119cej na temat ebooka mo\u017cesz znale\u017a\u0107 we wpisie <a href=\"https:\/\/fotografiadlaciekawych.pl\/index.php\/2019\/03\/21\/podstawy-fotografii-darmowy-ebook-fotografia-dla-ciekawych\/\">Podstawy fotografii \u2013 darmowy ebook \u201cFotografia dla ciekawych\u201d \u2013 wydanie II<\/a>. Mo\u017cesz tam r\u00f3wnie\u017c umie\u015bci\u0107 spoj\u0105 opini\u0119 na jego temat. Serdecznie zapraszam.<\/p>\n<h2>Co ma by\u0107 w dodatkowym rozdziale?<\/h2>\n<p>Je\u015bli chcesz, bym wi\u0119cej napisa\u0142 na okre\u015blony temat, to zg\u0142o\u015b propozycj\u0119 w komentarzu pod tym wpisem. Czy ma to by\u0107 \u201efotografowanie smartfonem\u201d, czy mo\u017ce co\u015b innego?<\/p>\n","protected":false},"excerpt":{"rendered":"<p>Dosta\u0142em niedawno od Zenona J\u0119drzykiewicza recenzj\u0119 mojego ebooka &#8222;Fotografia dla ciekawych&#8221;. Jak do tej pory jest to najd\u0142u\u017csza opinia, kt\u00f3r\u0105 otrzyma\u0142em. Zapraszam do zapoznania si\u0119 z ni\u0105. W tej recenzji pada propozycja bym napisa\u0142 jeszcze na temat fotografowania telefonem kom\u00f3rkowym. Je\u015bli wi\u0119c wi\u0119cej os\u00f3b te\u017c b\u0119dzie tym zainteresowanych, to oczywi\u015bcie co\u015b takiego powstanie. Dlatego mam &hellip; <a href=\"https:\/\/fotografiadlaciekawych.pl\/index.php\/2019\/04\/05\/opinia-na-temat-ebooka-fotografia-dla-ciekawych\/\" class=\"more-link\">Czytaj dalej <span class=\"screen-reader-text\">Opinia na temat ebooka &#8222;Fotografia dla ciekawych&#8221;<\/span> <span class=\"meta-nav\">&rarr;<\/span><\/a><\/p>\n","protected":false},"author":1,"featured_media":12738,"comment_status":"open","ping_status":"open","sticky":false,"template":"","format":"standard","meta":{"jetpack_post_was_ever_published":false,"_jetpack_newsletter_access":"","_jetpack_dont_email_post_to_subs":false,"_jetpack_newsletter_tier_id":0,"_jetpack_memberships_contains_paywalled_content":false,"_jetpack_memberships_contains_paid_content":false,"footnotes":"","jetpack_publicize_message":"","jetpack_publicize_feature_enabled":true,"jetpack_social_post_already_shared":false,"jetpack_social_options":{"image_generator_settings":{"template":"highway","default_image_id":0,"font":"","enabled":false},"version":2}},"categories":[135,68],"tags":[17],"class_list":["post-12777","post","type-post","status-publish","format-standard","has-post-thumbnail","hentry","category-ksiazki-literatura","category-literatura","tag-ebook"],"yoast_head":"<!-- This site is optimized with the Yoast SEO plugin v27.3 - https:\/\/yoast.com\/product\/yoast-seo-wordpress\/ -->\n<title>Opinia na temat ebooka &quot;Fotografia dla ciekawych&quot;<\/title>\n<meta name=\"description\" content=\"Poradnik napisany przez Przemys\u0142awa Oziemblewskiego zaliczam do tej drugiej grupy, kt\u00f3ra jest mi bardzo bliska z racji wieloletniego kontaktu z fotografi\u0105.\" \/>\n<meta name=\"robots\" content=\"index, follow, max-snippet:-1, max-image-preview:large, max-video-preview:-1\" \/>\n<link rel=\"canonical\" href=\"https:\/\/fotografiadlaciekawych.pl\/index.php\/2019\/04\/05\/opinia-na-temat-ebooka-fotografia-dla-ciekawych\/\" \/>\n<meta property=\"og:locale\" content=\"pl_PL\" \/>\n<meta property=\"og:type\" content=\"article\" \/>\n<meta property=\"og:title\" content=\"Opinia na temat ebooka &quot;Fotografia dla ciekawych&quot;\" \/>\n<meta property=\"og:description\" content=\"Poradnik napisany przez Przemys\u0142awa Oziemblewskiego zaliczam do tej drugiej grupy, kt\u00f3ra jest mi bardzo bliska z racji wieloletniego kontaktu z fotografi\u0105.\" \/>\n<meta property=\"og:url\" content=\"https:\/\/fotografiadlaciekawych.pl\/index.php\/2019\/04\/05\/opinia-na-temat-ebooka-fotografia-dla-ciekawych\/\" \/>\n<meta property=\"og:site_name\" content=\"Fotografia dla ciekawych\" \/>\n<meta property=\"article:publisher\" content=\"https:\/\/www.facebook.com\/przemyslaw.oziemblewski\" \/>\n<meta property=\"article:author\" content=\"https:\/\/www.facebook.com\/przemyslaw.oziemblewski\" \/>\n<meta property=\"article:published_time\" content=\"2019-04-05T17:58:12+00:00\" \/>\n<meta property=\"article:modified_time\" content=\"2019-04-25T10:47:57+00:00\" \/>\n<meta property=\"og:image\" content=\"https:\/\/fotografiadlaciekawych.pl\/wp-content\/uploads\/2019\/03\/podstawy-fotografii-fotografiadlaciekawych-ebook-pdf-ilustracja2.jpg\" \/>\n\t<meta property=\"og:image:width\" content=\"1000\" \/>\n\t<meta property=\"og:image:height\" content=\"562\" \/>\n\t<meta property=\"og:image:type\" content=\"image\/jpeg\" \/>\n<meta name=\"author\" content=\"Przemys\u0142aw Oziemblewski\" \/>\n<meta name=\"twitter:label1\" content=\"Napisane przez\" \/>\n\t<meta name=\"twitter:data1\" content=\"Przemys\u0142aw Oziemblewski\" \/>\n\t<meta name=\"twitter:label2\" content=\"Szacowany czas czytania\" \/>\n\t<meta name=\"twitter:data2\" content=\"3 minuty\" \/>\n<script type=\"application\/ld+json\" class=\"yoast-schema-graph\">{\"@context\":\"https:\\\/\\\/schema.org\",\"@graph\":[{\"@type\":\"Article\",\"@id\":\"https:\\\/\\\/fotografiadlaciekawych.pl\\\/index.php\\\/2019\\\/04\\\/05\\\/opinia-na-temat-ebooka-fotografia-dla-ciekawych\\\/#article\",\"isPartOf\":{\"@id\":\"https:\\\/\\\/fotografiadlaciekawych.pl\\\/index.php\\\/2019\\\/04\\\/05\\\/opinia-na-temat-ebooka-fotografia-dla-ciekawych\\\/\"},\"author\":{\"name\":\"Przemys\u0142aw Oziemblewski\",\"@id\":\"https:\\\/\\\/fotografiadlaciekawych.pl\\\/#\\\/schema\\\/person\\\/a9c16bf51d40163ef50c7170ff56de4d\"},\"headline\":\"Opinia na temat ebooka &#8222;Fotografia dla ciekawych&#8221;\",\"datePublished\":\"2019-04-05T17:58:12+00:00\",\"dateModified\":\"2019-04-25T10:47:57+00:00\",\"mainEntityOfPage\":{\"@id\":\"https:\\\/\\\/fotografiadlaciekawych.pl\\\/index.php\\\/2019\\\/04\\\/05\\\/opinia-na-temat-ebooka-fotografia-dla-ciekawych\\\/\"},\"wordCount\":626,\"commentCount\":18,\"publisher\":{\"@id\":\"https:\\\/\\\/fotografiadlaciekawych.pl\\\/#\\\/schema\\\/person\\\/a9c16bf51d40163ef50c7170ff56de4d\"},\"image\":{\"@id\":\"https:\\\/\\\/fotografiadlaciekawych.pl\\\/index.php\\\/2019\\\/04\\\/05\\\/opinia-na-temat-ebooka-fotografia-dla-ciekawych\\\/#primaryimage\"},\"thumbnailUrl\":\"https:\\\/\\\/fotografiadlaciekawych.pl\\\/wp-content\\\/uploads\\\/2019\\\/03\\\/podstawy-fotografii-fotografiadlaciekawych-ebook-pdf-ilustracja2.jpg\",\"keywords\":[\"ebook\"],\"articleSection\":[\"Ksi\u0105\u017cki\",\"Literatura\"],\"inLanguage\":\"pl-PL\",\"potentialAction\":[{\"@type\":\"CommentAction\",\"name\":\"Comment\",\"target\":[\"https:\\\/\\\/fotografiadlaciekawych.pl\\\/index.php\\\/2019\\\/04\\\/05\\\/opinia-na-temat-ebooka-fotografia-dla-ciekawych\\\/#respond\"]}]},{\"@type\":\"WebPage\",\"@id\":\"https:\\\/\\\/fotografiadlaciekawych.pl\\\/index.php\\\/2019\\\/04\\\/05\\\/opinia-na-temat-ebooka-fotografia-dla-ciekawych\\\/\",\"url\":\"https:\\\/\\\/fotografiadlaciekawych.pl\\\/index.php\\\/2019\\\/04\\\/05\\\/opinia-na-temat-ebooka-fotografia-dla-ciekawych\\\/\",\"name\":\"Opinia na temat ebooka \\\"Fotografia dla ciekawych\\\"\",\"isPartOf\":{\"@id\":\"https:\\\/\\\/fotografiadlaciekawych.pl\\\/#website\"},\"primaryImageOfPage\":{\"@id\":\"https:\\\/\\\/fotografiadlaciekawych.pl\\\/index.php\\\/2019\\\/04\\\/05\\\/opinia-na-temat-ebooka-fotografia-dla-ciekawych\\\/#primaryimage\"},\"image\":{\"@id\":\"https:\\\/\\\/fotografiadlaciekawych.pl\\\/index.php\\\/2019\\\/04\\\/05\\\/opinia-na-temat-ebooka-fotografia-dla-ciekawych\\\/#primaryimage\"},\"thumbnailUrl\":\"https:\\\/\\\/fotografiadlaciekawych.pl\\\/wp-content\\\/uploads\\\/2019\\\/03\\\/podstawy-fotografii-fotografiadlaciekawych-ebook-pdf-ilustracja2.jpg\",\"datePublished\":\"2019-04-05T17:58:12+00:00\",\"dateModified\":\"2019-04-25T10:47:57+00:00\",\"description\":\"Poradnik napisany przez Przemys\u0142awa Oziemblewskiego zaliczam do tej drugiej grupy, kt\u00f3ra jest mi bardzo bliska z racji wieloletniego kontaktu z fotografi\u0105.\",\"breadcrumb\":{\"@id\":\"https:\\\/\\\/fotografiadlaciekawych.pl\\\/index.php\\\/2019\\\/04\\\/05\\\/opinia-na-temat-ebooka-fotografia-dla-ciekawych\\\/#breadcrumb\"},\"inLanguage\":\"pl-PL\",\"potentialAction\":[{\"@type\":\"ReadAction\",\"target\":[\"https:\\\/\\\/fotografiadlaciekawych.pl\\\/index.php\\\/2019\\\/04\\\/05\\\/opinia-na-temat-ebooka-fotografia-dla-ciekawych\\\/\"]}]},{\"@type\":\"ImageObject\",\"inLanguage\":\"pl-PL\",\"@id\":\"https:\\\/\\\/fotografiadlaciekawych.pl\\\/index.php\\\/2019\\\/04\\\/05\\\/opinia-na-temat-ebooka-fotografia-dla-ciekawych\\\/#primaryimage\",\"url\":\"https:\\\/\\\/fotografiadlaciekawych.pl\\\/wp-content\\\/uploads\\\/2019\\\/03\\\/podstawy-fotografii-fotografiadlaciekawych-ebook-pdf-ilustracja2.jpg\",\"contentUrl\":\"https:\\\/\\\/fotografiadlaciekawych.pl\\\/wp-content\\\/uploads\\\/2019\\\/03\\\/podstawy-fotografii-fotografiadlaciekawych-ebook-pdf-ilustracja2.jpg\",\"width\":1000,\"height\":562},{\"@type\":\"BreadcrumbList\",\"@id\":\"https:\\\/\\\/fotografiadlaciekawych.pl\\\/index.php\\\/2019\\\/04\\\/05\\\/opinia-na-temat-ebooka-fotografia-dla-ciekawych\\\/#breadcrumb\",\"itemListElement\":[{\"@type\":\"ListItem\",\"position\":1,\"name\":\"Home\",\"item\":\"https:\\\/\\\/fotografiadlaciekawych.pl\\\/\"},{\"@type\":\"ListItem\",\"position\":2,\"name\":\"Opinia na temat ebooka &#8222;Fotografia dla ciekawych&#8221;\"}]},{\"@type\":\"WebSite\",\"@id\":\"https:\\\/\\\/fotografiadlaciekawych.pl\\\/#website\",\"url\":\"https:\\\/\\\/fotografiadlaciekawych.pl\\\/\",\"name\":\"Fotografia dla ciekawych\",\"description\":\"Blog prowadzony od 2008 r.\",\"publisher\":{\"@id\":\"https:\\\/\\\/fotografiadlaciekawych.pl\\\/#\\\/schema\\\/person\\\/a9c16bf51d40163ef50c7170ff56de4d\"},\"potentialAction\":[{\"@type\":\"SearchAction\",\"target\":{\"@type\":\"EntryPoint\",\"urlTemplate\":\"https:\\\/\\\/fotografiadlaciekawych.pl\\\/?s={search_term_string}\"},\"query-input\":{\"@type\":\"PropertyValueSpecification\",\"valueRequired\":true,\"valueName\":\"search_term_string\"}}],\"inLanguage\":\"pl-PL\"},{\"@type\":[\"Person\",\"Organization\"],\"@id\":\"https:\\\/\\\/fotografiadlaciekawych.pl\\\/#\\\/schema\\\/person\\\/a9c16bf51d40163ef50c7170ff56de4d\",\"name\":\"Przemys\u0142aw Oziemblewski\",\"image\":{\"@type\":\"ImageObject\",\"inLanguage\":\"pl-PL\",\"@id\":\"https:\\\/\\\/fotografiadlaciekawych.pl\\\/wp-content\\\/uploads\\\/2020\\\/12\\\/przemek-oziemblewski-250px.jpg\",\"url\":\"https:\\\/\\\/fotografiadlaciekawych.pl\\\/wp-content\\\/uploads\\\/2020\\\/12\\\/przemek-oziemblewski-250px.jpg\",\"contentUrl\":\"https:\\\/\\\/fotografiadlaciekawych.pl\\\/wp-content\\\/uploads\\\/2020\\\/12\\\/przemek-oziemblewski-250px.jpg\",\"width\":250,\"height\":250,\"caption\":\"Przemys\u0142aw Oziemblewski\"},\"logo\":{\"@id\":\"https:\\\/\\\/fotografiadlaciekawych.pl\\\/wp-content\\\/uploads\\\/2020\\\/12\\\/przemek-oziemblewski-250px.jpg\"},\"sameAs\":[\"http:\\\/\\\/fotografiadlaciekawych.pl\",\"https:\\\/\\\/www.facebook.com\\\/przemyslaw.oziemblewski\",\"https:\\\/\\\/www.instagram.com\\\/p.oziemblewski\\\/\",\"https:\\\/\\\/www.pinterest.com\\\/fotodcpl\\\/\",\"https:\\\/\\\/youtube.com\\\/@PrzemyslawOziemblewski\"]}]}<\/script>\n<!-- \/ Yoast SEO plugin. -->","yoast_head_json":{"title":"Opinia na temat ebooka \"Fotografia dla ciekawych\"","description":"Poradnik napisany przez Przemys\u0142awa Oziemblewskiego zaliczam do tej drugiej grupy, kt\u00f3ra jest mi bardzo bliska z racji wieloletniego kontaktu z fotografi\u0105.","robots":{"index":"index","follow":"follow","max-snippet":"max-snippet:-1","max-image-preview":"max-image-preview:large","max-video-preview":"max-video-preview:-1"},"canonical":"https:\/\/fotografiadlaciekawych.pl\/index.php\/2019\/04\/05\/opinia-na-temat-ebooka-fotografia-dla-ciekawych\/","og_locale":"pl_PL","og_type":"article","og_title":"Opinia na temat ebooka \"Fotografia dla ciekawych\"","og_description":"Poradnik napisany przez Przemys\u0142awa Oziemblewskiego zaliczam do tej drugiej grupy, kt\u00f3ra jest mi bardzo bliska z racji wieloletniego kontaktu z fotografi\u0105.","og_url":"https:\/\/fotografiadlaciekawych.pl\/index.php\/2019\/04\/05\/opinia-na-temat-ebooka-fotografia-dla-ciekawych\/","og_site_name":"Fotografia dla ciekawych","article_publisher":"https:\/\/www.facebook.com\/przemyslaw.oziemblewski","article_author":"https:\/\/www.facebook.com\/przemyslaw.oziemblewski","article_published_time":"2019-04-05T17:58:12+00:00","article_modified_time":"2019-04-25T10:47:57+00:00","og_image":[{"width":1000,"height":562,"url":"https:\/\/fotografiadlaciekawych.pl\/wp-content\/uploads\/2019\/03\/podstawy-fotografii-fotografiadlaciekawych-ebook-pdf-ilustracja2.jpg","type":"image\/jpeg"}],"author":"Przemys\u0142aw Oziemblewski","twitter_misc":{"Napisane przez":"Przemys\u0142aw Oziemblewski","Szacowany czas czytania":"3 minuty"},"schema":{"@context":"https:\/\/schema.org","@graph":[{"@type":"Article","@id":"https:\/\/fotografiadlaciekawych.pl\/index.php\/2019\/04\/05\/opinia-na-temat-ebooka-fotografia-dla-ciekawych\/#article","isPartOf":{"@id":"https:\/\/fotografiadlaciekawych.pl\/index.php\/2019\/04\/05\/opinia-na-temat-ebooka-fotografia-dla-ciekawych\/"},"author":{"name":"Przemys\u0142aw Oziemblewski","@id":"https:\/\/fotografiadlaciekawych.pl\/#\/schema\/person\/a9c16bf51d40163ef50c7170ff56de4d"},"headline":"Opinia na temat ebooka &#8222;Fotografia dla ciekawych&#8221;","datePublished":"2019-04-05T17:58:12+00:00","dateModified":"2019-04-25T10:47:57+00:00","mainEntityOfPage":{"@id":"https:\/\/fotografiadlaciekawych.pl\/index.php\/2019\/04\/05\/opinia-na-temat-ebooka-fotografia-dla-ciekawych\/"},"wordCount":626,"commentCount":18,"publisher":{"@id":"https:\/\/fotografiadlaciekawych.pl\/#\/schema\/person\/a9c16bf51d40163ef50c7170ff56de4d"},"image":{"@id":"https:\/\/fotografiadlaciekawych.pl\/index.php\/2019\/04\/05\/opinia-na-temat-ebooka-fotografia-dla-ciekawych\/#primaryimage"},"thumbnailUrl":"https:\/\/fotografiadlaciekawych.pl\/wp-content\/uploads\/2019\/03\/podstawy-fotografii-fotografiadlaciekawych-ebook-pdf-ilustracja2.jpg","keywords":["ebook"],"articleSection":["Ksi\u0105\u017cki","Literatura"],"inLanguage":"pl-PL","potentialAction":[{"@type":"CommentAction","name":"Comment","target":["https:\/\/fotografiadlaciekawych.pl\/index.php\/2019\/04\/05\/opinia-na-temat-ebooka-fotografia-dla-ciekawych\/#respond"]}]},{"@type":"WebPage","@id":"https:\/\/fotografiadlaciekawych.pl\/index.php\/2019\/04\/05\/opinia-na-temat-ebooka-fotografia-dla-ciekawych\/","url":"https:\/\/fotografiadlaciekawych.pl\/index.php\/2019\/04\/05\/opinia-na-temat-ebooka-fotografia-dla-ciekawych\/","name":"Opinia na temat ebooka \"Fotografia dla ciekawych\"","isPartOf":{"@id":"https:\/\/fotografiadlaciekawych.pl\/#website"},"primaryImageOfPage":{"@id":"https:\/\/fotografiadlaciekawych.pl\/index.php\/2019\/04\/05\/opinia-na-temat-ebooka-fotografia-dla-ciekawych\/#primaryimage"},"image":{"@id":"https:\/\/fotografiadlaciekawych.pl\/index.php\/2019\/04\/05\/opinia-na-temat-ebooka-fotografia-dla-ciekawych\/#primaryimage"},"thumbnailUrl":"https:\/\/fotografiadlaciekawych.pl\/wp-content\/uploads\/2019\/03\/podstawy-fotografii-fotografiadlaciekawych-ebook-pdf-ilustracja2.jpg","datePublished":"2019-04-05T17:58:12+00:00","dateModified":"2019-04-25T10:47:57+00:00","description":"Poradnik napisany przez Przemys\u0142awa Oziemblewskiego zaliczam do tej drugiej grupy, kt\u00f3ra jest mi bardzo bliska z racji wieloletniego kontaktu z fotografi\u0105.","breadcrumb":{"@id":"https:\/\/fotografiadlaciekawych.pl\/index.php\/2019\/04\/05\/opinia-na-temat-ebooka-fotografia-dla-ciekawych\/#breadcrumb"},"inLanguage":"pl-PL","potentialAction":[{"@type":"ReadAction","target":["https:\/\/fotografiadlaciekawych.pl\/index.php\/2019\/04\/05\/opinia-na-temat-ebooka-fotografia-dla-ciekawych\/"]}]},{"@type":"ImageObject","inLanguage":"pl-PL","@id":"https:\/\/fotografiadlaciekawych.pl\/index.php\/2019\/04\/05\/opinia-na-temat-ebooka-fotografia-dla-ciekawych\/#primaryimage","url":"https:\/\/fotografiadlaciekawych.pl\/wp-content\/uploads\/2019\/03\/podstawy-fotografii-fotografiadlaciekawych-ebook-pdf-ilustracja2.jpg","contentUrl":"https:\/\/fotografiadlaciekawych.pl\/wp-content\/uploads\/2019\/03\/podstawy-fotografii-fotografiadlaciekawych-ebook-pdf-ilustracja2.jpg","width":1000,"height":562},{"@type":"BreadcrumbList","@id":"https:\/\/fotografiadlaciekawych.pl\/index.php\/2019\/04\/05\/opinia-na-temat-ebooka-fotografia-dla-ciekawych\/#breadcrumb","itemListElement":[{"@type":"ListItem","position":1,"name":"Home","item":"https:\/\/fotografiadlaciekawych.pl\/"},{"@type":"ListItem","position":2,"name":"Opinia na temat ebooka &#8222;Fotografia dla ciekawych&#8221;"}]},{"@type":"WebSite","@id":"https:\/\/fotografiadlaciekawych.pl\/#website","url":"https:\/\/fotografiadlaciekawych.pl\/","name":"Fotografia dla ciekawych","description":"Blog prowadzony od 2008 r.","publisher":{"@id":"https:\/\/fotografiadlaciekawych.pl\/#\/schema\/person\/a9c16bf51d40163ef50c7170ff56de4d"},"potentialAction":[{"@type":"SearchAction","target":{"@type":"EntryPoint","urlTemplate":"https:\/\/fotografiadlaciekawych.pl\/?s={search_term_string}"},"query-input":{"@type":"PropertyValueSpecification","valueRequired":true,"valueName":"search_term_string"}}],"inLanguage":"pl-PL"},{"@type":["Person","Organization"],"@id":"https:\/\/fotografiadlaciekawych.pl\/#\/schema\/person\/a9c16bf51d40163ef50c7170ff56de4d","name":"Przemys\u0142aw Oziemblewski","image":{"@type":"ImageObject","inLanguage":"pl-PL","@id":"https:\/\/fotografiadlaciekawych.pl\/wp-content\/uploads\/2020\/12\/przemek-oziemblewski-250px.jpg","url":"https:\/\/fotografiadlaciekawych.pl\/wp-content\/uploads\/2020\/12\/przemek-oziemblewski-250px.jpg","contentUrl":"https:\/\/fotografiadlaciekawych.pl\/wp-content\/uploads\/2020\/12\/przemek-oziemblewski-250px.jpg","width":250,"height":250,"caption":"Przemys\u0142aw Oziemblewski"},"logo":{"@id":"https:\/\/fotografiadlaciekawych.pl\/wp-content\/uploads\/2020\/12\/przemek-oziemblewski-250px.jpg"},"sameAs":["http:\/\/fotografiadlaciekawych.pl","https:\/\/www.facebook.com\/przemyslaw.oziemblewski","https:\/\/www.instagram.com\/p.oziemblewski\/","https:\/\/www.pinterest.com\/fotodcpl\/","https:\/\/youtube.com\/@PrzemyslawOziemblewski"]}]}},"jetpack_publicize_connections":[],"jetpack_featured_media_url":"https:\/\/fotografiadlaciekawych.pl\/wp-content\/uploads\/2019\/03\/podstawy-fotografii-fotografiadlaciekawych-ebook-pdf-ilustracja2.jpg","jetpack_sharing_enabled":true,"jetpack-related-posts":[{"id":12896,"url":"https:\/\/fotografiadlaciekawych.pl\/index.php\/2019\/04\/25\/kolejna-opinia-na-temat-ebooka-fotografia-dla-ciekawych\/","url_meta":{"origin":12777,"position":0},"title":"Kolejna opinia na temat ebooka &#8222;Fotografia dla ciekawych&#8221;","author":"Przemys\u0142aw Oziemblewski","date":"czwartek, 25 kwi 2019","format":false,"excerpt":"Dosta\u0142em od Jana Fuhrmanna obszern\u0105 opini\u0119 na temat ebooka. Jest mi niezmiernie mi\u0142o, \u017ce ebook \"Fotografia dla ciekawych\" okazuje si\u0119 przydatny i spotyka si\u0119 z takim odbiorem. Publikacj\u0119 mo\u017cesz otrzyma\u0107 zapisuj\u0105c si\u0119 na Pakiet powitalny. Poza ebookiem jest tam r\u00f3wnie\u017c \"czeklista rzeczy do zabrania na wyjazd fotograficzny\", o kt\u00f3rej wspomina\u2026","rel":"","context":"W \u201eCzytelnia&quot;","block_context":{"text":"Czytelnia","link":"https:\/\/fotografiadlaciekawych.pl\/index.php\/category\/literatura\/czytelnia-literatura\/"},"img":{"alt_text":"","src":"https:\/\/i0.wp.com\/fotografiadlaciekawych.pl\/wp-content\/uploads\/2019\/03\/podstawy-fotografii-fotografiadlaciekawych-ebook-pdf-ilustracja2.jpg?resize=350%2C200&ssl=1","width":350,"height":200,"srcset":"https:\/\/i0.wp.com\/fotografiadlaciekawych.pl\/wp-content\/uploads\/2019\/03\/podstawy-fotografii-fotografiadlaciekawych-ebook-pdf-ilustracja2.jpg?resize=350%2C200&ssl=1 1x, https:\/\/i0.wp.com\/fotografiadlaciekawych.pl\/wp-content\/uploads\/2019\/03\/podstawy-fotografii-fotografiadlaciekawych-ebook-pdf-ilustracja2.jpg?resize=525%2C300&ssl=1 1.5x, https:\/\/i0.wp.com\/fotografiadlaciekawych.pl\/wp-content\/uploads\/2019\/03\/podstawy-fotografii-fotografiadlaciekawych-ebook-pdf-ilustracja2.jpg?resize=700%2C400&ssl=1 2x"},"classes":[]},{"id":5700,"url":"https:\/\/fotografiadlaciekawych.pl\/index.php\/2013\/01\/15\/co-chcesz-wiedziec-na-temat-ekspozycji\/","url_meta":{"origin":12777,"position":1},"title":"Co chcesz wiedzie\u0107 na temat ekspozycji?","author":"Przemys\u0142aw Oziemblewski","date":"wtorek, 15 sty 2013","format":false,"excerpt":"Zdob\u0105d\u017a za darmo ebook lub wej\u015bci\u00f3wk\u0119 na internetowy kurs o ekspozycji. Ekspozycja (EV - exposure value) to nic innego jak skala i warto\u015b\u0107 daj\u0105ca informacj\u0119 o jasno\u015bci fotografowanego obiektu wraz z otoczeniem. W aparacie ekspozycja rozk\u0142adana jest na trzy parametry: liczb\u0119 przys\u0142ony, czas otwarcia migawki i czu\u0142o\u015b\u0107 ISO. Aparat cyfrowy\u2026","rel":"","context":"W \u201eR\u00f3\u017cne&quot;","block_context":{"text":"R\u00f3\u017cne","link":"https:\/\/fotografiadlaciekawych.pl\/index.php\/category\/rozne\/"},"img":{"alt_text":"Zdj\u0119cia do tematu ekspozycja","src":"https:\/\/i0.wp.com\/fotografiadlaciekawych.pl\/wp-content\/uploads\/2013\/01\/ekspozycja-kolaz01-400x224.jpg?resize=350%2C200","width":350,"height":200},"classes":[]},{"id":12718,"url":"https:\/\/fotografiadlaciekawych.pl\/index.php\/2019\/03\/21\/podstawy-fotografii-darmowy-ebook-fotografia-dla-ciekawych\/","url_meta":{"origin":12777,"position":2},"title":"Podstawy fotografii &#8211; darmowy poradnik PDF &#8222;Fotografia dla ciekawych&#8221; &#8211; wydanie II","author":"Przemys\u0142aw Oziemblewski","date":"czwartek, 21 mar 2019","format":false,"excerpt":"Mam dla ciebie przygotowany poradnik dla pocz\u0105tkuj\u0105cych. Jest to drugie wydanie darmowego ebooka \u201cFotografia dla ciekawych\u201d. Opisane w nim tematy dost\u0119pne s\u0105 do pobrania w postaci pliku PDF. Podstawy fotografii - darmowy ebook \"Fotografia dla ciekawych\" Tytu\u0142: Fotografia dla ciekawych Podstawy fotografii - poradnik dla pocz\u0105tkuj\u0105cych Autor: Przemys\u0142aw Oziemblewski Data\u2026","rel":"","context":"W \u201eKsi\u0105\u017cki&quot;","block_context":{"text":"Ksi\u0105\u017cki","link":"https:\/\/fotografiadlaciekawych.pl\/index.php\/category\/literatura\/ksiazki-literatura\/"},"img":{"alt_text":"","src":"https:\/\/i0.wp.com\/fotografiadlaciekawych.pl\/wp-content\/uploads\/2019\/03\/podstawy-fotografii-fotografiadlaciekawych-ebook-pdf-ilustracja2.jpg?resize=350%2C200&ssl=1","width":350,"height":200,"srcset":"https:\/\/i0.wp.com\/fotografiadlaciekawych.pl\/wp-content\/uploads\/2019\/03\/podstawy-fotografii-fotografiadlaciekawych-ebook-pdf-ilustracja2.jpg?resize=350%2C200&ssl=1 1x, https:\/\/i0.wp.com\/fotografiadlaciekawych.pl\/wp-content\/uploads\/2019\/03\/podstawy-fotografii-fotografiadlaciekawych-ebook-pdf-ilustracja2.jpg?resize=525%2C300&ssl=1 1.5x, https:\/\/i0.wp.com\/fotografiadlaciekawych.pl\/wp-content\/uploads\/2019\/03\/podstawy-fotografii-fotografiadlaciekawych-ebook-pdf-ilustracja2.jpg?resize=700%2C400&ssl=1 2x"},"classes":[]},{"id":4578,"url":"https:\/\/fotografiadlaciekawych.pl\/index.php\/2012\/02\/08\/oddam-w-dobre-rece-magazyn-digital-camera-polska-2\/","url_meta":{"origin":12777,"position":3},"title":"Oddam w dobre r\u0119ce magazyn Digital Camera Polska","author":"Przemys\u0142aw Oziemblewski","date":"\u015broda, 8 lut 2012","format":false,"excerpt":"Dzi\u0119ki uprzejmo\u015bci wydawcy magazynu Digital Camera Polska sta\u0142em si\u0119 posiadaczem dw\u00f3ch egzemplarzy wydania ze stycznia 2012. Jedn\u0105 sztuk\u0119 mog\u0119 odda\u0107 gratis w dobre r\u0119ce. Og\u0142aszam zatem szybki konkurs. Szczeg\u00f3\u0142y za chwil\u0119. W zesz\u0142ym tygodniu rozpocz\u0119\u0142a si\u0119 sprzeda\u017c ebooka \"Magia g\u0142\u0119bi ostro\u015bci i ozdobnego rozpraszania t\u0142a\". Publikacja ku mojej ogromnej rado\u015bci\u2026","rel":"","context":"W \u201eKonkursy fotograficzne&quot;","block_context":{"text":"Konkursy fotograficzne","link":"https:\/\/fotografiadlaciekawych.pl\/index.php\/category\/konkursy-fotograficzne\/"},"img":{"alt_text":"","src":"https:\/\/i0.wp.com\/fotografiadlaciekawych.pl\/wp-content\/uploads\/2012\/02\/dcp-okladka1_2012.jpg?resize=350%2C200","width":350,"height":200},"classes":[]},{"id":21212,"url":"https:\/\/fotografiadlaciekawych.pl\/index.php\/2025\/12\/30\/ostatnie-godziny-promocji-na-poradniki-kurs-i-sciagi-fotograficzne\/","url_meta":{"origin":12777,"position":4},"title":"Ostatnie godziny promocji na poradniki, kurs i \u015bci\u0105gi fotograficzne","author":"Przemys\u0142aw Oziemblewski","date":"wtorek, 30 gru 2025","format":false,"excerpt":"Zapraszam do skorzystania, z promocji na poradniki, kurs i \u015bci\u0105gi fotograficzne. Zobaczysz, jak \u0142atwiej i szybciej robi\u0107 lepsze zdj\u0119cia. Wykorzystaj szans\u0119, by poszerzy\u0107 swoj\u0105 wiedz\u0119 i umiej\u0119tno\u015bci. Doskonal sw\u00f3j warsztat fotograficzny i stw\u00f3rz w 2026 roku jeszcze pi\u0119kniejsze i ciekawsze kadry. Spraw sobie prezent. Zapraszam. Wybieraj dowolnie. \u015aci\u0105gi fotograficzne, kurs\u2026","rel":"","context":"W \u201eWie\u015bci&quot;","block_context":{"text":"Wie\u015bci","link":"https:\/\/fotografiadlaciekawych.pl\/index.php\/category\/wiesci\/"},"img":{"alt_text":"","src":"https:\/\/i0.wp.com\/fotografiadlaciekawych.pl\/wp-content\/uploads\/2025\/12\/okladka-sciagi-fotograficzne-1122x840px-wer2.jpg?resize=350%2C200&ssl=1","width":350,"height":200,"srcset":"https:\/\/i0.wp.com\/fotografiadlaciekawych.pl\/wp-content\/uploads\/2025\/12\/okladka-sciagi-fotograficzne-1122x840px-wer2.jpg?resize=350%2C200&ssl=1 1x, https:\/\/i0.wp.com\/fotografiadlaciekawych.pl\/wp-content\/uploads\/2025\/12\/okladka-sciagi-fotograficzne-1122x840px-wer2.jpg?resize=525%2C300&ssl=1 1.5x, https:\/\/i0.wp.com\/fotografiadlaciekawych.pl\/wp-content\/uploads\/2025\/12\/okladka-sciagi-fotograficzne-1122x840px-wer2.jpg?resize=700%2C400&ssl=1 2x, https:\/\/i0.wp.com\/fotografiadlaciekawych.pl\/wp-content\/uploads\/2025\/12\/okladka-sciagi-fotograficzne-1122x840px-wer2.jpg?resize=1050%2C600&ssl=1 3x"},"classes":[]},{"id":5000,"url":"https:\/\/fotografiadlaciekawych.pl\/index.php\/2012\/06\/06\/co-chcesz-wiedziec-na-temat-filtrow-polaryzacyjnych\/","url_meta":{"origin":12777,"position":5},"title":"Co chcesz wiedzie\u0107 na temat filtr\u00f3w polaryzacyjnych?","author":"Przemys\u0142aw Oziemblewski","date":"\u015broda, 6 cze 2012","format":false,"excerpt":"Ko\u0144cz\u0119 pisanie nowego wydania ebooka \"Jak wykorzysta\u0107 filtr polaryzacyjny?\" Napisz prosz\u0119 w komentarzu poni\u017cej co chcia\u0142by\u015b\/chcia\u0142aby\u015b wiedzie\u0107 na temat stosowania filtr\u00f3w polaryzacyjnych lub\/i \u015bwiat\u0142a spolaryzowanego. Jest nagroda za komentarz. Sporo ju\u017c napisa\u0142em ale by\u0107 mo\u017ce umkn\u0105\u0142 mi jaki\u015b temat, kt\u00f3ry Ciebie szczeg\u00f3lnie interesuje. Dlatego prosz\u0119 pozostaw pytanie pod tym wpisem.\u2026","rel":"","context":"W \u201eFiltr polaryzacyjny&quot;","block_context":{"text":"Filtr polaryzacyjny","link":"https:\/\/fotografiadlaciekawych.pl\/index.php\/category\/sprzet-fotograficzny\/akcesoria\/filtr-polaryzacyjny-akcesoria\/"},"img":{"alt_text":"","src":"https:\/\/i0.wp.com\/fotografiadlaciekawych.pl\/wp-content\/uploads\/2012\/06\/filtr-polaryzacyjny-ebook-okladka-282x400.jpg?resize=350%2C200","width":350,"height":200},"classes":[]}],"_links":{"self":[{"href":"https:\/\/fotografiadlaciekawych.pl\/index.php\/wp-json\/wp\/v2\/posts\/12777","targetHints":{"allow":["GET"]}}],"collection":[{"href":"https:\/\/fotografiadlaciekawych.pl\/index.php\/wp-json\/wp\/v2\/posts"}],"about":[{"href":"https:\/\/fotografiadlaciekawych.pl\/index.php\/wp-json\/wp\/v2\/types\/post"}],"author":[{"embeddable":true,"href":"https:\/\/fotografiadlaciekawych.pl\/index.php\/wp-json\/wp\/v2\/users\/1"}],"replies":[{"embeddable":true,"href":"https:\/\/fotografiadlaciekawych.pl\/index.php\/wp-json\/wp\/v2\/comments?post=12777"}],"version-history":[{"count":12,"href":"https:\/\/fotografiadlaciekawych.pl\/index.php\/wp-json\/wp\/v2\/posts\/12777\/revisions"}],"predecessor-version":[{"id":12902,"href":"https:\/\/fotografiadlaciekawych.pl\/index.php\/wp-json\/wp\/v2\/posts\/12777\/revisions\/12902"}],"wp:featuredmedia":[{"embeddable":true,"href":"https:\/\/fotografiadlaciekawych.pl\/index.php\/wp-json\/wp\/v2\/media\/12738"}],"wp:attachment":[{"href":"https:\/\/fotografiadlaciekawych.pl\/index.php\/wp-json\/wp\/v2\/media?parent=12777"}],"wp:term":[{"taxonomy":"category","embeddable":true,"href":"https:\/\/fotografiadlaciekawych.pl\/index.php\/wp-json\/wp\/v2\/categories?post=12777"},{"taxonomy":"post_tag","embeddable":true,"href":"https:\/\/fotografiadlaciekawych.pl\/index.php\/wp-json\/wp\/v2\/tags?post=12777"}],"curies":[{"name":"wp","href":"https:\/\/api.w.org\/{rel}","templated":true}]}}