{"id":13787,"date":"2019-12-10T20:12:49","date_gmt":"2019-12-10T19:12:49","guid":{"rendered":"https:\/\/fotografiadlaciekawych.pl\/?p=13787"},"modified":"2019-12-10T20:12:49","modified_gmt":"2019-12-10T19:12:49","slug":"wybierz-okladke-do-nowego-ebooka-o-zdjeciach-nocnych","status":"publish","type":"post","link":"https:\/\/fotografiadlaciekawych.pl\/index.php\/2019\/12\/10\/wybierz-okladke-do-nowego-ebooka-o-zdjeciach-nocnych\/","title":{"rendered":"Wybierz &#8222;ok\u0142adk\u0119&#8221; do nowego ebooka o zdj\u0119ciach nocnych"},"content":{"rendered":"<p>Mam do Ciebie ma\u0142\u0105 pro\u015bb\u0119. Pom\u00f3\u017c mi wybra\u0107 &#8222;ok\u0142adk\u0119&#8221; do nowego ebooka o zdj\u0119ciach nocnych. Przygotowa\u0142em sze\u015b\u0107 wersji. I teraz nie mog\u0119 si\u0119 zdecydowa\u0107, kt\u00f3r\u0105 wybra\u0107. Im wi\u0119kszy wyb\u00f3r zdj\u0119\u0107, tym trudniej jest mi podj\u0105\u0107 decyzj\u0119. Dlatego napisz prosz\u0119 w komentarzu, kt\u00f3ry numer &#8222;ok\u0142adki&#8221; wolisz.<br \/>\n<!--more--><br \/>\nTytu\u0142 ebooka jest na razie roboczy. Chodzi mi o wyb\u00f3r zdj\u0119cia.<\/p>\n<p>Wybierz i wpisz numer &#8222;ok\u0142adki&#8221; w komentarzu poni\u017cej lub <a href=\"https:\/\/www.facebook.com\/FotografiaDlaCiekawych\/posts\/2610076032361775?__xts__%5B0%5D=68.ARBzTozq8Sa1483J8ps24Oo5sZragIm-eWCwgKD_kU5_v4EfjH06kMCR5FLGsa1pGQ4tvxFLrhdBYpKzF3mASmV6Mzc1UuCpnmDJ_fV1rz3oTP0Xn_L9vKehJc0BPccx_-Y3hXPBQuSnjrBY5S6FTVfg-MAncanMyKIws-Fx1F-LkX1XwQuoienKc7a2azodeCp8YM-4Z65FaRRjMBJIpqctekr8nzpnsi2uGLmMoNTfhkM6PBcykQOAIlQyPwB6Cv9xnHOIQlpcSXpci-jTGZOI1ZYMn2z7FO2yK3RFWC93M5Paa9OHi60La-Hkmu2aZa2oo5Is-JPLrV4uZufvIVm3iQ&#038;__tn__=-R\" rel=\"noopener noreferrer\" target=\"_blank\">zag\u0142osuj na Facebooku<\/a>.<\/p>\n<p>Dzi\u0119kuj\u0119 za udzia\u0142 w g\u0142osowaniu i po\u015bwi\u0119cony czas.<\/p>\n<h2>Numer 1<\/h2>\n<p><a href=\"https:\/\/fotografiadlaciekawych.pl\/wp-content\/uploads\/2019\/12\/znbp-01a.jpg\" rel=\"lightbox\"><img loading=\"lazy\" decoding=\"async\" src=\"https:\/\/fotografiadlaciekawych.pl\/wp-content\/uploads\/2019\/12\/znbp-01a-283x400.jpg\" alt=\"Ok\u0142adka nr 1\" width=\"283\" height=\"400\" class=\"alignnone size-medium wp-image-13788\" srcset=\"https:\/\/fotografiadlaciekawych.pl\/wp-content\/uploads\/2019\/12\/znbp-01a-283x400.jpg 283w, https:\/\/fotografiadlaciekawych.pl\/wp-content\/uploads\/2019\/12\/znbp-01a.jpg 660w\" sizes=\"auto, (max-width: 283px) 100vw, 283px\" \/><\/a><\/p>\n<h2>Numer 2<\/h2>\n<p><a href=\"https:\/\/fotografiadlaciekawych.pl\/wp-content\/uploads\/2019\/12\/znbp-02a.jpg\" rel=\"lightbox\"><img loading=\"lazy\" decoding=\"async\" src=\"https:\/\/fotografiadlaciekawych.pl\/wp-content\/uploads\/2019\/12\/znbp-02a-283x400.jpg\" alt=\"Ok\u0142adka nr 2\" width=\"283\" height=\"400\" class=\"alignnone size-medium wp-image-13789\" srcset=\"https:\/\/fotografiadlaciekawych.pl\/wp-content\/uploads\/2019\/12\/znbp-02a-283x400.jpg 283w, https:\/\/fotografiadlaciekawych.pl\/wp-content\/uploads\/2019\/12\/znbp-02a.jpg 661w\" sizes=\"auto, (max-width: 283px) 100vw, 283px\" \/><\/a><\/p>\n<h2>Numer 3<\/h2>\n<p><a href=\"https:\/\/fotografiadlaciekawych.pl\/wp-content\/uploads\/2019\/12\/znbp-03a.jpg\" rel=\"lightbox\"><img loading=\"lazy\" decoding=\"async\" src=\"https:\/\/fotografiadlaciekawych.pl\/wp-content\/uploads\/2019\/12\/znbp-03a-283x400.jpg\" alt=\"Ok\u0142adka nr 3\" width=\"283\" height=\"400\" class=\"alignnone size-medium wp-image-13790\" srcset=\"https:\/\/fotografiadlaciekawych.pl\/wp-content\/uploads\/2019\/12\/znbp-03a-283x400.jpg 283w, https:\/\/fotografiadlaciekawych.pl\/wp-content\/uploads\/2019\/12\/znbp-03a.jpg 661w\" sizes=\"auto, (max-width: 283px) 100vw, 283px\" \/><\/a><\/p>\n<h2>Numer 4<\/h2>\n<p><a href=\"https:\/\/fotografiadlaciekawych.pl\/wp-content\/uploads\/2019\/12\/znbp-04a.jpg\" rel=\"lightbox\"><img loading=\"lazy\" decoding=\"async\" src=\"https:\/\/fotografiadlaciekawych.pl\/wp-content\/uploads\/2019\/12\/znbp-04a-283x400.jpg\" alt=\"Ok\u0142adka nr 4\" width=\"283\" height=\"400\" class=\"alignnone size-medium wp-image-13791\" srcset=\"https:\/\/fotografiadlaciekawych.pl\/wp-content\/uploads\/2019\/12\/znbp-04a-283x400.jpg 283w, https:\/\/fotografiadlaciekawych.pl\/wp-content\/uploads\/2019\/12\/znbp-04a.jpg 661w\" sizes=\"auto, (max-width: 283px) 100vw, 283px\" \/><\/a><\/p>\n<h2>Numer 5<\/h2>\n<p><a href=\"https:\/\/fotografiadlaciekawych.pl\/wp-content\/uploads\/2019\/12\/znbp-05a.jpg\" rel=\"lightbox\"><img loading=\"lazy\" decoding=\"async\" src=\"https:\/\/fotografiadlaciekawych.pl\/wp-content\/uploads\/2019\/12\/znbp-05a-283x400.jpg\" alt=\"Ok\u0142adka nr 5\" width=\"283\" height=\"400\" class=\"alignnone size-medium wp-image-13792\" srcset=\"https:\/\/fotografiadlaciekawych.pl\/wp-content\/uploads\/2019\/12\/znbp-05a-283x400.jpg 283w, https:\/\/fotografiadlaciekawych.pl\/wp-content\/uploads\/2019\/12\/znbp-05a.jpg 661w\" sizes=\"auto, (max-width: 283px) 100vw, 283px\" \/><\/a><\/p>\n<h2>Numer 6<\/h2>\n<p><a href=\"https:\/\/fotografiadlaciekawych.pl\/wp-content\/uploads\/2019\/12\/znbp-06a.jpg\" rel=\"lightbox\"><img loading=\"lazy\" decoding=\"async\" src=\"https:\/\/fotografiadlaciekawych.pl\/wp-content\/uploads\/2019\/12\/znbp-06a-283x400.jpg\" alt=\"Ok\u0142adka nr 6\" width=\"283\" height=\"400\" class=\"alignnone size-medium wp-image-13793\" srcset=\"https:\/\/fotografiadlaciekawych.pl\/wp-content\/uploads\/2019\/12\/znbp-06a-283x400.jpg 283w, https:\/\/fotografiadlaciekawych.pl\/wp-content\/uploads\/2019\/12\/znbp-06a.jpg 661w\" sizes=\"auto, (max-width: 283px) 100vw, 283px\" \/><\/a><\/p>\n","protected":false},"excerpt":{"rendered":"<p>Mam do Ciebie ma\u0142\u0105 pro\u015bb\u0119. Pom\u00f3\u017c mi wybra\u0107 &#8222;ok\u0142adk\u0119&#8221; do nowego ebooka o zdj\u0119ciach nocnych. Przygotowa\u0142em sze\u015b\u0107 wersji. I teraz nie mog\u0119 si\u0119 zdecydowa\u0107, kt\u00f3r\u0105 wybra\u0107. Im wi\u0119kszy wyb\u00f3r zdj\u0119\u0107, tym trudniej jest mi podj\u0105\u0107 decyzj\u0119. Dlatego napisz prosz\u0119 w komentarzu, kt\u00f3ry numer &#8222;ok\u0142adki&#8221; wolisz.<\/p>\n","protected":false},"author":1,"featured_media":10821,"comment_status":"open","ping_status":"open","sticky":false,"template":"","format":"standard","meta":{"jetpack_post_was_ever_published":false,"_jetpack_newsletter_access":"","_jetpack_dont_email_post_to_subs":false,"_jetpack_newsletter_tier_id":0,"_jetpack_memberships_contains_paywalled_content":false,"_jetpack_memberships_contains_paid_content":false,"footnotes":"","jetpack_publicize_message":"","jetpack_publicize_feature_enabled":true,"jetpack_social_post_already_shared":false,"jetpack_social_options":{"image_generator_settings":{"template":"highway","default_image_id":0,"font":"","enabled":false},"version":2}},"categories":[3],"tags":[],"class_list":["post-13787","post","type-post","status-publish","format-standard","has-post-thumbnail","hentry","category-rozne"],"yoast_head":"<!-- This site is optimized with the Yoast SEO plugin v27.3 - https:\/\/yoast.com\/product\/yoast-seo-wordpress\/ -->\n<title>Wybierz &quot;ok\u0142adk\u0119&quot; do nowego ebooka o zdj\u0119ciach nocnych<\/title>\n<meta name=\"description\" content=\"Mam do Ciebie ma\u0142\u0105 pro\u015bb\u0119. Pom\u00f3\u017c mi wybra\u0107 ok\u0142adk\u0119 do nowego ebooka o zdj\u0119ciach nocnych.\" \/>\n<meta name=\"robots\" content=\"index, follow, max-snippet:-1, max-image-preview:large, max-video-preview:-1\" \/>\n<link rel=\"canonical\" href=\"https:\/\/fotografiadlaciekawych.pl\/index.php\/2019\/12\/10\/wybierz-okladke-do-nowego-ebooka-o-zdjeciach-nocnych\/\" \/>\n<meta property=\"og:locale\" content=\"pl_PL\" \/>\n<meta property=\"og:type\" content=\"article\" \/>\n<meta property=\"og:title\" content=\"Wybierz &quot;ok\u0142adk\u0119&quot; do nowego ebooka o zdj\u0119ciach nocnych\" \/>\n<meta property=\"og:description\" content=\"Mam do Ciebie ma\u0142\u0105 pro\u015bb\u0119. Pom\u00f3\u017c mi wybra\u0107 ok\u0142adk\u0119 do nowego ebooka o zdj\u0119ciach nocnych.\" \/>\n<meta property=\"og:url\" content=\"https:\/\/fotografiadlaciekawych.pl\/index.php\/2019\/12\/10\/wybierz-okladke-do-nowego-ebooka-o-zdjeciach-nocnych\/\" \/>\n<meta property=\"og:site_name\" content=\"Fotografia dla ciekawych\" \/>\n<meta property=\"article:publisher\" content=\"https:\/\/www.facebook.com\/przemyslaw.oziemblewski\" \/>\n<meta property=\"article:author\" content=\"https:\/\/www.facebook.com\/przemyslaw.oziemblewski\" \/>\n<meta property=\"article:published_time\" content=\"2019-12-10T19:12:49+00:00\" \/>\n<meta property=\"og:image\" content=\"https:\/\/fotografiadlaciekawych.pl\/wp-content\/uploads\/2017\/08\/2838_850.jpg\" \/>\n\t<meta property=\"og:image:width\" content=\"850\" \/>\n\t<meta property=\"og:image:height\" content=\"567\" \/>\n\t<meta property=\"og:image:type\" content=\"image\/jpeg\" \/>\n<meta name=\"author\" content=\"Przemys\u0142aw Oziemblewski\" \/>\n<meta name=\"twitter:label1\" content=\"Napisane przez\" \/>\n\t<meta name=\"twitter:data1\" content=\"Przemys\u0142aw Oziemblewski\" \/>\n\t<meta name=\"twitter:label2\" content=\"Szacowany czas czytania\" \/>\n\t<meta name=\"twitter:data2\" content=\"1 minuta\" \/>\n<script type=\"application\/ld+json\" class=\"yoast-schema-graph\">{\"@context\":\"https:\\\/\\\/schema.org\",\"@graph\":[{\"@type\":\"Article\",\"@id\":\"https:\\\/\\\/fotografiadlaciekawych.pl\\\/index.php\\\/2019\\\/12\\\/10\\\/wybierz-okladke-do-nowego-ebooka-o-zdjeciach-nocnych\\\/#article\",\"isPartOf\":{\"@id\":\"https:\\\/\\\/fotografiadlaciekawych.pl\\\/index.php\\\/2019\\\/12\\\/10\\\/wybierz-okladke-do-nowego-ebooka-o-zdjeciach-nocnych\\\/\"},\"author\":{\"name\":\"Przemys\u0142aw Oziemblewski\",\"@id\":\"https:\\\/\\\/fotografiadlaciekawych.pl\\\/#\\\/schema\\\/person\\\/a9c16bf51d40163ef50c7170ff56de4d\"},\"headline\":\"Wybierz &#8222;ok\u0142adk\u0119&#8221; do nowego ebooka o zdj\u0119ciach nocnych\",\"datePublished\":\"2019-12-10T19:12:49+00:00\",\"mainEntityOfPage\":{\"@id\":\"https:\\\/\\\/fotografiadlaciekawych.pl\\\/index.php\\\/2019\\\/12\\\/10\\\/wybierz-okladke-do-nowego-ebooka-o-zdjeciach-nocnych\\\/\"},\"wordCount\":110,\"commentCount\":78,\"publisher\":{\"@id\":\"https:\\\/\\\/fotografiadlaciekawych.pl\\\/#\\\/schema\\\/person\\\/a9c16bf51d40163ef50c7170ff56de4d\"},\"image\":{\"@id\":\"https:\\\/\\\/fotografiadlaciekawych.pl\\\/index.php\\\/2019\\\/12\\\/10\\\/wybierz-okladke-do-nowego-ebooka-o-zdjeciach-nocnych\\\/#primaryimage\"},\"thumbnailUrl\":\"https:\\\/\\\/fotografiadlaciekawych.pl\\\/wp-content\\\/uploads\\\/2017\\\/08\\\/2838_850.jpg\",\"articleSection\":[\"R\u00f3\u017cne\"],\"inLanguage\":\"pl-PL\",\"potentialAction\":[{\"@type\":\"CommentAction\",\"name\":\"Comment\",\"target\":[\"https:\\\/\\\/fotografiadlaciekawych.pl\\\/index.php\\\/2019\\\/12\\\/10\\\/wybierz-okladke-do-nowego-ebooka-o-zdjeciach-nocnych\\\/#respond\"]}]},{\"@type\":\"WebPage\",\"@id\":\"https:\\\/\\\/fotografiadlaciekawych.pl\\\/index.php\\\/2019\\\/12\\\/10\\\/wybierz-okladke-do-nowego-ebooka-o-zdjeciach-nocnych\\\/\",\"url\":\"https:\\\/\\\/fotografiadlaciekawych.pl\\\/index.php\\\/2019\\\/12\\\/10\\\/wybierz-okladke-do-nowego-ebooka-o-zdjeciach-nocnych\\\/\",\"name\":\"Wybierz \\\"ok\u0142adk\u0119\\\" do nowego ebooka o zdj\u0119ciach nocnych\",\"isPartOf\":{\"@id\":\"https:\\\/\\\/fotografiadlaciekawych.pl\\\/#website\"},\"primaryImageOfPage\":{\"@id\":\"https:\\\/\\\/fotografiadlaciekawych.pl\\\/index.php\\\/2019\\\/12\\\/10\\\/wybierz-okladke-do-nowego-ebooka-o-zdjeciach-nocnych\\\/#primaryimage\"},\"image\":{\"@id\":\"https:\\\/\\\/fotografiadlaciekawych.pl\\\/index.php\\\/2019\\\/12\\\/10\\\/wybierz-okladke-do-nowego-ebooka-o-zdjeciach-nocnych\\\/#primaryimage\"},\"thumbnailUrl\":\"https:\\\/\\\/fotografiadlaciekawych.pl\\\/wp-content\\\/uploads\\\/2017\\\/08\\\/2838_850.jpg\",\"datePublished\":\"2019-12-10T19:12:49+00:00\",\"description\":\"Mam do Ciebie ma\u0142\u0105 pro\u015bb\u0119. Pom\u00f3\u017c mi wybra\u0107 ok\u0142adk\u0119 do nowego ebooka o zdj\u0119ciach nocnych.\",\"breadcrumb\":{\"@id\":\"https:\\\/\\\/fotografiadlaciekawych.pl\\\/index.php\\\/2019\\\/12\\\/10\\\/wybierz-okladke-do-nowego-ebooka-o-zdjeciach-nocnych\\\/#breadcrumb\"},\"inLanguage\":\"pl-PL\",\"potentialAction\":[{\"@type\":\"ReadAction\",\"target\":[\"https:\\\/\\\/fotografiadlaciekawych.pl\\\/index.php\\\/2019\\\/12\\\/10\\\/wybierz-okladke-do-nowego-ebooka-o-zdjeciach-nocnych\\\/\"]}]},{\"@type\":\"ImageObject\",\"inLanguage\":\"pl-PL\",\"@id\":\"https:\\\/\\\/fotografiadlaciekawych.pl\\\/index.php\\\/2019\\\/12\\\/10\\\/wybierz-okladke-do-nowego-ebooka-o-zdjeciach-nocnych\\\/#primaryimage\",\"url\":\"https:\\\/\\\/fotografiadlaciekawych.pl\\\/wp-content\\\/uploads\\\/2017\\\/08\\\/2838_850.jpg\",\"contentUrl\":\"https:\\\/\\\/fotografiadlaciekawych.pl\\\/wp-content\\\/uploads\\\/2017\\\/08\\\/2838_850.jpg\",\"width\":850,\"height\":567,\"caption\":\"Czarnk\u00f3w\"},{\"@type\":\"BreadcrumbList\",\"@id\":\"https:\\\/\\\/fotografiadlaciekawych.pl\\\/index.php\\\/2019\\\/12\\\/10\\\/wybierz-okladke-do-nowego-ebooka-o-zdjeciach-nocnych\\\/#breadcrumb\",\"itemListElement\":[{\"@type\":\"ListItem\",\"position\":1,\"name\":\"Home\",\"item\":\"https:\\\/\\\/fotografiadlaciekawych.pl\\\/\"},{\"@type\":\"ListItem\",\"position\":2,\"name\":\"Wybierz &#8222;ok\u0142adk\u0119&#8221; do nowego ebooka o zdj\u0119ciach nocnych\"}]},{\"@type\":\"WebSite\",\"@id\":\"https:\\\/\\\/fotografiadlaciekawych.pl\\\/#website\",\"url\":\"https:\\\/\\\/fotografiadlaciekawych.pl\\\/\",\"name\":\"Fotografia dla ciekawych\",\"description\":\"Blog prowadzony od 2008 r.\",\"publisher\":{\"@id\":\"https:\\\/\\\/fotografiadlaciekawych.pl\\\/#\\\/schema\\\/person\\\/a9c16bf51d40163ef50c7170ff56de4d\"},\"potentialAction\":[{\"@type\":\"SearchAction\",\"target\":{\"@type\":\"EntryPoint\",\"urlTemplate\":\"https:\\\/\\\/fotografiadlaciekawych.pl\\\/?s={search_term_string}\"},\"query-input\":{\"@type\":\"PropertyValueSpecification\",\"valueRequired\":true,\"valueName\":\"search_term_string\"}}],\"inLanguage\":\"pl-PL\"},{\"@type\":[\"Person\",\"Organization\"],\"@id\":\"https:\\\/\\\/fotografiadlaciekawych.pl\\\/#\\\/schema\\\/person\\\/a9c16bf51d40163ef50c7170ff56de4d\",\"name\":\"Przemys\u0142aw Oziemblewski\",\"image\":{\"@type\":\"ImageObject\",\"inLanguage\":\"pl-PL\",\"@id\":\"https:\\\/\\\/fotografiadlaciekawych.pl\\\/wp-content\\\/uploads\\\/2020\\\/12\\\/przemek-oziemblewski-250px.jpg\",\"url\":\"https:\\\/\\\/fotografiadlaciekawych.pl\\\/wp-content\\\/uploads\\\/2020\\\/12\\\/przemek-oziemblewski-250px.jpg\",\"contentUrl\":\"https:\\\/\\\/fotografiadlaciekawych.pl\\\/wp-content\\\/uploads\\\/2020\\\/12\\\/przemek-oziemblewski-250px.jpg\",\"width\":250,\"height\":250,\"caption\":\"Przemys\u0142aw Oziemblewski\"},\"logo\":{\"@id\":\"https:\\\/\\\/fotografiadlaciekawych.pl\\\/wp-content\\\/uploads\\\/2020\\\/12\\\/przemek-oziemblewski-250px.jpg\"},\"sameAs\":[\"http:\\\/\\\/fotografiadlaciekawych.pl\",\"https:\\\/\\\/www.facebook.com\\\/przemyslaw.oziemblewski\",\"https:\\\/\\\/www.instagram.com\\\/p.oziemblewski\\\/\",\"https:\\\/\\\/www.pinterest.com\\\/fotodcpl\\\/\",\"https:\\\/\\\/youtube.com\\\/@PrzemyslawOziemblewski\"]}]}<\/script>\n<!-- \/ Yoast SEO plugin. -->","yoast_head_json":{"title":"Wybierz \"ok\u0142adk\u0119\" do nowego ebooka o zdj\u0119ciach nocnych","description":"Mam do Ciebie ma\u0142\u0105 pro\u015bb\u0119. Pom\u00f3\u017c mi wybra\u0107 ok\u0142adk\u0119 do nowego ebooka o zdj\u0119ciach nocnych.","robots":{"index":"index","follow":"follow","max-snippet":"max-snippet:-1","max-image-preview":"max-image-preview:large","max-video-preview":"max-video-preview:-1"},"canonical":"https:\/\/fotografiadlaciekawych.pl\/index.php\/2019\/12\/10\/wybierz-okladke-do-nowego-ebooka-o-zdjeciach-nocnych\/","og_locale":"pl_PL","og_type":"article","og_title":"Wybierz \"ok\u0142adk\u0119\" do nowego ebooka o zdj\u0119ciach nocnych","og_description":"Mam do Ciebie ma\u0142\u0105 pro\u015bb\u0119. Pom\u00f3\u017c mi wybra\u0107 ok\u0142adk\u0119 do nowego ebooka o zdj\u0119ciach nocnych.","og_url":"https:\/\/fotografiadlaciekawych.pl\/index.php\/2019\/12\/10\/wybierz-okladke-do-nowego-ebooka-o-zdjeciach-nocnych\/","og_site_name":"Fotografia dla ciekawych","article_publisher":"https:\/\/www.facebook.com\/przemyslaw.oziemblewski","article_author":"https:\/\/www.facebook.com\/przemyslaw.oziemblewski","article_published_time":"2019-12-10T19:12:49+00:00","og_image":[{"width":850,"height":567,"url":"https:\/\/fotografiadlaciekawych.pl\/wp-content\/uploads\/2017\/08\/2838_850.jpg","type":"image\/jpeg"}],"author":"Przemys\u0142aw Oziemblewski","twitter_misc":{"Napisane przez":"Przemys\u0142aw Oziemblewski","Szacowany czas czytania":"1 minuta"},"schema":{"@context":"https:\/\/schema.org","@graph":[{"@type":"Article","@id":"https:\/\/fotografiadlaciekawych.pl\/index.php\/2019\/12\/10\/wybierz-okladke-do-nowego-ebooka-o-zdjeciach-nocnych\/#article","isPartOf":{"@id":"https:\/\/fotografiadlaciekawych.pl\/index.php\/2019\/12\/10\/wybierz-okladke-do-nowego-ebooka-o-zdjeciach-nocnych\/"},"author":{"name":"Przemys\u0142aw Oziemblewski","@id":"https:\/\/fotografiadlaciekawych.pl\/#\/schema\/person\/a9c16bf51d40163ef50c7170ff56de4d"},"headline":"Wybierz &#8222;ok\u0142adk\u0119&#8221; do nowego ebooka o zdj\u0119ciach nocnych","datePublished":"2019-12-10T19:12:49+00:00","mainEntityOfPage":{"@id":"https:\/\/fotografiadlaciekawych.pl\/index.php\/2019\/12\/10\/wybierz-okladke-do-nowego-ebooka-o-zdjeciach-nocnych\/"},"wordCount":110,"commentCount":78,"publisher":{"@id":"https:\/\/fotografiadlaciekawych.pl\/#\/schema\/person\/a9c16bf51d40163ef50c7170ff56de4d"},"image":{"@id":"https:\/\/fotografiadlaciekawych.pl\/index.php\/2019\/12\/10\/wybierz-okladke-do-nowego-ebooka-o-zdjeciach-nocnych\/#primaryimage"},"thumbnailUrl":"https:\/\/fotografiadlaciekawych.pl\/wp-content\/uploads\/2017\/08\/2838_850.jpg","articleSection":["R\u00f3\u017cne"],"inLanguage":"pl-PL","potentialAction":[{"@type":"CommentAction","name":"Comment","target":["https:\/\/fotografiadlaciekawych.pl\/index.php\/2019\/12\/10\/wybierz-okladke-do-nowego-ebooka-o-zdjeciach-nocnych\/#respond"]}]},{"@type":"WebPage","@id":"https:\/\/fotografiadlaciekawych.pl\/index.php\/2019\/12\/10\/wybierz-okladke-do-nowego-ebooka-o-zdjeciach-nocnych\/","url":"https:\/\/fotografiadlaciekawych.pl\/index.php\/2019\/12\/10\/wybierz-okladke-do-nowego-ebooka-o-zdjeciach-nocnych\/","name":"Wybierz \"ok\u0142adk\u0119\" do nowego ebooka o zdj\u0119ciach nocnych","isPartOf":{"@id":"https:\/\/fotografiadlaciekawych.pl\/#website"},"primaryImageOfPage":{"@id":"https:\/\/fotografiadlaciekawych.pl\/index.php\/2019\/12\/10\/wybierz-okladke-do-nowego-ebooka-o-zdjeciach-nocnych\/#primaryimage"},"image":{"@id":"https:\/\/fotografiadlaciekawych.pl\/index.php\/2019\/12\/10\/wybierz-okladke-do-nowego-ebooka-o-zdjeciach-nocnych\/#primaryimage"},"thumbnailUrl":"https:\/\/fotografiadlaciekawych.pl\/wp-content\/uploads\/2017\/08\/2838_850.jpg","datePublished":"2019-12-10T19:12:49+00:00","description":"Mam do Ciebie ma\u0142\u0105 pro\u015bb\u0119. Pom\u00f3\u017c mi wybra\u0107 ok\u0142adk\u0119 do nowego ebooka o zdj\u0119ciach nocnych.","breadcrumb":{"@id":"https:\/\/fotografiadlaciekawych.pl\/index.php\/2019\/12\/10\/wybierz-okladke-do-nowego-ebooka-o-zdjeciach-nocnych\/#breadcrumb"},"inLanguage":"pl-PL","potentialAction":[{"@type":"ReadAction","target":["https:\/\/fotografiadlaciekawych.pl\/index.php\/2019\/12\/10\/wybierz-okladke-do-nowego-ebooka-o-zdjeciach-nocnych\/"]}]},{"@type":"ImageObject","inLanguage":"pl-PL","@id":"https:\/\/fotografiadlaciekawych.pl\/index.php\/2019\/12\/10\/wybierz-okladke-do-nowego-ebooka-o-zdjeciach-nocnych\/#primaryimage","url":"https:\/\/fotografiadlaciekawych.pl\/wp-content\/uploads\/2017\/08\/2838_850.jpg","contentUrl":"https:\/\/fotografiadlaciekawych.pl\/wp-content\/uploads\/2017\/08\/2838_850.jpg","width":850,"height":567,"caption":"Czarnk\u00f3w"},{"@type":"BreadcrumbList","@id":"https:\/\/fotografiadlaciekawych.pl\/index.php\/2019\/12\/10\/wybierz-okladke-do-nowego-ebooka-o-zdjeciach-nocnych\/#breadcrumb","itemListElement":[{"@type":"ListItem","position":1,"name":"Home","item":"https:\/\/fotografiadlaciekawych.pl\/"},{"@type":"ListItem","position":2,"name":"Wybierz &#8222;ok\u0142adk\u0119&#8221; do nowego ebooka o zdj\u0119ciach nocnych"}]},{"@type":"WebSite","@id":"https:\/\/fotografiadlaciekawych.pl\/#website","url":"https:\/\/fotografiadlaciekawych.pl\/","name":"Fotografia dla ciekawych","description":"Blog prowadzony od 2008 r.","publisher":{"@id":"https:\/\/fotografiadlaciekawych.pl\/#\/schema\/person\/a9c16bf51d40163ef50c7170ff56de4d"},"potentialAction":[{"@type":"SearchAction","target":{"@type":"EntryPoint","urlTemplate":"https:\/\/fotografiadlaciekawych.pl\/?s={search_term_string}"},"query-input":{"@type":"PropertyValueSpecification","valueRequired":true,"valueName":"search_term_string"}}],"inLanguage":"pl-PL"},{"@type":["Person","Organization"],"@id":"https:\/\/fotografiadlaciekawych.pl\/#\/schema\/person\/a9c16bf51d40163ef50c7170ff56de4d","name":"Przemys\u0142aw Oziemblewski","image":{"@type":"ImageObject","inLanguage":"pl-PL","@id":"https:\/\/fotografiadlaciekawych.pl\/wp-content\/uploads\/2020\/12\/przemek-oziemblewski-250px.jpg","url":"https:\/\/fotografiadlaciekawych.pl\/wp-content\/uploads\/2020\/12\/przemek-oziemblewski-250px.jpg","contentUrl":"https:\/\/fotografiadlaciekawych.pl\/wp-content\/uploads\/2020\/12\/przemek-oziemblewski-250px.jpg","width":250,"height":250,"caption":"Przemys\u0142aw Oziemblewski"},"logo":{"@id":"https:\/\/fotografiadlaciekawych.pl\/wp-content\/uploads\/2020\/12\/przemek-oziemblewski-250px.jpg"},"sameAs":["http:\/\/fotografiadlaciekawych.pl","https:\/\/www.facebook.com\/przemyslaw.oziemblewski","https:\/\/www.instagram.com\/p.oziemblewski\/","https:\/\/www.pinterest.com\/fotodcpl\/","https:\/\/youtube.com\/@PrzemyslawOziemblewski"]}]}},"jetpack_publicize_connections":[],"jetpack_featured_media_url":"https:\/\/fotografiadlaciekawych.pl\/wp-content\/uploads\/2017\/08\/2838_850.jpg","jetpack_sharing_enabled":true,"jetpack-related-posts":[{"id":13799,"url":"https:\/\/fotografiadlaciekawych.pl\/index.php\/2019\/12\/17\/wybierz-tytul-dla-nowego-ebooka-o-zdjeciach-nocnych\/","url_meta":{"origin":13787,"position":0},"title":"Wybierz tytu\u0142 dla nowego ebooka o zdj\u0119ciach nocnych","author":"Przemys\u0142aw Oziemblewski","date":"wtorek, 17 gru 2019","format":false,"excerpt":"Bardzo serdecznie dzi\u0119kuj\u0119 za udzia\u0142 w g\u0142osowaniu na \"ok\u0142adk\u0119\" do ebooka o zdj\u0119ciach nocnych. Ciesze si\u0119, \u017ce tyle os\u00f3b mi pomog\u0142o. Podliczy\u0142em wszystkie g\u0142osy umieszczone pod wpisem na blogu, na Facebooku i przys\u0142ane na email. Punktacja jest nast\u0119puj\u0105ca. Ok\u0142adka nr 1 ? zdoby\u0142a najwi\u0119cej g\u0142os\u00f3w, bo a\u017c 140. Druga w\u2026","rel":"","context":"W \u201eR\u00f3\u017cne&quot;","block_context":{"text":"R\u00f3\u017cne","link":"https:\/\/fotografiadlaciekawych.pl\/index.php\/category\/rozne\/"},"img":{"alt_text":"pod\u015bwietlony most i smugi \u015bwiate\u0142 od tramwaju - zdjecie nocne","src":"https:\/\/i0.wp.com\/fotografiadlaciekawych.pl\/wp-content\/uploads\/2019\/12\/191009_IMG_2275_1000px.jpg?resize=350%2C200&ssl=1","width":350,"height":200,"srcset":"https:\/\/i0.wp.com\/fotografiadlaciekawych.pl\/wp-content\/uploads\/2019\/12\/191009_IMG_2275_1000px.jpg?resize=350%2C200&ssl=1 1x, https:\/\/i0.wp.com\/fotografiadlaciekawych.pl\/wp-content\/uploads\/2019\/12\/191009_IMG_2275_1000px.jpg?resize=525%2C300&ssl=1 1.5x, https:\/\/i0.wp.com\/fotografiadlaciekawych.pl\/wp-content\/uploads\/2019\/12\/191009_IMG_2275_1000px.jpg?resize=700%2C400&ssl=1 2x"},"classes":[]},{"id":3820,"url":"https:\/\/fotografiadlaciekawych.pl\/index.php\/2011\/05\/14\/wybierz-okladke-do-ebooka-o-magii-glebi-ostrosci\/","url_meta":{"origin":13787,"position":1},"title":"Wybierz ok\u0142adk\u0119 do ebooka o magii g\u0142\u0119bi ostro\u015bci","author":"Przemys\u0142aw Oziemblewski","date":"sobota, 14 maj 2011","format":false,"excerpt":"Prosz\u0119 pom\u00f3\u017c mi wybra\u0107 ok\u0142adk\u0119 do nowego ebooka \"Magia g\u0142\u0119bi ostro\u015bci i ozdobnego rozpraszania t\u0142a\". W\u015br\u00f3d os\u00f3b, kt\u00f3re umieszcz\u0105 komentarz, zostanie rozlosowany jeden darmowy egzemplarz. Ok\u0142adka nr 1 Ok\u0142adka nr 2 Wybierz, kt\u00f3ra ok\u0142adka bardziej Ci si\u0119 podoba i napisz w komentarzu pod tym wpisem. We\u017amiesz wtedy w losowaniu darmowego\u2026","rel":"","context":"W \u201eKsi\u0105\u017cki&quot;","block_context":{"text":"Ksi\u0105\u017cki","link":"https:\/\/fotografiadlaciekawych.pl\/index.php\/category\/literatura\/ksiazki-literatura\/"},"img":{"alt_text":"","src":"https:\/\/i0.wp.com\/fotografiadlaciekawych.pl\/wp-content\/uploads\/2011\/05\/magia-glebi-ostrosci-okladka1-283x400.jpg?resize=350%2C200","width":350,"height":200},"classes":[]},{"id":5375,"url":"https:\/\/fotografiadlaciekawych.pl\/index.php\/2012\/10\/17\/wybierz-okladke-do-ebooka-o-filtrze-polaryzacyjnym\/","url_meta":{"origin":13787,"position":2},"title":"Wybierz ok\u0142adk\u0119 do ebooka o filtrze polaryzacyjnym","author":"Przemys\u0142aw Oziemblewski","date":"\u015broda, 17 pa\u017a 2012","format":false,"excerpt":"Prosz\u0119 pom\u00f3\u017c mi wybra\u0107 ok\u0142adk\u0119 do nowego wydania ebooka \u201eJak skutecznie wykorzysta\u0107 filtr polaryzacyjny\u201d. W\u015br\u00f3d os\u00f3b, kt\u00f3re umieszcz\u0105 komentarz, zostanie rozlosowany jeden darmowy egzemplarz. Ok\u0142adka nr 1 Ok\u0142adka nr 2 Ok\u0142adka nr 3 Wybierz, kt\u00f3ra ok\u0142adka bardziej Ci si\u0119 podoba i napisz w komentarzu pod tym wpisem. We\u017amiesz wtedy w\u2026","rel":"","context":"W \u201eKsi\u0105\u017cki&quot;","block_context":{"text":"Ksi\u0105\u017cki","link":"https:\/\/fotografiadlaciekawych.pl\/index.php\/category\/literatura\/ksiazki-literatura\/"},"img":{"alt_text":"Ok\u0142adka do ebooka o filtrze polaryzacyjnym -  wersja 1","src":"https:\/\/i0.wp.com\/fotografiadlaciekawych.pl\/wp-content\/uploads\/2012\/10\/filtr-polar-okladka_v1-283x400.jpg?resize=350%2C200","width":350,"height":200},"classes":[]},{"id":21370,"url":"https:\/\/fotografiadlaciekawych.pl\/index.php\/2026\/03\/11\/pomoz-mi-prosze-wybrac-pierwsza-strone-do-nowego-ebooka\/","url_meta":{"origin":13787,"position":3},"title":"Pom\u00f3\u017c mi prosz\u0119 wybra\u0107 pierwsz\u0105 stron\u0119 do nowego ebooka","author":"Przemys\u0142aw Oziemblewski","date":"\u015broda, 11 mar 2026","format":false,"excerpt":"W\u0142a\u015bnie ko\u0144cz\u0119 pisa\u0107 now\u0105 publikacj\u0119. Jest to zestawienie najbardziej popularnych i chyba te\u017c najwa\u017cniejszych sposob\u00f3w na kompozycj\u0119 zdj\u0119\u0107. Wybra\u0142em i opisa\u0142em 25 sposob\u00f3w. Teraz mam dylemat odno\u015bnie pierwszej strony ebooka. Przygotowa\u0142em 4 wersje. Nie mog\u0119 si\u0119 zdecydowa\u0107, kt\u00f3ra ok\u0142adka najbardziej do tego pasuje. Pom\u00f3\u017c mi wybra\u0107. Napisz, kt\u00f3ra wersja najbardziej\u2026","rel":"","context":"W \u201eKsi\u0105\u017cki&quot;","block_context":{"text":"Ksi\u0105\u017cki","link":"https:\/\/fotografiadlaciekawych.pl\/index.php\/category\/literatura\/ksiazki-literatura\/"},"img":{"alt_text":"","src":"https:\/\/i0.wp.com\/fotografiadlaciekawych.pl\/wp-content\/uploads\/2026\/03\/wybor-okladki-25sposobow-na-kompozycje.jpg?resize=350%2C200&ssl=1","width":350,"height":200,"srcset":"https:\/\/i0.wp.com\/fotografiadlaciekawych.pl\/wp-content\/uploads\/2026\/03\/wybor-okladki-25sposobow-na-kompozycje.jpg?resize=350%2C200&ssl=1 1x, https:\/\/i0.wp.com\/fotografiadlaciekawych.pl\/wp-content\/uploads\/2026\/03\/wybor-okladki-25sposobow-na-kompozycje.jpg?resize=525%2C300&ssl=1 1.5x, https:\/\/i0.wp.com\/fotografiadlaciekawych.pl\/wp-content\/uploads\/2026\/03\/wybor-okladki-25sposobow-na-kompozycje.jpg?resize=700%2C400&ssl=1 2x, https:\/\/i0.wp.com\/fotografiadlaciekawych.pl\/wp-content\/uploads\/2026\/03\/wybor-okladki-25sposobow-na-kompozycje.jpg?resize=1050%2C600&ssl=1 3x, https:\/\/i0.wp.com\/fotografiadlaciekawych.pl\/wp-content\/uploads\/2026\/03\/wybor-okladki-25sposobow-na-kompozycje.jpg?resize=1400%2C800&ssl=1 4x"},"classes":[]},{"id":9631,"url":"https:\/\/fotografiadlaciekawych.pl\/index.php\/2016\/07\/13\/pomoz-mi-prosze-wybrac-pierwsza-strone-ebooka\/","url_meta":{"origin":13787,"position":4},"title":"Pom\u00f3\u017c mi prosz\u0119 wybra\u0107 pierwsz\u0105 stron\u0119 do ebooka","author":"Przemys\u0142aw Oziemblewski","date":"\u015broda, 13 lip 2016","format":false,"excerpt":"Mam dylemat. Przygotowa\u0142em pi\u0119\u0107 wersji pierwszej strony do nowego ebooka \u201eEkspozycja - Barwa - Ostro\u015b\u0107\u201d. Ebook jest o tym jak robi\u0107 dobrze na\u015bwietlone, o \u0142adnych kolorach, ostre zdj\u0119cia. Nie mog\u0119 si\u0119 zdecydowa\u0107, kt\u00f3ra ok\u0142adka najbardziej to tego pasuje. Pom\u00f3\u017c mi wybra\u0107. Napisz, kt\u00f3ra wersja najbardziej przypada ci do gustu, kt\u00f3r\u0105\u2026","rel":"","context":"W \u201eKsi\u0105\u017cki&quot;","block_context":{"text":"Ksi\u0105\u017cki","link":"https:\/\/fotografiadlaciekawych.pl\/index.php\/category\/literatura\/ksiazki-literatura\/"},"img":{"alt_text":"Ekspozycja - Barwa - Ostro\u015b\u0107 - ok\u0142adka 1","src":"https:\/\/i0.wp.com\/fotografiadlaciekawych.pl\/wp-content\/uploads\/2016\/07\/Ekspozycja-Barwa-Ostrosc-okladka1-283x400.jpg?resize=350%2C200","width":350,"height":200},"classes":[]},{"id":5493,"url":"https:\/\/fotografiadlaciekawych.pl\/index.php\/2012\/11\/06\/kto-jeszcze-chce-poznac-sekrety-filtra-polaryzacyjnego\/","url_meta":{"origin":13787,"position":5},"title":"Kto jeszcze chce pozna\u0107 sekrety filtra polaryzacyjnego?","author":"Przemys\u0142aw Oziemblewski","date":"wtorek, 6 lis 2012","format":false,"excerpt":"Ju\u017c ponad 400 os\u00f3b zapisa\u0142o si\u0119 na specjaln\u0105 list\u0119 i otrzyma\u0142o darmowy fragment nowej wersji ebooka o skutecznym wykorzystaniu filtra polaryzacyjnego. Do\u0142\u0105cz do nich - te\u017c si\u0119 zapisz - kliknij. Od razu po zapisaniu si\u0119 otrzymasz bezp\u0142atnie obszerny fragment publikacji. Przy tej okazji jeszcze raz serdecznie dzi\u0119kuj\u0119 osobom, kt\u00f3re wybra\u0142y\u2026","rel":"","context":"W \u201eKsi\u0105\u017cki&quot;","block_context":{"text":"Ksi\u0105\u017cki","link":"https:\/\/fotografiadlaciekawych.pl\/index.php\/category\/literatura\/ksiazki-literatura\/"},"img":{"alt_text":"Ok\u0142adka do ebooka o filtrze polaryzacyjnym","src":"https:\/\/i0.wp.com\/fotografiadlaciekawych.pl\/wp-content\/uploads\/2012\/11\/filtr-polaryzacyjny-okladka-282x400.jpg?resize=350%2C200","width":350,"height":200},"classes":[]}],"_links":{"self":[{"href":"https:\/\/fotografiadlaciekawych.pl\/index.php\/wp-json\/wp\/v2\/posts\/13787","targetHints":{"allow":["GET"]}}],"collection":[{"href":"https:\/\/fotografiadlaciekawych.pl\/index.php\/wp-json\/wp\/v2\/posts"}],"about":[{"href":"https:\/\/fotografiadlaciekawych.pl\/index.php\/wp-json\/wp\/v2\/types\/post"}],"author":[{"embeddable":true,"href":"https:\/\/fotografiadlaciekawych.pl\/index.php\/wp-json\/wp\/v2\/users\/1"}],"replies":[{"embeddable":true,"href":"https:\/\/fotografiadlaciekawych.pl\/index.php\/wp-json\/wp\/v2\/comments?post=13787"}],"version-history":[{"count":3,"href":"https:\/\/fotografiadlaciekawych.pl\/index.php\/wp-json\/wp\/v2\/posts\/13787\/revisions"}],"predecessor-version":[{"id":13796,"href":"https:\/\/fotografiadlaciekawych.pl\/index.php\/wp-json\/wp\/v2\/posts\/13787\/revisions\/13796"}],"wp:featuredmedia":[{"embeddable":true,"href":"https:\/\/fotografiadlaciekawych.pl\/index.php\/wp-json\/wp\/v2\/media\/10821"}],"wp:attachment":[{"href":"https:\/\/fotografiadlaciekawych.pl\/index.php\/wp-json\/wp\/v2\/media?parent=13787"}],"wp:term":[{"taxonomy":"category","embeddable":true,"href":"https:\/\/fotografiadlaciekawych.pl\/index.php\/wp-json\/wp\/v2\/categories?post=13787"},{"taxonomy":"post_tag","embeddable":true,"href":"https:\/\/fotografiadlaciekawych.pl\/index.php\/wp-json\/wp\/v2\/tags?post=13787"}],"curies":[{"name":"wp","href":"https:\/\/api.w.org\/{rel}","templated":true}]}}