{"id":13799,"date":"2019-12-17T09:54:24","date_gmt":"2019-12-17T08:54:24","guid":{"rendered":"https:\/\/fotografiadlaciekawych.pl\/?p=13799"},"modified":"2019-12-17T09:54:59","modified_gmt":"2019-12-17T08:54:59","slug":"wybierz-tytul-dla-nowego-ebooka-o-zdjeciach-nocnych","status":"publish","type":"post","link":"https:\/\/fotografiadlaciekawych.pl\/index.php\/2019\/12\/17\/wybierz-tytul-dla-nowego-ebooka-o-zdjeciach-nocnych\/","title":{"rendered":"Wybierz tytu\u0142 dla nowego ebooka o zdj\u0119ciach nocnych"},"content":{"rendered":"<p>Bardzo serdecznie dzi\u0119kuj\u0119 za udzia\u0142 w g\u0142osowaniu na &#8222;ok\u0142adk\u0119&#8221; do ebooka o zdj\u0119ciach nocnych. Ciesze si\u0119, \u017ce tyle os\u00f3b mi pomog\u0142o. Podliczy\u0142em wszystkie g\u0142osy umieszczone pod wpisem na blogu, na Facebooku i przys\u0142ane na email. Punktacja jest nast\u0119puj\u0105ca. Ok\u0142adka nr 1 ? zdoby\u0142a najwi\u0119cej g\u0142os\u00f3w, bo a\u017c 140. Druga w kolejno\u015bci by\u0142a ostatnia ok\u0142adka nr 6 &#8211; 105 g\u0142os\u00f3w. Dalsza punktacja: nr 2 &#8211; 42 g\u0142osy, nr 3 &#8211; 25 g\u0142os\u00f3w, nr 5 &#8211; 22 g\u0142osy i nr 4 &#8211; 14 g\u0142os\u00f3w. Jeszcze raz serdecznie dzi\u0119kuj\u0119. Wygra\u0142o wi\u0119c dynamiczne zdj\u0119cie z mostem i smugami \u015bwiate\u0142 od tramwaju.<\/p>\n<p><strong>Mam teraz jeszcze jedna pro\u015bb\u0119. Pom\u00f3\u017c mi wybra\u0107 tytu\u0142 do tego ebooka.<\/strong> Przygotowa\u0142em trzy propozycje: &#8222;Zdj\u0119cia nocne bez problem\u00f3w&#8221;, &#8222;Zdj\u0119cia nocne &#8211; mog\u0119 i potrafi\u0119&#8221; oraz &#8222;Magia zdj\u0119\u0107 nocnych&#8221;.<br \/>\n<!--more--><br \/>\nB\u0119d\u0119 wdzi\u0119czny je\u015bli pomo\u017cesz mi wybra\u0107 ten najlepszy.<\/p>\n<p>Wybierz i wpisz numer \u201cok\u0142adki\u201d w komentarzu poni\u017cej lub <a href=\"https:\/\/www.facebook.com\/FotografiaDlaCiekawych\/posts\/2624238767612168?__xts__[0]=68.ARDRjSXennj8Dkr306xhwMo8kMPNxg2ybPhSAvEgNjax9_KGL7GN2P0hkTcYMaUxswXK1_5oVWRKU5Qp0Tfqr3e4-LDlUX65Vg7ptOSbpbNWM_QAnZOqy0GLLtTRv-1Vh1yKm5czhpE7eyw9EO9X-YBlmL28R70nOih6Rv_ed4phQk3i64rOFwaIwGeDbhKxyKGdnstIPc6pJ4-_9xk_JdPgGCknceSjTvR5FwuPlJEYnYzEplHOHikHTp83pzYOCJpl6mWs0pn9weq1GxAS4ilIz9vLDrV6DaBRrNLYvQP0oum3rClvV8vBrzjvAdHqqda-zkH5-yUrvD7we2UiHXFGyw&amp;__tn__=-R\" target=\"_blank\" rel=\"noopener noreferrer\">zag\u0142osuj na Facebooku<\/a>.<\/p>\n<p>Dzi\u0119kuj\u0119 za udzia\u0142 w g\u0142osowaniu i po\u015bwi\u0119cony czas.<\/p>\n<h2>Nr 1 &#8211; &#8222;Zdj\u0119cia nocne bez problem\u00f3w&#8221;<\/h2>\n<p><a href=\"https:\/\/fotografiadlaciekawych.pl\/wp-content\/uploads\/2019\/12\/wznbp-01aa.jpg\" rel=\"lightbox\"><img loading=\"lazy\" decoding=\"async\" class=\"alignnone size-medium wp-image-13800\" src=\"https:\/\/fotografiadlaciekawych.pl\/wp-content\/uploads\/2019\/12\/wznbp-01aa-283x400.jpg\" alt=\"Zdj\u0119cia nocne bez problem\u00f3w\" width=\"283\" height=\"400\" srcset=\"https:\/\/fotografiadlaciekawych.pl\/wp-content\/uploads\/2019\/12\/wznbp-01aa-283x400.jpg 283w, https:\/\/fotografiadlaciekawych.pl\/wp-content\/uploads\/2019\/12\/wznbp-01aa.jpg 661w\" sizes=\"auto, (max-width: 283px) 100vw, 283px\" \/><\/a><\/p>\n<h2>Nr 2 &#8211; &#8222;Zdj\u0119cia nocne &#8211; mog\u0119 i potrafi\u0119&#8221;<\/h2>\n<p><a href=\"https:\/\/fotografiadlaciekawych.pl\/wp-content\/uploads\/2019\/12\/wznbp-01ba.jpg\" rel=\"lightbox\"><img loading=\"lazy\" decoding=\"async\" class=\"alignnone size-medium wp-image-13801\" src=\"https:\/\/fotografiadlaciekawych.pl\/wp-content\/uploads\/2019\/12\/wznbp-01ba-283x400.jpg\" alt=\"Zdj\u0119cia nocne - mog\u0119 i potrafi\u0119\" width=\"283\" height=\"400\" srcset=\"https:\/\/fotografiadlaciekawych.pl\/wp-content\/uploads\/2019\/12\/wznbp-01ba-283x400.jpg 283w, https:\/\/fotografiadlaciekawych.pl\/wp-content\/uploads\/2019\/12\/wznbp-01ba.jpg 661w\" sizes=\"auto, (max-width: 283px) 100vw, 283px\" \/><\/a><\/p>\n<h2>Nr 3 &#8211; &#8222;Magia zdj\u0119\u0107 nocnych&#8221;<\/h2>\n<p><a href=\"https:\/\/fotografiadlaciekawych.pl\/wp-content\/uploads\/2019\/12\/wznbp-01ca.jpg\" rel=\"lightbox\"><img loading=\"lazy\" decoding=\"async\" class=\"alignnone size-medium wp-image-13802\" src=\"https:\/\/fotografiadlaciekawych.pl\/wp-content\/uploads\/2019\/12\/wznbp-01ca-283x400.jpg\" alt=\"Magia zdj\u0119\u0107 nocnych\" width=\"283\" height=\"400\" srcset=\"https:\/\/fotografiadlaciekawych.pl\/wp-content\/uploads\/2019\/12\/wznbp-01ca-283x400.jpg 283w, https:\/\/fotografiadlaciekawych.pl\/wp-content\/uploads\/2019\/12\/wznbp-01ca.jpg 661w\" sizes=\"auto, (max-width: 283px) 100vw, 283px\" \/><\/a><\/p>\n","protected":false},"excerpt":{"rendered":"<p>Bardzo serdecznie dzi\u0119kuj\u0119 za udzia\u0142 w g\u0142osowaniu na &#8222;ok\u0142adk\u0119&#8221; do ebooka o zdj\u0119ciach nocnych. Ciesze si\u0119, \u017ce tyle os\u00f3b mi pomog\u0142o. Podliczy\u0142em wszystkie g\u0142osy umieszczone pod wpisem na blogu, na Facebooku i przys\u0142ane na email. Punktacja jest nast\u0119puj\u0105ca. Ok\u0142adka nr 1 ? zdoby\u0142a najwi\u0119cej g\u0142os\u00f3w, bo a\u017c 140. Druga w kolejno\u015bci by\u0142a ostatnia ok\u0142adka nr &hellip; <a href=\"https:\/\/fotografiadlaciekawych.pl\/index.php\/2019\/12\/17\/wybierz-tytul-dla-nowego-ebooka-o-zdjeciach-nocnych\/\" class=\"more-link\">Czytaj dalej <span class=\"screen-reader-text\">Wybierz tytu\u0142 dla nowego ebooka o zdj\u0119ciach nocnych<\/span> <span class=\"meta-nav\">&rarr;<\/span><\/a><\/p>\n","protected":false},"author":1,"featured_media":13804,"comment_status":"open","ping_status":"open","sticky":false,"template":"","format":"standard","meta":{"jetpack_post_was_ever_published":false,"_jetpack_newsletter_access":"","_jetpack_dont_email_post_to_subs":false,"_jetpack_newsletter_tier_id":0,"_jetpack_memberships_contains_paywalled_content":false,"_jetpack_memberships_contains_paid_content":false,"footnotes":"","jetpack_publicize_message":"","jetpack_publicize_feature_enabled":true,"jetpack_social_post_already_shared":false,"jetpack_social_options":{"image_generator_settings":{"template":"highway","default_image_id":0,"font":"","enabled":false},"version":2}},"categories":[3],"tags":[],"class_list":["post-13799","post","type-post","status-publish","format-standard","has-post-thumbnail","hentry","category-rozne"],"yoast_head":"<!-- This site is optimized with the Yoast SEO plugin v27.3 - https:\/\/yoast.com\/product\/yoast-seo-wordpress\/ -->\n<title>Wybierz tytu\u0142 dla nowego ebooka o zdj\u0119ciach nocnych<\/title>\n<meta name=\"description\" content=\"Wybierz tytu\u0142 do tego ebooka. Przygotowa\u0142em trzy propozycje: &quot;Zdj\u0119cia nocne bez problem\u00f3w&quot;, &quot;Zdj\u0119cia nocne - mog\u0119 i potrafi\u0119&quot; oraz &quot;Magia zdj\u0119\u0107 nocnych&quot;.\" \/>\n<meta name=\"robots\" content=\"index, follow, max-snippet:-1, max-image-preview:large, max-video-preview:-1\" \/>\n<link rel=\"canonical\" href=\"https:\/\/fotografiadlaciekawych.pl\/index.php\/2019\/12\/17\/wybierz-tytul-dla-nowego-ebooka-o-zdjeciach-nocnych\/\" \/>\n<meta property=\"og:locale\" content=\"pl_PL\" \/>\n<meta property=\"og:type\" content=\"article\" \/>\n<meta property=\"og:title\" content=\"Wybierz tytu\u0142 dla nowego ebooka o zdj\u0119ciach nocnych\" \/>\n<meta property=\"og:description\" content=\"Wybierz tytu\u0142 do tego ebooka. Przygotowa\u0142em trzy propozycje: &quot;Zdj\u0119cia nocne bez problem\u00f3w&quot;, &quot;Zdj\u0119cia nocne - mog\u0119 i potrafi\u0119&quot; oraz &quot;Magia zdj\u0119\u0107 nocnych&quot;.\" \/>\n<meta property=\"og:url\" content=\"https:\/\/fotografiadlaciekawych.pl\/index.php\/2019\/12\/17\/wybierz-tytul-dla-nowego-ebooka-o-zdjeciach-nocnych\/\" \/>\n<meta property=\"og:site_name\" content=\"Fotografia dla ciekawych\" \/>\n<meta property=\"article:publisher\" content=\"https:\/\/www.facebook.com\/przemyslaw.oziemblewski\" \/>\n<meta property=\"article:author\" content=\"https:\/\/www.facebook.com\/przemyslaw.oziemblewski\" \/>\n<meta property=\"article:published_time\" content=\"2019-12-17T08:54:24+00:00\" \/>\n<meta property=\"article:modified_time\" content=\"2019-12-17T08:54:59+00:00\" \/>\n<meta property=\"og:image\" content=\"https:\/\/fotografiadlaciekawych.pl\/wp-content\/uploads\/2019\/12\/191009_IMG_2275_1000px.jpg\" \/>\n\t<meta property=\"og:image:width\" content=\"1000\" \/>\n\t<meta property=\"og:image:height\" content=\"667\" \/>\n\t<meta property=\"og:image:type\" content=\"image\/jpeg\" \/>\n<meta name=\"author\" content=\"Przemys\u0142aw Oziemblewski\" \/>\n<meta name=\"twitter:label1\" content=\"Napisane przez\" \/>\n\t<meta name=\"twitter:data1\" content=\"Przemys\u0142aw Oziemblewski\" \/>\n\t<meta name=\"twitter:label2\" content=\"Szacowany czas czytania\" \/>\n\t<meta name=\"twitter:data2\" content=\"1 minuta\" \/>\n<script type=\"application\/ld+json\" class=\"yoast-schema-graph\">{\"@context\":\"https:\\\/\\\/schema.org\",\"@graph\":[{\"@type\":\"Article\",\"@id\":\"https:\\\/\\\/fotografiadlaciekawych.pl\\\/index.php\\\/2019\\\/12\\\/17\\\/wybierz-tytul-dla-nowego-ebooka-o-zdjeciach-nocnych\\\/#article\",\"isPartOf\":{\"@id\":\"https:\\\/\\\/fotografiadlaciekawych.pl\\\/index.php\\\/2019\\\/12\\\/17\\\/wybierz-tytul-dla-nowego-ebooka-o-zdjeciach-nocnych\\\/\"},\"author\":{\"name\":\"Przemys\u0142aw Oziemblewski\",\"@id\":\"https:\\\/\\\/fotografiadlaciekawych.pl\\\/#\\\/schema\\\/person\\\/a9c16bf51d40163ef50c7170ff56de4d\"},\"headline\":\"Wybierz tytu\u0142 dla nowego ebooka o zdj\u0119ciach nocnych\",\"datePublished\":\"2019-12-17T08:54:24+00:00\",\"dateModified\":\"2019-12-17T08:54:59+00:00\",\"mainEntityOfPage\":{\"@id\":\"https:\\\/\\\/fotografiadlaciekawych.pl\\\/index.php\\\/2019\\\/12\\\/17\\\/wybierz-tytul-dla-nowego-ebooka-o-zdjeciach-nocnych\\\/\"},\"wordCount\":219,\"commentCount\":38,\"publisher\":{\"@id\":\"https:\\\/\\\/fotografiadlaciekawych.pl\\\/#\\\/schema\\\/person\\\/a9c16bf51d40163ef50c7170ff56de4d\"},\"image\":{\"@id\":\"https:\\\/\\\/fotografiadlaciekawych.pl\\\/index.php\\\/2019\\\/12\\\/17\\\/wybierz-tytul-dla-nowego-ebooka-o-zdjeciach-nocnych\\\/#primaryimage\"},\"thumbnailUrl\":\"https:\\\/\\\/fotografiadlaciekawych.pl\\\/wp-content\\\/uploads\\\/2019\\\/12\\\/191009_IMG_2275_1000px.jpg\",\"articleSection\":[\"R\u00f3\u017cne\"],\"inLanguage\":\"pl-PL\",\"potentialAction\":[{\"@type\":\"CommentAction\",\"name\":\"Comment\",\"target\":[\"https:\\\/\\\/fotografiadlaciekawych.pl\\\/index.php\\\/2019\\\/12\\\/17\\\/wybierz-tytul-dla-nowego-ebooka-o-zdjeciach-nocnych\\\/#respond\"]}]},{\"@type\":\"WebPage\",\"@id\":\"https:\\\/\\\/fotografiadlaciekawych.pl\\\/index.php\\\/2019\\\/12\\\/17\\\/wybierz-tytul-dla-nowego-ebooka-o-zdjeciach-nocnych\\\/\",\"url\":\"https:\\\/\\\/fotografiadlaciekawych.pl\\\/index.php\\\/2019\\\/12\\\/17\\\/wybierz-tytul-dla-nowego-ebooka-o-zdjeciach-nocnych\\\/\",\"name\":\"Wybierz tytu\u0142 dla nowego ebooka o zdj\u0119ciach nocnych\",\"isPartOf\":{\"@id\":\"https:\\\/\\\/fotografiadlaciekawych.pl\\\/#website\"},\"primaryImageOfPage\":{\"@id\":\"https:\\\/\\\/fotografiadlaciekawych.pl\\\/index.php\\\/2019\\\/12\\\/17\\\/wybierz-tytul-dla-nowego-ebooka-o-zdjeciach-nocnych\\\/#primaryimage\"},\"image\":{\"@id\":\"https:\\\/\\\/fotografiadlaciekawych.pl\\\/index.php\\\/2019\\\/12\\\/17\\\/wybierz-tytul-dla-nowego-ebooka-o-zdjeciach-nocnych\\\/#primaryimage\"},\"thumbnailUrl\":\"https:\\\/\\\/fotografiadlaciekawych.pl\\\/wp-content\\\/uploads\\\/2019\\\/12\\\/191009_IMG_2275_1000px.jpg\",\"datePublished\":\"2019-12-17T08:54:24+00:00\",\"dateModified\":\"2019-12-17T08:54:59+00:00\",\"description\":\"Wybierz tytu\u0142 do tego ebooka. Przygotowa\u0142em trzy propozycje: \\\"Zdj\u0119cia nocne bez problem\u00f3w\\\", \\\"Zdj\u0119cia nocne - mog\u0119 i potrafi\u0119\\\" oraz \\\"Magia zdj\u0119\u0107 nocnych\\\".\",\"breadcrumb\":{\"@id\":\"https:\\\/\\\/fotografiadlaciekawych.pl\\\/index.php\\\/2019\\\/12\\\/17\\\/wybierz-tytul-dla-nowego-ebooka-o-zdjeciach-nocnych\\\/#breadcrumb\"},\"inLanguage\":\"pl-PL\",\"potentialAction\":[{\"@type\":\"ReadAction\",\"target\":[\"https:\\\/\\\/fotografiadlaciekawych.pl\\\/index.php\\\/2019\\\/12\\\/17\\\/wybierz-tytul-dla-nowego-ebooka-o-zdjeciach-nocnych\\\/\"]}]},{\"@type\":\"ImageObject\",\"inLanguage\":\"pl-PL\",\"@id\":\"https:\\\/\\\/fotografiadlaciekawych.pl\\\/index.php\\\/2019\\\/12\\\/17\\\/wybierz-tytul-dla-nowego-ebooka-o-zdjeciach-nocnych\\\/#primaryimage\",\"url\":\"https:\\\/\\\/fotografiadlaciekawych.pl\\\/wp-content\\\/uploads\\\/2019\\\/12\\\/191009_IMG_2275_1000px.jpg\",\"contentUrl\":\"https:\\\/\\\/fotografiadlaciekawych.pl\\\/wp-content\\\/uploads\\\/2019\\\/12\\\/191009_IMG_2275_1000px.jpg\",\"width\":1000,\"height\":667,\"caption\":\"pod\u015bwietlony most i smugi \u015bwiate\u0142 od tramwaju - zdjecie nocne\"},{\"@type\":\"BreadcrumbList\",\"@id\":\"https:\\\/\\\/fotografiadlaciekawych.pl\\\/index.php\\\/2019\\\/12\\\/17\\\/wybierz-tytul-dla-nowego-ebooka-o-zdjeciach-nocnych\\\/#breadcrumb\",\"itemListElement\":[{\"@type\":\"ListItem\",\"position\":1,\"name\":\"Home\",\"item\":\"https:\\\/\\\/fotografiadlaciekawych.pl\\\/\"},{\"@type\":\"ListItem\",\"position\":2,\"name\":\"Wybierz tytu\u0142 dla nowego ebooka o zdj\u0119ciach nocnych\"}]},{\"@type\":\"WebSite\",\"@id\":\"https:\\\/\\\/fotografiadlaciekawych.pl\\\/#website\",\"url\":\"https:\\\/\\\/fotografiadlaciekawych.pl\\\/\",\"name\":\"Fotografia dla ciekawych\",\"description\":\"Blog prowadzony od 2008 r.\",\"publisher\":{\"@id\":\"https:\\\/\\\/fotografiadlaciekawych.pl\\\/#\\\/schema\\\/person\\\/a9c16bf51d40163ef50c7170ff56de4d\"},\"potentialAction\":[{\"@type\":\"SearchAction\",\"target\":{\"@type\":\"EntryPoint\",\"urlTemplate\":\"https:\\\/\\\/fotografiadlaciekawych.pl\\\/?s={search_term_string}\"},\"query-input\":{\"@type\":\"PropertyValueSpecification\",\"valueRequired\":true,\"valueName\":\"search_term_string\"}}],\"inLanguage\":\"pl-PL\"},{\"@type\":[\"Person\",\"Organization\"],\"@id\":\"https:\\\/\\\/fotografiadlaciekawych.pl\\\/#\\\/schema\\\/person\\\/a9c16bf51d40163ef50c7170ff56de4d\",\"name\":\"Przemys\u0142aw Oziemblewski\",\"image\":{\"@type\":\"ImageObject\",\"inLanguage\":\"pl-PL\",\"@id\":\"https:\\\/\\\/fotografiadlaciekawych.pl\\\/wp-content\\\/uploads\\\/2020\\\/12\\\/przemek-oziemblewski-250px.jpg\",\"url\":\"https:\\\/\\\/fotografiadlaciekawych.pl\\\/wp-content\\\/uploads\\\/2020\\\/12\\\/przemek-oziemblewski-250px.jpg\",\"contentUrl\":\"https:\\\/\\\/fotografiadlaciekawych.pl\\\/wp-content\\\/uploads\\\/2020\\\/12\\\/przemek-oziemblewski-250px.jpg\",\"width\":250,\"height\":250,\"caption\":\"Przemys\u0142aw Oziemblewski\"},\"logo\":{\"@id\":\"https:\\\/\\\/fotografiadlaciekawych.pl\\\/wp-content\\\/uploads\\\/2020\\\/12\\\/przemek-oziemblewski-250px.jpg\"},\"sameAs\":[\"http:\\\/\\\/fotografiadlaciekawych.pl\",\"https:\\\/\\\/www.facebook.com\\\/przemyslaw.oziemblewski\",\"https:\\\/\\\/www.instagram.com\\\/p.oziemblewski\\\/\",\"https:\\\/\\\/www.pinterest.com\\\/fotodcpl\\\/\",\"https:\\\/\\\/youtube.com\\\/@PrzemyslawOziemblewski\"]}]}<\/script>\n<!-- \/ Yoast SEO plugin. -->","yoast_head_json":{"title":"Wybierz tytu\u0142 dla nowego ebooka o zdj\u0119ciach nocnych","description":"Wybierz tytu\u0142 do tego ebooka. Przygotowa\u0142em trzy propozycje: \"Zdj\u0119cia nocne bez problem\u00f3w\", \"Zdj\u0119cia nocne - mog\u0119 i potrafi\u0119\" oraz \"Magia zdj\u0119\u0107 nocnych\".","robots":{"index":"index","follow":"follow","max-snippet":"max-snippet:-1","max-image-preview":"max-image-preview:large","max-video-preview":"max-video-preview:-1"},"canonical":"https:\/\/fotografiadlaciekawych.pl\/index.php\/2019\/12\/17\/wybierz-tytul-dla-nowego-ebooka-o-zdjeciach-nocnych\/","og_locale":"pl_PL","og_type":"article","og_title":"Wybierz tytu\u0142 dla nowego ebooka o zdj\u0119ciach nocnych","og_description":"Wybierz tytu\u0142 do tego ebooka. Przygotowa\u0142em trzy propozycje: \"Zdj\u0119cia nocne bez problem\u00f3w\", \"Zdj\u0119cia nocne - mog\u0119 i potrafi\u0119\" oraz \"Magia zdj\u0119\u0107 nocnych\".","og_url":"https:\/\/fotografiadlaciekawych.pl\/index.php\/2019\/12\/17\/wybierz-tytul-dla-nowego-ebooka-o-zdjeciach-nocnych\/","og_site_name":"Fotografia dla ciekawych","article_publisher":"https:\/\/www.facebook.com\/przemyslaw.oziemblewski","article_author":"https:\/\/www.facebook.com\/przemyslaw.oziemblewski","article_published_time":"2019-12-17T08:54:24+00:00","article_modified_time":"2019-12-17T08:54:59+00:00","og_image":[{"width":1000,"height":667,"url":"https:\/\/fotografiadlaciekawych.pl\/wp-content\/uploads\/2019\/12\/191009_IMG_2275_1000px.jpg","type":"image\/jpeg"}],"author":"Przemys\u0142aw Oziemblewski","twitter_misc":{"Napisane przez":"Przemys\u0142aw Oziemblewski","Szacowany czas czytania":"1 minuta"},"schema":{"@context":"https:\/\/schema.org","@graph":[{"@type":"Article","@id":"https:\/\/fotografiadlaciekawych.pl\/index.php\/2019\/12\/17\/wybierz-tytul-dla-nowego-ebooka-o-zdjeciach-nocnych\/#article","isPartOf":{"@id":"https:\/\/fotografiadlaciekawych.pl\/index.php\/2019\/12\/17\/wybierz-tytul-dla-nowego-ebooka-o-zdjeciach-nocnych\/"},"author":{"name":"Przemys\u0142aw Oziemblewski","@id":"https:\/\/fotografiadlaciekawych.pl\/#\/schema\/person\/a9c16bf51d40163ef50c7170ff56de4d"},"headline":"Wybierz tytu\u0142 dla nowego ebooka o zdj\u0119ciach nocnych","datePublished":"2019-12-17T08:54:24+00:00","dateModified":"2019-12-17T08:54:59+00:00","mainEntityOfPage":{"@id":"https:\/\/fotografiadlaciekawych.pl\/index.php\/2019\/12\/17\/wybierz-tytul-dla-nowego-ebooka-o-zdjeciach-nocnych\/"},"wordCount":219,"commentCount":38,"publisher":{"@id":"https:\/\/fotografiadlaciekawych.pl\/#\/schema\/person\/a9c16bf51d40163ef50c7170ff56de4d"},"image":{"@id":"https:\/\/fotografiadlaciekawych.pl\/index.php\/2019\/12\/17\/wybierz-tytul-dla-nowego-ebooka-o-zdjeciach-nocnych\/#primaryimage"},"thumbnailUrl":"https:\/\/fotografiadlaciekawych.pl\/wp-content\/uploads\/2019\/12\/191009_IMG_2275_1000px.jpg","articleSection":["R\u00f3\u017cne"],"inLanguage":"pl-PL","potentialAction":[{"@type":"CommentAction","name":"Comment","target":["https:\/\/fotografiadlaciekawych.pl\/index.php\/2019\/12\/17\/wybierz-tytul-dla-nowego-ebooka-o-zdjeciach-nocnych\/#respond"]}]},{"@type":"WebPage","@id":"https:\/\/fotografiadlaciekawych.pl\/index.php\/2019\/12\/17\/wybierz-tytul-dla-nowego-ebooka-o-zdjeciach-nocnych\/","url":"https:\/\/fotografiadlaciekawych.pl\/index.php\/2019\/12\/17\/wybierz-tytul-dla-nowego-ebooka-o-zdjeciach-nocnych\/","name":"Wybierz tytu\u0142 dla nowego ebooka o zdj\u0119ciach nocnych","isPartOf":{"@id":"https:\/\/fotografiadlaciekawych.pl\/#website"},"primaryImageOfPage":{"@id":"https:\/\/fotografiadlaciekawych.pl\/index.php\/2019\/12\/17\/wybierz-tytul-dla-nowego-ebooka-o-zdjeciach-nocnych\/#primaryimage"},"image":{"@id":"https:\/\/fotografiadlaciekawych.pl\/index.php\/2019\/12\/17\/wybierz-tytul-dla-nowego-ebooka-o-zdjeciach-nocnych\/#primaryimage"},"thumbnailUrl":"https:\/\/fotografiadlaciekawych.pl\/wp-content\/uploads\/2019\/12\/191009_IMG_2275_1000px.jpg","datePublished":"2019-12-17T08:54:24+00:00","dateModified":"2019-12-17T08:54:59+00:00","description":"Wybierz tytu\u0142 do tego ebooka. Przygotowa\u0142em trzy propozycje: \"Zdj\u0119cia nocne bez problem\u00f3w\", \"Zdj\u0119cia nocne - mog\u0119 i potrafi\u0119\" oraz \"Magia zdj\u0119\u0107 nocnych\".","breadcrumb":{"@id":"https:\/\/fotografiadlaciekawych.pl\/index.php\/2019\/12\/17\/wybierz-tytul-dla-nowego-ebooka-o-zdjeciach-nocnych\/#breadcrumb"},"inLanguage":"pl-PL","potentialAction":[{"@type":"ReadAction","target":["https:\/\/fotografiadlaciekawych.pl\/index.php\/2019\/12\/17\/wybierz-tytul-dla-nowego-ebooka-o-zdjeciach-nocnych\/"]}]},{"@type":"ImageObject","inLanguage":"pl-PL","@id":"https:\/\/fotografiadlaciekawych.pl\/index.php\/2019\/12\/17\/wybierz-tytul-dla-nowego-ebooka-o-zdjeciach-nocnych\/#primaryimage","url":"https:\/\/fotografiadlaciekawych.pl\/wp-content\/uploads\/2019\/12\/191009_IMG_2275_1000px.jpg","contentUrl":"https:\/\/fotografiadlaciekawych.pl\/wp-content\/uploads\/2019\/12\/191009_IMG_2275_1000px.jpg","width":1000,"height":667,"caption":"pod\u015bwietlony most i smugi \u015bwiate\u0142 od tramwaju - zdjecie nocne"},{"@type":"BreadcrumbList","@id":"https:\/\/fotografiadlaciekawych.pl\/index.php\/2019\/12\/17\/wybierz-tytul-dla-nowego-ebooka-o-zdjeciach-nocnych\/#breadcrumb","itemListElement":[{"@type":"ListItem","position":1,"name":"Home","item":"https:\/\/fotografiadlaciekawych.pl\/"},{"@type":"ListItem","position":2,"name":"Wybierz tytu\u0142 dla nowego ebooka o zdj\u0119ciach nocnych"}]},{"@type":"WebSite","@id":"https:\/\/fotografiadlaciekawych.pl\/#website","url":"https:\/\/fotografiadlaciekawych.pl\/","name":"Fotografia dla ciekawych","description":"Blog prowadzony od 2008 r.","publisher":{"@id":"https:\/\/fotografiadlaciekawych.pl\/#\/schema\/person\/a9c16bf51d40163ef50c7170ff56de4d"},"potentialAction":[{"@type":"SearchAction","target":{"@type":"EntryPoint","urlTemplate":"https:\/\/fotografiadlaciekawych.pl\/?s={search_term_string}"},"query-input":{"@type":"PropertyValueSpecification","valueRequired":true,"valueName":"search_term_string"}}],"inLanguage":"pl-PL"},{"@type":["Person","Organization"],"@id":"https:\/\/fotografiadlaciekawych.pl\/#\/schema\/person\/a9c16bf51d40163ef50c7170ff56de4d","name":"Przemys\u0142aw Oziemblewski","image":{"@type":"ImageObject","inLanguage":"pl-PL","@id":"https:\/\/fotografiadlaciekawych.pl\/wp-content\/uploads\/2020\/12\/przemek-oziemblewski-250px.jpg","url":"https:\/\/fotografiadlaciekawych.pl\/wp-content\/uploads\/2020\/12\/przemek-oziemblewski-250px.jpg","contentUrl":"https:\/\/fotografiadlaciekawych.pl\/wp-content\/uploads\/2020\/12\/przemek-oziemblewski-250px.jpg","width":250,"height":250,"caption":"Przemys\u0142aw Oziemblewski"},"logo":{"@id":"https:\/\/fotografiadlaciekawych.pl\/wp-content\/uploads\/2020\/12\/przemek-oziemblewski-250px.jpg"},"sameAs":["http:\/\/fotografiadlaciekawych.pl","https:\/\/www.facebook.com\/przemyslaw.oziemblewski","https:\/\/www.instagram.com\/p.oziemblewski\/","https:\/\/www.pinterest.com\/fotodcpl\/","https:\/\/youtube.com\/@PrzemyslawOziemblewski"]}]}},"jetpack_publicize_connections":[],"jetpack_featured_media_url":"https:\/\/fotografiadlaciekawych.pl\/wp-content\/uploads\/2019\/12\/191009_IMG_2275_1000px.jpg","jetpack_sharing_enabled":true,"jetpack-related-posts":[{"id":13811,"url":"https:\/\/fotografiadlaciekawych.pl\/index.php\/2019\/12\/19\/ktore-rozdzialy-ebooka-o-zdjeciach-nocnych-mam-ci-udostepnic\/","url_meta":{"origin":13799,"position":0},"title":"Kt\u00f3re rozdzia\u0142y ebooka o zdj\u0119ciach nocnych mam Ci udost\u0119pni\u0107?","author":"Przemys\u0142aw Oziemblewski","date":"czwartek, 19 gru 2019","format":false,"excerpt":"Serdecznie dzi\u0119kuj\u0119 za udzia\u0142 w g\u0142osowaniu na tytu\u0142 ebooka o zdj\u0119ciach nocnych. Najbardziej popularny okaza\u0142 si\u0119 tytu\u0142 \"Magia zdj\u0119\u0107 nocnych\". Zdoby\u0142 102 g\u0142osy. W komentarzach pojawia\u0142a si\u0119 kilka razy sugestia, by zmieni\u0107 go na \"Magia nocnych zdj\u0119\u0107\". Faktycznie chyba bardziej wtedy zaakcentowany jest wyraz \"nocnych\". Tak wi\u0119c ebook otrzymuje ten\u2026","rel":"","context":"W \u201eR\u00f3\u017cne&quot;","block_context":{"text":"R\u00f3\u017cne","link":"https:\/\/fotografiadlaciekawych.pl\/index.php\/category\/rozne\/"},"img":{"alt_text":"","src":"https:\/\/i0.wp.com\/fotografiadlaciekawych.pl\/wp-content\/uploads\/2019\/12\/191009_IMG_2279_1000px.jpg?resize=350%2C200&ssl=1","width":350,"height":200,"srcset":"https:\/\/i0.wp.com\/fotografiadlaciekawych.pl\/wp-content\/uploads\/2019\/12\/191009_IMG_2279_1000px.jpg?resize=350%2C200&ssl=1 1x, https:\/\/i0.wp.com\/fotografiadlaciekawych.pl\/wp-content\/uploads\/2019\/12\/191009_IMG_2279_1000px.jpg?resize=525%2C300&ssl=1 1.5x, https:\/\/i0.wp.com\/fotografiadlaciekawych.pl\/wp-content\/uploads\/2019\/12\/191009_IMG_2279_1000px.jpg?resize=700%2C400&ssl=1 2x"},"classes":[]},{"id":9640,"url":"https:\/\/fotografiadlaciekawych.pl\/index.php\/2016\/07\/14\/pierwsza-strona-spis-tresci-nowego-ebooka\/","url_meta":{"origin":13799,"position":1},"title":"Pierwsza strona i spis tre\u015bci nowego ebooka","author":"Przemys\u0142aw Oziemblewski","date":"czwartek, 14 lip 2016","format":false,"excerpt":"Serdecznie dzi\u0119kuj\u0119 za udzia\u0142 w g\u0142osowaniu na pierwsz\u0105 stron\u0119 nowego ebooka \"Ekspozycja - Barwa - Ostro\u015b\u0107\". Podliczy\u0142em wszystkie g\u0142osy oddane na FB, G+ oraz w postaci komentarza pod wpisem z propozycjami. Punktacja jest nast\u0119puj\u0105ca: Wersja nr 4 - 88 g\u0142os\u00f3w Wersja nr 5 - 58 g\u0142os\u00f3w Wersja nr 1 -\u2026","rel":"","context":"W \u201eKsi\u0105\u017cki&quot;","block_context":{"text":"Ksi\u0105\u017cki","link":"https:\/\/fotografiadlaciekawych.pl\/index.php\/category\/literatura\/ksiazki-literatura\/"},"img":{"alt_text":"Ekspozycja - Barwa - Ostro\u015b\u0107 - ok\u0142adka ebooka","src":"https:\/\/i0.wp.com\/fotografiadlaciekawych.pl\/wp-content\/uploads\/2016\/07\/Ekspozycja-Barwa-Ostrosc-okladka4-OK-283x400.jpg?resize=350%2C200","width":350,"height":200},"classes":[]},{"id":5493,"url":"https:\/\/fotografiadlaciekawych.pl\/index.php\/2012\/11\/06\/kto-jeszcze-chce-poznac-sekrety-filtra-polaryzacyjnego\/","url_meta":{"origin":13799,"position":2},"title":"Kto jeszcze chce pozna\u0107 sekrety filtra polaryzacyjnego?","author":"Przemys\u0142aw Oziemblewski","date":"wtorek, 6 lis 2012","format":false,"excerpt":"Ju\u017c ponad 400 os\u00f3b zapisa\u0142o si\u0119 na specjaln\u0105 list\u0119 i otrzyma\u0142o darmowy fragment nowej wersji ebooka o skutecznym wykorzystaniu filtra polaryzacyjnego. Do\u0142\u0105cz do nich - te\u017c si\u0119 zapisz - kliknij. Od razu po zapisaniu si\u0119 otrzymasz bezp\u0142atnie obszerny fragment publikacji. Przy tej okazji jeszcze raz serdecznie dzi\u0119kuj\u0119 osobom, kt\u00f3re wybra\u0142y\u2026","rel":"","context":"W \u201eKsi\u0105\u017cki&quot;","block_context":{"text":"Ksi\u0105\u017cki","link":"https:\/\/fotografiadlaciekawych.pl\/index.php\/category\/literatura\/ksiazki-literatura\/"},"img":{"alt_text":"Ok\u0142adka do ebooka o filtrze polaryzacyjnym","src":"https:\/\/i0.wp.com\/fotografiadlaciekawych.pl\/wp-content\/uploads\/2012\/11\/filtr-polaryzacyjny-okladka-282x400.jpg?resize=350%2C200","width":350,"height":200},"classes":[]},{"id":10028,"url":"https:\/\/fotografiadlaciekawych.pl\/index.php\/2016\/12\/13\/pierwsza-strona-i-spis-tresci-nowego-ebooka\/","url_meta":{"origin":13799,"position":3},"title":"Pierwsza strona i spis tre\u015bci nowego ebooka","author":"Przemys\u0142aw Oziemblewski","date":"wtorek, 13 gru 2016","format":false,"excerpt":"Serdecznie dzi\u0119kuj\u0119 za udzia\u0142 w g\u0142osowaniu na pierwsz\u0105 stron\u0119 nowego ebooka \u201eDIY - akcesoria fotograficzne\u201d. Dzi\u0119kuj\u0119 te\u017c za wszystkie komentarze i sugestie. Przeczyta\u0142em je uwa\u017cnie. W konsekwencji zmieni\u0142em podtytu\u0142 publikacji. Podliczy\u0142em wszystkie g\u0142osy zg\u0142oszone przez email, oddane na FB, G+ oraz w postaci komentarza pod wpisem z propozycjami. Punktacja jest\u2026","rel":"","context":"W \u201eKsi\u0105\u017cki&quot;","block_context":{"text":"Ksi\u0105\u017cki","link":"https:\/\/fotografiadlaciekawych.pl\/index.php\/category\/literatura\/ksiazki-literatura\/"},"img":{"alt_text":"Zdj\u0119cie na ok\u0142adk\u0119 ebooka","src":"https:\/\/i0.wp.com\/fotografiadlaciekawych.pl\/wp-content\/uploads\/2016\/12\/7040_850-400x267.jpg?resize=350%2C200","width":350,"height":200},"classes":[]},{"id":13787,"url":"https:\/\/fotografiadlaciekawych.pl\/index.php\/2019\/12\/10\/wybierz-okladke-do-nowego-ebooka-o-zdjeciach-nocnych\/","url_meta":{"origin":13799,"position":4},"title":"Wybierz &#8222;ok\u0142adk\u0119&#8221; do nowego ebooka o zdj\u0119ciach nocnych","author":"Przemys\u0142aw Oziemblewski","date":"wtorek, 10 gru 2019","format":false,"excerpt":"Mam do Ciebie ma\u0142\u0105 pro\u015bb\u0119. Pom\u00f3\u017c mi wybra\u0107 \"ok\u0142adk\u0119\" do nowego ebooka o zdj\u0119ciach nocnych. Przygotowa\u0142em sze\u015b\u0107 wersji. I teraz nie mog\u0119 si\u0119 zdecydowa\u0107, kt\u00f3r\u0105 wybra\u0107. Im wi\u0119kszy wyb\u00f3r zdj\u0119\u0107, tym trudniej jest mi podj\u0105\u0107 decyzj\u0119. Dlatego napisz prosz\u0119 w komentarzu, kt\u00f3ry numer \"ok\u0142adki\" wolisz. Tytu\u0142 ebooka jest na razie\u2026","rel":"","context":"W \u201eR\u00f3\u017cne&quot;","block_context":{"text":"R\u00f3\u017cne","link":"https:\/\/fotografiadlaciekawych.pl\/index.php\/category\/rozne\/"},"img":{"alt_text":"Czarnk\u00f3w","src":"https:\/\/i0.wp.com\/fotografiadlaciekawych.pl\/wp-content\/uploads\/2017\/08\/2838_850.jpg?resize=350%2C200&ssl=1","width":350,"height":200,"srcset":"https:\/\/i0.wp.com\/fotografiadlaciekawych.pl\/wp-content\/uploads\/2017\/08\/2838_850.jpg?resize=350%2C200&ssl=1 1x, https:\/\/i0.wp.com\/fotografiadlaciekawych.pl\/wp-content\/uploads\/2017\/08\/2838_850.jpg?resize=525%2C300&ssl=1 1.5x, https:\/\/i0.wp.com\/fotografiadlaciekawych.pl\/wp-content\/uploads\/2017\/08\/2838_850.jpg?resize=700%2C400&ssl=1 2x"},"classes":[]},{"id":21410,"url":"https:\/\/fotografiadlaciekawych.pl\/index.php\/2026\/03\/13\/wyniki-glosowania-na-okladke-nowego-ebooka\/","url_meta":{"origin":13799,"position":5},"title":"Wyniki g\u0142osowania na ok\u0142adk\u0119 nowego ebooka","author":"Przemys\u0142aw Oziemblewski","date":"pi\u0105tek, 13 mar 2026","format":false,"excerpt":"Serdecznie dzi\u0119kuj\u0119 wszystkim, za udzia\u0142 w g\u0142osowaniu na pierwsz\u0105 stron\u0119 nowego ebooka o kompozycji obrazu fotograficznego. Blisko sto os\u00f3b odda\u0142o sw\u00f3j g\u0142os za po\u015brednictwem bloga, Facebooka i wiadomo\u015bci email. To naprawd\u0119 imponuj\u0105ca liczba i bardzo mnie cieszy takie zainteresowanie. Wyniki okaza\u0142y si\u0119 do\u015b\u0107 jednoznaczne. Ok\u0142adka pierwsza zdoby\u0142a 62 g\u0142osy i\u2026","rel":"","context":"W \u201eKsi\u0105\u017cki&quot;","block_context":{"text":"Ksi\u0105\u017cki","link":"https:\/\/fotografiadlaciekawych.pl\/index.php\/category\/literatura\/ksiazki-literatura\/"},"img":{"alt_text":"","src":"https:\/\/i0.wp.com\/fotografiadlaciekawych.pl\/wp-content\/uploads\/2026\/03\/250920_P9201706_1080px-3.jpg?resize=350%2C200&ssl=1","width":350,"height":200,"srcset":"https:\/\/i0.wp.com\/fotografiadlaciekawych.pl\/wp-content\/uploads\/2026\/03\/250920_P9201706_1080px-3.jpg?resize=350%2C200&ssl=1 1x, https:\/\/i0.wp.com\/fotografiadlaciekawych.pl\/wp-content\/uploads\/2026\/03\/250920_P9201706_1080px-3.jpg?resize=525%2C300&ssl=1 1.5x, https:\/\/i0.wp.com\/fotografiadlaciekawych.pl\/wp-content\/uploads\/2026\/03\/250920_P9201706_1080px-3.jpg?resize=700%2C400&ssl=1 2x, https:\/\/i0.wp.com\/fotografiadlaciekawych.pl\/wp-content\/uploads\/2026\/03\/250920_P9201706_1080px-3.jpg?resize=1050%2C600&ssl=1 3x"},"classes":[]}],"_links":{"self":[{"href":"https:\/\/fotografiadlaciekawych.pl\/index.php\/wp-json\/wp\/v2\/posts\/13799","targetHints":{"allow":["GET"]}}],"collection":[{"href":"https:\/\/fotografiadlaciekawych.pl\/index.php\/wp-json\/wp\/v2\/posts"}],"about":[{"href":"https:\/\/fotografiadlaciekawych.pl\/index.php\/wp-json\/wp\/v2\/types\/post"}],"author":[{"embeddable":true,"href":"https:\/\/fotografiadlaciekawych.pl\/index.php\/wp-json\/wp\/v2\/users\/1"}],"replies":[{"embeddable":true,"href":"https:\/\/fotografiadlaciekawych.pl\/index.php\/wp-json\/wp\/v2\/comments?post=13799"}],"version-history":[{"count":4,"href":"https:\/\/fotografiadlaciekawych.pl\/index.php\/wp-json\/wp\/v2\/posts\/13799\/revisions"}],"predecessor-version":[{"id":13807,"href":"https:\/\/fotografiadlaciekawych.pl\/index.php\/wp-json\/wp\/v2\/posts\/13799\/revisions\/13807"}],"wp:featuredmedia":[{"embeddable":true,"href":"https:\/\/fotografiadlaciekawych.pl\/index.php\/wp-json\/wp\/v2\/media\/13804"}],"wp:attachment":[{"href":"https:\/\/fotografiadlaciekawych.pl\/index.php\/wp-json\/wp\/v2\/media?parent=13799"}],"wp:term":[{"taxonomy":"category","embeddable":true,"href":"https:\/\/fotografiadlaciekawych.pl\/index.php\/wp-json\/wp\/v2\/categories?post=13799"},{"taxonomy":"post_tag","embeddable":true,"href":"https:\/\/fotografiadlaciekawych.pl\/index.php\/wp-json\/wp\/v2\/tags?post=13799"}],"curies":[{"name":"wp","href":"https:\/\/api.w.org\/{rel}","templated":true}]}}