{"id":18889,"date":"2024-04-10T13:00:21","date_gmt":"2024-04-10T11:00:21","guid":{"rendered":"https:\/\/fotografiadlaciekawych.pl\/?p=18889"},"modified":"2024-04-10T13:00:50","modified_gmt":"2024-04-10T11:00:50","slug":"wymiana-gumowej-klapki-w-canon-eos-5d","status":"publish","type":"post","link":"https:\/\/fotografiadlaciekawych.pl\/index.php\/2024\/04\/10\/wymiana-gumowej-klapki-w-canon-eos-5d\/","title":{"rendered":"Wymiana gumowej klapki w Canon EOS 5D"},"content":{"rendered":"<p>Niedawno odkurzy\u0142em starego Canona EOS 5D (mia\u0142 swoj\u0105 premier\u0119 w 2005 roku) oraz jeszcze starszy obiektyw Pancolar 80 mm f\/1.8 MC Carl Zeiss Jena (prawdopodobnie z lat osiemdziesi\u0105tych zesz\u0142ego wieku). Aparat sprawny. Jedyny mankament to skrusza\u0142a guma zakrywaj\u0105ca gniazda. Czas zrobi\u0142 swoje i po prostu cz\u0119\u015b\u0107 gumy odpad\u0142a. Trzeba wi\u0119c j\u0105 wymieni\u0107. Poni\u017cej znajdziesz opis, jak samodzielnie naprawi\u0107 gumowe klapki zas\u0142aniaj\u0105ce gniazda w 5D.<br \/>\n<!--more--><br \/>\nNow\u0105 gum\u0119 zam\u00f3wi\u0142em na Aliexpress w cenie 12 z\u0142otych. Wcze\u015bniej jednak znalaz\u0142em na YouTube film z instrukcj\u0105 wymiany. Kiedy wi\u0119c tylko nowe gumowe klapki przyjecha\u0142y, wyj\u0105\u0142em bateri\u0119 zasilaj\u0105c\u0105 aparat i zabra\u0142em si\u0119 za wymian\u0119 klapek. <\/p>\n<h2>Naprawa gumy w Canon EOS 5D (mark I)<\/h2>\n<p>Do wymiany konieczne jest odklejenie cz\u0119\u015bci okleiny aparatu, by dosta\u0107 si\u0119 do \u015brubek. W sumie do odkr\u0119cenia jest ich siedem. Cztery w obr\u0119bie gniazd i trzy pod spodem aparatu. Cz\u0119\u015b\u0107 \u015brubek jest r\u00f3\u017cnego rozmiaru wi\u0119c, po odkr\u0119ceniu od\u0142\u00f3\u017c je w taki spos\u00f3b, by\u015b wiedzia\u0142\/wiedzia\u0142a, kt\u00f3ra powinna wr\u00f3ci\u0107, w kt\u00f3re miejsce przy skr\u0119caniu. Na poni\u017cszych zdj\u0119ciach na czerwono oznaczy\u0142em \u015brubki do odkr\u0119cenia.<\/p>\n<p>Po ich odkr\u0119ceniu nale\u017cy wyj\u0105\u0107 dolny uchwyt z pastylkow\u0105 bateri\u0105. Po naprawie b\u0119dzie konieczne ponowne ustawienia daty i czasu w aparacie.<\/p>\n<p>Odklejenie g\u00f3rnej cz\u0119\u015bci okleiny nad klapkami jest konieczne, by mie\u0107 doj\u015bcie do dw\u00f3ch \u015brubek. Poza tym trzeba te\u017c odchyli\u0107 j\u0105 troch\u0119 po lewej kraw\u0119dzi os\u0142ony gniazd, bo ona te\u017c przytrzymuje t\u0119 os\u0142on\u0119. Aby wyj\u0105\u0107 os\u0142on\u0119, trzeba troch\u0119 odchyli\u0107 plecy obudowy. Os\u0142ona wychodzi wtedy ju\u017c lekko.<\/p>\n<p>Po wyj\u0119ciu os\u0142ony gniazd mo\u017cna ju\u017c wymieni\u0107 gum\u0119 i zamocowa\u0107 wszystko z powrotem. Na poni\u017cszych zdj\u0119ciach masz pokazane wszystkie kroki.<\/p>\n<p><a href=\"https:\/\/fotografiadlaciekawych.pl\/wp-content\/uploads\/2024\/04\/240410_O4104368_1080px.jpg\" rel=\"lightbox\"><img loading=\"lazy\" decoding=\"async\" src=\"https:\/\/fotografiadlaciekawych.pl\/wp-content\/uploads\/2024\/04\/240410_O4104368_1080px-400x267.jpg\" alt=\"Aparat ze zniszczon\u0105 gumow\u0105 os\u0142on\u0105 gniazd.\" width=\"400\" height=\"267\" class=\"alignnone size-medium wp-image-18898\" srcset=\"https:\/\/fotografiadlaciekawych.pl\/wp-content\/uploads\/2024\/04\/240410_O4104368_1080px-400x267.jpg 400w, https:\/\/fotografiadlaciekawych.pl\/wp-content\/uploads\/2024\/04\/240410_O4104368_1080px-1024x683.jpg 1024w, https:\/\/fotografiadlaciekawych.pl\/wp-content\/uploads\/2024\/04\/240410_O4104368_1080px-768x512.jpg 768w, https:\/\/fotografiadlaciekawych.pl\/wp-content\/uploads\/2024\/04\/240410_O4104368_1080px.jpg 1080w\" sizes=\"auto, (max-width: 400px) 100vw, 400px\" \/><\/a><br \/>\n<em>Aparat Canon EOS 5D ze zniszczonymi gumowymi klapkami os\u0142ony gniazd.<\/em><\/p>\n<p><a href=\"https:\/\/fotografiadlaciekawych.pl\/wp-content\/uploads\/2024\/04\/240410_O4104371_1080px-oznaczone.jpg\" rel=\"lightbox\"><img loading=\"lazy\" decoding=\"async\" src=\"https:\/\/fotografiadlaciekawych.pl\/wp-content\/uploads\/2024\/04\/240410_O4104371_1080px-oznaczone-400x267.jpg\" alt=\"Oznaczone \u015brubki do odkr\u0119cenia w obr\u0119bie os\u0142ony gniazd.\" width=\"400\" height=\"267\" class=\"alignnone size-medium wp-image-18890\" srcset=\"https:\/\/fotografiadlaciekawych.pl\/wp-content\/uploads\/2024\/04\/240410_O4104371_1080px-oznaczone-400x267.jpg 400w, https:\/\/fotografiadlaciekawych.pl\/wp-content\/uploads\/2024\/04\/240410_O4104371_1080px-oznaczone-1024x683.jpg 1024w, https:\/\/fotografiadlaciekawych.pl\/wp-content\/uploads\/2024\/04\/240410_O4104371_1080px-oznaczone-768x512.jpg 768w, https:\/\/fotografiadlaciekawych.pl\/wp-content\/uploads\/2024\/04\/240410_O4104371_1080px-oznaczone.jpg 1080w\" sizes=\"auto, (max-width: 400px) 100vw, 400px\" \/><\/a><br \/>\n<em>Oznaczone \u015brubki do odkr\u0119cenia w obr\u0119bie os\u0142ony gniazd.<\/em><\/p>\n<p><a href=\"https:\/\/fotografiadlaciekawych.pl\/wp-content\/uploads\/2024\/04\/240410_O4104372_1080px-oznaczone.jpg\" rel=\"lightbox\"><img loading=\"lazy\" decoding=\"async\" src=\"https:\/\/fotografiadlaciekawych.pl\/wp-content\/uploads\/2024\/04\/240410_O4104372_1080px-oznaczone-400x267.jpg\" alt=\"Oznaczone \u015brubki do odkr\u0119cenia pod spodem aparatu.\" width=\"400\" height=\"267\" class=\"alignnone size-medium wp-image-18891\" srcset=\"https:\/\/fotografiadlaciekawych.pl\/wp-content\/uploads\/2024\/04\/240410_O4104372_1080px-oznaczone-400x267.jpg 400w, https:\/\/fotografiadlaciekawych.pl\/wp-content\/uploads\/2024\/04\/240410_O4104372_1080px-oznaczone-1024x683.jpg 1024w, https:\/\/fotografiadlaciekawych.pl\/wp-content\/uploads\/2024\/04\/240410_O4104372_1080px-oznaczone-768x512.jpg 768w, https:\/\/fotografiadlaciekawych.pl\/wp-content\/uploads\/2024\/04\/240410_O4104372_1080px-oznaczone.jpg 1080w\" sizes=\"auto, (max-width: 400px) 100vw, 400px\" \/><\/a><br \/>\n<em>Oznaczone \u015brubki do odkr\u0119cenia pod spodem aparatu.<\/em><\/p>\n<p><a href=\"https:\/\/fotografiadlaciekawych.pl\/wp-content\/uploads\/2024\/04\/240410_O4104373_1080px.jpg\" rel=\"lightbox\"><img loading=\"lazy\" decoding=\"async\" src=\"https:\/\/fotografiadlaciekawych.pl\/wp-content\/uploads\/2024\/04\/240410_O4104373_1080px-400x267.jpg\" alt=\"Odkr\u0119cone \u015brubki i wyj\u0119ta pastylkowa bateria z uchwytem.\" width=\"400\" height=\"267\" class=\"alignnone size-medium wp-image-18897\" srcset=\"https:\/\/fotografiadlaciekawych.pl\/wp-content\/uploads\/2024\/04\/240410_O4104373_1080px-400x267.jpg 400w, https:\/\/fotografiadlaciekawych.pl\/wp-content\/uploads\/2024\/04\/240410_O4104373_1080px-1024x683.jpg 1024w, https:\/\/fotografiadlaciekawych.pl\/wp-content\/uploads\/2024\/04\/240410_O4104373_1080px-768x512.jpg 768w, https:\/\/fotografiadlaciekawych.pl\/wp-content\/uploads\/2024\/04\/240410_O4104373_1080px.jpg 1080w\" sizes=\"auto, (max-width: 400px) 100vw, 400px\" \/><\/a><br \/>\n<em>Odkr\u0119cone \u015brubki i wyj\u0119ta pastylkowa bateria z uchwytem.<\/em><\/p>\n<p><a href=\"https:\/\/fotografiadlaciekawych.pl\/wp-content\/uploads\/2024\/04\/240410_O4104376_1080px.jpg\" rel=\"lightbox\"><img loading=\"lazy\" decoding=\"async\" src=\"https:\/\/fotografiadlaciekawych.pl\/wp-content\/uploads\/2024\/04\/240410_O4104376_1080px-400x267.jpg\" alt=\"Gotowa do wyj\u0119cia os\u0142ona gniazd.\" width=\"400\" height=\"267\" class=\"alignnone size-medium wp-image-18896\" srcset=\"https:\/\/fotografiadlaciekawych.pl\/wp-content\/uploads\/2024\/04\/240410_O4104376_1080px-400x267.jpg 400w, https:\/\/fotografiadlaciekawych.pl\/wp-content\/uploads\/2024\/04\/240410_O4104376_1080px-1024x683.jpg 1024w, https:\/\/fotografiadlaciekawych.pl\/wp-content\/uploads\/2024\/04\/240410_O4104376_1080px-768x512.jpg 768w, https:\/\/fotografiadlaciekawych.pl\/wp-content\/uploads\/2024\/04\/240410_O4104376_1080px.jpg 1080w\" sizes=\"auto, (max-width: 400px) 100vw, 400px\" \/><\/a><br \/>\n<em>Gotowa do wyj\u0119cia os\u0142ona gniazd.<\/em><\/p>\n<p><a href=\"https:\/\/fotografiadlaciekawych.pl\/wp-content\/uploads\/2024\/04\/240410_O4104380_1080px.jpg\" rel=\"lightbox\"><img loading=\"lazy\" decoding=\"async\" src=\"https:\/\/fotografiadlaciekawych.pl\/wp-content\/uploads\/2024\/04\/240410_O4104380_1080px-400x267.jpg\" alt=\"Odkr\u0119cona os\u0142ona gniazd i nowe gumowe klapki do tej os\u0142ony.\" width=\"400\" height=\"267\" class=\"alignnone size-medium wp-image-18893\" srcset=\"https:\/\/fotografiadlaciekawych.pl\/wp-content\/uploads\/2024\/04\/240410_O4104380_1080px-400x267.jpg 400w, https:\/\/fotografiadlaciekawych.pl\/wp-content\/uploads\/2024\/04\/240410_O4104380_1080px-1024x683.jpg 1024w, https:\/\/fotografiadlaciekawych.pl\/wp-content\/uploads\/2024\/04\/240410_O4104380_1080px-768x512.jpg 768w, https:\/\/fotografiadlaciekawych.pl\/wp-content\/uploads\/2024\/04\/240410_O4104380_1080px.jpg 1080w\" sizes=\"auto, (max-width: 400px) 100vw, 400px\" \/><\/a><br \/>\n<em>Odkr\u0119cona os\u0142ona gniazd i nowe gumowe klapki do tej os\u0142ony.<\/em><\/p>\n<p><a href=\"https:\/\/fotografiadlaciekawych.pl\/wp-content\/uploads\/2024\/04\/240410_O4104377_1080px.jpg\" rel=\"lightbox\"><img loading=\"lazy\" decoding=\"async\" src=\"https:\/\/fotografiadlaciekawych.pl\/wp-content\/uploads\/2024\/04\/240410_O4104377_1080px-400x267.jpg\" alt=\"Tak wygl\u0105da aparat z wyj\u0119t\u0105 os\u0142on\u0105 gniazd.\" width=\"400\" height=\"267\" class=\"alignnone size-medium wp-image-18895\" srcset=\"https:\/\/fotografiadlaciekawych.pl\/wp-content\/uploads\/2024\/04\/240410_O4104377_1080px-400x267.jpg 400w, https:\/\/fotografiadlaciekawych.pl\/wp-content\/uploads\/2024\/04\/240410_O4104377_1080px-1024x683.jpg 1024w, https:\/\/fotografiadlaciekawych.pl\/wp-content\/uploads\/2024\/04\/240410_O4104377_1080px-768x512.jpg 768w, https:\/\/fotografiadlaciekawych.pl\/wp-content\/uploads\/2024\/04\/240410_O4104377_1080px.jpg 1080w\" sizes=\"auto, (max-width: 400px) 100vw, 400px\" \/><\/a><br \/>\n<em>Tak wygl\u0105da aparat z wyj\u0119t\u0105 os\u0142on\u0105 gniazd.<\/em><\/p>\n<p><a href=\"https:\/\/fotografiadlaciekawych.pl\/wp-content\/uploads\/2024\/04\/240410_O4104381_1080px.jpg\" rel=\"lightbox\"><img loading=\"lazy\" decoding=\"async\" src=\"https:\/\/fotografiadlaciekawych.pl\/wp-content\/uploads\/2024\/04\/240410_O4104381_1080px-400x267.jpg\" alt=\"Nowe klapki zamocowane i aparat gotowy do skr\u0119cenia w ca\u0142o\u015b\u0107.\" width=\"400\" height=\"267\" class=\"alignnone size-medium wp-image-18894\" srcset=\"https:\/\/fotografiadlaciekawych.pl\/wp-content\/uploads\/2024\/04\/240410_O4104381_1080px-400x267.jpg 400w, https:\/\/fotografiadlaciekawych.pl\/wp-content\/uploads\/2024\/04\/240410_O4104381_1080px-1024x683.jpg 1024w, https:\/\/fotografiadlaciekawych.pl\/wp-content\/uploads\/2024\/04\/240410_O4104381_1080px-768x512.jpg 768w, https:\/\/fotografiadlaciekawych.pl\/wp-content\/uploads\/2024\/04\/240410_O4104381_1080px.jpg 1080w\" sizes=\"auto, (max-width: 400px) 100vw, 400px\" \/><\/a><br \/>\n<em>Nowe klapki zamocowane i aparat gotowy do skr\u0119cenia w ca\u0142o\u015b\u0107.<\/em><\/p>\n<p><a href=\"https:\/\/fotografiadlaciekawych.pl\/wp-content\/uploads\/2024\/04\/240410_O4104384_1080px.jpg\" rel=\"lightbox\"><img loading=\"lazy\" decoding=\"async\" src=\"https:\/\/fotografiadlaciekawych.pl\/wp-content\/uploads\/2024\/04\/240410_O4104384_1080px-400x267.jpg\" alt=\"Aparat z nowymi gumami os\u0142ony gniazd.\" width=\"400\" height=\"267\" class=\"alignnone size-medium wp-image-18892\" srcset=\"https:\/\/fotografiadlaciekawych.pl\/wp-content\/uploads\/2024\/04\/240410_O4104384_1080px-400x267.jpg 400w, https:\/\/fotografiadlaciekawych.pl\/wp-content\/uploads\/2024\/04\/240410_O4104384_1080px-1024x683.jpg 1024w, https:\/\/fotografiadlaciekawych.pl\/wp-content\/uploads\/2024\/04\/240410_O4104384_1080px-768x512.jpg 768w, https:\/\/fotografiadlaciekawych.pl\/wp-content\/uploads\/2024\/04\/240410_O4104384_1080px.jpg 1080w\" sizes=\"auto, (max-width: 400px) 100vw, 400px\" \/><\/a><br \/>\n<em>Aparat z nowymi gumami os\u0142ony gniazd.<\/em><\/p>\n<p>Zobacz te\u017c znalezion\u0105 na YouTube instrukcja wymiany klapki<br \/>\n<iframe loading=\"lazy\" title=\"Repair rubber canon  eos 5D mark I\" width=\"474\" height=\"267\" src=\"https:\/\/www.youtube.com\/embed\/jzeesAojSZM?feature=oembed\" frameborder=\"0\" allow=\"accelerometer; autoplay; clipboard-write; encrypted-media; gyroscope; picture-in-picture; web-share\" referrerpolicy=\"strict-origin-when-cross-origin\" allowfullscreen><\/iframe><\/p>\n<p>Jest to dygi aparat, w kt\u00f3rym wymieniam klapki os\u0142aniaj\u0105ce gniazda w aparacie. Wcze\u015bniejsz\u0105 wymian\u0119 mo\u017cesz zobaczy\u0107 we wpisie <a href=\"https:\/\/fotografiadlaciekawych.pl\/index.php\/2017\/12\/13\/wymiana-klapki-canon-eos-50d\/\">Wymiana klapki zas\u0142aniaj\u0105cej gniazda w Canonie EOS 50D<\/a>.<\/p>\n<p>Taka naprawa jest do\u015b\u0107 prostym zabiegiem, kt\u00f3ry mo\u017cna zrobi\u0107 samodzielnie.<\/p>\n","protected":false},"excerpt":{"rendered":"<p>Niedawno odkurzy\u0142em starego Canona EOS 5D (mia\u0142 swoj\u0105 premier\u0119 w 2005 roku) oraz jeszcze starszy obiektyw Pancolar 80 mm f\/1.8 MC Carl Zeiss Jena (prawdopodobnie z lat osiemdziesi\u0105tych zesz\u0142ego wieku). Aparat sprawny. Jedyny mankament to skrusza\u0142a guma zakrywaj\u0105ca gniazda. Czas zrobi\u0142 swoje i po prostu cz\u0119\u015b\u0107 gumy odpad\u0142a. Trzeba wi\u0119c j\u0105 wymieni\u0107. Poni\u017cej znajdziesz opis, &hellip; <a href=\"https:\/\/fotografiadlaciekawych.pl\/index.php\/2024\/04\/10\/wymiana-gumowej-klapki-w-canon-eos-5d\/\" class=\"more-link\">Czytaj dalej <span class=\"screen-reader-text\">Wymiana gumowej klapki w Canon EOS 5D<\/span> <span class=\"meta-nav\">&rarr;<\/span><\/a><\/p>\n","protected":false},"author":1,"featured_media":18898,"comment_status":"open","ping_status":"closed","sticky":false,"template":"","format":"standard","meta":{"_jetpack_newsletter_access":"","_jetpack_dont_email_post_to_subs":false,"_jetpack_newsletter_tier_id":0,"_jetpack_memberships_contains_paywalled_content":false,"_jetpack_feature_clip_id":0,"_jetpack_memberships_contains_paid_content":false,"footnotes":"","jetpack_publicize_message":"","jetpack_publicize_feature_enabled":true,"jetpack_social_post_already_shared":true,"jetpack_social_options":{"image_generator_settings":{"template":"highway","default_image_id":0,"font":"","enabled":false},"version":2},"jetpack_post_was_ever_published":false},"categories":[157],"tags":[918],"class_list":["post-18889","post","type-post","status-publish","format-standard","has-post-thumbnail","hentry","category-aparaty","tag-naprawa"],"yoast_head":"<!-- This site is optimized with the Yoast SEO plugin v28.4 - https:\/\/yoast.com\/product\/yoast-seo-wordpress\/ -->\n<title>Wymiana gumowej klapki w Canon EOS 5D<\/title>\n<meta name=\"description\" content=\"Zobacz, jak samodzielnie naprawi\u0107 gumowe klapki zas\u0142aniaj\u0105ce gniazda w aparacie Canon EOS 5D? Jak szybko wymieni\u0107 te gumki na nowe?\" \/>\n<meta name=\"robots\" content=\"index, follow, max-snippet:-1, max-image-preview:large, max-video-preview:-1\" \/>\n<link rel=\"canonical\" href=\"https:\/\/fotografiadlaciekawych.pl\/index.php\/2024\/04\/10\/wymiana-gumowej-klapki-w-canon-eos-5d\/\" \/>\n<meta property=\"og:locale\" content=\"pl_PL\" \/>\n<meta property=\"og:type\" content=\"article\" \/>\n<meta property=\"og:title\" content=\"Wymiana gumowej klapki w Canon EOS 5D\" \/>\n<meta property=\"og:description\" content=\"Zobacz, jak samodzielnie naprawi\u0107 gumowe klapki zas\u0142aniaj\u0105ce gniazda w aparacie Canon EOS 5D? Jak szybko wymieni\u0107 te gumki na nowe?\" \/>\n<meta property=\"og:url\" content=\"https:\/\/fotografiadlaciekawych.pl\/index.php\/2024\/04\/10\/wymiana-gumowej-klapki-w-canon-eos-5d\/\" \/>\n<meta property=\"og:site_name\" content=\"Fotografia dla ciekawych\" \/>\n<meta property=\"article:publisher\" content=\"https:\/\/www.facebook.com\/przemyslaw.oziemblewski\" \/>\n<meta property=\"article:author\" content=\"https:\/\/www.facebook.com\/przemyslaw.oziemblewski\" \/>\n<meta property=\"article:published_time\" content=\"2024-04-10T11:00:21+00:00\" \/>\n<meta property=\"article:modified_time\" content=\"2024-04-10T11:00:50+00:00\" \/>\n<meta property=\"og:image\" content=\"https:\/\/fotografiadlaciekawych.pl\/wp-content\/uploads\/2024\/04\/240410_O4104368_1080px.jpg\" \/>\n\t<meta property=\"og:image:width\" content=\"1080\" \/>\n\t<meta property=\"og:image:height\" content=\"720\" \/>\n\t<meta property=\"og:image:type\" content=\"image\/jpeg\" \/>\n<meta name=\"author\" content=\"Przemys\u0142aw Oziemblewski\" \/>\n<meta name=\"twitter:label1\" content=\"Napisane przez\" \/>\n\t<meta name=\"twitter:data1\" content=\"Przemys\u0142aw Oziemblewski\" \/>\n\t<meta name=\"twitter:label2\" content=\"Szacowany czas czytania\" \/>\n\t<meta name=\"twitter:data2\" content=\"5 minut\" \/>\n<script type=\"application\/ld+json\" class=\"yoast-schema-graph\">{\"@context\":\"https:\\\/\\\/schema.org\",\"@graph\":[{\"@type\":\"Article\",\"@id\":\"https:\\\/\\\/fotografiadlaciekawych.pl\\\/index.php\\\/2024\\\/04\\\/10\\\/wymiana-gumowej-klapki-w-canon-eos-5d\\\/#article\",\"isPartOf\":{\"@id\":\"https:\\\/\\\/fotografiadlaciekawych.pl\\\/index.php\\\/2024\\\/04\\\/10\\\/wymiana-gumowej-klapki-w-canon-eos-5d\\\/\"},\"author\":{\"name\":\"Przemys\u0142aw Oziemblewski\",\"@id\":\"https:\\\/\\\/fotografiadlaciekawych.pl\\\/#\\\/schema\\\/person\\\/a9c16bf51d40163ef50c7170ff56de4d\"},\"headline\":\"Wymiana gumowej klapki w Canon EOS 5D\",\"datePublished\":\"2024-04-10T11:00:21+00:00\",\"dateModified\":\"2024-04-10T11:00:50+00:00\",\"mainEntityOfPage\":{\"@id\":\"https:\\\/\\\/fotografiadlaciekawych.pl\\\/index.php\\\/2024\\\/04\\\/10\\\/wymiana-gumowej-klapki-w-canon-eos-5d\\\/\"},\"wordCount\":460,\"commentCount\":0,\"publisher\":{\"@id\":\"https:\\\/\\\/fotografiadlaciekawych.pl\\\/#\\\/schema\\\/person\\\/a9c16bf51d40163ef50c7170ff56de4d\"},\"image\":{\"@id\":\"https:\\\/\\\/fotografiadlaciekawych.pl\\\/index.php\\\/2024\\\/04\\\/10\\\/wymiana-gumowej-klapki-w-canon-eos-5d\\\/#primaryimage\"},\"thumbnailUrl\":\"https:\\\/\\\/fotografiadlaciekawych.pl\\\/wp-content\\\/uploads\\\/2024\\\/04\\\/240410_O4104368_1080px.jpg\",\"keywords\":[\"naprawa\"],\"articleSection\":[\"Aparaty\"],\"inLanguage\":\"pl-PL\",\"potentialAction\":[{\"@type\":\"CommentAction\",\"name\":\"Comment\",\"target\":[\"https:\\\/\\\/fotografiadlaciekawych.pl\\\/index.php\\\/2024\\\/04\\\/10\\\/wymiana-gumowej-klapki-w-canon-eos-5d\\\/#respond\"]}]},{\"@type\":\"WebPage\",\"@id\":\"https:\\\/\\\/fotografiadlaciekawych.pl\\\/index.php\\\/2024\\\/04\\\/10\\\/wymiana-gumowej-klapki-w-canon-eos-5d\\\/\",\"url\":\"https:\\\/\\\/fotografiadlaciekawych.pl\\\/index.php\\\/2024\\\/04\\\/10\\\/wymiana-gumowej-klapki-w-canon-eos-5d\\\/\",\"name\":\"Wymiana gumowej klapki w Canon EOS 5D\",\"isPartOf\":{\"@id\":\"https:\\\/\\\/fotografiadlaciekawych.pl\\\/#website\"},\"primaryImageOfPage\":{\"@id\":\"https:\\\/\\\/fotografiadlaciekawych.pl\\\/index.php\\\/2024\\\/04\\\/10\\\/wymiana-gumowej-klapki-w-canon-eos-5d\\\/#primaryimage\"},\"image\":{\"@id\":\"https:\\\/\\\/fotografiadlaciekawych.pl\\\/index.php\\\/2024\\\/04\\\/10\\\/wymiana-gumowej-klapki-w-canon-eos-5d\\\/#primaryimage\"},\"thumbnailUrl\":\"https:\\\/\\\/fotografiadlaciekawych.pl\\\/wp-content\\\/uploads\\\/2024\\\/04\\\/240410_O4104368_1080px.jpg\",\"datePublished\":\"2024-04-10T11:00:21+00:00\",\"dateModified\":\"2024-04-10T11:00:50+00:00\",\"description\":\"Zobacz, jak samodzielnie naprawi\u0107 gumowe klapki zas\u0142aniaj\u0105ce gniazda w aparacie Canon EOS 5D? Jak szybko wymieni\u0107 te gumki na nowe?\",\"breadcrumb\":{\"@id\":\"https:\\\/\\\/fotografiadlaciekawych.pl\\\/index.php\\\/2024\\\/04\\\/10\\\/wymiana-gumowej-klapki-w-canon-eos-5d\\\/#breadcrumb\"},\"inLanguage\":\"pl-PL\",\"potentialAction\":[{\"@type\":\"ReadAction\",\"target\":[\"https:\\\/\\\/fotografiadlaciekawych.pl\\\/index.php\\\/2024\\\/04\\\/10\\\/wymiana-gumowej-klapki-w-canon-eos-5d\\\/\"]}]},{\"@type\":\"ImageObject\",\"inLanguage\":\"pl-PL\",\"@id\":\"https:\\\/\\\/fotografiadlaciekawych.pl\\\/index.php\\\/2024\\\/04\\\/10\\\/wymiana-gumowej-klapki-w-canon-eos-5d\\\/#primaryimage\",\"url\":\"https:\\\/\\\/fotografiadlaciekawych.pl\\\/wp-content\\\/uploads\\\/2024\\\/04\\\/240410_O4104368_1080px.jpg\",\"contentUrl\":\"https:\\\/\\\/fotografiadlaciekawych.pl\\\/wp-content\\\/uploads\\\/2024\\\/04\\\/240410_O4104368_1080px.jpg\",\"width\":1080,\"height\":720,\"caption\":\"Aparat ze zniszczon\u0105 gumow\u0105 os\u0142on\u0105 gniazd.\"},{\"@type\":\"BreadcrumbList\",\"@id\":\"https:\\\/\\\/fotografiadlaciekawych.pl\\\/index.php\\\/2024\\\/04\\\/10\\\/wymiana-gumowej-klapki-w-canon-eos-5d\\\/#breadcrumb\",\"itemListElement\":[{\"@type\":\"ListItem\",\"position\":1,\"name\":\"Home\",\"item\":\"https:\\\/\\\/fotografiadlaciekawych.pl\\\/\"},{\"@type\":\"ListItem\",\"position\":2,\"name\":\"Wymiana gumowej klapki w Canon EOS 5D\"}]},{\"@type\":\"WebSite\",\"@id\":\"https:\\\/\\\/fotografiadlaciekawych.pl\\\/#website\",\"url\":\"https:\\\/\\\/fotografiadlaciekawych.pl\\\/\",\"name\":\"Fotografia dla ciekawych\",\"description\":\"Blog prowadzony od 2008 r.\",\"publisher\":{\"@id\":\"https:\\\/\\\/fotografiadlaciekawych.pl\\\/#\\\/schema\\\/person\\\/a9c16bf51d40163ef50c7170ff56de4d\"},\"potentialAction\":[{\"@type\":\"SearchAction\",\"target\":{\"@type\":\"EntryPoint\",\"urlTemplate\":\"https:\\\/\\\/fotografiadlaciekawych.pl\\\/?s={search_term_string}\"},\"query-input\":{\"@type\":\"PropertyValueSpecification\",\"valueRequired\":true,\"valueName\":\"search_term_string\"}}],\"inLanguage\":\"pl-PL\"},{\"@type\":[\"Person\",\"Organization\"],\"@id\":\"https:\\\/\\\/fotografiadlaciekawych.pl\\\/#\\\/schema\\\/person\\\/a9c16bf51d40163ef50c7170ff56de4d\",\"name\":\"Przemys\u0142aw Oziemblewski\",\"image\":{\"@type\":\"ImageObject\",\"inLanguage\":\"pl-PL\",\"@id\":\"https:\\\/\\\/fotografiadlaciekawych.pl\\\/wp-content\\\/uploads\\\/2020\\\/12\\\/przemek-oziemblewski-250px.jpg\",\"url\":\"https:\\\/\\\/fotografiadlaciekawych.pl\\\/wp-content\\\/uploads\\\/2020\\\/12\\\/przemek-oziemblewski-250px.jpg\",\"contentUrl\":\"https:\\\/\\\/fotografiadlaciekawych.pl\\\/wp-content\\\/uploads\\\/2020\\\/12\\\/przemek-oziemblewski-250px.jpg\",\"width\":250,\"height\":250,\"caption\":\"Przemys\u0142aw Oziemblewski\"},\"logo\":{\"@id\":\"https:\\\/\\\/fotografiadlaciekawych.pl\\\/wp-content\\\/uploads\\\/2020\\\/12\\\/przemek-oziemblewski-250px.jpg\"},\"sameAs\":[\"http:\\\/\\\/fotografiadlaciekawych.pl\",\"https:\\\/\\\/www.facebook.com\\\/przemyslaw.oziemblewski\",\"https:\\\/\\\/www.instagram.com\\\/p.oziemblewski\\\/\",\"https:\\\/\\\/www.pinterest.com\\\/fotodcpl\\\/\",\"https:\\\/\\\/youtube.com\\\/@PrzemyslawOziemblewski\"]}]}<\/script>\n<!-- \/ Yoast SEO plugin. -->","yoast_head_json":{"title":"Wymiana gumowej klapki w Canon EOS 5D","description":"Zobacz, jak samodzielnie naprawi\u0107 gumowe klapki zas\u0142aniaj\u0105ce gniazda w aparacie Canon EOS 5D? Jak szybko wymieni\u0107 te gumki na nowe?","robots":{"index":"index","follow":"follow","max-snippet":"max-snippet:-1","max-image-preview":"max-image-preview:large","max-video-preview":"max-video-preview:-1"},"canonical":"https:\/\/fotografiadlaciekawych.pl\/index.php\/2024\/04\/10\/wymiana-gumowej-klapki-w-canon-eos-5d\/","og_locale":"pl_PL","og_type":"article","og_title":"Wymiana gumowej klapki w Canon EOS 5D","og_description":"Zobacz, jak samodzielnie naprawi\u0107 gumowe klapki zas\u0142aniaj\u0105ce gniazda w aparacie Canon EOS 5D? Jak szybko wymieni\u0107 te gumki na nowe?","og_url":"https:\/\/fotografiadlaciekawych.pl\/index.php\/2024\/04\/10\/wymiana-gumowej-klapki-w-canon-eos-5d\/","og_site_name":"Fotografia dla ciekawych","article_publisher":"https:\/\/www.facebook.com\/przemyslaw.oziemblewski","article_author":"https:\/\/www.facebook.com\/przemyslaw.oziemblewski","article_published_time":"2024-04-10T11:00:21+00:00","article_modified_time":"2024-04-10T11:00:50+00:00","og_image":[{"width":1080,"height":720,"url":"https:\/\/fotografiadlaciekawych.pl\/wp-content\/uploads\/2024\/04\/240410_O4104368_1080px.jpg","type":"image\/jpeg"}],"author":"Przemys\u0142aw Oziemblewski","twitter_misc":{"Napisane przez":"Przemys\u0142aw Oziemblewski","Szacowany czas czytania":"5 minut"},"schema":{"@context":"https:\/\/schema.org","@graph":[{"@type":"Article","@id":"https:\/\/fotografiadlaciekawych.pl\/index.php\/2024\/04\/10\/wymiana-gumowej-klapki-w-canon-eos-5d\/#article","isPartOf":{"@id":"https:\/\/fotografiadlaciekawych.pl\/index.php\/2024\/04\/10\/wymiana-gumowej-klapki-w-canon-eos-5d\/"},"author":{"name":"Przemys\u0142aw Oziemblewski","@id":"https:\/\/fotografiadlaciekawych.pl\/#\/schema\/person\/a9c16bf51d40163ef50c7170ff56de4d"},"headline":"Wymiana gumowej klapki w Canon EOS 5D","datePublished":"2024-04-10T11:00:21+00:00","dateModified":"2024-04-10T11:00:50+00:00","mainEntityOfPage":{"@id":"https:\/\/fotografiadlaciekawych.pl\/index.php\/2024\/04\/10\/wymiana-gumowej-klapki-w-canon-eos-5d\/"},"wordCount":460,"commentCount":0,"publisher":{"@id":"https:\/\/fotografiadlaciekawych.pl\/#\/schema\/person\/a9c16bf51d40163ef50c7170ff56de4d"},"image":{"@id":"https:\/\/fotografiadlaciekawych.pl\/index.php\/2024\/04\/10\/wymiana-gumowej-klapki-w-canon-eos-5d\/#primaryimage"},"thumbnailUrl":"https:\/\/fotografiadlaciekawych.pl\/wp-content\/uploads\/2024\/04\/240410_O4104368_1080px.jpg","keywords":["naprawa"],"articleSection":["Aparaty"],"inLanguage":"pl-PL","potentialAction":[{"@type":"CommentAction","name":"Comment","target":["https:\/\/fotografiadlaciekawych.pl\/index.php\/2024\/04\/10\/wymiana-gumowej-klapki-w-canon-eos-5d\/#respond"]}]},{"@type":"WebPage","@id":"https:\/\/fotografiadlaciekawych.pl\/index.php\/2024\/04\/10\/wymiana-gumowej-klapki-w-canon-eos-5d\/","url":"https:\/\/fotografiadlaciekawych.pl\/index.php\/2024\/04\/10\/wymiana-gumowej-klapki-w-canon-eos-5d\/","name":"Wymiana gumowej klapki w Canon EOS 5D","isPartOf":{"@id":"https:\/\/fotografiadlaciekawych.pl\/#website"},"primaryImageOfPage":{"@id":"https:\/\/fotografiadlaciekawych.pl\/index.php\/2024\/04\/10\/wymiana-gumowej-klapki-w-canon-eos-5d\/#primaryimage"},"image":{"@id":"https:\/\/fotografiadlaciekawych.pl\/index.php\/2024\/04\/10\/wymiana-gumowej-klapki-w-canon-eos-5d\/#primaryimage"},"thumbnailUrl":"https:\/\/fotografiadlaciekawych.pl\/wp-content\/uploads\/2024\/04\/240410_O4104368_1080px.jpg","datePublished":"2024-04-10T11:00:21+00:00","dateModified":"2024-04-10T11:00:50+00:00","description":"Zobacz, jak samodzielnie naprawi\u0107 gumowe klapki zas\u0142aniaj\u0105ce gniazda w aparacie Canon EOS 5D? Jak szybko wymieni\u0107 te gumki na nowe?","breadcrumb":{"@id":"https:\/\/fotografiadlaciekawych.pl\/index.php\/2024\/04\/10\/wymiana-gumowej-klapki-w-canon-eos-5d\/#breadcrumb"},"inLanguage":"pl-PL","potentialAction":[{"@type":"ReadAction","target":["https:\/\/fotografiadlaciekawych.pl\/index.php\/2024\/04\/10\/wymiana-gumowej-klapki-w-canon-eos-5d\/"]}]},{"@type":"ImageObject","inLanguage":"pl-PL","@id":"https:\/\/fotografiadlaciekawych.pl\/index.php\/2024\/04\/10\/wymiana-gumowej-klapki-w-canon-eos-5d\/#primaryimage","url":"https:\/\/fotografiadlaciekawych.pl\/wp-content\/uploads\/2024\/04\/240410_O4104368_1080px.jpg","contentUrl":"https:\/\/fotografiadlaciekawych.pl\/wp-content\/uploads\/2024\/04\/240410_O4104368_1080px.jpg","width":1080,"height":720,"caption":"Aparat ze zniszczon\u0105 gumow\u0105 os\u0142on\u0105 gniazd."},{"@type":"BreadcrumbList","@id":"https:\/\/fotografiadlaciekawych.pl\/index.php\/2024\/04\/10\/wymiana-gumowej-klapki-w-canon-eos-5d\/#breadcrumb","itemListElement":[{"@type":"ListItem","position":1,"name":"Home","item":"https:\/\/fotografiadlaciekawych.pl\/"},{"@type":"ListItem","position":2,"name":"Wymiana gumowej klapki w Canon EOS 5D"}]},{"@type":"WebSite","@id":"https:\/\/fotografiadlaciekawych.pl\/#website","url":"https:\/\/fotografiadlaciekawych.pl\/","name":"Fotografia dla ciekawych","description":"Blog prowadzony od 2008 r.","publisher":{"@id":"https:\/\/fotografiadlaciekawych.pl\/#\/schema\/person\/a9c16bf51d40163ef50c7170ff56de4d"},"potentialAction":[{"@type":"SearchAction","target":{"@type":"EntryPoint","urlTemplate":"https:\/\/fotografiadlaciekawych.pl\/?s={search_term_string}"},"query-input":{"@type":"PropertyValueSpecification","valueRequired":true,"valueName":"search_term_string"}}],"inLanguage":"pl-PL"},{"@type":["Person","Organization"],"@id":"https:\/\/fotografiadlaciekawych.pl\/#\/schema\/person\/a9c16bf51d40163ef50c7170ff56de4d","name":"Przemys\u0142aw Oziemblewski","image":{"@type":"ImageObject","inLanguage":"pl-PL","@id":"https:\/\/fotografiadlaciekawych.pl\/wp-content\/uploads\/2020\/12\/przemek-oziemblewski-250px.jpg","url":"https:\/\/fotografiadlaciekawych.pl\/wp-content\/uploads\/2020\/12\/przemek-oziemblewski-250px.jpg","contentUrl":"https:\/\/fotografiadlaciekawych.pl\/wp-content\/uploads\/2020\/12\/przemek-oziemblewski-250px.jpg","width":250,"height":250,"caption":"Przemys\u0142aw Oziemblewski"},"logo":{"@id":"https:\/\/fotografiadlaciekawych.pl\/wp-content\/uploads\/2020\/12\/przemek-oziemblewski-250px.jpg"},"sameAs":["http:\/\/fotografiadlaciekawych.pl","https:\/\/www.facebook.com\/przemyslaw.oziemblewski","https:\/\/www.instagram.com\/p.oziemblewski\/","https:\/\/www.pinterest.com\/fotodcpl\/","https:\/\/youtube.com\/@PrzemyslawOziemblewski"]}]}},"jetpack_publicize_connections":[],"jetpack_sharing_enabled":true,"jetpack-related-posts":[{"id":11274,"url":"https:\/\/fotografiadlaciekawych.pl\/index.php\/2017\/12\/13\/wymiana-klapki-canon-eos-50d\/","url_meta":{"origin":18889,"position":0},"title":"Wymiana klapki zas\u0142aniaj\u0105cej gniazda w Canonie EOS 50D","author":"Przemys\u0142aw Oziemblewski","date":"\u015broda, 13 gru 2017","format":false,"excerpt":"To si\u0119 zdarza. Cz\u0119\u015bci ruchome lubi\u0105 si\u0119 psu\u0107. Tak by\u0142o w przypadku klapki zas\u0142aniaj\u0105cej gniazda w Canonie EOS 50D. Przy wyci\u0105ganiu z ciasnego plecaka naderwa\u0142em gumow\u0105 klap\u0119. Pocz\u0105tkowo naprawi\u0142em j\u0105 przez naklejenie dodatkowej warstwy na zewn\u0105trz. Nie wygl\u0105da\u0142o to jednak zbyt elegancko. Trafi\u0142em jednak na sklep, gdzie mog\u0142em kupi\u0107 now\u0105.\u2026","rel":"","context":"W \u201eZr\u00f3b to sam&quot;","block_context":{"text":"Zr\u00f3b to sam","link":"https:\/\/fotografiadlaciekawych.pl\/index.php\/category\/zrob-to-sam\/"},"img":{"alt_text":"","src":"https:\/\/i0.wp.com\/fotografiadlaciekawych.pl\/wp-content\/uploads\/2017\/12\/naprawa-klapki-eos-50D-1873_850-04.jpg?resize=350%2C200&ssl=1","width":350,"height":200,"srcset":"https:\/\/i0.wp.com\/fotografiadlaciekawych.pl\/wp-content\/uploads\/2017\/12\/naprawa-klapki-eos-50D-1873_850-04.jpg?resize=350%2C200&ssl=1 1x, https:\/\/i0.wp.com\/fotografiadlaciekawych.pl\/wp-content\/uploads\/2017\/12\/naprawa-klapki-eos-50D-1873_850-04.jpg?resize=525%2C300&ssl=1 1.5x, https:\/\/i0.wp.com\/fotografiadlaciekawych.pl\/wp-content\/uploads\/2017\/12\/naprawa-klapki-eos-50D-1873_850-04.jpg?resize=700%2C400&ssl=1 2x"},"classes":[]},{"id":12716,"url":"https:\/\/fotografiadlaciekawych.pl\/index.php\/2019\/08\/20\/uzywany-aparat-fotograficzny-czy-warto-kupic-i-jak-sprawdzic\/","url_meta":{"origin":18889,"position":1},"title":"U\u017cywany aparat fotograficzny &#8211; czy warto kupi\u0107 i jak sprawdzi\u0107","author":"Przemys\u0142aw Oziemblewski","date":"wtorek, 20 sie 2019","format":false,"excerpt":"Czy warto kupi\u0107 u\u017cywany aparat fotograficzny? Czy warto kupi\u0107 lepszy aparat u\u017cywany czy jednak ta\u0144szy a nowy i jak sprawdzi\u0107 czy ten u\u017cywany jest dobry? Dosta\u0142em pytanie od Macieja: \"Witam. Jestem jednym z pewnie wielu os\u00f3b, kt\u00f3rym wysy\u0142a Pan mejle i dzieli si\u0119 swoj\u0105 pasj\u0105 i osi\u0105gni\u0119ciami. St\u0105d uwa\u017cam Pana\u2026","rel":"","context":"W \u201eAparaty&quot;","block_context":{"text":"Aparaty","link":"https:\/\/fotografiadlaciekawych.pl\/index.php\/category\/sprzet-fotograficzny\/aparaty\/"},"img":{"alt_text":"U\u017cywany aparat fotograficzny EOS 5D","src":"https:\/\/i0.wp.com\/fotografiadlaciekawych.pl\/wp-content\/uploads\/2019\/08\/uzywany-aparat-fotograficzny-141016_6248_1000px.jpg?resize=350%2C200&ssl=1","width":350,"height":200,"srcset":"https:\/\/i0.wp.com\/fotografiadlaciekawych.pl\/wp-content\/uploads\/2019\/08\/uzywany-aparat-fotograficzny-141016_6248_1000px.jpg?resize=350%2C200&ssl=1 1x, https:\/\/i0.wp.com\/fotografiadlaciekawych.pl\/wp-content\/uploads\/2019\/08\/uzywany-aparat-fotograficzny-141016_6248_1000px.jpg?resize=525%2C300&ssl=1 1.5x, https:\/\/i0.wp.com\/fotografiadlaciekawych.pl\/wp-content\/uploads\/2019\/08\/uzywany-aparat-fotograficzny-141016_6248_1000px.jpg?resize=700%2C400&ssl=1 2x"},"classes":[]},{"id":18244,"url":"https:\/\/fotografiadlaciekawych.pl\/index.php\/2023\/11\/14\/jak-dobrac-obiektyw-do-aparatu-czy-wybrany-obiektyw-bedzie-pasowal\/","url_meta":{"origin":18889,"position":2},"title":"Jak dobra\u0107 obiektyw do aparatu? Czy wybrany obiektyw b\u0119dzie pasowa\u0142?","author":"Przemys\u0142aw Oziemblewski","date":"wtorek, 14 lis 2023","format":false,"excerpt":"Dosta\u0142em pytanie od Zuzanny \u201eCzy do aparatu Canon EOS 2000D pasowa\u0142by obiektyw Meike M\u201d? Dobieraj\u0105c obiektyw do swojego aparatu, nale\u017cy przede wszystkim uwzgl\u0119dni\u0107 spos\u00f3b jego mocowania do korpusu. Nale\u017cy na to zwr\u00f3ci\u0107 uwag\u0119 nawet wtedy, kiedy obiektyw jest tego samego producenta. W ramach jednej marki mo\u017ce bowiem wyst\u0119powa\u0107 kilka rodzaj\u00f3w\u2026","rel":"","context":"W \u201eAparaty&quot;","block_context":{"text":"Aparaty","link":"https:\/\/fotografiadlaciekawych.pl\/index.php\/category\/sprzet-fotograficzny\/aparaty\/"},"img":{"alt_text":"Aparat i obiektyw","src":"https:\/\/i0.wp.com\/fotografiadlaciekawych.pl\/wp-content\/uploads\/2023\/11\/220509_IMG_1371_1080px.jpg?resize=350%2C200&ssl=1","width":350,"height":200,"srcset":"https:\/\/i0.wp.com\/fotografiadlaciekawych.pl\/wp-content\/uploads\/2023\/11\/220509_IMG_1371_1080px.jpg?resize=350%2C200&ssl=1 1x, https:\/\/i0.wp.com\/fotografiadlaciekawych.pl\/wp-content\/uploads\/2023\/11\/220509_IMG_1371_1080px.jpg?resize=525%2C300&ssl=1 1.5x, https:\/\/i0.wp.com\/fotografiadlaciekawych.pl\/wp-content\/uploads\/2023\/11\/220509_IMG_1371_1080px.jpg?resize=700%2C400&ssl=1 2x, https:\/\/i0.wp.com\/fotografiadlaciekawych.pl\/wp-content\/uploads\/2023\/11\/220509_IMG_1371_1080px.jpg?resize=1050%2C600&ssl=1 3x"},"classes":[]},{"id":12138,"url":"https:\/\/fotografiadlaciekawych.pl\/index.php\/2018\/11\/08\/co-jest-lepsze-ff-pelna-klatka-czy-aps-c\/","url_meta":{"origin":18889,"position":3},"title":"Co jest lepsze FF (pe\u0142na klatka), czy APS-C","author":"Przemys\u0142aw Oziemblewski","date":"czwartek, 8 lis 2018","format":false,"excerpt":"Dosta\u0142em pytanie od Ryszarda: \"Z pewno\u015bci\u0105 by\u0142y ju\u017c takie pytania, co kupi\u0107 - pe\u0142n\u0105 klatk\u0119 czy APS-C. Mam obecnie kilka aparat\u00f3w, Fuji Xs-1, Sony a6000, Sony RX III i Canon 50D. Sony dobry, ale poch\u0142ania baterie i do\u015b\u0107 d\u0142ugo si\u0119 uruchamia a Canon ju\u017c si\u0119 zestarza\u0142, wi\u0119c my\u015bl\u0119 o canonie\u2026","rel":"","context":"W \u201eAparaty&quot;","block_context":{"text":"Aparaty","link":"https:\/\/fotografiadlaciekawych.pl\/index.php\/category\/sprzet-fotograficzny\/aparaty\/"},"img":{"alt_text":"Matryca","src":"https:\/\/i0.wp.com\/fotografiadlaciekawych.pl\/wp-content\/uploads\/2018\/11\/180720_IMG_3276_1000px.jpg?resize=350%2C200&ssl=1","width":350,"height":200,"srcset":"https:\/\/i0.wp.com\/fotografiadlaciekawych.pl\/wp-content\/uploads\/2018\/11\/180720_IMG_3276_1000px.jpg?resize=350%2C200&ssl=1 1x, https:\/\/i0.wp.com\/fotografiadlaciekawych.pl\/wp-content\/uploads\/2018\/11\/180720_IMG_3276_1000px.jpg?resize=525%2C300&ssl=1 1.5x, https:\/\/i0.wp.com\/fotografiadlaciekawych.pl\/wp-content\/uploads\/2018\/11\/180720_IMG_3276_1000px.jpg?resize=700%2C400&ssl=1 2x"},"classes":[]},{"id":5344,"url":"https:\/\/fotografiadlaciekawych.pl\/index.php\/2012\/09\/24\/zdjecia-z-mala-glebia-ostrosci\/","url_meta":{"origin":18889,"position":4},"title":"Zdj\u0119cia z ma\u0142\u0105 g\u0142\u0119bi\u0105 ostro\u015bci","author":"Przemys\u0142aw Oziemblewski","date":"poniedzia\u0142ek, 24 wrz 2012","format":false,"excerpt":"W minion\u0105 sobot\u0119 na spacerze w lesie testowa\u0142em tworzenie zdj\u0119\u0107 z ma\u0142\u0105 g\u0142\u0119bi\u0105 ostro\u015bci. Wykorzysta\u0142em do tego pe\u0142noklatkowy aparat EOS 5D i obiektyw Pancolar 1.8\/80 MC. Przy niekt\u00f3rych zdj\u0119ciach, aby podej\u015b\u0107 bli\u017cej stosowa\u0142em pier\u015bcienie po\u015brednie. Zdj\u0119cia p\u00f3\u017aniej, niekt\u00f3re do\u015b\u0107 mocno, wystylizowa\u0142em za pomoc\u0105 programu Adobe Lightroom 4. Poni\u017cej zdj\u0119cia. Przy\u2026","rel":"","context":"W \u201eG\u0142\u0119bia ostro\u015bci&quot;","block_context":{"text":"G\u0142\u0119bia ostro\u015bci","link":"https:\/\/fotografiadlaciekawych.pl\/index.php\/category\/fotografia\/glebia-ostrosci-fotografia\/"},"img":{"alt_text":"","src":"https:\/\/i0.wp.com\/fotografiadlaciekawych.pl\/wp-content\/uploads\/2012\/09\/mala_glebia_ostrosci_IMG_0125800-150x150.jpg?resize=350%2C200&ssl=1","width":350,"height":200},"classes":[]},{"id":9807,"url":"https:\/\/fotografiadlaciekawych.pl\/index.php\/2016\/09\/27\/mocowanie-filtrow-prostokatnych-bez-uchwytu\/","url_meta":{"origin":18889,"position":5},"title":"Mocowanie filtr\u00f3w prostok\u0105tnych bez uchwytu","author":"Przemys\u0142aw Oziemblewski","date":"wtorek, 27 wrz 2016","format":false,"excerpt":"Wczoraj pisa\u0142em o filtrze \"szarym\" ze szk\u0142a spawalniczego ciemnego. Mo\u017ce si\u0119 pojawi\u0107 pytanie jak robi\u0107 zdj\u0119cia z takim filtrem, skoro nie ma do niego \u017cadnych uchwyt\u00f3w. Rozwi\u0105zanie jest stosunkowo proste. Wystarczy kawa\u0142ek drutu w izolacji i okr\u0105g\u0142a gumka. To rozwi\u0105zanie mo\u017cesz wykorzysta\u0107 r\u00f3wnie\u017c do mocowania innych filtr\u00f3w prostok\u0105tnych. Zobacz wi\u0119c\u2026","rel":"","context":"W \u201eZr\u00f3b to sam&quot;","block_context":{"text":"Zr\u00f3b to sam","link":"https:\/\/fotografiadlaciekawych.pl\/index.php\/category\/zrob-to-sam\/"},"img":{"alt_text":"Gotowa guma monta\u017cowa","src":"https:\/\/i0.wp.com\/fotografiadlaciekawych.pl\/wp-content\/uploads\/2016\/09\/6044_850-400x267.jpg?resize=350%2C200","width":350,"height":200},"classes":[]}],"jetpack_featured_media_url":"https:\/\/fotografiadlaciekawych.pl\/wp-content\/uploads\/2024\/04\/240410_O4104368_1080px.jpg","_links":{"self":[{"href":"https:\/\/fotografiadlaciekawych.pl\/index.php\/wp-json\/wp\/v2\/posts\/18889","targetHints":{"allow":["GET"]}}],"collection":[{"href":"https:\/\/fotografiadlaciekawych.pl\/index.php\/wp-json\/wp\/v2\/posts"}],"about":[{"href":"https:\/\/fotografiadlaciekawych.pl\/index.php\/wp-json\/wp\/v2\/types\/post"}],"author":[{"embeddable":true,"href":"https:\/\/fotografiadlaciekawych.pl\/index.php\/wp-json\/wp\/v2\/users\/1"}],"replies":[{"embeddable":true,"href":"https:\/\/fotografiadlaciekawych.pl\/index.php\/wp-json\/wp\/v2\/comments?post=18889"}],"version-history":[{"count":7,"href":"https:\/\/fotografiadlaciekawych.pl\/index.php\/wp-json\/wp\/v2\/posts\/18889\/revisions"}],"predecessor-version":[{"id":18906,"href":"https:\/\/fotografiadlaciekawych.pl\/index.php\/wp-json\/wp\/v2\/posts\/18889\/revisions\/18906"}],"wp:featuredmedia":[{"embeddable":true,"href":"https:\/\/fotografiadlaciekawych.pl\/index.php\/wp-json\/wp\/v2\/media\/18898"}],"wp:attachment":[{"href":"https:\/\/fotografiadlaciekawych.pl\/index.php\/wp-json\/wp\/v2\/media?parent=18889"}],"wp:term":[{"taxonomy":"category","embeddable":true,"href":"https:\/\/fotografiadlaciekawych.pl\/index.php\/wp-json\/wp\/v2\/categories?post=18889"},{"taxonomy":"post_tag","embeddable":true,"href":"https:\/\/fotografiadlaciekawych.pl\/index.php\/wp-json\/wp\/v2\/tags?post=18889"}],"curies":[{"name":"wp","href":"https:\/\/api.w.org\/{rel}","templated":true}]}}