{"id":21361,"date":"2026-03-09T12:19:46","date_gmt":"2026-03-09T11:19:46","guid":{"rendered":"https:\/\/fotografiadlaciekawych.pl\/?p=21361"},"modified":"2026-03-11T12:28:20","modified_gmt":"2026-03-11T11:28:20","slug":"jak-ruch-powietrza-wplywa-ostrosc-zdjecia-czy-moze-zepsuc-kadr","status":"publish","type":"post","link":"https:\/\/fotografiadlaciekawych.pl\/index.php\/2026\/03\/09\/jak-ruch-powietrza-wplywa-ostrosc-zdjecia-czy-moze-zepsuc-kadr\/","title":{"rendered":"Jak ruch powietrza wp\u0142ywa ostro\u015b\u0107 zdj\u0119cia &#8211; czy mo\u017ce zepsu\u0107 kadr?"},"content":{"rendered":"<p>Wi\u0119kszo\u015b\u0107 fotograf\u00f3w wie, \u017ce nieostra fotografia to efekt poruszenia lub nietrafionego ustawienia ostro\u015bci. Jest jednak jeszcze jedna przyczyna, kt\u00f3ra mo\u017ce umkn\u0105\u0107 uwadze. Zobacz, jak ruch powietrza wp\u0142ywa na kadr.<br \/>\n<!--more--><\/p>\n<h2>Jak turbulencje powietrza rozmywaj\u0105 obraz<\/h2>\n<p>Powietrze nie jest jednorodnym medium. R\u00f3\u017cnice temperatur mi\u0119dzy warstwami atmosfery powoduj\u0105 turbulencje, kt\u00f3re za\u0142amuj\u0105 i rozpraszaj\u0105 \u015bwiat\u0142o biegn\u0105ce do obiektywu. Na kr\u00f3tkich dystansach efekt jest niewidoczny. Problem zaczyna si\u0119 wtedy, gdy fotografujesz d\u0142ugim teleobiektywem obiekty oddalone o setki metr\u00f3w lub kilometry. \u015awiat\u0142o pokonuje wtedy d\u0142u\u017csz\u0105 drog\u0119 przez niespokojne powietrze. Wtedy ka\u017cde najmniejsze zaburzenie przek\u0142ada si\u0119 na rozmycie szczeg\u00f3\u0142\u00f3w w kadrze.<\/p>\n<p>Oto przyk\u0142ad. Zobacz poni\u017csze zdj\u0119cie mostu kolejowego na rzece Note\u0107. Zrobi\u0142em je z odleg\u0142o\u015bci oko\u0142o 1100 metr\u00f3w obiektywem 300 mm na matrycy Mikro 4\/3 (ekwiwalent 600 mm na pe\u0142nej klatce). Dodatkowo w programie graficznym jeszcze mocniej wykadrowa\u0142em most, by zjawisko by\u0142o lepiej widoczne. Na fotografii wida\u0107 wyra\u017anie pofalowane jakby pokrzywione kratownice mostu \u2014 to w\u0142a\u015bnie efekt ruchu powietrza.<\/p>\n<p><a href=\"https:\/\/fotografiadlaciekawych.pl\/wp-content\/uploads\/2026\/03\/260306_P3069493_1080px.jpg\" rel=\"lightbox\"><img loading=\"lazy\" decoding=\"async\" class=\"alignnone size-medium wp-image-21362\" src=\"https:\/\/fotografiadlaciekawych.pl\/wp-content\/uploads\/2026\/03\/260306_P3069493_1080px-400x267.jpg\" alt=\"Jak ruch powietrza p\u0142ywa na ostro\u015b\u0107 zdj\u0119cia\" width=\"400\" height=\"267\" srcset=\"https:\/\/fotografiadlaciekawych.pl\/wp-content\/uploads\/2026\/03\/260306_P3069493_1080px-400x267.jpg 400w, https:\/\/fotografiadlaciekawych.pl\/wp-content\/uploads\/2026\/03\/260306_P3069493_1080px-1024x683.jpg 1024w, https:\/\/fotografiadlaciekawych.pl\/wp-content\/uploads\/2026\/03\/260306_P3069493_1080px-768x512.jpg 768w, https:\/\/fotografiadlaciekawych.pl\/wp-content\/uploads\/2026\/03\/260306_P3069493_1080px.jpg 1080w\" sizes=\"auto, (max-width: 400px) 100vw, 400px\" \/><\/a><br \/>\n<em>Ruch powietrza pofalowa\u0142 obraz.<\/em><\/p>\n<p><a href=\"https:\/\/fotografiadlaciekawych.pl\/wp-content\/uploads\/2026\/03\/260306_P3069493_1080px-2.jpg\" rel=\"lightbox\"><img loading=\"lazy\" decoding=\"async\" class=\"alignnone size-medium wp-image-21367\" src=\"https:\/\/fotografiadlaciekawych.pl\/wp-content\/uploads\/2026\/03\/260306_P3069493_1080px-2-400x267.jpg\" alt=\"ruch powietrza p\u0142ywa na ostro\u015b\u0107 zdj\u0119cia\" width=\"400\" height=\"267\" srcset=\"https:\/\/fotografiadlaciekawych.pl\/wp-content\/uploads\/2026\/03\/260306_P3069493_1080px-2-400x267.jpg 400w, https:\/\/fotografiadlaciekawych.pl\/wp-content\/uploads\/2026\/03\/260306_P3069493_1080px-2-1024x683.jpg 1024w, https:\/\/fotografiadlaciekawych.pl\/wp-content\/uploads\/2026\/03\/260306_P3069493_1080px-2-768x512.jpg 768w, https:\/\/fotografiadlaciekawych.pl\/wp-content\/uploads\/2026\/03\/260306_P3069493_1080px-2.jpg 1080w\" sizes=\"auto, (max-width: 400px) 100vw, 400px\" \/><\/a><\/p>\n<h2>Odbicia \u015bwiat\u0142a na granicy gor\u0105cego i zimnego powietrza<\/h2>\n<p>Podobnym zjawiskiem, cho\u0107 o innym mechanizmie, jest mira\u017c. Pewnie widzia\u0142e\u015b\/widzia\u0142a\u015b go nieraz na drodze \u2014 ta pozorna \u201eka\u0142u\u017ca&#8221; na asfalcie w upalny, s\u0142oneczny dzie\u0144 to w\u0142a\u015bnie on. Tu\u017c nad mocno nagrzan\u0105 nawierzchni\u0105 tworzy si\u0119 cienka warstwa bardzo gor\u0105cego powietrza, kt\u00f3ra ugina promienie \u015bwiat\u0142a i odbija \u015bwiat\u0142o niczym lustro.<\/p>\n<p>Dla fotografa to sygna\u0142 ostrzegawczy: je\u015bli linia widzenia przebiega nisko nad gor\u0105cym asfaltem, obraz b\u0119dzie zaburzony \u2014 niewa\u017cne, jak dobry masz obiektyw i jak stabilny statyw.<\/p>\n<p><a href=\"https:\/\/fotografiadlaciekawych.pl\/wp-content\/uploads\/2026\/03\/200527_IMG_7790_1080px.jpg\" rel=\"lightbox\"><img loading=\"lazy\" decoding=\"async\" class=\"alignnone size-medium wp-image-21364\" src=\"https:\/\/fotografiadlaciekawych.pl\/wp-content\/uploads\/2026\/03\/200527_IMG_7790_1080px-400x267.jpg\" alt=\"mira\u017c\" width=\"400\" height=\"267\" srcset=\"https:\/\/fotografiadlaciekawych.pl\/wp-content\/uploads\/2026\/03\/200527_IMG_7790_1080px-400x267.jpg 400w, https:\/\/fotografiadlaciekawych.pl\/wp-content\/uploads\/2026\/03\/200527_IMG_7790_1080px-1024x683.jpg 1024w, https:\/\/fotografiadlaciekawych.pl\/wp-content\/uploads\/2026\/03\/200527_IMG_7790_1080px-768x512.jpg 768w, https:\/\/fotografiadlaciekawych.pl\/wp-content\/uploads\/2026\/03\/200527_IMG_7790_1080px.jpg 1080w\" sizes=\"auto, (max-width: 400px) 100vw, 400px\" \/><\/a><br \/>\n<em>Mira\u017c &#8211; pozorna \u201eka\u0142u\u017ca\u201d na asfalcie w upalny, s\u0142oneczny dzie\u0144.<\/em><\/p>\n<h2>Kiedy ruch powietrza przeszkadza \u2014 i jak go unika\u0107<\/h2>\n<p>Zjawisko najsilniej ujawnia si\u0119 tam, gdzie r\u00f3\u017cnica temperatur mi\u0119dzy ziemi\u0105 a powietrzem jest du\u017ca. Latem intensywnie nagrzane pod\u0142o\u017ce \u2014 asfalt, pola, dachy \u2014 powoduje wyra\u017ane konwekcje, widoczne go\u0142ym okiem jako dr\u017c\u0105ce powietrze nad powierzchni\u0105.<\/p>\n<p>Wiosn\u0105 i jesieni\u0105 mog\u0105 natomiast wyst\u0119powa\u0107 mro\u017ane noce i ciep\u0142e dni. Wtedy takie poranki, te\u017c potrafi\u0105 sp\u0142ata\u0107 figla, te\u017c mieszaj\u0105 si\u0119 zimne i ciep\u0142e warstwy powietrza i efekt jest podobny. Uzyskany obraz nie jest ostry.<\/p>\n<p>Kilka rzeczy, kt\u00f3re mog\u0105 pom\u00f3c:<\/p>\n<ul>\n<li>fotografuj, kiedy s\u0105 mniejsze zmiany temperatur w czasie, pogoda jest stabilna,<\/li>\n<li>omijaj kadry, w kt\u00f3rych linia widzenia przebiega nad\u00a0 bardzo nagrzanymi powierzchniami lub \u017ar\u00f3d\u0142ami ciep\u0142a \u2014 asfaltem, dachami, piaskiem, piecami, palnikami, otwartym ogniem,<\/li>\n<li>przy bardzo d\u0142ugich ogniskowych i du\u017cych odleg\u0142o\u015bciach b\u0105d\u017a przygotowany\/przygotowana, \u017ce niekt\u00f3re warunki atmosferyczne po prostu nie pozwol\u0105 Ci uzyska\u0107 ostrego zdj\u0119cia, i nie ma w tym nic z\u0142ego.<\/li>\n<\/ul>\n<p>Ruch powietrza to jedna z tych przyczyn nieostro\u015bci, o kt\u00f3rych rzadko si\u0119 m\u00f3wi. Pozosta\u0142e znajdziesz we wpisie <a href=\"https:\/\/fotografiadlaciekawych.pl\/index.php\/2013\/05\/15\/8-powodow-dlaczego-zdjecie-nie-jest-ostre\/\">8 powod\u00f3w, dlaczego zdj\u0119cie nie jest ostre<\/a>.<\/p>\n","protected":false},"excerpt":{"rendered":"<p>Wi\u0119kszo\u015b\u0107 fotograf\u00f3w wie, \u017ce nieostra fotografia to efekt poruszenia lub nietrafionego ustawienia ostro\u015bci. Jest jednak jeszcze jedna przyczyna, kt\u00f3ra mo\u017ce umkn\u0105\u0107 uwadze. Zobacz, jak ruch powietrza wp\u0142ywa na kadr.<\/p>\n","protected":false},"author":1,"featured_media":21362,"comment_status":"open","ping_status":"closed","sticky":false,"template":"","format":"standard","meta":{"jetpack_post_was_ever_published":false,"_jetpack_newsletter_access":"","_jetpack_dont_email_post_to_subs":false,"_jetpack_newsletter_tier_id":0,"_jetpack_memberships_contains_paywalled_content":false,"_jetpack_memberships_contains_paid_content":false,"footnotes":"","jetpack_publicize_message":"","jetpack_publicize_feature_enabled":true,"jetpack_social_post_already_shared":true,"jetpack_social_options":{"image_generator_settings":{"template":"highway","default_image_id":0,"font":"","enabled":false},"version":2}},"categories":[121,15],"tags":[122],"class_list":["post-21361","post","type-post","status-publish","format-standard","has-post-thumbnail","hentry","category-bledy-w-fotografii","category-fotografia","tag-ostrosc"],"yoast_head":"<!-- This site is optimized with the Yoast SEO plugin v27.3 - https:\/\/yoast.com\/product\/yoast-seo-wordpress\/ -->\n<title>Jak ruch powietrza wp\u0142ywa ostro\u015b\u0107 zdj\u0119cia - czy mo\u017ce zepsu\u0107 kadr?<\/title>\n<meta name=\"description\" content=\"Nieostra fotografia to efekt poruszenia lub nietrafionego ustawienia ostro\u015bci. Jednak to nie jedyna przyczyna. Poznaj ruch powietrza.\" \/>\n<meta name=\"robots\" content=\"index, follow, max-snippet:-1, max-image-preview:large, max-video-preview:-1\" \/>\n<link rel=\"canonical\" href=\"https:\/\/fotografiadlaciekawych.pl\/index.php\/2026\/03\/09\/jak-ruch-powietrza-wplywa-ostrosc-zdjecia-czy-moze-zepsuc-kadr\/\" \/>\n<meta property=\"og:locale\" content=\"pl_PL\" \/>\n<meta property=\"og:type\" content=\"article\" \/>\n<meta property=\"og:title\" content=\"Jak ruch powietrza wp\u0142ywa ostro\u015b\u0107 zdj\u0119cia - czy mo\u017ce zepsu\u0107 kadr?\" \/>\n<meta property=\"og:description\" content=\"Nieostra fotografia to efekt poruszenia lub nietrafionego ustawienia ostro\u015bci. Jednak to nie jedyna przyczyna. Poznaj ruch powietrza.\" \/>\n<meta property=\"og:url\" content=\"https:\/\/fotografiadlaciekawych.pl\/index.php\/2026\/03\/09\/jak-ruch-powietrza-wplywa-ostrosc-zdjecia-czy-moze-zepsuc-kadr\/\" \/>\n<meta property=\"og:site_name\" content=\"Fotografia dla ciekawych\" \/>\n<meta property=\"article:publisher\" content=\"https:\/\/www.facebook.com\/przemyslaw.oziemblewski\" \/>\n<meta property=\"article:author\" content=\"https:\/\/www.facebook.com\/przemyslaw.oziemblewski\" \/>\n<meta property=\"article:published_time\" content=\"2026-03-09T11:19:46+00:00\" \/>\n<meta property=\"article:modified_time\" content=\"2026-03-11T11:28:20+00:00\" \/>\n<meta property=\"og:image\" content=\"https:\/\/fotografiadlaciekawych.pl\/wp-content\/uploads\/2026\/03\/260306_P3069493_1080px.jpg\" \/>\n\t<meta property=\"og:image:width\" content=\"1080\" \/>\n\t<meta property=\"og:image:height\" content=\"720\" \/>\n\t<meta property=\"og:image:type\" content=\"image\/jpeg\" \/>\n<meta name=\"author\" content=\"Przemys\u0142aw Oziemblewski\" \/>\n<meta name=\"twitter:label1\" content=\"Napisane przez\" \/>\n\t<meta name=\"twitter:data1\" content=\"Przemys\u0142aw Oziemblewski\" \/>\n\t<meta name=\"twitter:label2\" content=\"Szacowany czas czytania\" \/>\n\t<meta name=\"twitter:data2\" content=\"4 minuty\" \/>\n<script type=\"application\/ld+json\" class=\"yoast-schema-graph\">{\"@context\":\"https:\\\/\\\/schema.org\",\"@graph\":[{\"@type\":\"Article\",\"@id\":\"https:\\\/\\\/fotografiadlaciekawych.pl\\\/index.php\\\/2026\\\/03\\\/09\\\/jak-ruch-powietrza-wplywa-ostrosc-zdjecia-czy-moze-zepsuc-kadr\\\/#article\",\"isPartOf\":{\"@id\":\"https:\\\/\\\/fotografiadlaciekawych.pl\\\/index.php\\\/2026\\\/03\\\/09\\\/jak-ruch-powietrza-wplywa-ostrosc-zdjecia-czy-moze-zepsuc-kadr\\\/\"},\"author\":{\"name\":\"Przemys\u0142aw Oziemblewski\",\"@id\":\"https:\\\/\\\/fotografiadlaciekawych.pl\\\/#\\\/schema\\\/person\\\/a9c16bf51d40163ef50c7170ff56de4d\"},\"headline\":\"Jak ruch powietrza wp\u0142ywa ostro\u015b\u0107 zdj\u0119cia &#8211; czy mo\u017ce zepsu\u0107 kadr?\",\"datePublished\":\"2026-03-09T11:19:46+00:00\",\"dateModified\":\"2026-03-11T11:28:20+00:00\",\"mainEntityOfPage\":{\"@id\":\"https:\\\/\\\/fotografiadlaciekawych.pl\\\/index.php\\\/2026\\\/03\\\/09\\\/jak-ruch-powietrza-wplywa-ostrosc-zdjecia-czy-moze-zepsuc-kadr\\\/\"},\"wordCount\":508,\"commentCount\":2,\"publisher\":{\"@id\":\"https:\\\/\\\/fotografiadlaciekawych.pl\\\/#\\\/schema\\\/person\\\/a9c16bf51d40163ef50c7170ff56de4d\"},\"image\":{\"@id\":\"https:\\\/\\\/fotografiadlaciekawych.pl\\\/index.php\\\/2026\\\/03\\\/09\\\/jak-ruch-powietrza-wplywa-ostrosc-zdjecia-czy-moze-zepsuc-kadr\\\/#primaryimage\"},\"thumbnailUrl\":\"https:\\\/\\\/fotografiadlaciekawych.pl\\\/wp-content\\\/uploads\\\/2026\\\/03\\\/260306_P3069493_1080px.jpg\",\"keywords\":[\"ostro\u015b\u0107\"],\"articleSection\":[\"B\u0142\u0119dy w fotografii\",\"Fotografia\"],\"inLanguage\":\"pl-PL\",\"potentialAction\":[{\"@type\":\"CommentAction\",\"name\":\"Comment\",\"target\":[\"https:\\\/\\\/fotografiadlaciekawych.pl\\\/index.php\\\/2026\\\/03\\\/09\\\/jak-ruch-powietrza-wplywa-ostrosc-zdjecia-czy-moze-zepsuc-kadr\\\/#respond\"]}]},{\"@type\":\"WebPage\",\"@id\":\"https:\\\/\\\/fotografiadlaciekawych.pl\\\/index.php\\\/2026\\\/03\\\/09\\\/jak-ruch-powietrza-wplywa-ostrosc-zdjecia-czy-moze-zepsuc-kadr\\\/\",\"url\":\"https:\\\/\\\/fotografiadlaciekawych.pl\\\/index.php\\\/2026\\\/03\\\/09\\\/jak-ruch-powietrza-wplywa-ostrosc-zdjecia-czy-moze-zepsuc-kadr\\\/\",\"name\":\"Jak ruch powietrza wp\u0142ywa ostro\u015b\u0107 zdj\u0119cia - czy mo\u017ce zepsu\u0107 kadr?\",\"isPartOf\":{\"@id\":\"https:\\\/\\\/fotografiadlaciekawych.pl\\\/#website\"},\"primaryImageOfPage\":{\"@id\":\"https:\\\/\\\/fotografiadlaciekawych.pl\\\/index.php\\\/2026\\\/03\\\/09\\\/jak-ruch-powietrza-wplywa-ostrosc-zdjecia-czy-moze-zepsuc-kadr\\\/#primaryimage\"},\"image\":{\"@id\":\"https:\\\/\\\/fotografiadlaciekawych.pl\\\/index.php\\\/2026\\\/03\\\/09\\\/jak-ruch-powietrza-wplywa-ostrosc-zdjecia-czy-moze-zepsuc-kadr\\\/#primaryimage\"},\"thumbnailUrl\":\"https:\\\/\\\/fotografiadlaciekawych.pl\\\/wp-content\\\/uploads\\\/2026\\\/03\\\/260306_P3069493_1080px.jpg\",\"datePublished\":\"2026-03-09T11:19:46+00:00\",\"dateModified\":\"2026-03-11T11:28:20+00:00\",\"description\":\"Nieostra fotografia to efekt poruszenia lub nietrafionego ustawienia ostro\u015bci. Jednak to nie jedyna przyczyna. Poznaj ruch powietrza.\",\"breadcrumb\":{\"@id\":\"https:\\\/\\\/fotografiadlaciekawych.pl\\\/index.php\\\/2026\\\/03\\\/09\\\/jak-ruch-powietrza-wplywa-ostrosc-zdjecia-czy-moze-zepsuc-kadr\\\/#breadcrumb\"},\"inLanguage\":\"pl-PL\",\"potentialAction\":[{\"@type\":\"ReadAction\",\"target\":[\"https:\\\/\\\/fotografiadlaciekawych.pl\\\/index.php\\\/2026\\\/03\\\/09\\\/jak-ruch-powietrza-wplywa-ostrosc-zdjecia-czy-moze-zepsuc-kadr\\\/\"]}]},{\"@type\":\"ImageObject\",\"inLanguage\":\"pl-PL\",\"@id\":\"https:\\\/\\\/fotografiadlaciekawych.pl\\\/index.php\\\/2026\\\/03\\\/09\\\/jak-ruch-powietrza-wplywa-ostrosc-zdjecia-czy-moze-zepsuc-kadr\\\/#primaryimage\",\"url\":\"https:\\\/\\\/fotografiadlaciekawych.pl\\\/wp-content\\\/uploads\\\/2026\\\/03\\\/260306_P3069493_1080px.jpg\",\"contentUrl\":\"https:\\\/\\\/fotografiadlaciekawych.pl\\\/wp-content\\\/uploads\\\/2026\\\/03\\\/260306_P3069493_1080px.jpg\",\"width\":1080,\"height\":720,\"caption\":\"Jak ruch powietrza p\u0142ywa na ostro\u015b\u0107 zdj\u0119cia\"},{\"@type\":\"BreadcrumbList\",\"@id\":\"https:\\\/\\\/fotografiadlaciekawych.pl\\\/index.php\\\/2026\\\/03\\\/09\\\/jak-ruch-powietrza-wplywa-ostrosc-zdjecia-czy-moze-zepsuc-kadr\\\/#breadcrumb\",\"itemListElement\":[{\"@type\":\"ListItem\",\"position\":1,\"name\":\"Home\",\"item\":\"https:\\\/\\\/fotografiadlaciekawych.pl\\\/\"},{\"@type\":\"ListItem\",\"position\":2,\"name\":\"Jak ruch powietrza wp\u0142ywa ostro\u015b\u0107 zdj\u0119cia &#8211; czy mo\u017ce zepsu\u0107 kadr?\"}]},{\"@type\":\"WebSite\",\"@id\":\"https:\\\/\\\/fotografiadlaciekawych.pl\\\/#website\",\"url\":\"https:\\\/\\\/fotografiadlaciekawych.pl\\\/\",\"name\":\"Fotografia dla ciekawych\",\"description\":\"Blog prowadzony od 2008 r.\",\"publisher\":{\"@id\":\"https:\\\/\\\/fotografiadlaciekawych.pl\\\/#\\\/schema\\\/person\\\/a9c16bf51d40163ef50c7170ff56de4d\"},\"potentialAction\":[{\"@type\":\"SearchAction\",\"target\":{\"@type\":\"EntryPoint\",\"urlTemplate\":\"https:\\\/\\\/fotografiadlaciekawych.pl\\\/?s={search_term_string}\"},\"query-input\":{\"@type\":\"PropertyValueSpecification\",\"valueRequired\":true,\"valueName\":\"search_term_string\"}}],\"inLanguage\":\"pl-PL\"},{\"@type\":[\"Person\",\"Organization\"],\"@id\":\"https:\\\/\\\/fotografiadlaciekawych.pl\\\/#\\\/schema\\\/person\\\/a9c16bf51d40163ef50c7170ff56de4d\",\"name\":\"Przemys\u0142aw Oziemblewski\",\"image\":{\"@type\":\"ImageObject\",\"inLanguage\":\"pl-PL\",\"@id\":\"https:\\\/\\\/fotografiadlaciekawych.pl\\\/wp-content\\\/uploads\\\/2020\\\/12\\\/przemek-oziemblewski-250px.jpg\",\"url\":\"https:\\\/\\\/fotografiadlaciekawych.pl\\\/wp-content\\\/uploads\\\/2020\\\/12\\\/przemek-oziemblewski-250px.jpg\",\"contentUrl\":\"https:\\\/\\\/fotografiadlaciekawych.pl\\\/wp-content\\\/uploads\\\/2020\\\/12\\\/przemek-oziemblewski-250px.jpg\",\"width\":250,\"height\":250,\"caption\":\"Przemys\u0142aw Oziemblewski\"},\"logo\":{\"@id\":\"https:\\\/\\\/fotografiadlaciekawych.pl\\\/wp-content\\\/uploads\\\/2020\\\/12\\\/przemek-oziemblewski-250px.jpg\"},\"sameAs\":[\"http:\\\/\\\/fotografiadlaciekawych.pl\",\"https:\\\/\\\/www.facebook.com\\\/przemyslaw.oziemblewski\",\"https:\\\/\\\/www.instagram.com\\\/p.oziemblewski\\\/\",\"https:\\\/\\\/www.pinterest.com\\\/fotodcpl\\\/\",\"https:\\\/\\\/youtube.com\\\/@PrzemyslawOziemblewski\"]}]}<\/script>\n<!-- \/ Yoast SEO plugin. -->","yoast_head_json":{"title":"Jak ruch powietrza wp\u0142ywa ostro\u015b\u0107 zdj\u0119cia - czy mo\u017ce zepsu\u0107 kadr?","description":"Nieostra fotografia to efekt poruszenia lub nietrafionego ustawienia ostro\u015bci. Jednak to nie jedyna przyczyna. Poznaj ruch powietrza.","robots":{"index":"index","follow":"follow","max-snippet":"max-snippet:-1","max-image-preview":"max-image-preview:large","max-video-preview":"max-video-preview:-1"},"canonical":"https:\/\/fotografiadlaciekawych.pl\/index.php\/2026\/03\/09\/jak-ruch-powietrza-wplywa-ostrosc-zdjecia-czy-moze-zepsuc-kadr\/","og_locale":"pl_PL","og_type":"article","og_title":"Jak ruch powietrza wp\u0142ywa ostro\u015b\u0107 zdj\u0119cia - czy mo\u017ce zepsu\u0107 kadr?","og_description":"Nieostra fotografia to efekt poruszenia lub nietrafionego ustawienia ostro\u015bci. Jednak to nie jedyna przyczyna. Poznaj ruch powietrza.","og_url":"https:\/\/fotografiadlaciekawych.pl\/index.php\/2026\/03\/09\/jak-ruch-powietrza-wplywa-ostrosc-zdjecia-czy-moze-zepsuc-kadr\/","og_site_name":"Fotografia dla ciekawych","article_publisher":"https:\/\/www.facebook.com\/przemyslaw.oziemblewski","article_author":"https:\/\/www.facebook.com\/przemyslaw.oziemblewski","article_published_time":"2026-03-09T11:19:46+00:00","article_modified_time":"2026-03-11T11:28:20+00:00","og_image":[{"width":1080,"height":720,"url":"https:\/\/fotografiadlaciekawych.pl\/wp-content\/uploads\/2026\/03\/260306_P3069493_1080px.jpg","type":"image\/jpeg"}],"author":"Przemys\u0142aw Oziemblewski","twitter_misc":{"Napisane przez":"Przemys\u0142aw Oziemblewski","Szacowany czas czytania":"4 minuty"},"schema":{"@context":"https:\/\/schema.org","@graph":[{"@type":"Article","@id":"https:\/\/fotografiadlaciekawych.pl\/index.php\/2026\/03\/09\/jak-ruch-powietrza-wplywa-ostrosc-zdjecia-czy-moze-zepsuc-kadr\/#article","isPartOf":{"@id":"https:\/\/fotografiadlaciekawych.pl\/index.php\/2026\/03\/09\/jak-ruch-powietrza-wplywa-ostrosc-zdjecia-czy-moze-zepsuc-kadr\/"},"author":{"name":"Przemys\u0142aw Oziemblewski","@id":"https:\/\/fotografiadlaciekawych.pl\/#\/schema\/person\/a9c16bf51d40163ef50c7170ff56de4d"},"headline":"Jak ruch powietrza wp\u0142ywa ostro\u015b\u0107 zdj\u0119cia &#8211; czy mo\u017ce zepsu\u0107 kadr?","datePublished":"2026-03-09T11:19:46+00:00","dateModified":"2026-03-11T11:28:20+00:00","mainEntityOfPage":{"@id":"https:\/\/fotografiadlaciekawych.pl\/index.php\/2026\/03\/09\/jak-ruch-powietrza-wplywa-ostrosc-zdjecia-czy-moze-zepsuc-kadr\/"},"wordCount":508,"commentCount":2,"publisher":{"@id":"https:\/\/fotografiadlaciekawych.pl\/#\/schema\/person\/a9c16bf51d40163ef50c7170ff56de4d"},"image":{"@id":"https:\/\/fotografiadlaciekawych.pl\/index.php\/2026\/03\/09\/jak-ruch-powietrza-wplywa-ostrosc-zdjecia-czy-moze-zepsuc-kadr\/#primaryimage"},"thumbnailUrl":"https:\/\/fotografiadlaciekawych.pl\/wp-content\/uploads\/2026\/03\/260306_P3069493_1080px.jpg","keywords":["ostro\u015b\u0107"],"articleSection":["B\u0142\u0119dy w fotografii","Fotografia"],"inLanguage":"pl-PL","potentialAction":[{"@type":"CommentAction","name":"Comment","target":["https:\/\/fotografiadlaciekawych.pl\/index.php\/2026\/03\/09\/jak-ruch-powietrza-wplywa-ostrosc-zdjecia-czy-moze-zepsuc-kadr\/#respond"]}]},{"@type":"WebPage","@id":"https:\/\/fotografiadlaciekawych.pl\/index.php\/2026\/03\/09\/jak-ruch-powietrza-wplywa-ostrosc-zdjecia-czy-moze-zepsuc-kadr\/","url":"https:\/\/fotografiadlaciekawych.pl\/index.php\/2026\/03\/09\/jak-ruch-powietrza-wplywa-ostrosc-zdjecia-czy-moze-zepsuc-kadr\/","name":"Jak ruch powietrza wp\u0142ywa ostro\u015b\u0107 zdj\u0119cia - czy mo\u017ce zepsu\u0107 kadr?","isPartOf":{"@id":"https:\/\/fotografiadlaciekawych.pl\/#website"},"primaryImageOfPage":{"@id":"https:\/\/fotografiadlaciekawych.pl\/index.php\/2026\/03\/09\/jak-ruch-powietrza-wplywa-ostrosc-zdjecia-czy-moze-zepsuc-kadr\/#primaryimage"},"image":{"@id":"https:\/\/fotografiadlaciekawych.pl\/index.php\/2026\/03\/09\/jak-ruch-powietrza-wplywa-ostrosc-zdjecia-czy-moze-zepsuc-kadr\/#primaryimage"},"thumbnailUrl":"https:\/\/fotografiadlaciekawych.pl\/wp-content\/uploads\/2026\/03\/260306_P3069493_1080px.jpg","datePublished":"2026-03-09T11:19:46+00:00","dateModified":"2026-03-11T11:28:20+00:00","description":"Nieostra fotografia to efekt poruszenia lub nietrafionego ustawienia ostro\u015bci. Jednak to nie jedyna przyczyna. Poznaj ruch powietrza.","breadcrumb":{"@id":"https:\/\/fotografiadlaciekawych.pl\/index.php\/2026\/03\/09\/jak-ruch-powietrza-wplywa-ostrosc-zdjecia-czy-moze-zepsuc-kadr\/#breadcrumb"},"inLanguage":"pl-PL","potentialAction":[{"@type":"ReadAction","target":["https:\/\/fotografiadlaciekawych.pl\/index.php\/2026\/03\/09\/jak-ruch-powietrza-wplywa-ostrosc-zdjecia-czy-moze-zepsuc-kadr\/"]}]},{"@type":"ImageObject","inLanguage":"pl-PL","@id":"https:\/\/fotografiadlaciekawych.pl\/index.php\/2026\/03\/09\/jak-ruch-powietrza-wplywa-ostrosc-zdjecia-czy-moze-zepsuc-kadr\/#primaryimage","url":"https:\/\/fotografiadlaciekawych.pl\/wp-content\/uploads\/2026\/03\/260306_P3069493_1080px.jpg","contentUrl":"https:\/\/fotografiadlaciekawych.pl\/wp-content\/uploads\/2026\/03\/260306_P3069493_1080px.jpg","width":1080,"height":720,"caption":"Jak ruch powietrza p\u0142ywa na ostro\u015b\u0107 zdj\u0119cia"},{"@type":"BreadcrumbList","@id":"https:\/\/fotografiadlaciekawych.pl\/index.php\/2026\/03\/09\/jak-ruch-powietrza-wplywa-ostrosc-zdjecia-czy-moze-zepsuc-kadr\/#breadcrumb","itemListElement":[{"@type":"ListItem","position":1,"name":"Home","item":"https:\/\/fotografiadlaciekawych.pl\/"},{"@type":"ListItem","position":2,"name":"Jak ruch powietrza wp\u0142ywa ostro\u015b\u0107 zdj\u0119cia &#8211; czy mo\u017ce zepsu\u0107 kadr?"}]},{"@type":"WebSite","@id":"https:\/\/fotografiadlaciekawych.pl\/#website","url":"https:\/\/fotografiadlaciekawych.pl\/","name":"Fotografia dla ciekawych","description":"Blog prowadzony od 2008 r.","publisher":{"@id":"https:\/\/fotografiadlaciekawych.pl\/#\/schema\/person\/a9c16bf51d40163ef50c7170ff56de4d"},"potentialAction":[{"@type":"SearchAction","target":{"@type":"EntryPoint","urlTemplate":"https:\/\/fotografiadlaciekawych.pl\/?s={search_term_string}"},"query-input":{"@type":"PropertyValueSpecification","valueRequired":true,"valueName":"search_term_string"}}],"inLanguage":"pl-PL"},{"@type":["Person","Organization"],"@id":"https:\/\/fotografiadlaciekawych.pl\/#\/schema\/person\/a9c16bf51d40163ef50c7170ff56de4d","name":"Przemys\u0142aw Oziemblewski","image":{"@type":"ImageObject","inLanguage":"pl-PL","@id":"https:\/\/fotografiadlaciekawych.pl\/wp-content\/uploads\/2020\/12\/przemek-oziemblewski-250px.jpg","url":"https:\/\/fotografiadlaciekawych.pl\/wp-content\/uploads\/2020\/12\/przemek-oziemblewski-250px.jpg","contentUrl":"https:\/\/fotografiadlaciekawych.pl\/wp-content\/uploads\/2020\/12\/przemek-oziemblewski-250px.jpg","width":250,"height":250,"caption":"Przemys\u0142aw Oziemblewski"},"logo":{"@id":"https:\/\/fotografiadlaciekawych.pl\/wp-content\/uploads\/2020\/12\/przemek-oziemblewski-250px.jpg"},"sameAs":["http:\/\/fotografiadlaciekawych.pl","https:\/\/www.facebook.com\/przemyslaw.oziemblewski","https:\/\/www.instagram.com\/p.oziemblewski\/","https:\/\/www.pinterest.com\/fotodcpl\/","https:\/\/youtube.com\/@PrzemyslawOziemblewski"]}]}},"jetpack_publicize_connections":[],"jetpack_featured_media_url":"https:\/\/fotografiadlaciekawych.pl\/wp-content\/uploads\/2026\/03\/260306_P3069493_1080px.jpg","jetpack_sharing_enabled":true,"jetpack-related-posts":[{"id":6080,"url":"https:\/\/fotografiadlaciekawych.pl\/index.php\/2013\/05\/21\/bledy-w-ostrosci-zdjecia-zwiazane-z-ruchem-i-poruszeniem\/","url_meta":{"origin":21361,"position":0},"title":"B\u0142\u0119dy w ostro\u015bci zdj\u0119cia zwi\u0105zane z ruchem i poruszeniem","author":"Przemys\u0142aw Oziemblewski","date":"wtorek, 21 maj 2013","format":false,"excerpt":"Kolejn\u0105 grup\u0105 przyczyn, kt\u00f3re sprawiaj\u0105, \u017ce zdj\u0119cie traci ostro\u015b\u0107, jest zwi\u0105zana z ruchem. Chodzi tu o to, \u017ce w czasie na\u015bwietlania elementu \u015bwiat\u0142oczu\u0142ego mo\u017ce doj\u015b\u0107 do przemieszczenia si\u0119 zar\u00f3wno fotografowanego obiektu, jak i aparatu. Zobacz, jak sobie z tym radzi\u0107. Ka\u017cde zdj\u0119cie wymaga czasu na jego rejestracj\u0119. Ten czas nazywany\u2026","rel":"","context":"W \u201eB\u0142\u0119dy w fotografii&quot;","block_context":{"text":"B\u0142\u0119dy w fotografii","link":"https:\/\/fotografiadlaciekawych.pl\/index.php\/category\/bledy-w-fotografii\/"},"img":{"alt_text":"","src":"https:\/\/i0.wp.com\/fotografiadlaciekawych.pl\/wp-content\/uploads\/2013\/05\/IMG_7306800.jpg?resize=350%2C200&ssl=1","width":350,"height":200,"srcset":"https:\/\/i0.wp.com\/fotografiadlaciekawych.pl\/wp-content\/uploads\/2013\/05\/IMG_7306800.jpg?resize=350%2C200&ssl=1 1x, https:\/\/i0.wp.com\/fotografiadlaciekawych.pl\/wp-content\/uploads\/2013\/05\/IMG_7306800.jpg?resize=525%2C300&ssl=1 1.5x, https:\/\/i0.wp.com\/fotografiadlaciekawych.pl\/wp-content\/uploads\/2013\/05\/IMG_7306800.jpg?resize=700%2C400&ssl=1 2x"},"classes":[]},{"id":21380,"url":"https:\/\/fotografiadlaciekawych.pl\/index.php\/2026\/03\/12\/fotografowanie-lodu-jak-uchwycic-pecherzyki-powietrza-bryle-i-swiatlo\/","url_meta":{"origin":21361,"position":1},"title":"Fotografowanie lodu \u2014 jak uchwyci\u0107 p\u0119cherzyki powietrza, bry\u0142\u0119 i \u015bwiat\u0142o","author":"Przemys\u0142aw Oziemblewski","date":"czwartek, 12 mar 2026","format":false,"excerpt":"Zima powoli odpuszcza. Nad jeziorem Chodzieskim znalaz\u0142em jednak jeszcze ostatni zimowy motyw.\u00a0 Mi\u0142o\u015bnicy morsowania wybili przer\u0119bel. Dzi\u0119ki temu na zamarzni\u0119tym jeszcze jeziorze oraz przy brzegu pozosta\u0142y rozrzucone bry\u0142ki lodu. R\u00f3\u017cnej wielko\u015bci. Od kilku do oko\u0142o trzydziestu centymetr\u00f3w. Ka\u017cda z tych wi\u0119kszych\u00a0 by\u0142a ciekawa w inny spos\u00f3b. Co sprawia, \u017ce bry\u0142ka\u2026","rel":"","context":"W \u201eZdj\u0119cia&quot;","block_context":{"text":"Zdj\u0119cia","link":"https:\/\/fotografiadlaciekawych.pl\/index.php\/category\/zdjecia\/"},"img":{"alt_text":"","src":"https:\/\/i0.wp.com\/fotografiadlaciekawych.pl\/wp-content\/uploads\/2026\/03\/260310_P3109632_1080px.jpg?resize=350%2C200&ssl=1","width":350,"height":200,"srcset":"https:\/\/i0.wp.com\/fotografiadlaciekawych.pl\/wp-content\/uploads\/2026\/03\/260310_P3109632_1080px.jpg?resize=350%2C200&ssl=1 1x, https:\/\/i0.wp.com\/fotografiadlaciekawych.pl\/wp-content\/uploads\/2026\/03\/260310_P3109632_1080px.jpg?resize=525%2C300&ssl=1 1.5x, https:\/\/i0.wp.com\/fotografiadlaciekawych.pl\/wp-content\/uploads\/2026\/03\/260310_P3109632_1080px.jpg?resize=700%2C400&ssl=1 2x, https:\/\/i0.wp.com\/fotografiadlaciekawych.pl\/wp-content\/uploads\/2026\/03\/260310_P3109632_1080px.jpg?resize=1050%2C600&ssl=1 3x"},"classes":[]},{"id":18731,"url":"https:\/\/fotografiadlaciekawych.pl\/index.php\/2024\/03\/13\/jak-fotografowac-kwiaty-wiosna\/","url_meta":{"origin":21361,"position":2},"title":"Jak fotografowa\u0107 kwiaty wiosn\u0105","author":"Przemys\u0142aw Oziemblewski","date":"\u015broda, 13 mar 2024","format":false,"excerpt":"Wiosna to czas, gdy przyroda budzi si\u0119 do \u017cycia, maluj\u0105c \u015bwiat obfito\u015bci\u0105 kolor\u00f3w i pi\u0119knymi doznaniami. Kwiaty, kt\u00f3re w tym okresie wyrastaj\u0105 z ziemi, rozkwitaj\u0105, otwieraj\u0105c przed nami niezliczone mo\u017cliwo\u015bci fotograficznej ekspresji. Ta wyj\u0105tkowa pora roku pe\u0142na jest inspiracji do eksperymentowania z r\u00f3\u017cnymi technikami makrofotografii, umo\u017cliwiaj\u0105c odkrywanie pi\u0119kna nawet w\u2026","rel":"","context":"W \u201eFotografia&quot;","block_context":{"text":"Fotografia","link":"https:\/\/fotografiadlaciekawych.pl\/index.php\/category\/fotografia\/"},"img":{"alt_text":"Wiosenne kwiaty - krokusy","src":"https:\/\/i0.wp.com\/fotografiadlaciekawych.pl\/wp-content\/uploads\/2024\/03\/krokusy-240303_O3033600-HDR_1080px.jpg?resize=350%2C200&ssl=1","width":350,"height":200,"srcset":"https:\/\/i0.wp.com\/fotografiadlaciekawych.pl\/wp-content\/uploads\/2024\/03\/krokusy-240303_O3033600-HDR_1080px.jpg?resize=350%2C200&ssl=1 1x, https:\/\/i0.wp.com\/fotografiadlaciekawych.pl\/wp-content\/uploads\/2024\/03\/krokusy-240303_O3033600-HDR_1080px.jpg?resize=525%2C300&ssl=1 1.5x, https:\/\/i0.wp.com\/fotografiadlaciekawych.pl\/wp-content\/uploads\/2024\/03\/krokusy-240303_O3033600-HDR_1080px.jpg?resize=700%2C400&ssl=1 2x, https:\/\/i0.wp.com\/fotografiadlaciekawych.pl\/wp-content\/uploads\/2024\/03\/krokusy-240303_O3033600-HDR_1080px.jpg?resize=1050%2C600&ssl=1 3x"},"classes":[]},{"id":20311,"url":"https:\/\/fotografiadlaciekawych.pl\/index.php\/2025\/03\/14\/jak-fotografowac-pod-slonce\/","url_meta":{"origin":21361,"position":3},"title":"Jak fotografowa\u0107 pod s\u0142o\u0144ce \u2014 kilka praktycznych porad","author":"Przemys\u0142aw Oziemblewski","date":"pi\u0105tek, 14 mar 2025","format":false,"excerpt":"Fotografowanie pod s\u0142o\u0144ce to technika, kt\u00f3ra pozwoli Ci uzyska\u0107 ciekawsze i mniej powszechne kadry. Odpowiednio wykonane zdj\u0119cie pod \u015bwiat\u0142o mo\u017ce stworzy\u0107 magiczn\u0105 atmosfer\u0119, podkre\u015bli\u0107 sylwetki obiekt\u00f3w i unaoczni\u0107 silne kontrasty. Robienie zdj\u0119\u0107 pod \u015bwiat\u0142o wi\u0105\u017ce si\u0119 jednak z pewnymi trudno\u015bciami. Zobacz, jak mo\u017cesz sobie z nimi poradzi\u0107. S\u0142oneczny poranek. \u015awiat\u0142o\u2026","rel":"","context":"W \u201eFotografia&quot;","block_context":{"text":"Fotografia","link":"https:\/\/fotografiadlaciekawych.pl\/index.php\/category\/fotografia\/"},"img":{"alt_text":"","src":"https:\/\/i0.wp.com\/fotografiadlaciekawych.pl\/wp-content\/uploads\/2025\/03\/250217_IMG_4256_1080px.jpg?resize=350%2C200&ssl=1","width":350,"height":200,"srcset":"https:\/\/i0.wp.com\/fotografiadlaciekawych.pl\/wp-content\/uploads\/2025\/03\/250217_IMG_4256_1080px.jpg?resize=350%2C200&ssl=1 1x, https:\/\/i0.wp.com\/fotografiadlaciekawych.pl\/wp-content\/uploads\/2025\/03\/250217_IMG_4256_1080px.jpg?resize=525%2C300&ssl=1 1.5x, https:\/\/i0.wp.com\/fotografiadlaciekawych.pl\/wp-content\/uploads\/2025\/03\/250217_IMG_4256_1080px.jpg?resize=700%2C400&ssl=1 2x, https:\/\/i0.wp.com\/fotografiadlaciekawych.pl\/wp-content\/uploads\/2025\/03\/250217_IMG_4256_1080px.jpg?resize=1050%2C600&ssl=1 3x"},"classes":[]},{"id":15857,"url":"https:\/\/fotografiadlaciekawych.pl\/index.php\/2021\/09\/23\/co-sie-dzieje-po-nacisnieciu-spustu-migawki-do-polowy\/","url_meta":{"origin":21361,"position":4},"title":"Jak rozdzieli\u0107 ustawianie ostro\u015bci i ekspozycji w aparacie?","author":"Przemys\u0142aw Oziemblewski","date":"czwartek, 23 wrz 2021","format":false,"excerpt":"Kiedy naci\u015bniesz po po\u0142owy spust migawki, aparat ustawi ostro\u015b\u0107 i parametry na\u015bwietlenia. A co zrobi\u0107, by miejsce ostrzenia by\u0142o inne ni\u017c pomiar na\u015bwietlenia, bo przyk\u0142adowo chcesz zrobi\u0107 zdj\u0119cia do panoramy i na\u015bwietlenie powinno by\u0107 sta\u0142e? Albo chcesz mie\u0107 na sztywno ustawion\u0105 ostro\u015b\u0107, bo robisz zdj\u0119cia w takich warunkach, \u017ce autofokus\u2026","rel":"","context":"W \u201eAparaty&quot;","block_context":{"text":"Aparaty","link":"https:\/\/fotografiadlaciekawych.pl\/index.php\/category\/sprzet-fotograficzny\/aparaty\/"},"img":{"alt_text":"","src":"https:\/\/i0.wp.com\/fotografiadlaciekawych.pl\/wp-content\/uploads\/2021\/09\/210927_IMG_8294-Pano_1000px.jpg?resize=350%2C200&ssl=1","width":350,"height":200,"srcset":"https:\/\/i0.wp.com\/fotografiadlaciekawych.pl\/wp-content\/uploads\/2021\/09\/210927_IMG_8294-Pano_1000px.jpg?resize=350%2C200&ssl=1 1x, https:\/\/i0.wp.com\/fotografiadlaciekawych.pl\/wp-content\/uploads\/2021\/09\/210927_IMG_8294-Pano_1000px.jpg?resize=525%2C300&ssl=1 1.5x, https:\/\/i0.wp.com\/fotografiadlaciekawych.pl\/wp-content\/uploads\/2021\/09\/210927_IMG_8294-Pano_1000px.jpg?resize=700%2C400&ssl=1 2x"},"classes":[]},{"id":8912,"url":"https:\/\/fotografiadlaciekawych.pl\/index.php\/2015\/12\/14\/jak-fotografowac-droge-mleczna\/","url_meta":{"origin":21361,"position":5},"title":"Jak fotografowa\u0107 Drog\u0119 Mleczn\u0105","author":"Przemys\u0142aw Oziemblewski","date":"poniedzia\u0142ek, 14 gru 2015","format":false,"excerpt":"Dzi\u0119kuj\u0119 za g\u0142osy pod wpisem 15 pomys\u0142\u00f3w na nocne zdj\u0119cia. Okaza\u0142o si\u0119, \u017ce wi\u0119kszo\u015b\u0107 os\u00f3b jest zainteresowanych opisem powstania zdj\u0119cia nr 14. Zobacz zatem jak fotografowa\u0107 Drog\u0119 Mleczn\u0105. Uzyskanie zdj\u0119cia Drogi Mlecznej wymaga dw\u00f3ch etap\u00f3w. Pierwszy polega na odpowiednim wykonaniu zdj\u0119cia. Drugi na w\u0142a\u015bciwej jego obr\u00f3bce, na odpowiednim wywo\u0142aniu z\u2026","rel":"","context":"W \u201eCzas migawki&quot;","block_context":{"text":"Czas migawki","link":"https:\/\/fotografiadlaciekawych.pl\/index.php\/category\/fotografia\/czas-migawki-fotografia\/"},"img":{"alt_text":"Droga Mleczna","src":"https:\/\/i0.wp.com\/fotografiadlaciekawych.pl\/wp-content\/uploads\/2015\/11\/5359_850-2-267x400.jpg?resize=350%2C200","width":350,"height":200},"classes":[]}],"_links":{"self":[{"href":"https:\/\/fotografiadlaciekawych.pl\/index.php\/wp-json\/wp\/v2\/posts\/21361","targetHints":{"allow":["GET"]}}],"collection":[{"href":"https:\/\/fotografiadlaciekawych.pl\/index.php\/wp-json\/wp\/v2\/posts"}],"about":[{"href":"https:\/\/fotografiadlaciekawych.pl\/index.php\/wp-json\/wp\/v2\/types\/post"}],"author":[{"embeddable":true,"href":"https:\/\/fotografiadlaciekawych.pl\/index.php\/wp-json\/wp\/v2\/users\/1"}],"replies":[{"embeddable":true,"href":"https:\/\/fotografiadlaciekawych.pl\/index.php\/wp-json\/wp\/v2\/comments?post=21361"}],"version-history":[{"count":5,"href":"https:\/\/fotografiadlaciekawych.pl\/index.php\/wp-json\/wp\/v2\/posts\/21361\/revisions"}],"predecessor-version":[{"id":21369,"href":"https:\/\/fotografiadlaciekawych.pl\/index.php\/wp-json\/wp\/v2\/posts\/21361\/revisions\/21369"}],"wp:featuredmedia":[{"embeddable":true,"href":"https:\/\/fotografiadlaciekawych.pl\/index.php\/wp-json\/wp\/v2\/media\/21362"}],"wp:attachment":[{"href":"https:\/\/fotografiadlaciekawych.pl\/index.php\/wp-json\/wp\/v2\/media?parent=21361"}],"wp:term":[{"taxonomy":"category","embeddable":true,"href":"https:\/\/fotografiadlaciekawych.pl\/index.php\/wp-json\/wp\/v2\/categories?post=21361"},{"taxonomy":"post_tag","embeddable":true,"href":"https:\/\/fotografiadlaciekawych.pl\/index.php\/wp-json\/wp\/v2\/tags?post=21361"}],"curies":[{"name":"wp","href":"https:\/\/api.w.org\/{rel}","templated":true}]}}