{"id":21380,"date":"2026-03-12T17:55:37","date_gmt":"2026-03-12T16:55:37","guid":{"rendered":"https:\/\/fotografiadlaciekawych.pl\/?p=21380"},"modified":"2026-03-13T20:37:32","modified_gmt":"2026-03-13T19:37:32","slug":"fotografowanie-lodu-jak-uchwycic-pecherzyki-powietrza-bryle-i-swiatlo","status":"publish","type":"post","link":"https:\/\/fotografiadlaciekawych.pl\/index.php\/2026\/03\/12\/fotografowanie-lodu-jak-uchwycic-pecherzyki-powietrza-bryle-i-swiatlo\/","title":{"rendered":"Fotografowanie lodu \u2014 jak uchwyci\u0107 p\u0119cherzyki powietrza, bry\u0142\u0119 i \u015bwiat\u0142o"},"content":{"rendered":"<p>Zima powoli odpuszcza. Nad jeziorem Chodzieskim znalaz\u0142em jednak jeszcze ostatni zimowy motyw.\u00a0 Mi\u0142o\u015bnicy morsowania wybili przer\u0119bel. Dzi\u0119ki temu na zamarzni\u0119tym jeszcze jeziorze oraz przy brzegu pozosta\u0142y rozrzucone bry\u0142ki lodu. R\u00f3\u017cnej wielko\u015bci. Od kilku do oko\u0142o trzydziestu centymetr\u00f3w. Ka\u017cda z tych wi\u0119kszych\u00a0 by\u0142a ciekawa w inny spos\u00f3b.<br \/>\n<!--more--><\/p>\n<h2>Co sprawia, \u017ce bry\u0142ka lodu jest dobrym motywem fotograficznym<\/h2>\n<p>By\u0142em rano nad jezioro kilka razy. Przykuca\u0142em przy brzegu i wypatrywa\u0142em uj\u0119\u0107. L\u00f3d okaza\u0142 si\u0119 materia\u0142em zaskakuj\u0105co r\u00f3\u017cnorodnym. W zale\u017cno\u015bci od \u015bwiat\u0142a, kierunku padania, jego rozproszenia raz by\u0142 jednorodny, sp\u00f3jny, innym razem rozwarstwiony i niemal graficzny. By\u0142y wi\u0119c bry\u0142y, kszta\u0142ty, by\u0142y te\u017c uwi\u0119zione w \u015brodku p\u0119cherzyki powietrza.<\/p>\n<p>Je\u015bli p\u0119cherzyki by\u0142y dobrze widoczne, robi\u0142em zbli\u017cenie i to one stawa\u0142y si\u0119 g\u0142\u00f3wnym tematem zdj\u0119cia. Je\u015bli przez bry\u0142k\u0119 pi\u0119knie przenika\u0142o \u015bwiat\u0142o \u2014 kadr budowa\u0142em wok\u00f3\u0142 tego efektu. Ka\u017cda bry\u0142ka rz\u0105dzi\u0142a si\u0119 w\u0142asnymi prawami i narzuca\u0142a w\u0142asn\u0105 narracj\u0119.<\/p>\n<p>Fotografowanie lodu daje wiec szereg mo\u017cliwo\u015bci.<\/p>\n<h2>Jak dopasowa\u0107 kadr, ogniskow\u0105 i perspektyw\u0119 do bry\u0142ki<\/h2>\n<p>Wszystkie zdj\u0119cia robi\u0142em z r\u0119ki, zazwyczaj z niskiej perspektywy. Przykucni\u0119cie przy samym lodzie zmienia zupe\u0142nie charakter kadru. Zamiast dokumentowa\u0107 bry\u0142k\u0119 z g\u00f3ry, wchodzisz niejako w jej \u015bwiat.<\/p>\n<p>U\u017cywa\u0142em r\u00f3\u017cnych ogniskowych \u2014 od szerokiego k\u0105ta 7 mm po teleobiektyw 300 mm. Kiedy bry\u0142ki le\u017ca\u0142y na zamarzni\u0119tym jeziorze, fotografowa\u0142em je z brzegu teleobiektywem. To pozwala\u0142o mi pracowa\u0107 bezpiecznie, nie ryzykuj\u0105c wej\u015bcia na cienki l\u00f3d.<\/p>\n<p>Te bli\u017cej brzegu dawa\u0142y wi\u0119cej swobody w wyborze ogniskowej. O ogniskowej przeczytasz we wpisie <a href=\"https:\/\/fotografiadlaciekawych.pl\/index.php\/2020\/06\/22\/ogniskowa-obiektywu-w-aparacie-fotograficznym-co-to-jest\/\">Ogniskowa obiektywu w aparacie fotograficznym \u2014 co to jest<\/a>.<\/p>\n<p>Je\u015bli chcesz pokaza\u0107 bry\u0142k\u0119 w otoczeniu, stosujesz szerszy k\u0105t. Takie kadry z bliska na szerokim k\u0105cie nie sprawdzaj\u0105 si\u0119 w portrecie, natomiast tutaj mog\u0105 da\u0107 ciekawy efekt. Je\u015bli natomiast skupiasz si\u0119 na konkretnym kawa\u0142ku lodu, bez wi\u0119kszego otoczenia mo\u017cesz da\u0107 d\u0142u\u017csz\u0105 ogniskow\u0105.<\/p>\n<p>Kadr za ka\u017cdym razem dostosowywa\u0142em do tego, co konkretna bry\u0142ka mia\u0142a do zaoferowania \u2014 jej kszta\u0142t, rozmiar i przezroczysto\u015b\u0107. Bierzesz to, co masz przed sob\u0105, i szukasz w tym czego\u015b wartego uchwycenia.<\/p>\n<h2>\u015awiat\u0142o zmienia wszystko<\/h2>\n<p>Fotografowa\u0142em przez kilka dni. Zmienia\u0142o si\u0119 \u015bwiat\u0142o, co mocno wp\u0142ywa\u0142o na tworzony kadr. Gdy przychodzi\u0142em wcze\u015bnie, przy samym wschodzie, s\u0142o\u0144ce by\u0142o nisko nad horyzontem i dawa\u0142o ciep\u0142e, z\u0142ote \u015bwiat\u0142o. Bry\u0142ki prze\u015bwieca\u0142y, nabiera\u0142y barwy, l\u00f3d wygl\u0105da\u0142 niemal jak bursztyn. Kiedy by\u0142em p\u00f3\u017aniej, s\u0142o\u0144ce wy\u017cej \u2014 \u015bwiat\u0142o robi\u0142o si\u0119 bielsze i ch\u0142odniejsze. Gdy pojawia\u0142o si\u0119 zachmurzenie, bry\u0142ki lodu matowia\u0142y i mniej prze\u015bwieca\u0142y.<\/p>\n<p><a href=\"https:\/\/fotografiadlaciekawych.pl\/wp-content\/uploads\/2026\/03\/260308_P3089543_1080px.jpg\" rel=\"lightbox\"><img loading=\"lazy\" decoding=\"async\" class=\"alignnone size-medium wp-image-21405\" src=\"https:\/\/fotografiadlaciekawych.pl\/wp-content\/uploads\/2026\/03\/260308_P3089543_1080px-400x267.jpg\" alt=\"Bry\u0142ka lodu przy zachmurzonym niebie\" width=\"400\" height=\"267\" srcset=\"https:\/\/fotografiadlaciekawych.pl\/wp-content\/uploads\/2026\/03\/260308_P3089543_1080px-400x267.jpg 400w, https:\/\/fotografiadlaciekawych.pl\/wp-content\/uploads\/2026\/03\/260308_P3089543_1080px-1024x683.jpg 1024w, https:\/\/fotografiadlaciekawych.pl\/wp-content\/uploads\/2026\/03\/260308_P3089543_1080px-768x512.jpg 768w, https:\/\/fotografiadlaciekawych.pl\/wp-content\/uploads\/2026\/03\/260308_P3089543_1080px.jpg 1080w\" sizes=\"auto, (max-width: 400px) 100vw, 400px\" \/><\/a><br \/>\n<em>Tu \u015bwiat\u0142o s\u0142oneczne prze\u015bwieca\u0142o przez pewn\u0105 warstw\u0119 chmur. \u0141adnie si\u0119 ono odbija w b\u0142yszcz\u0105cej powierzchni zamarzni\u0119tego jeziora, niemniej bry\u0142ki lodu s\u0105 bardziej &#8222;matowe&#8221;.<\/em><\/p>\n<p><a href=\"https:\/\/fotografiadlaciekawych.pl\/wp-content\/uploads\/2026\/03\/260310_P3109660_1080px.jpg\" rel=\"lightbox\"><img loading=\"lazy\" decoding=\"async\" class=\"alignnone size-medium wp-image-21385\" src=\"https:\/\/fotografiadlaciekawych.pl\/wp-content\/uploads\/2026\/03\/260310_P3109660_1080px-400x267.jpg\" alt=\"\" width=\"400\" height=\"267\" srcset=\"https:\/\/fotografiadlaciekawych.pl\/wp-content\/uploads\/2026\/03\/260310_P3109660_1080px-400x267.jpg 400w, https:\/\/fotografiadlaciekawych.pl\/wp-content\/uploads\/2026\/03\/260310_P3109660_1080px-1024x683.jpg 1024w, https:\/\/fotografiadlaciekawych.pl\/wp-content\/uploads\/2026\/03\/260310_P3109660_1080px-768x512.jpg 768w, https:\/\/fotografiadlaciekawych.pl\/wp-content\/uploads\/2026\/03\/260310_P3109660_1080px.jpg 1080w\" sizes=\"auto, (max-width: 400px) 100vw, 400px\" \/><\/a><br \/>\n<em>Kiedy bezpo\u015brednie \u015bwiat\u0142o s\u0142oneczne przenika przez bry\u0142k\u0119 lodu, pokazuje ca\u0142\u0105 jego struktur\u0119 i l\u00f3d si\u0119 b\u0142yszczy.<\/em><\/p>\n<p>To samo miejsce, bry\u0142ki lodu a wynik zupe\u0142nie odmienny w zale\u017cno\u015bci od pory i zachmurzenia. Najciekawsze zdj\u0119cia zrobi\u0142em w\u0142a\u015bnie przy \u015bwietle od nisko wisz\u0105cego nad horyzontem s\u0142o\u0144ca. Warto wi\u0119c zaplanowa\u0107 sesj\u0119 z wyprzedzeniem i sprawdzi\u0107, czy b\u0119dziesz m\u00f3g\u0142\/mog\u0142a fotografowa\u0107 pod \u015bwiat\u0142o. Pomocny do tego mo\u017ce by\u0107 wpis <a href=\"https:\/\/fotografiadlaciekawych.pl\/index.php\/2023\/06\/01\/jak-sprawdzic-kiedy-i-gdzie-zachodzi-slonce\/\">Jak sprawdzi\u0107, kiedy i gdzie zachodzi s\u0142o\u0144ce?<\/a><\/p>\n<p>Do tego wszystkiego nale\u017cy jeszcze dorzuci\u0107 obr\u00f3bk\u0119 zdj\u0119\u0107. Wtedy mo\u017cesz nada\u0107 im ostateczny szlif.<\/p>\n<p>Poni\u017cej zobacz 15 zdj\u0119\u0107, kt\u00f3re pokazuj\u0105, jak r\u00f3\u017cnorodne efekty mo\u017cesz wyci\u0105gn\u0105\u0107 z jednego tematu \u2014 bry\u0142ek lodu i porannego \u015bwiat\u0142a.<\/p>\n\n\t\t<div id='gallery-1' class='gallery galleryid-21380 gallery-columns-3 gallery-size-thumbnail gallery1'><script type=\"text\/javascript\">\r\n\/\/ <![CDATA[\r\n\tjQuery(document).ready(function () {\r\n\t\tjQuery(\".gallery1 a\").lightBox({captionPosition:\"gallery\"});\t\t\r\n\t});\r\n\/\/ ]]>\r\n<\/script>\n<figure class=\"gallery-item\">\n<div class=\"gallery-icon\">\r\n<a href=\"https:\/\/fotografiadlaciekawych.pl\/wp-content\/uploads\/2026\/03\/260306_P3069362_1080px.jpg\" title=\"\"><img loading=\"lazy\" decoding=\"async\" src=\"https:\/\/fotografiadlaciekawych.pl\/wp-content\/uploads\/2026\/03\/260306_P3069362_1080px-150x150.jpg\" width=\"150\" height=\"150\" alt=\"\" \/><\/a>\r\n<\/div><figcaption class=\"gallery-caption\" id=\"caption21396\"><span class=\"imagemeta\">Aparat: OM-1MarkII | Przes\u0142ona: F11 | D\u0142ugo\u015b\u0107 ogniskowej: 234mm | ISO: 200 | Czas migawki: 1\/320 | Utworzono: 2026:03:06 06:37:53<\/span><\/figcaption><\/figure><figure class=\"gallery-item\">\n<div class=\"gallery-icon\">\r\n<a href=\"https:\/\/fotografiadlaciekawych.pl\/wp-content\/uploads\/2026\/03\/260306_P3069371_1080px.jpg\" title=\"\"><img loading=\"lazy\" decoding=\"async\" src=\"https:\/\/fotografiadlaciekawych.pl\/wp-content\/uploads\/2026\/03\/260306_P3069371_1080px-150x150.jpg\" width=\"150\" height=\"150\" alt=\"\" \/><\/a>\r\n<\/div><figcaption class=\"gallery-caption\" id=\"caption21395\"><span class=\"imagemeta\">Aparat: OM-1MarkII | Przes\u0142ona: F8 | D\u0142ugo\u015b\u0107 ogniskowej: 75mm | ISO: 200 | Czas migawki: 1\/100 | Utworzono: 2026:03:06 06:42:30<\/span><\/figcaption><\/figure><figure class=\"gallery-item\">\n<div class=\"gallery-icon\">\r\n<a href=\"https:\/\/fotografiadlaciekawych.pl\/wp-content\/uploads\/2026\/03\/260306_P3069374_1080px.jpg\" title=\"\"><img loading=\"lazy\" decoding=\"async\" src=\"https:\/\/fotografiadlaciekawych.pl\/wp-content\/uploads\/2026\/03\/260306_P3069374_1080px-150x150.jpg\" width=\"150\" height=\"150\" alt=\"\" \/><\/a>\r\n<\/div><figcaption class=\"gallery-caption\" id=\"caption21394\"><span class=\"imagemeta\">Aparat: OM-1MarkII | Przes\u0142ona: F8 | D\u0142ugo\u015b\u0107 ogniskowej: 252mm | ISO: 200 | Czas migawki: 1\/500 | Utworzono: 2026:03:06 06:43:29<\/span><\/figcaption><\/figure><figure class=\"gallery-item\">\n<div class=\"gallery-icon\">\r\n<a href=\"https:\/\/fotografiadlaciekawych.pl\/wp-content\/uploads\/2026\/03\/260306_P3069379_1080px.jpg\" title=\"\"><img loading=\"lazy\" decoding=\"async\" src=\"https:\/\/fotografiadlaciekawych.pl\/wp-content\/uploads\/2026\/03\/260306_P3069379_1080px-150x150.jpg\" width=\"150\" height=\"150\" alt=\"\" \/><\/a>\r\n<\/div><figcaption class=\"gallery-caption\" id=\"caption21393\"><span class=\"imagemeta\">Aparat: OM-1MarkII | Przes\u0142ona: F8 | D\u0142ugo\u015b\u0107 ogniskowej: 6mm | ISO: 200 | Czas migawki: 1\/500 | Utworzono: 2026:03:06 06:49:39<\/span><\/figcaption><\/figure><figure class=\"gallery-item\">\n<div class=\"gallery-icon\">\r\n<a href=\"https:\/\/fotografiadlaciekawych.pl\/wp-content\/uploads\/2026\/03\/260307_P3079513_1080px.jpg\" title=\"\"><img loading=\"lazy\" decoding=\"async\" src=\"https:\/\/fotografiadlaciekawych.pl\/wp-content\/uploads\/2026\/03\/260307_P3079513_1080px-150x150.jpg\" width=\"150\" height=\"150\" alt=\"\" \/><\/a>\r\n<\/div><figcaption class=\"gallery-caption\" id=\"caption21392\"><span class=\"imagemeta\">Aparat: OM-1MarkII | Przes\u0142ona: F5.6 | D\u0142ugo\u015b\u0107 ogniskowej: 100mm | ISO: 100 | Czas migawki: 1\/640 | Utworzono: 2026:03:07 07:02:09<\/span><\/figcaption><\/figure><figure class=\"gallery-item\">\n<div class=\"gallery-icon\">\r\n<a href=\"https:\/\/fotografiadlaciekawych.pl\/wp-content\/uploads\/2026\/03\/260307_P3079514_1080px.jpg\" title=\"\"><img loading=\"lazy\" decoding=\"async\" src=\"https:\/\/fotografiadlaciekawych.pl\/wp-content\/uploads\/2026\/03\/260307_P3079514_1080px-150x150.jpg\" width=\"150\" height=\"150\" alt=\"\" \/><\/a>\r\n<\/div><figcaption class=\"gallery-caption\" id=\"caption21391\"><span class=\"imagemeta\">Aparat: OM-1MarkII | Przes\u0142ona: F5.6 | D\u0142ugo\u015b\u0107 ogniskowej: 100mm | ISO: 100 | Czas migawki: 1\/500 | Utworzono: 2026:03:07 07:02:25<\/span><\/figcaption><\/figure><figure class=\"gallery-item\">\n<div class=\"gallery-icon\">\r\n<a href=\"https:\/\/fotografiadlaciekawych.pl\/wp-content\/uploads\/2026\/03\/260310_P3109593_1080px.jpg\" title=\"\"><img loading=\"lazy\" decoding=\"async\" src=\"https:\/\/fotografiadlaciekawych.pl\/wp-content\/uploads\/2026\/03\/260310_P3109593_1080px-150x150.jpg\" width=\"150\" height=\"150\" alt=\"\" \/><\/a>\r\n<\/div><figcaption class=\"gallery-caption\" id=\"caption21390\"><span class=\"imagemeta\">Aparat: OM-1MarkII | Przes\u0142ona: F4 | D\u0142ugo\u015b\u0107 ogniskowej: 100mm | ISO: 200 | Czas migawki: 1\/400 | Utworzono: 2026:03:10 05:45:31<\/span><\/figcaption><\/figure><figure class=\"gallery-item\">\n<div class=\"gallery-icon\">\r\n<a href=\"https:\/\/fotografiadlaciekawych.pl\/wp-content\/uploads\/2026\/03\/260310_P3109632_1080px.jpg\" title=\"\"><img loading=\"lazy\" decoding=\"async\" src=\"https:\/\/fotografiadlaciekawych.pl\/wp-content\/uploads\/2026\/03\/260310_P3109632_1080px-150x150.jpg\" width=\"150\" height=\"150\" alt=\"\" \/><\/a>\r\n<\/div><figcaption class=\"gallery-caption\" id=\"caption21389\"><span class=\"imagemeta\">Aparat: OM-1MarkII | Przes\u0142ona: F4 | D\u0142ugo\u015b\u0107 ogniskowej: 100mm | ISO: 200 | Czas migawki: 1\/4000 | Utworzono: 2026:03:10 05:52:41<\/span><\/figcaption><\/figure><figure class=\"gallery-item\">\n<div class=\"gallery-icon\">\r\n<a href=\"https:\/\/fotografiadlaciekawych.pl\/wp-content\/uploads\/2026\/03\/260310_P3109650_1080px.jpg\" title=\"\"><img loading=\"lazy\" decoding=\"async\" src=\"https:\/\/fotografiadlaciekawych.pl\/wp-content\/uploads\/2026\/03\/260310_P3109650_1080px-150x150.jpg\" width=\"150\" height=\"150\" alt=\"\" \/><\/a>\r\n<\/div><figcaption class=\"gallery-caption\" id=\"caption21388\"><span class=\"imagemeta\">Aparat: OM-1MarkII | Przes\u0142ona: F6.2 | D\u0142ugo\u015b\u0107 ogniskowej: 208mm | ISO: 200 | Czas migawki: 1\/250 | Utworzono: 2026:03:10 05:57:35<\/span><\/figcaption><\/figure><figure class=\"gallery-item\">\n<div class=\"gallery-icon\">\r\n<a href=\"https:\/\/fotografiadlaciekawych.pl\/wp-content\/uploads\/2026\/03\/260310_P3109651-Edytuj_1080px.jpg\" title=\"\"><img loading=\"lazy\" decoding=\"async\" src=\"https:\/\/fotografiadlaciekawych.pl\/wp-content\/uploads\/2026\/03\/260310_P3109651-Edytuj_1080px-150x150.jpg\" width=\"150\" height=\"150\" alt=\"\" \/><\/a>\r\n<\/div><figcaption class=\"gallery-caption\" id=\"caption21387\"><span class=\"imagemeta\">Aparat: OM-1MarkII | Przes\u0142ona: F6.7 | D\u0142ugo\u015b\u0107 ogniskowej: 300mm | ISO: 200 | Czas migawki: 1\/200 | Utworzono: 2026:03:10 05:57:50<\/span><\/figcaption><\/figure><figure class=\"gallery-item\">\n<div class=\"gallery-icon\">\r\n<a href=\"https:\/\/fotografiadlaciekawych.pl\/wp-content\/uploads\/2026\/03\/260310_P3109654_1080px.jpg\" title=\"\"><img loading=\"lazy\" decoding=\"async\" src=\"https:\/\/fotografiadlaciekawych.pl\/wp-content\/uploads\/2026\/03\/260310_P3109654_1080px-150x150.jpg\" width=\"150\" height=\"150\" alt=\"\" \/><\/a>\r\n<\/div><figcaption class=\"gallery-caption\" id=\"caption21386\"><span class=\"imagemeta\">Aparat: OM-1MarkII | Przes\u0142ona: F8 | D\u0142ugo\u015b\u0107 ogniskowej: 300mm | ISO: 200 | Czas migawki: 1\/125 | Utworzono: 2026:03:10 05:58:17<\/span><\/figcaption><\/figure><figure class=\"gallery-item\">\n<div class=\"gallery-icon\">\r\n<a href=\"https:\/\/fotografiadlaciekawych.pl\/wp-content\/uploads\/2026\/03\/260310_P3109660_1080px.jpg\" title=\"\"><img loading=\"lazy\" decoding=\"async\" src=\"https:\/\/fotografiadlaciekawych.pl\/wp-content\/uploads\/2026\/03\/260310_P3109660_1080px-150x150.jpg\" width=\"150\" height=\"150\" alt=\"\" \/><\/a>\r\n<\/div><figcaption class=\"gallery-caption\" id=\"caption21385\"><span class=\"imagemeta\">Aparat: OM-1MarkII | Przes\u0142ona: F8 | D\u0142ugo\u015b\u0107 ogniskowej: 300mm | ISO: 200 | Czas migawki: 1\/250 | Utworzono: 2026:03:10 05:59:33<\/span><\/figcaption><\/figure><figure class=\"gallery-item\">\n<div class=\"gallery-icon\">\r\n<a href=\"https:\/\/fotografiadlaciekawych.pl\/wp-content\/uploads\/2026\/03\/260310_P3109662_1080px.jpg\" title=\"\"><img loading=\"lazy\" decoding=\"async\" src=\"https:\/\/fotografiadlaciekawych.pl\/wp-content\/uploads\/2026\/03\/260310_P3109662_1080px-150x150.jpg\" width=\"150\" height=\"150\" alt=\"\" \/><\/a>\r\n<\/div><figcaption class=\"gallery-caption\" id=\"caption21384\"><span class=\"imagemeta\">Aparat: OM-1MarkII | Przes\u0142ona: F5.9 | D\u0142ugo\u015b\u0107 ogniskowej: 171mm | ISO: 200 | Czas migawki: 1\/400 | Utworzono: 2026:03:10 06:00:10<\/span><\/figcaption><\/figure><figure class=\"gallery-item\">\n<div class=\"gallery-icon\">\r\n<a href=\"https:\/\/fotografiadlaciekawych.pl\/wp-content\/uploads\/2026\/03\/260310_P3109663_1080px.jpg\" title=\"\"><img loading=\"lazy\" decoding=\"async\" src=\"https:\/\/fotografiadlaciekawych.pl\/wp-content\/uploads\/2026\/03\/260310_P3109663_1080px-150x150.jpg\" width=\"150\" height=\"150\" alt=\"\" \/><\/a>\r\n<\/div><figcaption class=\"gallery-caption\" id=\"caption21383\"><span class=\"imagemeta\">Aparat: OM-1MarkII | Przes\u0142ona: F5.9 | D\u0142ugo\u015b\u0107 ogniskowej: 171mm | ISO: 200 | Czas migawki: 1\/400 | Utworzono: 2026:03:10 06:00:41<\/span><\/figcaption><\/figure><figure class=\"gallery-item\">\n<div class=\"gallery-icon\">\r\n<a href=\"https:\/\/fotografiadlaciekawych.pl\/wp-content\/uploads\/2026\/03\/260310_P3109664_1080px.jpg\" title=\"\"><img loading=\"lazy\" decoding=\"async\" src=\"https:\/\/fotografiadlaciekawych.pl\/wp-content\/uploads\/2026\/03\/260310_P3109664_1080px-150x150.jpg\" width=\"150\" height=\"150\" alt=\"\" \/><\/a>\r\n<\/div><figcaption class=\"gallery-caption\" id=\"caption21382\"><span class=\"imagemeta\">Aparat: OM-1MarkII | Przes\u0142ona: F8 | D\u0142ugo\u015b\u0107 ogniskowej: 286mm | ISO: 200 | Czas migawki: 1\/250 | Utworzono: 2026:03:10 06:00:56<\/span><\/figcaption><\/figure>\r\n\t\t<\/div>\n\n<p>Udanych zdj\u0119\u0107!<\/p>\n","protected":false},"excerpt":{"rendered":"<p>Zima powoli odpuszcza. Nad jeziorem Chodzieskim znalaz\u0142em jednak jeszcze ostatni zimowy motyw.\u00a0 Mi\u0142o\u015bnicy morsowania wybili przer\u0119bel. Dzi\u0119ki temu na zamarzni\u0119tym jeszcze jeziorze oraz przy brzegu pozosta\u0142y rozrzucone bry\u0142ki lodu. R\u00f3\u017cnej wielko\u015bci. Od kilku do oko\u0142o trzydziestu centymetr\u00f3w. Ka\u017cda z tych wi\u0119kszych\u00a0 by\u0142a ciekawa w inny spos\u00f3b.<\/p>\n","protected":false},"author":1,"featured_media":21389,"comment_status":"open","ping_status":"closed","sticky":false,"template":"","format":"standard","meta":{"jetpack_post_was_ever_published":false,"_jetpack_newsletter_access":"","_jetpack_dont_email_post_to_subs":false,"_jetpack_newsletter_tier_id":0,"_jetpack_memberships_contains_paywalled_content":false,"_jetpack_memberships_contains_paid_content":false,"footnotes":"","jetpack_publicize_message":"","jetpack_publicize_feature_enabled":true,"jetpack_social_post_already_shared":true,"jetpack_social_options":{"image_generator_settings":{"template":"highway","default_image_id":0,"font":"","enabled":false},"version":2}},"categories":[11],"tags":[173,172],"class_list":["post-21380","post","type-post","status-publish","format-standard","has-post-thumbnail","hentry","category-zdjecia","tag-lod","tag-zima"],"yoast_head":"<!-- This site is optimized with the Yoast SEO plugin v27.3 - https:\/\/yoast.com\/product\/yoast-seo-wordpress\/ -->\n<title>Fotografowanie lodu \u2014 jak uchwyci\u0107 p\u0119cherzyki powietrza, bry\u0142\u0119 i \u015bwiat\u0142o<\/title>\n<meta name=\"description\" content=\"By\u0142em rano nad jezioro. Wypatrywa\u0142em uj\u0119\u0107. L\u00f3d okaza\u0142 si\u0119 materia\u0142em zaskakuj\u0105co r\u00f3\u017cnorodnym. Fotografowanie lodu daje szereg mo\u017cliwo\u015bci.\" \/>\n<meta name=\"robots\" content=\"index, follow, max-snippet:-1, max-image-preview:large, max-video-preview:-1\" \/>\n<link rel=\"canonical\" href=\"https:\/\/fotografiadlaciekawych.pl\/index.php\/2026\/03\/12\/fotografowanie-lodu-jak-uchwycic-pecherzyki-powietrza-bryle-i-swiatlo\/\" \/>\n<meta property=\"og:locale\" content=\"pl_PL\" \/>\n<meta property=\"og:type\" content=\"article\" \/>\n<meta property=\"og:title\" content=\"Fotografowanie lodu \u2014 jak uchwyci\u0107 p\u0119cherzyki powietrza, bry\u0142\u0119 i \u015bwiat\u0142o\" \/>\n<meta property=\"og:description\" content=\"By\u0142em rano nad jezioro. Wypatrywa\u0142em uj\u0119\u0107. L\u00f3d okaza\u0142 si\u0119 materia\u0142em zaskakuj\u0105co r\u00f3\u017cnorodnym. Fotografowanie lodu daje szereg mo\u017cliwo\u015bci.\" \/>\n<meta property=\"og:url\" content=\"https:\/\/fotografiadlaciekawych.pl\/index.php\/2026\/03\/12\/fotografowanie-lodu-jak-uchwycic-pecherzyki-powietrza-bryle-i-swiatlo\/\" \/>\n<meta property=\"og:site_name\" content=\"Fotografia dla ciekawych\" \/>\n<meta property=\"article:publisher\" content=\"https:\/\/www.facebook.com\/przemyslaw.oziemblewski\" \/>\n<meta property=\"article:author\" content=\"https:\/\/www.facebook.com\/przemyslaw.oziemblewski\" \/>\n<meta property=\"article:published_time\" content=\"2026-03-12T16:55:37+00:00\" \/>\n<meta property=\"article:modified_time\" content=\"2026-03-13T19:37:32+00:00\" \/>\n<meta property=\"og:image\" content=\"https:\/\/fotografiadlaciekawych.pl\/wp-content\/uploads\/2026\/03\/260310_P3109632_1080px.jpg\" \/>\n\t<meta property=\"og:image:width\" content=\"1080\" \/>\n\t<meta property=\"og:image:height\" content=\"720\" \/>\n\t<meta property=\"og:image:type\" content=\"image\/jpeg\" \/>\n<meta name=\"author\" content=\"Przemys\u0142aw Oziemblewski\" \/>\n<meta name=\"twitter:label1\" content=\"Napisane przez\" \/>\n\t<meta name=\"twitter:data1\" content=\"Przemys\u0142aw Oziemblewski\" \/>\n\t<meta name=\"twitter:label2\" content=\"Szacowany czas czytania\" \/>\n\t<meta name=\"twitter:data2\" content=\"4 minuty\" \/>\n<script type=\"application\/ld+json\" class=\"yoast-schema-graph\">{\"@context\":\"https:\\\/\\\/schema.org\",\"@graph\":[{\"@type\":\"Article\",\"@id\":\"https:\\\/\\\/fotografiadlaciekawych.pl\\\/index.php\\\/2026\\\/03\\\/12\\\/fotografowanie-lodu-jak-uchwycic-pecherzyki-powietrza-bryle-i-swiatlo\\\/#article\",\"isPartOf\":{\"@id\":\"https:\\\/\\\/fotografiadlaciekawych.pl\\\/index.php\\\/2026\\\/03\\\/12\\\/fotografowanie-lodu-jak-uchwycic-pecherzyki-powietrza-bryle-i-swiatlo\\\/\"},\"author\":{\"name\":\"Przemys\u0142aw Oziemblewski\",\"@id\":\"https:\\\/\\\/fotografiadlaciekawych.pl\\\/#\\\/schema\\\/person\\\/a9c16bf51d40163ef50c7170ff56de4d\"},\"headline\":\"Fotografowanie lodu \u2014 jak uchwyci\u0107 p\u0119cherzyki powietrza, bry\u0142\u0119 i \u015bwiat\u0142o\",\"datePublished\":\"2026-03-12T16:55:37+00:00\",\"dateModified\":\"2026-03-13T19:37:32+00:00\",\"mainEntityOfPage\":{\"@id\":\"https:\\\/\\\/fotografiadlaciekawych.pl\\\/index.php\\\/2026\\\/03\\\/12\\\/fotografowanie-lodu-jak-uchwycic-pecherzyki-powietrza-bryle-i-swiatlo\\\/\"},\"wordCount\":687,\"commentCount\":0,\"publisher\":{\"@id\":\"https:\\\/\\\/fotografiadlaciekawych.pl\\\/#\\\/schema\\\/person\\\/a9c16bf51d40163ef50c7170ff56de4d\"},\"image\":{\"@id\":\"https:\\\/\\\/fotografiadlaciekawych.pl\\\/index.php\\\/2026\\\/03\\\/12\\\/fotografowanie-lodu-jak-uchwycic-pecherzyki-powietrza-bryle-i-swiatlo\\\/#primaryimage\"},\"thumbnailUrl\":\"https:\\\/\\\/fotografiadlaciekawych.pl\\\/wp-content\\\/uploads\\\/2026\\\/03\\\/260310_P3109632_1080px.jpg\",\"keywords\":[\"l\u00f3d\",\"zima\"],\"articleSection\":[\"Zdj\u0119cia\"],\"inLanguage\":\"pl-PL\",\"potentialAction\":[{\"@type\":\"CommentAction\",\"name\":\"Comment\",\"target\":[\"https:\\\/\\\/fotografiadlaciekawych.pl\\\/index.php\\\/2026\\\/03\\\/12\\\/fotografowanie-lodu-jak-uchwycic-pecherzyki-powietrza-bryle-i-swiatlo\\\/#respond\"]}]},{\"@type\":\"WebPage\",\"@id\":\"https:\\\/\\\/fotografiadlaciekawych.pl\\\/index.php\\\/2026\\\/03\\\/12\\\/fotografowanie-lodu-jak-uchwycic-pecherzyki-powietrza-bryle-i-swiatlo\\\/\",\"url\":\"https:\\\/\\\/fotografiadlaciekawych.pl\\\/index.php\\\/2026\\\/03\\\/12\\\/fotografowanie-lodu-jak-uchwycic-pecherzyki-powietrza-bryle-i-swiatlo\\\/\",\"name\":\"Fotografowanie lodu \u2014 jak uchwyci\u0107 p\u0119cherzyki powietrza, bry\u0142\u0119 i \u015bwiat\u0142o\",\"isPartOf\":{\"@id\":\"https:\\\/\\\/fotografiadlaciekawych.pl\\\/#website\"},\"primaryImageOfPage\":{\"@id\":\"https:\\\/\\\/fotografiadlaciekawych.pl\\\/index.php\\\/2026\\\/03\\\/12\\\/fotografowanie-lodu-jak-uchwycic-pecherzyki-powietrza-bryle-i-swiatlo\\\/#primaryimage\"},\"image\":{\"@id\":\"https:\\\/\\\/fotografiadlaciekawych.pl\\\/index.php\\\/2026\\\/03\\\/12\\\/fotografowanie-lodu-jak-uchwycic-pecherzyki-powietrza-bryle-i-swiatlo\\\/#primaryimage\"},\"thumbnailUrl\":\"https:\\\/\\\/fotografiadlaciekawych.pl\\\/wp-content\\\/uploads\\\/2026\\\/03\\\/260310_P3109632_1080px.jpg\",\"datePublished\":\"2026-03-12T16:55:37+00:00\",\"dateModified\":\"2026-03-13T19:37:32+00:00\",\"description\":\"By\u0142em rano nad jezioro. Wypatrywa\u0142em uj\u0119\u0107. L\u00f3d okaza\u0142 si\u0119 materia\u0142em zaskakuj\u0105co r\u00f3\u017cnorodnym. Fotografowanie lodu daje szereg mo\u017cliwo\u015bci.\",\"breadcrumb\":{\"@id\":\"https:\\\/\\\/fotografiadlaciekawych.pl\\\/index.php\\\/2026\\\/03\\\/12\\\/fotografowanie-lodu-jak-uchwycic-pecherzyki-powietrza-bryle-i-swiatlo\\\/#breadcrumb\"},\"inLanguage\":\"pl-PL\",\"potentialAction\":[{\"@type\":\"ReadAction\",\"target\":[\"https:\\\/\\\/fotografiadlaciekawych.pl\\\/index.php\\\/2026\\\/03\\\/12\\\/fotografowanie-lodu-jak-uchwycic-pecherzyki-powietrza-bryle-i-swiatlo\\\/\"]}]},{\"@type\":\"ImageObject\",\"inLanguage\":\"pl-PL\",\"@id\":\"https:\\\/\\\/fotografiadlaciekawych.pl\\\/index.php\\\/2026\\\/03\\\/12\\\/fotografowanie-lodu-jak-uchwycic-pecherzyki-powietrza-bryle-i-swiatlo\\\/#primaryimage\",\"url\":\"https:\\\/\\\/fotografiadlaciekawych.pl\\\/wp-content\\\/uploads\\\/2026\\\/03\\\/260310_P3109632_1080px.jpg\",\"contentUrl\":\"https:\\\/\\\/fotografiadlaciekawych.pl\\\/wp-content\\\/uploads\\\/2026\\\/03\\\/260310_P3109632_1080px.jpg\",\"width\":1080,\"height\":720},{\"@type\":\"BreadcrumbList\",\"@id\":\"https:\\\/\\\/fotografiadlaciekawych.pl\\\/index.php\\\/2026\\\/03\\\/12\\\/fotografowanie-lodu-jak-uchwycic-pecherzyki-powietrza-bryle-i-swiatlo\\\/#breadcrumb\",\"itemListElement\":[{\"@type\":\"ListItem\",\"position\":1,\"name\":\"Home\",\"item\":\"https:\\\/\\\/fotografiadlaciekawych.pl\\\/\"},{\"@type\":\"ListItem\",\"position\":2,\"name\":\"Fotografowanie lodu \u2014 jak uchwyci\u0107 p\u0119cherzyki powietrza, bry\u0142\u0119 i \u015bwiat\u0142o\"}]},{\"@type\":\"WebSite\",\"@id\":\"https:\\\/\\\/fotografiadlaciekawych.pl\\\/#website\",\"url\":\"https:\\\/\\\/fotografiadlaciekawych.pl\\\/\",\"name\":\"Fotografia dla ciekawych\",\"description\":\"Blog prowadzony od 2008 r.\",\"publisher\":{\"@id\":\"https:\\\/\\\/fotografiadlaciekawych.pl\\\/#\\\/schema\\\/person\\\/a9c16bf51d40163ef50c7170ff56de4d\"},\"potentialAction\":[{\"@type\":\"SearchAction\",\"target\":{\"@type\":\"EntryPoint\",\"urlTemplate\":\"https:\\\/\\\/fotografiadlaciekawych.pl\\\/?s={search_term_string}\"},\"query-input\":{\"@type\":\"PropertyValueSpecification\",\"valueRequired\":true,\"valueName\":\"search_term_string\"}}],\"inLanguage\":\"pl-PL\"},{\"@type\":[\"Person\",\"Organization\"],\"@id\":\"https:\\\/\\\/fotografiadlaciekawych.pl\\\/#\\\/schema\\\/person\\\/a9c16bf51d40163ef50c7170ff56de4d\",\"name\":\"Przemys\u0142aw Oziemblewski\",\"image\":{\"@type\":\"ImageObject\",\"inLanguage\":\"pl-PL\",\"@id\":\"https:\\\/\\\/fotografiadlaciekawych.pl\\\/wp-content\\\/uploads\\\/2020\\\/12\\\/przemek-oziemblewski-250px.jpg\",\"url\":\"https:\\\/\\\/fotografiadlaciekawych.pl\\\/wp-content\\\/uploads\\\/2020\\\/12\\\/przemek-oziemblewski-250px.jpg\",\"contentUrl\":\"https:\\\/\\\/fotografiadlaciekawych.pl\\\/wp-content\\\/uploads\\\/2020\\\/12\\\/przemek-oziemblewski-250px.jpg\",\"width\":250,\"height\":250,\"caption\":\"Przemys\u0142aw Oziemblewski\"},\"logo\":{\"@id\":\"https:\\\/\\\/fotografiadlaciekawych.pl\\\/wp-content\\\/uploads\\\/2020\\\/12\\\/przemek-oziemblewski-250px.jpg\"},\"sameAs\":[\"http:\\\/\\\/fotografiadlaciekawych.pl\",\"https:\\\/\\\/www.facebook.com\\\/przemyslaw.oziemblewski\",\"https:\\\/\\\/www.instagram.com\\\/p.oziemblewski\\\/\",\"https:\\\/\\\/www.pinterest.com\\\/fotodcpl\\\/\",\"https:\\\/\\\/youtube.com\\\/@PrzemyslawOziemblewski\"]}]}<\/script>\n<!-- \/ Yoast SEO plugin. -->","yoast_head_json":{"title":"Fotografowanie lodu \u2014 jak uchwyci\u0107 p\u0119cherzyki powietrza, bry\u0142\u0119 i \u015bwiat\u0142o","description":"By\u0142em rano nad jezioro. Wypatrywa\u0142em uj\u0119\u0107. L\u00f3d okaza\u0142 si\u0119 materia\u0142em zaskakuj\u0105co r\u00f3\u017cnorodnym. Fotografowanie lodu daje szereg mo\u017cliwo\u015bci.","robots":{"index":"index","follow":"follow","max-snippet":"max-snippet:-1","max-image-preview":"max-image-preview:large","max-video-preview":"max-video-preview:-1"},"canonical":"https:\/\/fotografiadlaciekawych.pl\/index.php\/2026\/03\/12\/fotografowanie-lodu-jak-uchwycic-pecherzyki-powietrza-bryle-i-swiatlo\/","og_locale":"pl_PL","og_type":"article","og_title":"Fotografowanie lodu \u2014 jak uchwyci\u0107 p\u0119cherzyki powietrza, bry\u0142\u0119 i \u015bwiat\u0142o","og_description":"By\u0142em rano nad jezioro. Wypatrywa\u0142em uj\u0119\u0107. L\u00f3d okaza\u0142 si\u0119 materia\u0142em zaskakuj\u0105co r\u00f3\u017cnorodnym. Fotografowanie lodu daje szereg mo\u017cliwo\u015bci.","og_url":"https:\/\/fotografiadlaciekawych.pl\/index.php\/2026\/03\/12\/fotografowanie-lodu-jak-uchwycic-pecherzyki-powietrza-bryle-i-swiatlo\/","og_site_name":"Fotografia dla ciekawych","article_publisher":"https:\/\/www.facebook.com\/przemyslaw.oziemblewski","article_author":"https:\/\/www.facebook.com\/przemyslaw.oziemblewski","article_published_time":"2026-03-12T16:55:37+00:00","article_modified_time":"2026-03-13T19:37:32+00:00","og_image":[{"width":1080,"height":720,"url":"https:\/\/fotografiadlaciekawych.pl\/wp-content\/uploads\/2026\/03\/260310_P3109632_1080px.jpg","type":"image\/jpeg"}],"author":"Przemys\u0142aw Oziemblewski","twitter_misc":{"Napisane przez":"Przemys\u0142aw Oziemblewski","Szacowany czas czytania":"4 minuty"},"schema":{"@context":"https:\/\/schema.org","@graph":[{"@type":"Article","@id":"https:\/\/fotografiadlaciekawych.pl\/index.php\/2026\/03\/12\/fotografowanie-lodu-jak-uchwycic-pecherzyki-powietrza-bryle-i-swiatlo\/#article","isPartOf":{"@id":"https:\/\/fotografiadlaciekawych.pl\/index.php\/2026\/03\/12\/fotografowanie-lodu-jak-uchwycic-pecherzyki-powietrza-bryle-i-swiatlo\/"},"author":{"name":"Przemys\u0142aw Oziemblewski","@id":"https:\/\/fotografiadlaciekawych.pl\/#\/schema\/person\/a9c16bf51d40163ef50c7170ff56de4d"},"headline":"Fotografowanie lodu \u2014 jak uchwyci\u0107 p\u0119cherzyki powietrza, bry\u0142\u0119 i \u015bwiat\u0142o","datePublished":"2026-03-12T16:55:37+00:00","dateModified":"2026-03-13T19:37:32+00:00","mainEntityOfPage":{"@id":"https:\/\/fotografiadlaciekawych.pl\/index.php\/2026\/03\/12\/fotografowanie-lodu-jak-uchwycic-pecherzyki-powietrza-bryle-i-swiatlo\/"},"wordCount":687,"commentCount":0,"publisher":{"@id":"https:\/\/fotografiadlaciekawych.pl\/#\/schema\/person\/a9c16bf51d40163ef50c7170ff56de4d"},"image":{"@id":"https:\/\/fotografiadlaciekawych.pl\/index.php\/2026\/03\/12\/fotografowanie-lodu-jak-uchwycic-pecherzyki-powietrza-bryle-i-swiatlo\/#primaryimage"},"thumbnailUrl":"https:\/\/fotografiadlaciekawych.pl\/wp-content\/uploads\/2026\/03\/260310_P3109632_1080px.jpg","keywords":["l\u00f3d","zima"],"articleSection":["Zdj\u0119cia"],"inLanguage":"pl-PL","potentialAction":[{"@type":"CommentAction","name":"Comment","target":["https:\/\/fotografiadlaciekawych.pl\/index.php\/2026\/03\/12\/fotografowanie-lodu-jak-uchwycic-pecherzyki-powietrza-bryle-i-swiatlo\/#respond"]}]},{"@type":"WebPage","@id":"https:\/\/fotografiadlaciekawych.pl\/index.php\/2026\/03\/12\/fotografowanie-lodu-jak-uchwycic-pecherzyki-powietrza-bryle-i-swiatlo\/","url":"https:\/\/fotografiadlaciekawych.pl\/index.php\/2026\/03\/12\/fotografowanie-lodu-jak-uchwycic-pecherzyki-powietrza-bryle-i-swiatlo\/","name":"Fotografowanie lodu \u2014 jak uchwyci\u0107 p\u0119cherzyki powietrza, bry\u0142\u0119 i \u015bwiat\u0142o","isPartOf":{"@id":"https:\/\/fotografiadlaciekawych.pl\/#website"},"primaryImageOfPage":{"@id":"https:\/\/fotografiadlaciekawych.pl\/index.php\/2026\/03\/12\/fotografowanie-lodu-jak-uchwycic-pecherzyki-powietrza-bryle-i-swiatlo\/#primaryimage"},"image":{"@id":"https:\/\/fotografiadlaciekawych.pl\/index.php\/2026\/03\/12\/fotografowanie-lodu-jak-uchwycic-pecherzyki-powietrza-bryle-i-swiatlo\/#primaryimage"},"thumbnailUrl":"https:\/\/fotografiadlaciekawych.pl\/wp-content\/uploads\/2026\/03\/260310_P3109632_1080px.jpg","datePublished":"2026-03-12T16:55:37+00:00","dateModified":"2026-03-13T19:37:32+00:00","description":"By\u0142em rano nad jezioro. Wypatrywa\u0142em uj\u0119\u0107. L\u00f3d okaza\u0142 si\u0119 materia\u0142em zaskakuj\u0105co r\u00f3\u017cnorodnym. Fotografowanie lodu daje szereg mo\u017cliwo\u015bci.","breadcrumb":{"@id":"https:\/\/fotografiadlaciekawych.pl\/index.php\/2026\/03\/12\/fotografowanie-lodu-jak-uchwycic-pecherzyki-powietrza-bryle-i-swiatlo\/#breadcrumb"},"inLanguage":"pl-PL","potentialAction":[{"@type":"ReadAction","target":["https:\/\/fotografiadlaciekawych.pl\/index.php\/2026\/03\/12\/fotografowanie-lodu-jak-uchwycic-pecherzyki-powietrza-bryle-i-swiatlo\/"]}]},{"@type":"ImageObject","inLanguage":"pl-PL","@id":"https:\/\/fotografiadlaciekawych.pl\/index.php\/2026\/03\/12\/fotografowanie-lodu-jak-uchwycic-pecherzyki-powietrza-bryle-i-swiatlo\/#primaryimage","url":"https:\/\/fotografiadlaciekawych.pl\/wp-content\/uploads\/2026\/03\/260310_P3109632_1080px.jpg","contentUrl":"https:\/\/fotografiadlaciekawych.pl\/wp-content\/uploads\/2026\/03\/260310_P3109632_1080px.jpg","width":1080,"height":720},{"@type":"BreadcrumbList","@id":"https:\/\/fotografiadlaciekawych.pl\/index.php\/2026\/03\/12\/fotografowanie-lodu-jak-uchwycic-pecherzyki-powietrza-bryle-i-swiatlo\/#breadcrumb","itemListElement":[{"@type":"ListItem","position":1,"name":"Home","item":"https:\/\/fotografiadlaciekawych.pl\/"},{"@type":"ListItem","position":2,"name":"Fotografowanie lodu \u2014 jak uchwyci\u0107 p\u0119cherzyki powietrza, bry\u0142\u0119 i \u015bwiat\u0142o"}]},{"@type":"WebSite","@id":"https:\/\/fotografiadlaciekawych.pl\/#website","url":"https:\/\/fotografiadlaciekawych.pl\/","name":"Fotografia dla ciekawych","description":"Blog prowadzony od 2008 r.","publisher":{"@id":"https:\/\/fotografiadlaciekawych.pl\/#\/schema\/person\/a9c16bf51d40163ef50c7170ff56de4d"},"potentialAction":[{"@type":"SearchAction","target":{"@type":"EntryPoint","urlTemplate":"https:\/\/fotografiadlaciekawych.pl\/?s={search_term_string}"},"query-input":{"@type":"PropertyValueSpecification","valueRequired":true,"valueName":"search_term_string"}}],"inLanguage":"pl-PL"},{"@type":["Person","Organization"],"@id":"https:\/\/fotografiadlaciekawych.pl\/#\/schema\/person\/a9c16bf51d40163ef50c7170ff56de4d","name":"Przemys\u0142aw Oziemblewski","image":{"@type":"ImageObject","inLanguage":"pl-PL","@id":"https:\/\/fotografiadlaciekawych.pl\/wp-content\/uploads\/2020\/12\/przemek-oziemblewski-250px.jpg","url":"https:\/\/fotografiadlaciekawych.pl\/wp-content\/uploads\/2020\/12\/przemek-oziemblewski-250px.jpg","contentUrl":"https:\/\/fotografiadlaciekawych.pl\/wp-content\/uploads\/2020\/12\/przemek-oziemblewski-250px.jpg","width":250,"height":250,"caption":"Przemys\u0142aw Oziemblewski"},"logo":{"@id":"https:\/\/fotografiadlaciekawych.pl\/wp-content\/uploads\/2020\/12\/przemek-oziemblewski-250px.jpg"},"sameAs":["http:\/\/fotografiadlaciekawych.pl","https:\/\/www.facebook.com\/przemyslaw.oziemblewski","https:\/\/www.instagram.com\/p.oziemblewski\/","https:\/\/www.pinterest.com\/fotodcpl\/","https:\/\/youtube.com\/@PrzemyslawOziemblewski"]}]}},"jetpack_publicize_connections":[],"jetpack_featured_media_url":"https:\/\/fotografiadlaciekawych.pl\/wp-content\/uploads\/2026\/03\/260310_P3109632_1080px.jpg","jetpack_sharing_enabled":true,"jetpack-related-posts":[{"id":11435,"url":"https:\/\/fotografiadlaciekawych.pl\/index.php\/2018\/02\/09\/co-fotografowac-na-zamarznietym-jeziorze-zimowe-zdjecia\/","url_meta":{"origin":21380,"position":0},"title":"Co fotografowa\u0107 na zamarzni\u0119tym jeziorze [zimowe zdj\u0119cia]","author":"Przemys\u0142aw Oziemblewski","date":"pi\u0105tek, 9 lut 2018","format":false,"excerpt":"Kilka mro\u017anych nocy spowodowa\u0142o, \u017ce jezioro zamarz\u0142o. Je\u015bli te\u017c masz jakie\u015b w pobli\u017cu, to rozwa\u017c wybranie si\u0119 na zimowe zdj\u0119cia. W Chodzie\u017cy nie pada\u0142o wi\u0119c tafla lodu jest \"czysta\". \u015anieg jej nie przykry\u0142, a to daje kilka temat\u00f3w fotograficznych. Mo\u017cna zacz\u0105\u0107 \u0142apa\u0107 zbli\u017cenia i szuka\u0107 ciekawych kadr\u00f3w z tym, co\u2026","rel":"","context":"W \u201eZdj\u0119cia&quot;","block_context":{"text":"Zdj\u0119cia","link":"https:\/\/fotografiadlaciekawych.pl\/index.php\/category\/zdjecia\/"},"img":{"alt_text":"","src":"https:\/\/i0.wp.com\/fotografiadlaciekawych.pl\/wp-content\/uploads\/2018\/02\/5417_850.jpg?resize=350%2C200&ssl=1","width":350,"height":200,"srcset":"https:\/\/i0.wp.com\/fotografiadlaciekawych.pl\/wp-content\/uploads\/2018\/02\/5417_850.jpg?resize=350%2C200&ssl=1 1x, https:\/\/i0.wp.com\/fotografiadlaciekawych.pl\/wp-content\/uploads\/2018\/02\/5417_850.jpg?resize=525%2C300&ssl=1 1.5x, https:\/\/i0.wp.com\/fotografiadlaciekawych.pl\/wp-content\/uploads\/2018\/02\/5417_850.jpg?resize=700%2C400&ssl=1 2x"},"classes":[]},{"id":3079,"url":"https:\/\/fotografiadlaciekawych.pl\/index.php\/2010\/10\/24\/jak-fotografowac-pecherzyki-powietrza\/","url_meta":{"origin":21380,"position":1},"title":"Jak fotografowa\u0107 p\u0119cherzyki powietrza?","author":"Przemys\u0142aw Oziemblewski","date":"niedziela, 24 pa\u017a 2010","format":false,"excerpt":"Fotografowanie p\u0119cherzyk\u00f3w powietrza sprawi\u0142o mi sporo rado\u015bci. Nawet nie my\u015bla\u0142em, \u017ce to taki ciekawy temat, zw\u0142aszcza, \u017ce w prosty spos\u00f3b mo\u017cna podmienia\u0107 t\u0142o i sprawdza\u0107 jakie barwne efekty z tego powstan\u0105. Co zatem jest potrzebne do wykonania takiego zdj\u0119cia? Tak naprawd\u0119, to nastawi\u0142em si\u0119 na fotografowanie oczek t\u0142uszczu na wodzie.\u2026","rel":"","context":"W \u201eFotografia&quot;","block_context":{"text":"Fotografia","link":"https:\/\/fotografiadlaciekawych.pl\/index.php\/category\/fotografia\/"},"img":{"alt_text":"P\u0119cherzyki powietrza","src":"https:\/\/i0.wp.com\/fotografiadlaciekawych.pl\/wp-content\/uploads\/2010\/10\/101013_IMG_4766_1000px.jpg?resize=350%2C200&ssl=1","width":350,"height":200,"srcset":"https:\/\/i0.wp.com\/fotografiadlaciekawych.pl\/wp-content\/uploads\/2010\/10\/101013_IMG_4766_1000px.jpg?resize=350%2C200&ssl=1 1x, https:\/\/i0.wp.com\/fotografiadlaciekawych.pl\/wp-content\/uploads\/2010\/10\/101013_IMG_4766_1000px.jpg?resize=525%2C300&ssl=1 1.5x, https:\/\/i0.wp.com\/fotografiadlaciekawych.pl\/wp-content\/uploads\/2010\/10\/101013_IMG_4766_1000px.jpg?resize=700%2C400&ssl=1 2x"},"classes":[]},{"id":8466,"url":"https:\/\/fotografiadlaciekawych.pl\/index.php\/2015\/07\/03\/czeresnia-i-zamrazanie-ruchu-lampa-blyskowa\/","url_meta":{"origin":21380,"position":2},"title":"Czere\u015bnia i zamra\u017canie ruchu lamp\u0105 b\u0142yskow\u0105","author":"Przemys\u0142aw Oziemblewski","date":"pi\u0105tek, 3 lip 2015","format":false,"excerpt":"Kiedy\u015b fotografowa\u0142em truskawki wrzucane do wody. Wczoraj przysz\u0142a pora na czere\u015bnie. O ile wtedy na zdj\u0119ciu by\u0142 owoc, ca\u0142e naczynie i rozbryzgi wody, to teraz chcia\u0142em z\u0142apa\u0107 tylko czere\u015bni\u0119 i b\u0105ble wody wywo\u0142ane jej ruchem. S\u0105dzi\u0142em, \u017ce p\u00f3jdzie g\u0142adko, ale wcale nie oby\u0142o si\u0119 bez problem\u00f3w. Po pierwsze mia\u0142em troch\u0119\u2026","rel":"","context":"W \u201eFotografia&quot;","block_context":{"text":"Fotografia","link":"https:\/\/fotografiadlaciekawych.pl\/index.php\/category\/fotografia\/"},"img":{"alt_text":"Czere\u015bnia wrzucona do wody","src":"https:\/\/i0.wp.com\/fotografiadlaciekawych.pl\/wp-content\/uploads\/2015\/07\/1441_850-400x400.jpg?resize=350%2C200","width":350,"height":200},"classes":[]},{"id":578,"url":"https:\/\/fotografiadlaciekawych.pl\/index.php\/2009\/01\/07\/podejdz-blizej-lodowa-szczelina\/","url_meta":{"origin":21380,"position":3},"title":"Podejd\u017a bli\u017cej &#8211; lodowa szczelina","author":"Przemys\u0142aw Oziemblewski","date":"\u015broda, 7 sty 2009","format":false,"excerpt":"Jedna z zasad fotografii m\u00f3wi \"Podejd\u017a bli\u017cej\". Je\u015bli co\u015b fotografujesz to podejd\u017a i poka\u017c to w ca\u0142o\u015bci, w detalu, po prostu podejd\u017a bli\u017cej. Oczywi\u015bcie jak to z zasadami bywa s\u0105 od nich odst\u0119pstwa. Chocia\u017cby opisane we wpisie \"Wie\u017ca si\u0119 wali? To j\u0105 wyprostuj\". Rano wybra\u0142em si\u0119 nad jezioro. Pogoda jaka\u2026","rel":"","context":"W \u201eZdj\u0119cia&quot;","block_context":{"text":"Zdj\u0119cia","link":"https:\/\/fotografiadlaciekawych.pl\/index.php\/category\/zdjecia\/"},"img":{"alt_text":"","src":"https:\/\/i0.wp.com\/fotografiadlaciekawych.pl\/wp-content\/uploads\/2009\/01\/img_0567-1600-400x266.jpg?resize=350%2C200","width":350,"height":200},"classes":[]},{"id":1587,"url":"https:\/\/fotografiadlaciekawych.pl\/index.php\/2010\/01\/19\/sople-lodu\/","url_meta":{"origin":21380,"position":4},"title":"Sople lodu","author":"Przemys\u0142aw Oziemblewski","date":"wtorek, 19 sty 2010","format":false,"excerpt":"Poni\u017cej kilka dzisiejszych zdj\u0119\u0107, jak w temacie.","rel":"","context":"W \u201eZdj\u0119cia&quot;","block_context":{"text":"Zdj\u0119cia","link":"https:\/\/fotografiadlaciekawych.pl\/index.php\/category\/zdjecia\/"},"img":{"alt_text":"","src":"https:\/\/i0.wp.com\/fotografiadlaciekawych.pl\/wp-content\/uploads\/2010\/01\/img_9133900-400x266.jpg?resize=350%2C200","width":350,"height":200},"classes":[]},{"id":1823,"url":"https:\/\/fotografiadlaciekawych.pl\/index.php\/2010\/02\/19\/jak-fotografowac-sople-lodu\/","url_meta":{"origin":21380,"position":5},"title":"Jak fotografowa\u0107 sople lodu?","author":"Przemys\u0142aw Oziemblewski","date":"pi\u0105tek, 19 lut 2010","format":false,"excerpt":"Idzie wiosna, powoli, ale ju\u017c \u015bniegi topniej\u0105, a wraz z nimi zaczynaj\u0105 spada\u0107 sople z dach\u00f3w. I tu jest szansa, aby zrobi\u0107 z nich kompozycj\u0119 i ciekawe zdj\u0119cie lub po prostu sfotografowa\u0107 to, co w nich siedzi. Przy fotografowaniu sopli s\u0105 w zasadzie dwie wa\u017cne sprawy. Pierwsza, to t\u0142o na\u2026","rel":"","context":"W \u201eFotografia&quot;","block_context":{"text":"Fotografia","link":"https:\/\/fotografiadlaciekawych.pl\/index.php\/category\/fotografia\/"},"img":{"alt_text":"Sopel lodu z bliska","src":"https:\/\/i0.wp.com\/fotografiadlaciekawych.pl\/wp-content\/uploads\/2010\/02\/img_9057900-400x400.jpg?resize=350%2C200","width":350,"height":200},"classes":[]}],"_links":{"self":[{"href":"https:\/\/fotografiadlaciekawych.pl\/index.php\/wp-json\/wp\/v2\/posts\/21380","targetHints":{"allow":["GET"]}}],"collection":[{"href":"https:\/\/fotografiadlaciekawych.pl\/index.php\/wp-json\/wp\/v2\/posts"}],"about":[{"href":"https:\/\/fotografiadlaciekawych.pl\/index.php\/wp-json\/wp\/v2\/types\/post"}],"author":[{"embeddable":true,"href":"https:\/\/fotografiadlaciekawych.pl\/index.php\/wp-json\/wp\/v2\/users\/1"}],"replies":[{"embeddable":true,"href":"https:\/\/fotografiadlaciekawych.pl\/index.php\/wp-json\/wp\/v2\/comments?post=21380"}],"version-history":[{"count":13,"href":"https:\/\/fotografiadlaciekawych.pl\/index.php\/wp-json\/wp\/v2\/posts\/21380\/revisions"}],"predecessor-version":[{"id":21409,"href":"https:\/\/fotografiadlaciekawych.pl\/index.php\/wp-json\/wp\/v2\/posts\/21380\/revisions\/21409"}],"wp:featuredmedia":[{"embeddable":true,"href":"https:\/\/fotografiadlaciekawych.pl\/index.php\/wp-json\/wp\/v2\/media\/21389"}],"wp:attachment":[{"href":"https:\/\/fotografiadlaciekawych.pl\/index.php\/wp-json\/wp\/v2\/media?parent=21380"}],"wp:term":[{"taxonomy":"category","embeddable":true,"href":"https:\/\/fotografiadlaciekawych.pl\/index.php\/wp-json\/wp\/v2\/categories?post=21380"},{"taxonomy":"post_tag","embeddable":true,"href":"https:\/\/fotografiadlaciekawych.pl\/index.php\/wp-json\/wp\/v2\/tags?post=21380"}],"curies":[{"name":"wp","href":"https:\/\/api.w.org\/{rel}","templated":true}]}}