{"id":2166,"date":"2010-03-10T08:32:38","date_gmt":"2010-03-10T07:32:38","guid":{"rendered":"http:\/\/fotografiadlaciekawych.pl\/?p=2166"},"modified":"2010-03-10T12:11:58","modified_gmt":"2010-03-10T11:11:58","slug":"jak-robic-ostre-zdjecia","status":"publish","type":"post","link":"https:\/\/fotografiadlaciekawych.pl\/index.php\/2010\/03\/10\/jak-robic-ostre-zdjecia\/","title":{"rendered":"Jak robi\u0107 ostre zdj\u0119cia?"},"content":{"rendered":"<p>Nieostro\u015bci na zdj\u0119ciach mog\u0105 by\u0107 spowodowane kilkoma czynnikami. Mo\u017cna je podzieli\u0107 na te zwi\u0105zane z ruchem obiektu oraz spowodowane ruchem aparatu. Pomijam tu kwesti\u0119 \u017ale ustawionej ostro\u015bci lub zbyt ma\u0142ej g\u0142\u0119bi ostro\u015bci.<\/p>\n<p><a href=\"https:\/\/fotografiadlaciekawych.pl\/wp-content\/uploads\/2010\/03\/img_0299900.jpg\" rel=\"lightbox\"><img loading=\"lazy\" decoding=\"async\" src=\"https:\/\/fotografiadlaciekawych.pl\/wp-content\/uploads\/2010\/03\/img_0299900-400x400.jpg\" alt=\"\" title=\"Zdj\u0119cie sopli ze statywu\" width=\"400\" height=\"400\" class=\"aligncenter size-medium wp-image-2167\" srcset=\"https:\/\/fotografiadlaciekawych.pl\/wp-content\/uploads\/2010\/03\/img_0299900-400x400.jpg 400w, https:\/\/fotografiadlaciekawych.pl\/wp-content\/uploads\/2010\/03\/img_0299900-150x150.jpg 150w, https:\/\/fotografiadlaciekawych.pl\/wp-content\/uploads\/2010\/03\/img_0299900.jpg 900w\" sizes=\"auto, (max-width: 400px) 100vw, 400px\" \/><\/a><\/p>\n<p>Powy\u017csze zdj\u0119cie zosta\u0142o zrobione aparatem umieszczonym na statywie. Ma\u0142a ilo\u015b\u0107 \u015bwiat\u0142a oraz zastosowanie teleobiektywu wymusi\u0142y tego typu rozwi\u0105zanie. Stabilizacji wymaga\u0142 tylko aparat, bo sam obiekt by\u0142 statyczny.<\/p>\n<p>Metody na \u201ezatrzymanie\u201d obiektu:<!--more--><br \/>\n&#8211; spowodowanie, \u017ce obiekt przestanie si\u0119 rusza\u0107 np. przy fotografowaniu ro\u015blin na zewn\u0105trz os\u0142oni\u0119cie ich od wiatru, przytrzymanie poza kadrem;<br \/>\n&#8211; skr\u00f3cenie czasu migawki, czyli tak zwane \u201ezamro\u017cenie ruchu\u201d przez zastosowanie kr\u00f3tkiego czasu na\u015bwietlania np. 1\/100 sek.; w zale\u017cno\u015bci od tego jak szybko rusza si\u0119 fotografowany obiekt wymagane jest wi\u0119ksze lub mniejsze skr\u00f3cenie czasu migawki; im kr\u00f3tszy czas tym do prawid\u0142owego na\u015bwietlenie potrzebna jest wi\u0119ksza ilo\u015b\u0107 \u015bwiat\u0142a (pomaga w tym jasny obiektyw lub\/i podniesienie czu\u0142o\u015bci ISO);<br \/>\n&#8211; zastosowanie lampy b\u0142yskowej; ma ona czas b\u0142ysku oko\u0142o 1\/1000 sekundy dlatego doskonale nadaje si\u0119 do &#8222;zamra\u017cania  ruchu&#8221;; problemem mo\u017ce by\u0107 wtedy jednak plastyka zdj\u0119cia, inne rozk\u0142adanie si\u0119 \u015bwiat\u0142a na fotografowanym obiekcie ni\u017c w \u015bwietle zastanym. <\/p>\n<p>Metody na \u201ezatrzymanie\u201d aparatu:<br \/>\n&#8211; zastosowanie statywu, monopodu lub innego podparcia;<br \/>\n&#8211; zastosowanie w\u0119\u017cyka spustowego (pilota) lub wyzwalanie migawki z op\u00f3\u017anieniem, tak by wykluczy\u0107 drgania wywo\u0142ywane przez nas przy naciskaniu spustu migawki; w lustrzankach przy zdj\u0119ciach makro mo\u017cna te\u017c stosowa\u0107 wst\u0119pne podnoszenie lustra, aby wyeliminowa\u0107 drgania przez nie powodowane;<br \/>\n&#8211; wykorzystanie wbudowanej w aparat lub obiektyw stabilizacji obrazu; ta jednak, przy d\u0142ugich czasach na\u015bwietlania aparatem na statywie, powinna by\u0107 wy\u0142\u0105czona poniewa\u017c mo\u017ce wprowadza\u0107 drgania w\u0142asne;<br \/>\n&#8211; zastosowanie kr\u00f3tkiego czasu na\u015bwietlania;<br \/>\n&#8211; zastosowanie lampy b\u0142yskowej w celu &#8222;zamra\u017cania  ruchu&#8221;.<\/p>\n<p>W pewnych sytuacjach ostro\u015b\u0107 zdj\u0119cia mo\u017cemy zwi\u0119kszy\u0107 za pomoc\u0105 programu graficznego. S\u0105 w nim zawarte funkcje s\u0142u\u017c\u0105ce wyostrzaniu. Nie bez znaczenie jest te\u017c rozmiar prezentowanego obrazu. Im mniejszy, tym nieostro\u015bci s\u0105 s\u0142abiej widoczne, czy te\u017c nie wida\u0107 ich wcale. <\/p>\n<p>Przyk\u0142ad:<br \/>\n<img loading=\"lazy\" decoding=\"async\" src=\"https:\/\/fotografiadlaciekawych.pl\/wp-content\/uploads\/2010\/03\/slonecznik-01-poruszony.jpg\" alt=\"\" title=\"S\u0142onecznik - fragment zdj\u0119cia - poruszony \" width=\"400\" height=\"400\" class=\"aligncenter size-full wp-image-2177\" srcset=\"https:\/\/fotografiadlaciekawych.pl\/wp-content\/uploads\/2010\/03\/slonecznik-01-poruszony.jpg 400w, https:\/\/fotografiadlaciekawych.pl\/wp-content\/uploads\/2010\/03\/slonecznik-01-poruszony-150x150.jpg 150w\" sizes=\"auto, (max-width: 400px) 100vw, 400px\" \/><br \/>\nFragment zdj\u0119cia, na kt\u00f3rym wida\u0107, \u017ce obraz jest nieostry w wyniku poruszenia aparatu. O tego typu poruszenie \u0142atwo kiedy przy ogniskowej 80mm fotografujemy z czasem 1\/20s bez dodatkowej stabilizacji. Powszechn\u0105 zasad\u0105 jest by przy zdj\u0119ciach z r\u0119ki minimalny czas by\u0142 odwrotno\u015bci\u0105 ogniskowej. Czyli w tym przypadku powinien by\u0107 1\/80s. Ma\u0142a ilo\u015b\u0107 \u015bwiat\u0142a wymusi\u0142a jednak wyd\u0142u\u017cenie czasu. Przes\u0142ona ju\u017c by\u0142a mocno otwarta, a czu\u0142o\u015b\u0107 ISO ustawiona na 400. Rozwi\u0105zaniem problemu by\u0142by statyw, obiektyw ze stabilizacj\u0105 lub dodanie \u015bwiat\u0142a z lampy b\u0142yskowej.<\/p>\n<p><img loading=\"lazy\" decoding=\"async\" src=\"https:\/\/fotografiadlaciekawych.pl\/wp-content\/uploads\/2010\/03\/slonecznik-02-pomniejszony.jpg\" alt=\"\" title=\"S\u0142onecznik - zdj\u0119cie pomniejszone i wyostrzone\" width=\"400\" height=\"400\" class=\"aligncenter size-full wp-image-2178\" srcset=\"https:\/\/fotografiadlaciekawych.pl\/wp-content\/uploads\/2010\/03\/slonecznik-02-pomniejszony.jpg 400w, https:\/\/fotografiadlaciekawych.pl\/wp-content\/uploads\/2010\/03\/slonecznik-02-pomniejszony-150x150.jpg 150w\" sizes=\"auto, (max-width: 400px) 100vw, 400px\" \/><br \/>\nTo samo zdj\u0119cie pomniejszone i wyostrzone w programie graficznym sprawia ju\u017c wra\u017cenie ostrego. A przynajmniej znacznie ostrzejszego. W pewnych granicach mo\u017cna wi\u0119c uratowa\u0107 lekko poruszone zdj\u0119cie. Oczywi\u015bcie najlepiej od razu robi\u0107 ostre zdj\u0119cia.<\/p>\n<p>Zobacz r\u00f3wnie\u017c:<br \/>\n&#8211; <a href=\"\/index.php\/2008\/07\/04\/statyw-na-kazda-kieszen\/\">Statyw na ka\u017cd\u0105 kiesze\u0144<\/a><br \/>\n&#8211; <a href=\"\/index.php\/2010\/02\/25\/ostre-zdjecia-1\/\">Ostre zdj\u0119cia #1<\/a><br \/>\n&#8211; <a href=\"\/index.php\/2010\/03\/03\/ostre-zdjecia-2-migawka-i-przyslona\/\">Ostre zdj\u0119cia #2 \u2013 migawka i przys\u0142ona<\/a><br \/>\n&#8211; <a href=\"\/index.php\/2010\/03\/07\/ostre-zdjecia-3-stabilizacja-aparatu\/\">Ostre zdj\u0119cia #3 \u2013 stabilizacja aparatu<\/a><br \/>\n&#8211; <a href=\"\/index.php\/2008\/07\/06\/ostre-zdjecia-jak-je-robic\/\">Ostre zdj\u0119cia \u2013 jak je robi\u0107?<\/a><\/p>\n","protected":false},"excerpt":{"rendered":"<p>Nieostro\u015bci na zdj\u0119ciach mog\u0105 by\u0107 spowodowane kilkoma czynnikami. Mo\u017cna je podzieli\u0107 na te zwi\u0105zane z ruchem obiektu oraz spowodowane ruchem aparatu. Pomijam tu kwesti\u0119 \u017ale ustawionej ostro\u015bci lub zbyt ma\u0142ej g\u0142\u0119bi ostro\u015bci. Powy\u017csze zdj\u0119cie zosta\u0142o zrobione aparatem umieszczonym na statywie. Ma\u0142a ilo\u015b\u0107 \u015bwiat\u0142a oraz zastosowanie teleobiektywu wymusi\u0142y tego typu rozwi\u0105zanie. Stabilizacji wymaga\u0142 tylko aparat, bo &hellip; <a href=\"https:\/\/fotografiadlaciekawych.pl\/index.php\/2010\/03\/10\/jak-robic-ostre-zdjecia\/\" class=\"more-link\">Czytaj dalej <span class=\"screen-reader-text\">Jak robi\u0107 ostre zdj\u0119cia?<\/span> <span class=\"meta-nav\">&rarr;<\/span><\/a><\/p>\n","protected":false},"author":1,"featured_media":0,"comment_status":"open","ping_status":"open","sticky":false,"template":"","format":"standard","meta":{"_jetpack_newsletter_access":"","_jetpack_dont_email_post_to_subs":false,"_jetpack_newsletter_tier_id":0,"_jetpack_memberships_contains_paywalled_content":false,"_jetpack_feature_clip_id":0,"_jetpack_memberships_contains_paid_content":false,"footnotes":"","jetpack_publicize_message":"","jetpack_publicize_feature_enabled":true,"jetpack_social_post_already_shared":false,"jetpack_social_options":{"image_generator_settings":{"template":"highway","default_image_id":0,"font":"","enabled":false},"version":2},"jetpack_post_was_ever_published":false},"categories":[15],"tags":[324,323,99],"class_list":["post-2166","post","type-post","status-publish","format-standard","hentry","category-fotografia","tag-ostre-zdjecia","tag-stabilizacja","tag-statyw"],"yoast_head":"<!-- This site is optimized with the Yoast SEO plugin v28.4 - https:\/\/yoast.com\/product\/yoast-seo-wordpress\/ -->\n<title>Jak robi\u0107 ostre zdj\u0119cia?<\/title>\n<meta name=\"robots\" content=\"index, follow, max-snippet:-1, max-image-preview:large, max-video-preview:-1\" \/>\n<link rel=\"canonical\" href=\"https:\/\/fotografiadlaciekawych.pl\/index.php\/2010\/03\/10\/jak-robic-ostre-zdjecia\/\" \/>\n<meta property=\"og:locale\" content=\"pl_PL\" \/>\n<meta property=\"og:type\" content=\"article\" \/>\n<meta property=\"og:title\" content=\"Jak robi\u0107 ostre zdj\u0119cia?\" \/>\n<meta property=\"og:description\" content=\"Nieostro\u015bci na zdj\u0119ciach mog\u0105 by\u0107 spowodowane kilkoma czynnikami. Mo\u017cna je podzieli\u0107 na te zwi\u0105zane z ruchem obiektu oraz spowodowane ruchem aparatu. Pomijam tu kwesti\u0119 \u017ale ustawionej ostro\u015bci lub zbyt ma\u0142ej g\u0142\u0119bi ostro\u015bci. Powy\u017csze zdj\u0119cie zosta\u0142o zrobione aparatem umieszczonym na statywie. Ma\u0142a ilo\u015b\u0107 \u015bwiat\u0142a oraz zastosowanie teleobiektywu wymusi\u0142y tego typu rozwi\u0105zanie. Stabilizacji wymaga\u0142 tylko aparat, bo &hellip; Czytaj dalej Jak robi\u0107 ostre zdj\u0119cia? &rarr;\" \/>\n<meta property=\"og:url\" content=\"https:\/\/fotografiadlaciekawych.pl\/index.php\/2010\/03\/10\/jak-robic-ostre-zdjecia\/\" \/>\n<meta property=\"og:site_name\" content=\"Fotografia dla ciekawych\" \/>\n<meta property=\"article:publisher\" content=\"https:\/\/www.facebook.com\/przemyslaw.oziemblewski\" \/>\n<meta property=\"article:author\" content=\"https:\/\/www.facebook.com\/przemyslaw.oziemblewski\" \/>\n<meta property=\"article:published_time\" content=\"2010-03-10T07:32:38+00:00\" \/>\n<meta property=\"article:modified_time\" content=\"2010-03-10T11:11:58+00:00\" \/>\n<meta property=\"og:image\" content=\"http:\/\/fotografiadlaciekawych.pl\/wp-content\/uploads\/2010\/03\/img_0299900-400x400.jpg\" \/>\n<meta name=\"author\" content=\"Przemys\u0142aw Oziemblewski\" \/>\n<meta name=\"twitter:label1\" content=\"Napisane przez\" \/>\n\t<meta name=\"twitter:data1\" content=\"Przemys\u0142aw Oziemblewski\" \/>\n\t<meta name=\"twitter:label2\" content=\"Szacowany czas czytania\" \/>\n\t<meta name=\"twitter:data2\" content=\"3 minuty\" \/>\n<script type=\"application\/ld+json\" class=\"yoast-schema-graph\">{\"@context\":\"https:\\\/\\\/schema.org\",\"@graph\":[{\"@type\":\"Article\",\"@id\":\"https:\\\/\\\/fotografiadlaciekawych.pl\\\/index.php\\\/2010\\\/03\\\/10\\\/jak-robic-ostre-zdjecia\\\/#article\",\"isPartOf\":{\"@id\":\"https:\\\/\\\/fotografiadlaciekawych.pl\\\/index.php\\\/2010\\\/03\\\/10\\\/jak-robic-ostre-zdjecia\\\/\"},\"author\":{\"name\":\"Przemys\u0142aw Oziemblewski\",\"@id\":\"https:\\\/\\\/fotografiadlaciekawych.pl\\\/#\\\/schema\\\/person\\\/a9c16bf51d40163ef50c7170ff56de4d\"},\"headline\":\"Jak robi\u0107 ostre zdj\u0119cia?\",\"datePublished\":\"2010-03-10T07:32:38+00:00\",\"dateModified\":\"2010-03-10T11:11:58+00:00\",\"mainEntityOfPage\":{\"@id\":\"https:\\\/\\\/fotografiadlaciekawych.pl\\\/index.php\\\/2010\\\/03\\\/10\\\/jak-robic-ostre-zdjecia\\\/\"},\"wordCount\":542,\"commentCount\":11,\"publisher\":{\"@id\":\"https:\\\/\\\/fotografiadlaciekawych.pl\\\/#\\\/schema\\\/person\\\/a9c16bf51d40163ef50c7170ff56de4d\"},\"image\":{\"@id\":\"https:\\\/\\\/fotografiadlaciekawych.pl\\\/index.php\\\/2010\\\/03\\\/10\\\/jak-robic-ostre-zdjecia\\\/#primaryimage\"},\"thumbnailUrl\":\"http:\\\/\\\/fotografiadlaciekawych.pl\\\/wp-content\\\/uploads\\\/2010\\\/03\\\/img_0299900-400x400.jpg\",\"keywords\":[\"ostre zdj\u0119cia\",\"stabilizacja\",\"statyw\"],\"articleSection\":[\"Fotografia\"],\"inLanguage\":\"pl-PL\",\"potentialAction\":[{\"@type\":\"CommentAction\",\"name\":\"Comment\",\"target\":[\"https:\\\/\\\/fotografiadlaciekawych.pl\\\/index.php\\\/2010\\\/03\\\/10\\\/jak-robic-ostre-zdjecia\\\/#respond\"]}]},{\"@type\":\"WebPage\",\"@id\":\"https:\\\/\\\/fotografiadlaciekawych.pl\\\/index.php\\\/2010\\\/03\\\/10\\\/jak-robic-ostre-zdjecia\\\/\",\"url\":\"https:\\\/\\\/fotografiadlaciekawych.pl\\\/index.php\\\/2010\\\/03\\\/10\\\/jak-robic-ostre-zdjecia\\\/\",\"name\":\"Jak robi\u0107 ostre zdj\u0119cia?\",\"isPartOf\":{\"@id\":\"https:\\\/\\\/fotografiadlaciekawych.pl\\\/#website\"},\"primaryImageOfPage\":{\"@id\":\"https:\\\/\\\/fotografiadlaciekawych.pl\\\/index.php\\\/2010\\\/03\\\/10\\\/jak-robic-ostre-zdjecia\\\/#primaryimage\"},\"image\":{\"@id\":\"https:\\\/\\\/fotografiadlaciekawych.pl\\\/index.php\\\/2010\\\/03\\\/10\\\/jak-robic-ostre-zdjecia\\\/#primaryimage\"},\"thumbnailUrl\":\"http:\\\/\\\/fotografiadlaciekawych.pl\\\/wp-content\\\/uploads\\\/2010\\\/03\\\/img_0299900-400x400.jpg\",\"datePublished\":\"2010-03-10T07:32:38+00:00\",\"dateModified\":\"2010-03-10T11:11:58+00:00\",\"breadcrumb\":{\"@id\":\"https:\\\/\\\/fotografiadlaciekawych.pl\\\/index.php\\\/2010\\\/03\\\/10\\\/jak-robic-ostre-zdjecia\\\/#breadcrumb\"},\"inLanguage\":\"pl-PL\",\"potentialAction\":[{\"@type\":\"ReadAction\",\"target\":[\"https:\\\/\\\/fotografiadlaciekawych.pl\\\/index.php\\\/2010\\\/03\\\/10\\\/jak-robic-ostre-zdjecia\\\/\"]}]},{\"@type\":\"ImageObject\",\"inLanguage\":\"pl-PL\",\"@id\":\"https:\\\/\\\/fotografiadlaciekawych.pl\\\/index.php\\\/2010\\\/03\\\/10\\\/jak-robic-ostre-zdjecia\\\/#primaryimage\",\"url\":\"https:\\\/\\\/fotografiadlaciekawych.pl\\\/wp-content\\\/uploads\\\/2010\\\/03\\\/img_0299900.jpg\",\"contentUrl\":\"https:\\\/\\\/fotografiadlaciekawych.pl\\\/wp-content\\\/uploads\\\/2010\\\/03\\\/img_0299900.jpg\",\"width\":\"900\",\"height\":\"900\"},{\"@type\":\"BreadcrumbList\",\"@id\":\"https:\\\/\\\/fotografiadlaciekawych.pl\\\/index.php\\\/2010\\\/03\\\/10\\\/jak-robic-ostre-zdjecia\\\/#breadcrumb\",\"itemListElement\":[{\"@type\":\"ListItem\",\"position\":1,\"name\":\"Home\",\"item\":\"https:\\\/\\\/fotografiadlaciekawych.pl\\\/\"},{\"@type\":\"ListItem\",\"position\":2,\"name\":\"Jak robi\u0107 ostre zdj\u0119cia?\"}]},{\"@type\":\"WebSite\",\"@id\":\"https:\\\/\\\/fotografiadlaciekawych.pl\\\/#website\",\"url\":\"https:\\\/\\\/fotografiadlaciekawych.pl\\\/\",\"name\":\"Fotografia dla ciekawych\",\"description\":\"Blog prowadzony od 2008 r.\",\"publisher\":{\"@id\":\"https:\\\/\\\/fotografiadlaciekawych.pl\\\/#\\\/schema\\\/person\\\/a9c16bf51d40163ef50c7170ff56de4d\"},\"potentialAction\":[{\"@type\":\"SearchAction\",\"target\":{\"@type\":\"EntryPoint\",\"urlTemplate\":\"https:\\\/\\\/fotografiadlaciekawych.pl\\\/?s={search_term_string}\"},\"query-input\":{\"@type\":\"PropertyValueSpecification\",\"valueRequired\":true,\"valueName\":\"search_term_string\"}}],\"inLanguage\":\"pl-PL\"},{\"@type\":[\"Person\",\"Organization\"],\"@id\":\"https:\\\/\\\/fotografiadlaciekawych.pl\\\/#\\\/schema\\\/person\\\/a9c16bf51d40163ef50c7170ff56de4d\",\"name\":\"Przemys\u0142aw Oziemblewski\",\"image\":{\"@type\":\"ImageObject\",\"inLanguage\":\"pl-PL\",\"@id\":\"https:\\\/\\\/fotografiadlaciekawych.pl\\\/wp-content\\\/uploads\\\/2020\\\/12\\\/przemek-oziemblewski-250px.jpg\",\"url\":\"https:\\\/\\\/fotografiadlaciekawych.pl\\\/wp-content\\\/uploads\\\/2020\\\/12\\\/przemek-oziemblewski-250px.jpg\",\"contentUrl\":\"https:\\\/\\\/fotografiadlaciekawych.pl\\\/wp-content\\\/uploads\\\/2020\\\/12\\\/przemek-oziemblewski-250px.jpg\",\"width\":250,\"height\":250,\"caption\":\"Przemys\u0142aw Oziemblewski\"},\"logo\":{\"@id\":\"https:\\\/\\\/fotografiadlaciekawych.pl\\\/wp-content\\\/uploads\\\/2020\\\/12\\\/przemek-oziemblewski-250px.jpg\"},\"sameAs\":[\"http:\\\/\\\/fotografiadlaciekawych.pl\",\"https:\\\/\\\/www.facebook.com\\\/przemyslaw.oziemblewski\",\"https:\\\/\\\/www.instagram.com\\\/p.oziemblewski\\\/\",\"https:\\\/\\\/www.pinterest.com\\\/fotodcpl\\\/\",\"https:\\\/\\\/youtube.com\\\/@PrzemyslawOziemblewski\"]}]}<\/script>\n<!-- \/ Yoast SEO plugin. -->","yoast_head_json":{"title":"Jak robi\u0107 ostre zdj\u0119cia?","robots":{"index":"index","follow":"follow","max-snippet":"max-snippet:-1","max-image-preview":"max-image-preview:large","max-video-preview":"max-video-preview:-1"},"canonical":"https:\/\/fotografiadlaciekawych.pl\/index.php\/2010\/03\/10\/jak-robic-ostre-zdjecia\/","og_locale":"pl_PL","og_type":"article","og_title":"Jak robi\u0107 ostre zdj\u0119cia?","og_description":"Nieostro\u015bci na zdj\u0119ciach mog\u0105 by\u0107 spowodowane kilkoma czynnikami. Mo\u017cna je podzieli\u0107 na te zwi\u0105zane z ruchem obiektu oraz spowodowane ruchem aparatu. Pomijam tu kwesti\u0119 \u017ale ustawionej ostro\u015bci lub zbyt ma\u0142ej g\u0142\u0119bi ostro\u015bci. Powy\u017csze zdj\u0119cie zosta\u0142o zrobione aparatem umieszczonym na statywie. Ma\u0142a ilo\u015b\u0107 \u015bwiat\u0142a oraz zastosowanie teleobiektywu wymusi\u0142y tego typu rozwi\u0105zanie. Stabilizacji wymaga\u0142 tylko aparat, bo &hellip; Czytaj dalej Jak robi\u0107 ostre zdj\u0119cia? &rarr;","og_url":"https:\/\/fotografiadlaciekawych.pl\/index.php\/2010\/03\/10\/jak-robic-ostre-zdjecia\/","og_site_name":"Fotografia dla ciekawych","article_publisher":"https:\/\/www.facebook.com\/przemyslaw.oziemblewski","article_author":"https:\/\/www.facebook.com\/przemyslaw.oziemblewski","article_published_time":"2010-03-10T07:32:38+00:00","article_modified_time":"2010-03-10T11:11:58+00:00","og_image":[{"url":"http:\/\/fotografiadlaciekawych.pl\/wp-content\/uploads\/2010\/03\/img_0299900-400x400.jpg","type":"","width":"","height":""}],"author":"Przemys\u0142aw Oziemblewski","twitter_misc":{"Napisane przez":"Przemys\u0142aw Oziemblewski","Szacowany czas czytania":"3 minuty"},"schema":{"@context":"https:\/\/schema.org","@graph":[{"@type":"Article","@id":"https:\/\/fotografiadlaciekawych.pl\/index.php\/2010\/03\/10\/jak-robic-ostre-zdjecia\/#article","isPartOf":{"@id":"https:\/\/fotografiadlaciekawych.pl\/index.php\/2010\/03\/10\/jak-robic-ostre-zdjecia\/"},"author":{"name":"Przemys\u0142aw Oziemblewski","@id":"https:\/\/fotografiadlaciekawych.pl\/#\/schema\/person\/a9c16bf51d40163ef50c7170ff56de4d"},"headline":"Jak robi\u0107 ostre zdj\u0119cia?","datePublished":"2010-03-10T07:32:38+00:00","dateModified":"2010-03-10T11:11:58+00:00","mainEntityOfPage":{"@id":"https:\/\/fotografiadlaciekawych.pl\/index.php\/2010\/03\/10\/jak-robic-ostre-zdjecia\/"},"wordCount":542,"commentCount":11,"publisher":{"@id":"https:\/\/fotografiadlaciekawych.pl\/#\/schema\/person\/a9c16bf51d40163ef50c7170ff56de4d"},"image":{"@id":"https:\/\/fotografiadlaciekawych.pl\/index.php\/2010\/03\/10\/jak-robic-ostre-zdjecia\/#primaryimage"},"thumbnailUrl":"http:\/\/fotografiadlaciekawych.pl\/wp-content\/uploads\/2010\/03\/img_0299900-400x400.jpg","keywords":["ostre zdj\u0119cia","stabilizacja","statyw"],"articleSection":["Fotografia"],"inLanguage":"pl-PL","potentialAction":[{"@type":"CommentAction","name":"Comment","target":["https:\/\/fotografiadlaciekawych.pl\/index.php\/2010\/03\/10\/jak-robic-ostre-zdjecia\/#respond"]}]},{"@type":"WebPage","@id":"https:\/\/fotografiadlaciekawych.pl\/index.php\/2010\/03\/10\/jak-robic-ostre-zdjecia\/","url":"https:\/\/fotografiadlaciekawych.pl\/index.php\/2010\/03\/10\/jak-robic-ostre-zdjecia\/","name":"Jak robi\u0107 ostre zdj\u0119cia?","isPartOf":{"@id":"https:\/\/fotografiadlaciekawych.pl\/#website"},"primaryImageOfPage":{"@id":"https:\/\/fotografiadlaciekawych.pl\/index.php\/2010\/03\/10\/jak-robic-ostre-zdjecia\/#primaryimage"},"image":{"@id":"https:\/\/fotografiadlaciekawych.pl\/index.php\/2010\/03\/10\/jak-robic-ostre-zdjecia\/#primaryimage"},"thumbnailUrl":"http:\/\/fotografiadlaciekawych.pl\/wp-content\/uploads\/2010\/03\/img_0299900-400x400.jpg","datePublished":"2010-03-10T07:32:38+00:00","dateModified":"2010-03-10T11:11:58+00:00","breadcrumb":{"@id":"https:\/\/fotografiadlaciekawych.pl\/index.php\/2010\/03\/10\/jak-robic-ostre-zdjecia\/#breadcrumb"},"inLanguage":"pl-PL","potentialAction":[{"@type":"ReadAction","target":["https:\/\/fotografiadlaciekawych.pl\/index.php\/2010\/03\/10\/jak-robic-ostre-zdjecia\/"]}]},{"@type":"ImageObject","inLanguage":"pl-PL","@id":"https:\/\/fotografiadlaciekawych.pl\/index.php\/2010\/03\/10\/jak-robic-ostre-zdjecia\/#primaryimage","url":"https:\/\/fotografiadlaciekawych.pl\/wp-content\/uploads\/2010\/03\/img_0299900.jpg","contentUrl":"https:\/\/fotografiadlaciekawych.pl\/wp-content\/uploads\/2010\/03\/img_0299900.jpg","width":"900","height":"900"},{"@type":"BreadcrumbList","@id":"https:\/\/fotografiadlaciekawych.pl\/index.php\/2010\/03\/10\/jak-robic-ostre-zdjecia\/#breadcrumb","itemListElement":[{"@type":"ListItem","position":1,"name":"Home","item":"https:\/\/fotografiadlaciekawych.pl\/"},{"@type":"ListItem","position":2,"name":"Jak robi\u0107 ostre zdj\u0119cia?"}]},{"@type":"WebSite","@id":"https:\/\/fotografiadlaciekawych.pl\/#website","url":"https:\/\/fotografiadlaciekawych.pl\/","name":"Fotografia dla ciekawych","description":"Blog prowadzony od 2008 r.","publisher":{"@id":"https:\/\/fotografiadlaciekawych.pl\/#\/schema\/person\/a9c16bf51d40163ef50c7170ff56de4d"},"potentialAction":[{"@type":"SearchAction","target":{"@type":"EntryPoint","urlTemplate":"https:\/\/fotografiadlaciekawych.pl\/?s={search_term_string}"},"query-input":{"@type":"PropertyValueSpecification","valueRequired":true,"valueName":"search_term_string"}}],"inLanguage":"pl-PL"},{"@type":["Person","Organization"],"@id":"https:\/\/fotografiadlaciekawych.pl\/#\/schema\/person\/a9c16bf51d40163ef50c7170ff56de4d","name":"Przemys\u0142aw Oziemblewski","image":{"@type":"ImageObject","inLanguage":"pl-PL","@id":"https:\/\/fotografiadlaciekawych.pl\/wp-content\/uploads\/2020\/12\/przemek-oziemblewski-250px.jpg","url":"https:\/\/fotografiadlaciekawych.pl\/wp-content\/uploads\/2020\/12\/przemek-oziemblewski-250px.jpg","contentUrl":"https:\/\/fotografiadlaciekawych.pl\/wp-content\/uploads\/2020\/12\/przemek-oziemblewski-250px.jpg","width":250,"height":250,"caption":"Przemys\u0142aw Oziemblewski"},"logo":{"@id":"https:\/\/fotografiadlaciekawych.pl\/wp-content\/uploads\/2020\/12\/przemek-oziemblewski-250px.jpg"},"sameAs":["http:\/\/fotografiadlaciekawych.pl","https:\/\/www.facebook.com\/przemyslaw.oziemblewski","https:\/\/www.instagram.com\/p.oziemblewski\/","https:\/\/www.pinterest.com\/fotodcpl\/","https:\/\/youtube.com\/@PrzemyslawOziemblewski"]}]}},"jetpack_publicize_connections":[],"jetpack_sharing_enabled":true,"jetpack-related-posts":[{"id":5320,"url":"https:\/\/fotografiadlaciekawych.pl\/index.php\/2013\/05\/15\/8-powodow-dlaczego-zdjecie-nie-jest-ostre\/","url_meta":{"origin":2166,"position":0},"title":"8 powod\u00f3w dlaczego zdj\u0119cie nie jest ostre","author":"Przemys\u0142aw Oziemblewski","date":"\u015broda, 15 maj 2013","format":false,"excerpt":"Czy znasz t\u0105 sytuacj\u0119 kiedy po powrocie z sesji fotograficznej ogl\u0105dasz zdj\u0119cie w komputerze i widzisz, \u017ce jest nieostre. Kompozycja, \u015bwiat\u0142o, wszystko perfekcyjnie tylko g\u0142\u00f3wny obiekt jest ma\u0142o wyra\u017any. Bardzo frustruj\u0105ca sytuacja. Zw\u0142aszcza kiedy nie ma ju\u017c \u017cadnej mo\u017cliwo\u015bci na powt\u00f3rk\u0119. Co powoduje tak\u0105 sytuacj\u0119? Dlaczego zdj\u0119cie nie jest ostre?\u2026","rel":"","context":"W \u201eB\u0142\u0119dy w fotografii&quot;","block_context":{"text":"B\u0142\u0119dy w fotografii","link":"https:\/\/fotografiadlaciekawych.pl\/index.php\/category\/bledy-w-fotografii\/"},"img":{"alt_text":"Zdj\u0119cie przy ognisku","src":"https:\/\/i0.wp.com\/fotografiadlaciekawych.pl\/wp-content\/uploads\/2013\/05\/PICT0179800px.jpg?resize=350%2C200&ssl=1","width":350,"height":200,"srcset":"https:\/\/i0.wp.com\/fotografiadlaciekawych.pl\/wp-content\/uploads\/2013\/05\/PICT0179800px.jpg?resize=350%2C200&ssl=1 1x, https:\/\/i0.wp.com\/fotografiadlaciekawych.pl\/wp-content\/uploads\/2013\/05\/PICT0179800px.jpg?resize=525%2C300&ssl=1 1.5x, https:\/\/i0.wp.com\/fotografiadlaciekawych.pl\/wp-content\/uploads\/2013\/05\/PICT0179800px.jpg?resize=700%2C400&ssl=1 2x"},"classes":[]},{"id":16471,"url":"https:\/\/fotografiadlaciekawych.pl\/index.php\/2022\/05\/16\/jak-uzyskac-ostre-i-piekne-kolorystycznie-zdjecia-kwiatow\/","url_meta":{"origin":2166,"position":1},"title":"Jak uzyska\u0107 ostre i pi\u0119kne kolorystycznie zdj\u0119cia kwiat\u00f3w?","author":"Przemys\u0142aw Oziemblewski","date":"poniedzia\u0142ek, 16 maj 2022","format":false,"excerpt":"Dosta\u0142em pytanie od Katarzyny: \"Jak wykona\u0107 zdj\u0119cie kwiat\u00f3w, \u017ceby wysz\u0142o wyra\u017anie, \u017ceby zdj\u0119cie by\u0142o ostre i \u017ceby kolor zdj\u0119cia by\u0142 pi\u0119kny i w jakim trybie by Pan poleca\u0142?\" Ostro\u015b\u0107 zdj\u0119cia Ostro\u015b\u0107 zdj\u0119cia zale\u017cy od kilku czynnik\u00f3w. Jest ona zwi\u0105zana z prac\u0105 systemu autofokusa, je\u015bli z niego korzystasz w czasie fotografowania.\u2026","rel":"","context":"W \u201eFotografia&quot;","block_context":{"text":"Fotografia","link":"https:\/\/fotografiadlaciekawych.pl\/index.php\/category\/fotografia\/"},"img":{"alt_text":"","src":"https:\/\/i0.wp.com\/fotografiadlaciekawych.pl\/wp-content\/uploads\/2022\/05\/220503_O5037107_1000px.jpg?resize=350%2C200&ssl=1","width":350,"height":200,"srcset":"https:\/\/i0.wp.com\/fotografiadlaciekawych.pl\/wp-content\/uploads\/2022\/05\/220503_O5037107_1000px.jpg?resize=350%2C200&ssl=1 1x, https:\/\/i0.wp.com\/fotografiadlaciekawych.pl\/wp-content\/uploads\/2022\/05\/220503_O5037107_1000px.jpg?resize=525%2C300&ssl=1 1.5x, https:\/\/i0.wp.com\/fotografiadlaciekawych.pl\/wp-content\/uploads\/2022\/05\/220503_O5037107_1000px.jpg?resize=700%2C400&ssl=1 2x"},"classes":[]},{"id":6080,"url":"https:\/\/fotografiadlaciekawych.pl\/index.php\/2013\/05\/21\/bledy-w-ostrosci-zdjecia-zwiazane-z-ruchem-i-poruszeniem\/","url_meta":{"origin":2166,"position":2},"title":"B\u0142\u0119dy w ostro\u015bci zdj\u0119cia zwi\u0105zane z ruchem i poruszeniem","author":"Przemys\u0142aw Oziemblewski","date":"wtorek, 21 maj 2013","format":false,"excerpt":"Kolejn\u0105 grup\u0105 przyczyn, kt\u00f3re sprawiaj\u0105, \u017ce zdj\u0119cie traci ostro\u015b\u0107, jest zwi\u0105zana z ruchem. Chodzi tu o to, \u017ce w czasie na\u015bwietlania elementu \u015bwiat\u0142oczu\u0142ego mo\u017ce doj\u015b\u0107 do przemieszczenia si\u0119 zar\u00f3wno fotografowanego obiektu, jak i aparatu. Zobacz, jak sobie z tym radzi\u0107. Ka\u017cde zdj\u0119cie wymaga czasu na jego rejestracj\u0119. Ten czas nazywany\u2026","rel":"","context":"W \u201eB\u0142\u0119dy w fotografii&quot;","block_context":{"text":"B\u0142\u0119dy w fotografii","link":"https:\/\/fotografiadlaciekawych.pl\/index.php\/category\/bledy-w-fotografii\/"},"img":{"alt_text":"","src":"https:\/\/i0.wp.com\/fotografiadlaciekawych.pl\/wp-content\/uploads\/2013\/05\/IMG_7306800.jpg?resize=350%2C200&ssl=1","width":350,"height":200,"srcset":"https:\/\/i0.wp.com\/fotografiadlaciekawych.pl\/wp-content\/uploads\/2013\/05\/IMG_7306800.jpg?resize=350%2C200&ssl=1 1x, https:\/\/i0.wp.com\/fotografiadlaciekawych.pl\/wp-content\/uploads\/2013\/05\/IMG_7306800.jpg?resize=525%2C300&ssl=1 1.5x, https:\/\/i0.wp.com\/fotografiadlaciekawych.pl\/wp-content\/uploads\/2013\/05\/IMG_7306800.jpg?resize=700%2C400&ssl=1 2x"},"classes":[]},{"id":6070,"url":"https:\/\/fotografiadlaciekawych.pl\/index.php\/2013\/05\/16\/problem-z-wychodeniem-obiektu-poza-glebie-ostrosci\/","url_meta":{"origin":2166,"position":3},"title":"Problem z wychodzeniem obiektu poza g\u0142\u0119bi\u0119 ostro\u015bci","author":"Przemys\u0142aw Oziemblewski","date":"czwartek, 16 maj 2013","format":false,"excerpt":"W poprzednim wpisie przedstawi\u0142em g\u0142\u00f3wne przyczyny braku ostro\u015bci na zdj\u0119ciu. Podzieli\u0142em je na 3 grupy. Dzisiaj roz\u0142o\u017c\u0119 na czynniki pierwsze, grup\u0119 zwi\u0105zan\u0105 z procesem ustawiania ostro\u015bci, zmian\u0105 dystansu do obiektu i g\u0142\u0119bi\u0105 ostro\u015bci. 1. B\u0142\u0119dnie lub s\u0142abo dzia\u0142aj\u0105cy uk\u0142ad AF (autofokusa) AF to uk\u0142ad, kt\u00f3ry jest odpowiedzialny za automatyczne ustawianie\u2026","rel":"","context":"W \u201eB\u0142\u0119dy w fotografii&quot;","block_context":{"text":"B\u0142\u0119dy w fotografii","link":"https:\/\/fotografiadlaciekawych.pl\/index.php\/category\/bledy-w-fotografii\/"},"img":{"alt_text":"","src":"https:\/\/i0.wp.com\/fotografiadlaciekawych.pl\/wp-content\/uploads\/2013\/05\/240401_IMG_3266_1080px.jpg?resize=350%2C200&ssl=1","width":350,"height":200,"srcset":"https:\/\/i0.wp.com\/fotografiadlaciekawych.pl\/wp-content\/uploads\/2013\/05\/240401_IMG_3266_1080px.jpg?resize=350%2C200&ssl=1 1x, https:\/\/i0.wp.com\/fotografiadlaciekawych.pl\/wp-content\/uploads\/2013\/05\/240401_IMG_3266_1080px.jpg?resize=525%2C300&ssl=1 1.5x, https:\/\/i0.wp.com\/fotografiadlaciekawych.pl\/wp-content\/uploads\/2013\/05\/240401_IMG_3266_1080px.jpg?resize=700%2C400&ssl=1 2x, https:\/\/i0.wp.com\/fotografiadlaciekawych.pl\/wp-content\/uploads\/2013\/05\/240401_IMG_3266_1080px.jpg?resize=1050%2C600&ssl=1 3x"},"classes":[]},{"id":2657,"url":"https:\/\/fotografiadlaciekawych.pl\/index.php\/2010\/06\/27\/glebia-ostrosci-w-makrofotografii\/","url_meta":{"origin":2166,"position":4},"title":"G\u0142\u0119bia ostro\u015bci w makrofotografii","author":"Przemys\u0142aw Oziemblewski","date":"niedziela, 27 cze 2010","format":false,"excerpt":"Ka\u017cdy, kto si\u0119 spotka\u0142 ze zdj\u0119ciami makro, zauwa\u017cy\u0142 ich szczeg\u00f3ln\u0105 w\u0142asno\u015b\u0107 w postaci ma\u0142ej g\u0142\u0119bi ostro\u015bci (GO). W skrajnych przypadkach jest ona tak ma\u0142a, \u017ce fotografowany obiekt staje si\u0119 ma\u0142o wyra\u017any. Powsta\u0142o nawet okre\u015blenie papierowej g\u0142\u0119bi ostro\u015bci. Przyk\u0142ad poni\u017cej. Zdj\u0119cie zrobione z nasadk\u0105 powi\u0119kszaj\u0105c\u0105 na obiektywie przy przys\u0142onie F\/1.8 Co\u2026","rel":"","context":"W \u201eFotografia&quot;","block_context":{"text":"Fotografia","link":"https:\/\/fotografiadlaciekawych.pl\/index.php\/category\/fotografia\/"},"img":{"alt_text":"","src":"https:\/\/i0.wp.com\/fotografiadlaciekawych.pl\/wp-content\/uploads\/2010\/06\/img_1445800-150x150.jpg?resize=350%2C200&ssl=1","width":350,"height":200},"classes":[]},{"id":1990,"url":"https:\/\/fotografiadlaciekawych.pl\/index.php\/2010\/02\/25\/ostre-zdjecia-1\/","url_meta":{"origin":2166,"position":5},"title":"Ostre zdj\u0119cia #1","author":"Przemys\u0142aw Oziemblewski","date":"czwartek, 25 lut 2010","format":false,"excerpt":"Z darmowych fragment\u00f3w ksi\u0105\u017cek udost\u0119pnianych przez Helion mo\u017cna si\u0119 sporo nauczy\u0107. W ksi\u0105\u017cce Fotografia cyfrowa wed\u0142ug Davida Pogue'a mamy udost\u0119pniony ca\u0142y rozdzia\u0142 po\u015bwi\u0119cony robieniu ostrych zdj\u0119\u0107. Fotografia cyfrowa wed\u0142ug Davida Pogue'a Autor: David Pogue Data wydania: 02\/2010 Stron: 304 Opis Ps. W dniu dzisiejszym jest ona ta\u0144sza o 30%. Fragment\u2026","rel":"","context":"W \u201eCzytelnia&quot;","block_context":{"text":"Czytelnia","link":"https:\/\/fotografiadlaciekawych.pl\/index.php\/category\/literatura\/czytelnia-literatura\/"},"img":{"alt_text":"","src":"https:\/\/i0.wp.com\/fotografiadlaciekawych.pl\/wp-content\/uploads\/2010\/02\/regal-z-ksiazkami-i-aparatem-fotograficznym.jpg?resize=350%2C200&ssl=1","width":350,"height":200,"srcset":"https:\/\/i0.wp.com\/fotografiadlaciekawych.pl\/wp-content\/uploads\/2010\/02\/regal-z-ksiazkami-i-aparatem-fotograficznym.jpg?resize=350%2C200&ssl=1 1x, https:\/\/i0.wp.com\/fotografiadlaciekawych.pl\/wp-content\/uploads\/2010\/02\/regal-z-ksiazkami-i-aparatem-fotograficznym.jpg?resize=525%2C300&ssl=1 1.5x, https:\/\/i0.wp.com\/fotografiadlaciekawych.pl\/wp-content\/uploads\/2010\/02\/regal-z-ksiazkami-i-aparatem-fotograficznym.jpg?resize=700%2C400&ssl=1 2x, https:\/\/i0.wp.com\/fotografiadlaciekawych.pl\/wp-content\/uploads\/2010\/02\/regal-z-ksiazkami-i-aparatem-fotograficznym.jpg?resize=1050%2C600&ssl=1 3x"},"classes":[]}],"jetpack_featured_media_url":"","_links":{"self":[{"href":"https:\/\/fotografiadlaciekawych.pl\/index.php\/wp-json\/wp\/v2\/posts\/2166","targetHints":{"allow":["GET"]}}],"collection":[{"href":"https:\/\/fotografiadlaciekawych.pl\/index.php\/wp-json\/wp\/v2\/posts"}],"about":[{"href":"https:\/\/fotografiadlaciekawych.pl\/index.php\/wp-json\/wp\/v2\/types\/post"}],"author":[{"embeddable":true,"href":"https:\/\/fotografiadlaciekawych.pl\/index.php\/wp-json\/wp\/v2\/users\/1"}],"replies":[{"embeddable":true,"href":"https:\/\/fotografiadlaciekawych.pl\/index.php\/wp-json\/wp\/v2\/comments?post=2166"}],"version-history":[{"count":12,"href":"https:\/\/fotografiadlaciekawych.pl\/index.php\/wp-json\/wp\/v2\/posts\/2166\/revisions"}],"predecessor-version":[{"id":2171,"href":"https:\/\/fotografiadlaciekawych.pl\/index.php\/wp-json\/wp\/v2\/posts\/2166\/revisions\/2171"}],"wp:attachment":[{"href":"https:\/\/fotografiadlaciekawych.pl\/index.php\/wp-json\/wp\/v2\/media?parent=2166"}],"wp:term":[{"taxonomy":"category","embeddable":true,"href":"https:\/\/fotografiadlaciekawych.pl\/index.php\/wp-json\/wp\/v2\/categories?post=2166"},{"taxonomy":"post_tag","embeddable":true,"href":"https:\/\/fotografiadlaciekawych.pl\/index.php\/wp-json\/wp\/v2\/tags?post=2166"}],"curies":[{"name":"wp","href":"https:\/\/api.w.org\/{rel}","templated":true}]}}