{"id":2342,"date":"2010-04-15T20:18:20","date_gmt":"2010-04-15T19:18:20","guid":{"rendered":"http:\/\/fotografiadlaciekawych.pl\/?p=2342"},"modified":"2010-04-15T20:28:48","modified_gmt":"2010-04-15T19:28:48","slug":"makrofotografia-wprowadzenie","status":"publish","type":"post","link":"https:\/\/fotografiadlaciekawych.pl\/index.php\/2010\/04\/15\/makrofotografia-wprowadzenie\/","title":{"rendered":"Makrofotografia &#8211; wprowadzenie"},"content":{"rendered":"<p>Witam serdecznie<\/p>\n<p><img loading=\"lazy\" decoding=\"async\" class=\"alignright size-full wp-image-2343\" src=\"https:\/\/fotografiadlaciekawych.pl\/wp-content\/uploads\/2010\/04\/Foto.jpeg\" alt=\"\" width=\"188\" height=\"150\" \/><\/p>\n<p>Mam przyjemno\u015b\u0107 prowadzenia k\u0105cika makro na tym blogu.<\/p>\n<p>Makrofotografia to moja pasja kt\u00f3r\u0105 ca\u0142y czas rozwijam w porozumieniu z najlepszymi fotografami. W k\u0105ciku chcia\u0142bym uj\u0105\u0107 rzeczy najistotniejsze w tej dziedzinie fotografii. Licz\u0119 tak\u017ce na Pa\u0144stwa pomoc przy tworzeniu kolejnych wpis\u00f3w. Prosz\u0119 zarzuca\u0107 mnie pytaniami \ud83d\ude42 na kt\u00f3re b\u0119d\u0119 stara\u0142 si\u0119 jak najlepiej odpowiedzie\u0107.<br \/>\n<!--more--><br \/>\nMakrofotografia jest \u015bwietnym sposobem sp\u0119dzenia czasu z przyrod\u0105. Dla mnie jest to czas kt\u00f3ry pozwala mi na refleksje, przemy\u015blenia ale tak\u017ce na ca\u0142kowite oderwanie si\u0119 od codzienno\u015bci. Ogl\u0105danie \u015bwiata na co dzie\u0144 niezauwa\u017calnego dla cz\u0142owieka jest czym\u015b niesamowitym &#8211; tego po prostu trzeba spr\u00f3bowa\u0107!<\/p>\n<p>W kolejnych wpisach chcia\u0142by zaj\u0105\u0107 si\u0119 podstawowymi zagadnieniami zwi\u0105zanymi z makrofotografi\u0105.<\/p>\n<p>Pozdrawiam<\/p>\n<p>Micha\u0142 Toru\u0144ski<\/p>\n<p style=\"text-align: center\"><a href=\"https:\/\/fotografiadlaciekawych.pl\/wp-content\/uploads\/2010\/04\/BEElumi.jpg\" rel=\"lightbox\"><img loading=\"lazy\" decoding=\"async\" class=\"aligncenter size-full wp-image-2344\" src=\"https:\/\/fotografiadlaciekawych.pl\/wp-content\/uploads\/2010\/04\/BEElumi.jpg\" alt=\"\" width=\"313\" height=\"416\" srcset=\"https:\/\/fotografiadlaciekawych.pl\/wp-content\/uploads\/2010\/04\/BEElumi.jpg 521w, https:\/\/fotografiadlaciekawych.pl\/wp-content\/uploads\/2010\/04\/BEElumi-300x400.jpg 300w\" sizes=\"auto, (max-width: 313px) 100vw, 313px\" \/><\/a><\/p>\n","protected":false},"excerpt":{"rendered":"<p>Witam serdecznie Mam przyjemno\u015b\u0107 prowadzenia k\u0105cika makro na tym blogu. Makrofotografia to moja pasja kt\u00f3r\u0105 ca\u0142y czas rozwijam w porozumieniu z najlepszymi fotografami. W k\u0105ciku chcia\u0142bym uj\u0105\u0107 rzeczy najistotniejsze w tej dziedzinie fotografii. Licz\u0119 tak\u017ce na Pa\u0144stwa pomoc przy tworzeniu kolejnych wpis\u00f3w. Prosz\u0119 zarzuca\u0107 mnie pytaniami \ud83d\ude42 na kt\u00f3re b\u0119d\u0119 stara\u0142 si\u0119 jak najlepiej odpowiedzie\u0107.<\/p>\n","protected":false},"author":3,"featured_media":0,"comment_status":"open","ping_status":"open","sticky":false,"template":"","format":"standard","meta":{"_jetpack_newsletter_access":"","_jetpack_dont_email_post_to_subs":false,"_jetpack_newsletter_tier_id":0,"_jetpack_memberships_contains_paywalled_content":false,"_jetpack_feature_clip_id":0,"_jetpack_memberships_contains_paid_content":false,"footnotes":"","jetpack_publicize_message":"","jetpack_publicize_feature_enabled":true,"jetpack_social_post_already_shared":false,"jetpack_social_options":{"image_generator_settings":{"template":"highway","default_image_id":0,"font":"","enabled":false},"version":2},"jetpack_post_was_ever_published":false},"categories":[274],"tags":[32,192],"class_list":["post-2342","post","type-post","status-publish","format-standard","hentry","category-makrofotografia-fotografia","tag-makro","tag-makrofotografia"],"yoast_head":"<!-- This site is optimized with the Yoast SEO plugin v28.4 - https:\/\/yoast.com\/product\/yoast-seo-wordpress\/ -->\n<title>Makrofotografia - wprowadzenie<\/title>\n<meta name=\"robots\" content=\"index, follow, max-snippet:-1, max-image-preview:large, max-video-preview:-1\" \/>\n<link rel=\"canonical\" href=\"https:\/\/fotografiadlaciekawych.pl\/index.php\/2010\/04\/15\/makrofotografia-wprowadzenie\/\" \/>\n<meta property=\"og:locale\" content=\"pl_PL\" \/>\n<meta property=\"og:type\" content=\"article\" \/>\n<meta property=\"og:title\" content=\"Makrofotografia - wprowadzenie\" \/>\n<meta property=\"og:description\" content=\"Witam serdecznie Mam przyjemno\u015b\u0107 prowadzenia k\u0105cika makro na tym blogu. Makrofotografia to moja pasja kt\u00f3r\u0105 ca\u0142y czas rozwijam w porozumieniu z najlepszymi fotografami. W k\u0105ciku chcia\u0142bym uj\u0105\u0107 rzeczy najistotniejsze w tej dziedzinie fotografii. Licz\u0119 tak\u017ce na Pa\u0144stwa pomoc przy tworzeniu kolejnych wpis\u00f3w. Prosz\u0119 zarzuca\u0107 mnie pytaniami \ud83d\ude42 na kt\u00f3re b\u0119d\u0119 stara\u0142 si\u0119 jak najlepiej odpowiedzie\u0107.\" \/>\n<meta property=\"og:url\" content=\"https:\/\/fotografiadlaciekawych.pl\/index.php\/2010\/04\/15\/makrofotografia-wprowadzenie\/\" \/>\n<meta property=\"og:site_name\" content=\"Fotografia dla ciekawych\" \/>\n<meta property=\"article:publisher\" content=\"https:\/\/www.facebook.com\/przemyslaw.oziemblewski\" \/>\n<meta property=\"article:published_time\" content=\"2010-04-15T19:18:20+00:00\" \/>\n<meta property=\"article:modified_time\" content=\"2010-04-15T19:28:48+00:00\" \/>\n<meta property=\"og:image\" content=\"http:\/\/fotografiadlaciekawych.pl\/wp-content\/uploads\/2010\/04\/Foto.jpeg\" \/>\n<meta name=\"author\" content=\"Torun84\" \/>\n<meta name=\"twitter:label1\" content=\"Napisane przez\" \/>\n\t<meta name=\"twitter:data1\" content=\"Torun84\" \/>\n\t<meta name=\"twitter:label2\" content=\"Szacowany czas czytania\" \/>\n\t<meta name=\"twitter:data2\" content=\"1 minuta\" \/>\n<script type=\"application\/ld+json\" class=\"yoast-schema-graph\">{\"@context\":\"https:\\\/\\\/schema.org\",\"@graph\":[{\"@type\":\"Article\",\"@id\":\"https:\\\/\\\/fotografiadlaciekawych.pl\\\/index.php\\\/2010\\\/04\\\/15\\\/makrofotografia-wprowadzenie\\\/#article\",\"isPartOf\":{\"@id\":\"https:\\\/\\\/fotografiadlaciekawych.pl\\\/index.php\\\/2010\\\/04\\\/15\\\/makrofotografia-wprowadzenie\\\/\"},\"author\":{\"name\":\"Torun84\",\"@id\":\"https:\\\/\\\/fotografiadlaciekawych.pl\\\/#\\\/schema\\\/person\\\/91cf70dccfc6d3de8df48c0e5902cf90\"},\"headline\":\"Makrofotografia &#8211; wprowadzenie\",\"datePublished\":\"2010-04-15T19:18:20+00:00\",\"dateModified\":\"2010-04-15T19:28:48+00:00\",\"mainEntityOfPage\":{\"@id\":\"https:\\\/\\\/fotografiadlaciekawych.pl\\\/index.php\\\/2010\\\/04\\\/15\\\/makrofotografia-wprowadzenie\\\/\"},\"wordCount\":138,\"commentCount\":7,\"publisher\":{\"@id\":\"https:\\\/\\\/fotografiadlaciekawych.pl\\\/#\\\/schema\\\/person\\\/a9c16bf51d40163ef50c7170ff56de4d\"},\"image\":{\"@id\":\"https:\\\/\\\/fotografiadlaciekawych.pl\\\/index.php\\\/2010\\\/04\\\/15\\\/makrofotografia-wprowadzenie\\\/#primaryimage\"},\"thumbnailUrl\":\"http:\\\/\\\/fotografiadlaciekawych.pl\\\/wp-content\\\/uploads\\\/2010\\\/04\\\/Foto.jpeg\",\"keywords\":[\"makro\",\"makrofotografia\"],\"articleSection\":[\"Makrofotografia\"],\"inLanguage\":\"pl-PL\",\"potentialAction\":[{\"@type\":\"CommentAction\",\"name\":\"Comment\",\"target\":[\"https:\\\/\\\/fotografiadlaciekawych.pl\\\/index.php\\\/2010\\\/04\\\/15\\\/makrofotografia-wprowadzenie\\\/#respond\"]}]},{\"@type\":\"WebPage\",\"@id\":\"https:\\\/\\\/fotografiadlaciekawych.pl\\\/index.php\\\/2010\\\/04\\\/15\\\/makrofotografia-wprowadzenie\\\/\",\"url\":\"https:\\\/\\\/fotografiadlaciekawych.pl\\\/index.php\\\/2010\\\/04\\\/15\\\/makrofotografia-wprowadzenie\\\/\",\"name\":\"Makrofotografia - wprowadzenie\",\"isPartOf\":{\"@id\":\"https:\\\/\\\/fotografiadlaciekawych.pl\\\/#website\"},\"primaryImageOfPage\":{\"@id\":\"https:\\\/\\\/fotografiadlaciekawych.pl\\\/index.php\\\/2010\\\/04\\\/15\\\/makrofotografia-wprowadzenie\\\/#primaryimage\"},\"image\":{\"@id\":\"https:\\\/\\\/fotografiadlaciekawych.pl\\\/index.php\\\/2010\\\/04\\\/15\\\/makrofotografia-wprowadzenie\\\/#primaryimage\"},\"thumbnailUrl\":\"http:\\\/\\\/fotografiadlaciekawych.pl\\\/wp-content\\\/uploads\\\/2010\\\/04\\\/Foto.jpeg\",\"datePublished\":\"2010-04-15T19:18:20+00:00\",\"dateModified\":\"2010-04-15T19:28:48+00:00\",\"breadcrumb\":{\"@id\":\"https:\\\/\\\/fotografiadlaciekawych.pl\\\/index.php\\\/2010\\\/04\\\/15\\\/makrofotografia-wprowadzenie\\\/#breadcrumb\"},\"inLanguage\":\"pl-PL\",\"potentialAction\":[{\"@type\":\"ReadAction\",\"target\":[\"https:\\\/\\\/fotografiadlaciekawych.pl\\\/index.php\\\/2010\\\/04\\\/15\\\/makrofotografia-wprowadzenie\\\/\"]}]},{\"@type\":\"ImageObject\",\"inLanguage\":\"pl-PL\",\"@id\":\"https:\\\/\\\/fotografiadlaciekawych.pl\\\/index.php\\\/2010\\\/04\\\/15\\\/makrofotografia-wprowadzenie\\\/#primaryimage\",\"url\":\"https:\\\/\\\/fotografiadlaciekawych.pl\\\/wp-content\\\/uploads\\\/2010\\\/04\\\/Foto.jpeg\",\"contentUrl\":\"https:\\\/\\\/fotografiadlaciekawych.pl\\\/wp-content\\\/uploads\\\/2010\\\/04\\\/Foto.jpeg\",\"width\":\"320\",\"height\":\"256\"},{\"@type\":\"BreadcrumbList\",\"@id\":\"https:\\\/\\\/fotografiadlaciekawych.pl\\\/index.php\\\/2010\\\/04\\\/15\\\/makrofotografia-wprowadzenie\\\/#breadcrumb\",\"itemListElement\":[{\"@type\":\"ListItem\",\"position\":1,\"name\":\"Home\",\"item\":\"https:\\\/\\\/fotografiadlaciekawych.pl\\\/\"},{\"@type\":\"ListItem\",\"position\":2,\"name\":\"Makrofotografia &#8211; wprowadzenie\"}]},{\"@type\":\"WebSite\",\"@id\":\"https:\\\/\\\/fotografiadlaciekawych.pl\\\/#website\",\"url\":\"https:\\\/\\\/fotografiadlaciekawych.pl\\\/\",\"name\":\"Fotografia dla ciekawych\",\"description\":\"Blog prowadzony od 2008 r.\",\"publisher\":{\"@id\":\"https:\\\/\\\/fotografiadlaciekawych.pl\\\/#\\\/schema\\\/person\\\/a9c16bf51d40163ef50c7170ff56de4d\"},\"potentialAction\":[{\"@type\":\"SearchAction\",\"target\":{\"@type\":\"EntryPoint\",\"urlTemplate\":\"https:\\\/\\\/fotografiadlaciekawych.pl\\\/?s={search_term_string}\"},\"query-input\":{\"@type\":\"PropertyValueSpecification\",\"valueRequired\":true,\"valueName\":\"search_term_string\"}}],\"inLanguage\":\"pl-PL\"},{\"@type\":[\"Person\",\"Organization\"],\"@id\":\"https:\\\/\\\/fotografiadlaciekawych.pl\\\/#\\\/schema\\\/person\\\/a9c16bf51d40163ef50c7170ff56de4d\",\"name\":\"Przemys\u0142aw Oziemblewski\",\"image\":{\"@type\":\"ImageObject\",\"inLanguage\":\"pl-PL\",\"@id\":\"https:\\\/\\\/fotografiadlaciekawych.pl\\\/wp-content\\\/uploads\\\/2020\\\/12\\\/przemek-oziemblewski-250px.jpg\",\"url\":\"https:\\\/\\\/fotografiadlaciekawych.pl\\\/wp-content\\\/uploads\\\/2020\\\/12\\\/przemek-oziemblewski-250px.jpg\",\"contentUrl\":\"https:\\\/\\\/fotografiadlaciekawych.pl\\\/wp-content\\\/uploads\\\/2020\\\/12\\\/przemek-oziemblewski-250px.jpg\",\"width\":250,\"height\":250,\"caption\":\"Przemys\u0142aw Oziemblewski\"},\"logo\":{\"@id\":\"https:\\\/\\\/fotografiadlaciekawych.pl\\\/wp-content\\\/uploads\\\/2020\\\/12\\\/przemek-oziemblewski-250px.jpg\"},\"sameAs\":[\"http:\\\/\\\/fotografiadlaciekawych.pl\",\"https:\\\/\\\/www.facebook.com\\\/przemyslaw.oziemblewski\",\"https:\\\/\\\/www.instagram.com\\\/p.oziemblewski\\\/\",\"https:\\\/\\\/www.pinterest.com\\\/fotodcpl\\\/\",\"https:\\\/\\\/youtube.com\\\/@PrzemyslawOziemblewski\"]},{\"@type\":\"Person\",\"@id\":\"https:\\\/\\\/fotografiadlaciekawych.pl\\\/#\\\/schema\\\/person\\\/91cf70dccfc6d3de8df48c0e5902cf90\",\"name\":\"Torun84\",\"image\":{\"@type\":\"ImageObject\",\"inLanguage\":\"pl-PL\",\"@id\":\"https:\\\/\\\/secure.gravatar.com\\\/avatar\\\/6851db1976e1388835d32b828801bbd4c7fa35fde1999f52f5c5ef40dd1905be?s=96&d=identicon&r=g\",\"url\":\"https:\\\/\\\/secure.gravatar.com\\\/avatar\\\/6851db1976e1388835d32b828801bbd4c7fa35fde1999f52f5c5ef40dd1905be?s=96&d=identicon&r=g\",\"contentUrl\":\"https:\\\/\\\/secure.gravatar.com\\\/avatar\\\/6851db1976e1388835d32b828801bbd4c7fa35fde1999f52f5c5ef40dd1905be?s=96&d=identicon&r=g\",\"caption\":\"Torun84\"},\"sameAs\":[\"http:\\\/\\\/torun84.digart.pl\\\/digarty\\\/\"]}]}<\/script>\n<!-- \/ Yoast SEO plugin. -->","yoast_head_json":{"title":"Makrofotografia - wprowadzenie","robots":{"index":"index","follow":"follow","max-snippet":"max-snippet:-1","max-image-preview":"max-image-preview:large","max-video-preview":"max-video-preview:-1"},"canonical":"https:\/\/fotografiadlaciekawych.pl\/index.php\/2010\/04\/15\/makrofotografia-wprowadzenie\/","og_locale":"pl_PL","og_type":"article","og_title":"Makrofotografia - wprowadzenie","og_description":"Witam serdecznie Mam przyjemno\u015b\u0107 prowadzenia k\u0105cika makro na tym blogu. Makrofotografia to moja pasja kt\u00f3r\u0105 ca\u0142y czas rozwijam w porozumieniu z najlepszymi fotografami. W k\u0105ciku chcia\u0142bym uj\u0105\u0107 rzeczy najistotniejsze w tej dziedzinie fotografii. Licz\u0119 tak\u017ce na Pa\u0144stwa pomoc przy tworzeniu kolejnych wpis\u00f3w. Prosz\u0119 zarzuca\u0107 mnie pytaniami \ud83d\ude42 na kt\u00f3re b\u0119d\u0119 stara\u0142 si\u0119 jak najlepiej odpowiedzie\u0107.","og_url":"https:\/\/fotografiadlaciekawych.pl\/index.php\/2010\/04\/15\/makrofotografia-wprowadzenie\/","og_site_name":"Fotografia dla ciekawych","article_publisher":"https:\/\/www.facebook.com\/przemyslaw.oziemblewski","article_published_time":"2010-04-15T19:18:20+00:00","article_modified_time":"2010-04-15T19:28:48+00:00","og_image":[{"url":"http:\/\/fotografiadlaciekawych.pl\/wp-content\/uploads\/2010\/04\/Foto.jpeg","type":"","width":"","height":""}],"author":"Torun84","twitter_misc":{"Napisane przez":"Torun84","Szacowany czas czytania":"1 minuta"},"schema":{"@context":"https:\/\/schema.org","@graph":[{"@type":"Article","@id":"https:\/\/fotografiadlaciekawych.pl\/index.php\/2010\/04\/15\/makrofotografia-wprowadzenie\/#article","isPartOf":{"@id":"https:\/\/fotografiadlaciekawych.pl\/index.php\/2010\/04\/15\/makrofotografia-wprowadzenie\/"},"author":{"name":"Torun84","@id":"https:\/\/fotografiadlaciekawych.pl\/#\/schema\/person\/91cf70dccfc6d3de8df48c0e5902cf90"},"headline":"Makrofotografia &#8211; wprowadzenie","datePublished":"2010-04-15T19:18:20+00:00","dateModified":"2010-04-15T19:28:48+00:00","mainEntityOfPage":{"@id":"https:\/\/fotografiadlaciekawych.pl\/index.php\/2010\/04\/15\/makrofotografia-wprowadzenie\/"},"wordCount":138,"commentCount":7,"publisher":{"@id":"https:\/\/fotografiadlaciekawych.pl\/#\/schema\/person\/a9c16bf51d40163ef50c7170ff56de4d"},"image":{"@id":"https:\/\/fotografiadlaciekawych.pl\/index.php\/2010\/04\/15\/makrofotografia-wprowadzenie\/#primaryimage"},"thumbnailUrl":"http:\/\/fotografiadlaciekawych.pl\/wp-content\/uploads\/2010\/04\/Foto.jpeg","keywords":["makro","makrofotografia"],"articleSection":["Makrofotografia"],"inLanguage":"pl-PL","potentialAction":[{"@type":"CommentAction","name":"Comment","target":["https:\/\/fotografiadlaciekawych.pl\/index.php\/2010\/04\/15\/makrofotografia-wprowadzenie\/#respond"]}]},{"@type":"WebPage","@id":"https:\/\/fotografiadlaciekawych.pl\/index.php\/2010\/04\/15\/makrofotografia-wprowadzenie\/","url":"https:\/\/fotografiadlaciekawych.pl\/index.php\/2010\/04\/15\/makrofotografia-wprowadzenie\/","name":"Makrofotografia - wprowadzenie","isPartOf":{"@id":"https:\/\/fotografiadlaciekawych.pl\/#website"},"primaryImageOfPage":{"@id":"https:\/\/fotografiadlaciekawych.pl\/index.php\/2010\/04\/15\/makrofotografia-wprowadzenie\/#primaryimage"},"image":{"@id":"https:\/\/fotografiadlaciekawych.pl\/index.php\/2010\/04\/15\/makrofotografia-wprowadzenie\/#primaryimage"},"thumbnailUrl":"http:\/\/fotografiadlaciekawych.pl\/wp-content\/uploads\/2010\/04\/Foto.jpeg","datePublished":"2010-04-15T19:18:20+00:00","dateModified":"2010-04-15T19:28:48+00:00","breadcrumb":{"@id":"https:\/\/fotografiadlaciekawych.pl\/index.php\/2010\/04\/15\/makrofotografia-wprowadzenie\/#breadcrumb"},"inLanguage":"pl-PL","potentialAction":[{"@type":"ReadAction","target":["https:\/\/fotografiadlaciekawych.pl\/index.php\/2010\/04\/15\/makrofotografia-wprowadzenie\/"]}]},{"@type":"ImageObject","inLanguage":"pl-PL","@id":"https:\/\/fotografiadlaciekawych.pl\/index.php\/2010\/04\/15\/makrofotografia-wprowadzenie\/#primaryimage","url":"https:\/\/fotografiadlaciekawych.pl\/wp-content\/uploads\/2010\/04\/Foto.jpeg","contentUrl":"https:\/\/fotografiadlaciekawych.pl\/wp-content\/uploads\/2010\/04\/Foto.jpeg","width":"320","height":"256"},{"@type":"BreadcrumbList","@id":"https:\/\/fotografiadlaciekawych.pl\/index.php\/2010\/04\/15\/makrofotografia-wprowadzenie\/#breadcrumb","itemListElement":[{"@type":"ListItem","position":1,"name":"Home","item":"https:\/\/fotografiadlaciekawych.pl\/"},{"@type":"ListItem","position":2,"name":"Makrofotografia &#8211; wprowadzenie"}]},{"@type":"WebSite","@id":"https:\/\/fotografiadlaciekawych.pl\/#website","url":"https:\/\/fotografiadlaciekawych.pl\/","name":"Fotografia dla ciekawych","description":"Blog prowadzony od 2008 r.","publisher":{"@id":"https:\/\/fotografiadlaciekawych.pl\/#\/schema\/person\/a9c16bf51d40163ef50c7170ff56de4d"},"potentialAction":[{"@type":"SearchAction","target":{"@type":"EntryPoint","urlTemplate":"https:\/\/fotografiadlaciekawych.pl\/?s={search_term_string}"},"query-input":{"@type":"PropertyValueSpecification","valueRequired":true,"valueName":"search_term_string"}}],"inLanguage":"pl-PL"},{"@type":["Person","Organization"],"@id":"https:\/\/fotografiadlaciekawych.pl\/#\/schema\/person\/a9c16bf51d40163ef50c7170ff56de4d","name":"Przemys\u0142aw Oziemblewski","image":{"@type":"ImageObject","inLanguage":"pl-PL","@id":"https:\/\/fotografiadlaciekawych.pl\/wp-content\/uploads\/2020\/12\/przemek-oziemblewski-250px.jpg","url":"https:\/\/fotografiadlaciekawych.pl\/wp-content\/uploads\/2020\/12\/przemek-oziemblewski-250px.jpg","contentUrl":"https:\/\/fotografiadlaciekawych.pl\/wp-content\/uploads\/2020\/12\/przemek-oziemblewski-250px.jpg","width":250,"height":250,"caption":"Przemys\u0142aw Oziemblewski"},"logo":{"@id":"https:\/\/fotografiadlaciekawych.pl\/wp-content\/uploads\/2020\/12\/przemek-oziemblewski-250px.jpg"},"sameAs":["http:\/\/fotografiadlaciekawych.pl","https:\/\/www.facebook.com\/przemyslaw.oziemblewski","https:\/\/www.instagram.com\/p.oziemblewski\/","https:\/\/www.pinterest.com\/fotodcpl\/","https:\/\/youtube.com\/@PrzemyslawOziemblewski"]},{"@type":"Person","@id":"https:\/\/fotografiadlaciekawych.pl\/#\/schema\/person\/91cf70dccfc6d3de8df48c0e5902cf90","name":"Torun84","image":{"@type":"ImageObject","inLanguage":"pl-PL","@id":"https:\/\/secure.gravatar.com\/avatar\/6851db1976e1388835d32b828801bbd4c7fa35fde1999f52f5c5ef40dd1905be?s=96&d=identicon&r=g","url":"https:\/\/secure.gravatar.com\/avatar\/6851db1976e1388835d32b828801bbd4c7fa35fde1999f52f5c5ef40dd1905be?s=96&d=identicon&r=g","contentUrl":"https:\/\/secure.gravatar.com\/avatar\/6851db1976e1388835d32b828801bbd4c7fa35fde1999f52f5c5ef40dd1905be?s=96&d=identicon&r=g","caption":"Torun84"},"sameAs":["http:\/\/torun84.digart.pl\/digarty\/"]}]}},"jetpack_publicize_connections":[],"jetpack_sharing_enabled":true,"jetpack-related-posts":[{"id":2294,"url":"https:\/\/fotografiadlaciekawych.pl\/index.php\/2010\/04\/10\/makrofotografia-michala-torunskiego\/","url_meta":{"origin":2342,"position":0},"title":"Makrofotografia Micha\u0142a Toru\u0144skiego","author":"Przemys\u0142aw Oziemblewski","date":"sobota, 10 kwi 2010","format":false,"excerpt":"Micha\u0142 Toru\u0144ski W dzisiejszym wpisie chcia\u0142bym przedstawi\u0107 Micha\u0142a Toru\u0144skiego, fotografa, kt\u00f3ry poprowadzi w blogu k\u0105cik po\u015bwi\u0119cony makrofotografii. Poni\u017cej wywiad z Micha\u0142em, a na ko\u0144cu wpisu galeria z jego wybranymi pracami. Warto zobaczy\u0107. Przemys\u0142aw Oziemblewski: Kiedy zacz\u0119\u0142a si\u0119 Twoja przygoda z fotografi\u0105? Micha\u0142 Toru\u0144ski: Moja przygoda z fotografi\u0105 zacz\u0119\u0142a si\u0119 ca\u0142kiem\u2026","rel":"","context":"W \u201eMakrofotografia&quot;","block_context":{"text":"Makrofotografia","link":"https:\/\/fotografiadlaciekawych.pl\/index.php\/category\/fotografia\/makrofotografia-fotografia\/"},"img":{"alt_text":"","src":"https:\/\/i0.wp.com\/fotografiadlaciekawych.pl\/wp-content\/uploads\/2010\/04\/mt-wyzej800-150x150.jpg?resize=350%2C200&ssl=1","width":350,"height":200},"classes":[]},{"id":739,"url":"https:\/\/fotografiadlaciekawych.pl\/index.php\/2009\/02\/12\/zdjecia-makro-zarowka-diodowa\/","url_meta":{"origin":2342,"position":1},"title":"Zdj\u0119cia makro &#8211; \u017car\u00f3wka diodowa","author":"Przemys\u0142aw Oziemblewski","date":"czwartek, 12 lut 2009","format":false,"excerpt":"Poni\u017cej kilka zdj\u0119\u0107 makro, kt\u00f3re zrobi\u0142em aby przetestowa\u0107 nowe mo\u017cliwo\u015bci. Do mojego sprz\u0119tu dokupi\u0142em adapter odwrotnego mocowania obiektywu. Wszystkie zdj\u0119cia, poza ostatnim (to zrobione tradycyjnie), zosta\u0142y wykonane w\u0142a\u015bnie za pomoc\u0105 zestawu Canon 1000D, kitowy obiektyw 18-55 IS oraz wspomniany pier\u015bcie\u0144 odwrotnego mocowania. Pier\u015bcie\u0144 kupiony za 34 z\u0142 plus 7 z\u0142\u2026","rel":"","context":"W \u201eMakrofotografia&quot;","block_context":{"text":"Makrofotografia","link":"https:\/\/fotografiadlaciekawych.pl\/index.php\/category\/fotografia\/makrofotografia-fotografia\/"},"img":{"alt_text":"","src":"https:\/\/i0.wp.com\/fotografiadlaciekawych.pl\/wp-content\/uploads\/2009\/02\/img_1031-1600-150x150.jpg?resize=350%2C200&ssl=1","width":350,"height":200},"classes":[]},{"id":1033,"url":"https:\/\/fotografiadlaciekawych.pl\/index.php\/2009\/06\/16\/krople-wody-sa-magiczne\/","url_meta":{"origin":2342,"position":2},"title":"Krople wody s\u0105 magiczne","author":"Przemys\u0142aw Oziemblewski","date":"wtorek, 16 cze 2009","format":false,"excerpt":"Czasami tak bywa, \u017ce magia tkwi w szczeg\u00f3\u0142ach, w detalach, kt\u00f3re umykaj\u0105 gdy patrzymy z daleka. W ostatnim numerze magazynu \"foto\" na stronie 71 jest zaproszenie na wystaw\u0119 Krystyny Tatarkiewicz zatytu\u0142owan\u0105 \"[100x]\". Wystawa jest w gmachu Gazety Wyborczej, Warszawa, ul. Czerska 8\/10 i trwa od 18 czerwca do 5 lipca.\u2026","rel":"","context":"W \u201eGaleria jednego zdj\u0119cia&quot;","block_context":{"text":"Galeria jednego zdj\u0119cia","link":"https:\/\/fotografiadlaciekawych.pl\/index.php\/category\/galeria-jednego-zdjecia\/"},"img":{"alt_text":"Krople wody #1","src":"https:\/\/i0.wp.com\/fotografiadlaciekawych.pl\/wp-content\/uploads\/2009\/06\/img_3379v2a-400x300.jpg?resize=350%2C200","width":350,"height":200},"classes":[]},{"id":14801,"url":"https:\/\/fotografiadlaciekawych.pl\/index.php\/2020\/09\/02\/7-metod-na-powiekszenie-makrofotografia-i-zdjecia-z-bliska\/","url_meta":{"origin":2342,"position":3},"title":"7 metod na powi\u0119kszenie [makrofotografia i zdj\u0119cia z bliska]","author":"Przemys\u0142aw Oziemblewski","date":"\u015broda, 2 wrz 2020","format":false,"excerpt":"Je\u015bli interesuje ciebie makrofotografia i zdj\u0119cia z bliska, chcesz uzyska\u0107 \u0142adne powi\u0119kszenie, to jest na to kilka sposob\u00f3w. Standardowe obiektywy maj\u0105 ograniczon\u0105 mo\u017cliwo\u015b\u0107 ustawiania ostro\u015bci na blisk\u0105 odleg\u0142o\u015b\u0107. S\u0105 jednak metody, by temu zaradzi\u0107. Zobacz jakie s\u0105 mo\u017cliwo\u015bci w tym zakresie, jaki sprz\u0119t i co mo\u017cesz wykorzysta\u0107 lub doda\u0107 do\u2026","rel":"","context":"W \u201eFotografia&quot;","block_context":{"text":"Fotografia","link":"https:\/\/fotografiadlaciekawych.pl\/index.php\/category\/fotografia\/"},"img":{"alt_text":"Konwerter RAYNOX M-250","src":"https:\/\/i0.wp.com\/fotografiadlaciekawych.pl\/wp-content\/uploads\/2020\/09\/konwerter-raynox-m-250-150411_IMG_1508_1000px.jpg?resize=350%2C200&ssl=1","width":350,"height":200,"srcset":"https:\/\/i0.wp.com\/fotografiadlaciekawych.pl\/wp-content\/uploads\/2020\/09\/konwerter-raynox-m-250-150411_IMG_1508_1000px.jpg?resize=350%2C200&ssl=1 1x, https:\/\/i0.wp.com\/fotografiadlaciekawych.pl\/wp-content\/uploads\/2020\/09\/konwerter-raynox-m-250-150411_IMG_1508_1000px.jpg?resize=525%2C300&ssl=1 1.5x, https:\/\/i0.wp.com\/fotografiadlaciekawych.pl\/wp-content\/uploads\/2020\/09\/konwerter-raynox-m-250-150411_IMG_1508_1000px.jpg?resize=700%2C400&ssl=1 2x"},"classes":[]},{"id":16176,"url":"https:\/\/fotografiadlaciekawych.pl\/index.php\/2022\/01\/26\/makrofotografia-i-obiektyw-od-mikroskopu\/","url_meta":{"origin":2342,"position":4},"title":"Makrofotografia i obiektyw od mikroskopu","author":"Przemys\u0142aw Oziemblewski","date":"\u015broda, 26 sty 2022","format":false,"excerpt":"W ramach test\u00f3w i sprawdzania, czym mog\u0119 jeszcze robi\u0107 zdj\u0119cia makro, zacz\u0105\u0142em fotografowa\u0107 przez obiektyw od mikroskopu.\u00a0Chcia\u0142em uzyska\u0107 do\u015b\u0107 spore powi\u0119kszenie wi\u0119c pad\u0142o na obiektyw mikroskopowy 10x. Zobacz efekty i kilka wniosk\u00f3w. Gdzie\u015b w Internecie wyczyta\u0142em, \u017ce radzieckie obiektywy LOMO od mikroskopu s\u0105 tanie i w miar\u0119 dobre. Ostatnio zakupi\u0142em\u2026","rel":"","context":"W \u201eMakrofotografia&quot;","block_context":{"text":"Makrofotografia","link":"https:\/\/fotografiadlaciekawych.pl\/index.php\/category\/fotografia\/makrofotografia-fotografia\/"},"img":{"alt_text":"Ko\u0144c\u00f3wka d\u0142ugopisu. Focus stacking z kilku zdj\u0119\u0107","src":"https:\/\/i0.wp.com\/fotografiadlaciekawych.pl\/wp-content\/uploads\/2022\/01\/makrofotografia-220126_IMG_0738-1000px.jpg?resize=350%2C200&ssl=1","width":350,"height":200,"srcset":"https:\/\/i0.wp.com\/fotografiadlaciekawych.pl\/wp-content\/uploads\/2022\/01\/makrofotografia-220126_IMG_0738-1000px.jpg?resize=350%2C200&ssl=1 1x, https:\/\/i0.wp.com\/fotografiadlaciekawych.pl\/wp-content\/uploads\/2022\/01\/makrofotografia-220126_IMG_0738-1000px.jpg?resize=525%2C300&ssl=1 1.5x, https:\/\/i0.wp.com\/fotografiadlaciekawych.pl\/wp-content\/uploads\/2022\/01\/makrofotografia-220126_IMG_0738-1000px.jpg?resize=700%2C400&ssl=1 2x"},"classes":[]},{"id":14849,"url":"https:\/\/fotografiadlaciekawych.pl\/index.php\/2020\/09\/23\/fotograficzna-relacja-ze-spotkania-foto-kawa-makrofotografia-i-natura-z-bliska\/","url_meta":{"origin":2342,"position":5},"title":"Fotograficzna relacja ze spotkania: Foto Kawa \u2013 Makrofotografia i natura z bliska","author":"Przemys\u0142aw Oziemblewski","date":"\u015broda, 23 wrz 2020","format":false,"excerpt":"Pi\u0119tnastego wrze\u015bnia 2020 r. poprowadzi\u0142em warsztaty \"Foto Kawa - Makrofotografia i natura z bliska\". Zapraszam na relacj\u0119 fotograficzn\u0105 z tego spotkania. Tym razem, w odr\u00f3\u017cnieniu od poprzedniego liczba os\u00f3b by\u0142a ograniczona i obowi\u0105zywa\u0142y zapisy. Na pocz\u0105tku wszyscy uczestnicy spotkali si\u0119 na w Miejskiej Bibliotece Publicznej w Chodzie\u017cy. Tutaj zapoznali si\u0119\u2026","rel":"","context":"W \u201eMakrofotografia&quot;","block_context":{"text":"Makrofotografia","link":"https:\/\/fotografiadlaciekawych.pl\/index.php\/category\/fotografia\/makrofotografia-fotografia\/"},"img":{"alt_text":"","src":"https:\/\/i0.wp.com\/fotografiadlaciekawych.pl\/wp-content\/uploads\/2020\/09\/200915_IMG_6522_1000px.jpg?resize=350%2C200&ssl=1","width":350,"height":200,"srcset":"https:\/\/i0.wp.com\/fotografiadlaciekawych.pl\/wp-content\/uploads\/2020\/09\/200915_IMG_6522_1000px.jpg?resize=350%2C200&ssl=1 1x, https:\/\/i0.wp.com\/fotografiadlaciekawych.pl\/wp-content\/uploads\/2020\/09\/200915_IMG_6522_1000px.jpg?resize=525%2C300&ssl=1 1.5x, https:\/\/i0.wp.com\/fotografiadlaciekawych.pl\/wp-content\/uploads\/2020\/09\/200915_IMG_6522_1000px.jpg?resize=700%2C400&ssl=1 2x"},"classes":[]}],"jetpack_featured_media_url":"","_links":{"self":[{"href":"https:\/\/fotografiadlaciekawych.pl\/index.php\/wp-json\/wp\/v2\/posts\/2342","targetHints":{"allow":["GET"]}}],"collection":[{"href":"https:\/\/fotografiadlaciekawych.pl\/index.php\/wp-json\/wp\/v2\/posts"}],"about":[{"href":"https:\/\/fotografiadlaciekawych.pl\/index.php\/wp-json\/wp\/v2\/types\/post"}],"author":[{"embeddable":true,"href":"https:\/\/fotografiadlaciekawych.pl\/index.php\/wp-json\/wp\/v2\/users\/3"}],"replies":[{"embeddable":true,"href":"https:\/\/fotografiadlaciekawych.pl\/index.php\/wp-json\/wp\/v2\/comments?post=2342"}],"version-history":[{"count":6,"href":"https:\/\/fotografiadlaciekawych.pl\/index.php\/wp-json\/wp\/v2\/posts\/2342\/revisions"}],"predecessor-version":[{"id":2350,"href":"https:\/\/fotografiadlaciekawych.pl\/index.php\/wp-json\/wp\/v2\/posts\/2342\/revisions\/2350"}],"wp:attachment":[{"href":"https:\/\/fotografiadlaciekawych.pl\/index.php\/wp-json\/wp\/v2\/media?parent=2342"}],"wp:term":[{"taxonomy":"category","embeddable":true,"href":"https:\/\/fotografiadlaciekawych.pl\/index.php\/wp-json\/wp\/v2\/categories?post=2342"},{"taxonomy":"post_tag","embeddable":true,"href":"https:\/\/fotografiadlaciekawych.pl\/index.php\/wp-json\/wp\/v2\/tags?post=2342"}],"curies":[{"name":"wp","href":"https:\/\/api.w.org\/{rel}","templated":true}]}}