{"id":5095,"date":"2012-06-25T19:26:35","date_gmt":"2012-06-25T18:26:35","guid":{"rendered":"http:\/\/fotografiadlaciekawych.pl\/?p=5095"},"modified":"2012-11-08T09:45:06","modified_gmt":"2012-11-08T08:45:06","slug":"kotka-hara","status":"publish","type":"post","link":"https:\/\/fotografiadlaciekawych.pl\/index.php\/2012\/06\/25\/kotka-hara\/","title":{"rendered":"Kotka Hara"},"content":{"rendered":"<p><a href=\"https:\/\/fotografiadlaciekawych.pl\/wp-content\/uploads\/2012\/06\/IMG_3199800.jpg\" rel=\"lightbox\"><img loading=\"lazy\" decoding=\"async\" src=\"https:\/\/fotografiadlaciekawych.pl\/wp-content\/uploads\/2012\/06\/IMG_3199800-400x266.jpg\" alt=\"\" title=\"Kotka Hara\" width=\"400\" height=\"266\" class=\"alignnone size-medium wp-image-5096\" srcset=\"https:\/\/fotografiadlaciekawych.pl\/wp-content\/uploads\/2012\/06\/IMG_3199800-400x266.jpg 400w, https:\/\/fotografiadlaciekawych.pl\/wp-content\/uploads\/2012\/06\/IMG_3199800.jpg 800w\" sizes=\"auto, (max-width: 400px) 100vw, 400px\" \/><\/a><\/p>\n<p>Kotka Hara, niekt\u00f3rzy wo\u0142aj\u0105 Harunia, zrobi\u0142a sobie punkt obserwacyjny na dachu samochodu. Mo\u017ce chcia\u0142a upolowa\u0107 jakiego\u015b ptaszka, a mo\u017ce po prostu popatrze\u0107 na wszystkich z g\u00f3ry. A mo\u017ce si\u0119 nudzi\u0142a, mo\u017ce zobaczy\u0142a nowy samoch\u00f3d i stwierdzi\u0142a, \u017ce trzeba sprawdzi\u0107, czy nadaje si\u0119 on do le\u017cenia. A z reszt\u0105, kot wsz\u0119dzie wejdzie, nie to co cz\u0142owiek, jemu nie wypada. Ostatnio s\u0142ysza\u0142em, \u017ce ma\u0142y kotek znalaz\u0142 sobie wygodnie miejsce pod mask\u0105 samochodu. Z reszt\u0105 kto tam kota wie, co mu po g\u0142owie chodzi. A kotka &#8230; <!--more--> zosta\u0142a upolowana \ud83d\ude42 Czego efekty poni\u017cej.<\/p>\n\n\t\t<div id='gallery-1' class='gallery galleryid-5095 gallery-columns-3 gallery-size-thumbnail gallery1'><script type=\"text\/javascript\">\r\n\/\/ <![CDATA[\r\n\tjQuery(document).ready(function () {\r\n\t\tjQuery(\".gallery1 a\").lightBox({captionPosition:\"gallery\"});\t\t\r\n\t});\r\n\/\/ ]]>\r\n<\/script>\n<figure class=\"gallery-item\">\n<div class=\"gallery-icon\">\r\n<a href=\"https:\/\/fotografiadlaciekawych.pl\/wp-content\/uploads\/2012\/06\/IMG_3199800.jpg\" title=\"\"><img loading=\"lazy\" decoding=\"async\" src=\"https:\/\/fotografiadlaciekawych.pl\/wp-content\/uploads\/2012\/06\/IMG_3199800-150x150.jpg\" width=\"150\" height=\"150\" alt=\"\" \/><\/a>\r\n<\/div><figcaption class=\"gallery-caption\" id=\"caption5096\"><span class=\"imagemeta\">Aparat: Canon EOS 50D | Przes\u0142ona: F4 | D\u0142ugo\u015b\u0107 ogniskowej: 187mm | ISO: 100 | Czas migawki: 1\/400 | Utworzono: 2012:06:17 09:03:04<\/span><\/figcaption><\/figure><figure class=\"gallery-item\">\n<div class=\"gallery-icon\">\r\n<a href=\"https:\/\/fotografiadlaciekawych.pl\/wp-content\/uploads\/2012\/06\/IMG_3208800.jpg\" title=\"\"><img loading=\"lazy\" decoding=\"async\" src=\"https:\/\/fotografiadlaciekawych.pl\/wp-content\/uploads\/2012\/06\/IMG_3208800-150x150.jpg\" width=\"150\" height=\"150\" alt=\"\" \/><\/a>\r\n<\/div><figcaption class=\"gallery-caption\" id=\"caption5097\"><span class=\"imagemeta\">Aparat: Canon EOS 50D | Przes\u0142ona: F4 | D\u0142ugo\u015b\u0107 ogniskowej: 200mm | ISO: 100 | Czas migawki: 1\/800 | Utworzono: 2012:06:17 09:04:23<\/span><\/figcaption><\/figure><figure class=\"gallery-item\">\n<div class=\"gallery-icon\">\r\n<a href=\"https:\/\/fotografiadlaciekawych.pl\/wp-content\/uploads\/2012\/06\/IMG_3205800.jpg\" title=\"\"><img loading=\"lazy\" decoding=\"async\" src=\"https:\/\/fotografiadlaciekawych.pl\/wp-content\/uploads\/2012\/06\/IMG_3205800-150x150.jpg\" width=\"150\" height=\"150\" alt=\"\" \/><\/a>\r\n<\/div><figcaption class=\"gallery-caption\" id=\"caption5098\"><span class=\"imagemeta\">Aparat: Canon EOS 50D | Przes\u0142ona: F4 | D\u0142ugo\u015b\u0107 ogniskowej: 187mm | ISO: 100 | Czas migawki: 1\/250 | Utworzono: 2012:06:17 09:03:41<\/span><\/figcaption><\/figure><figure class=\"gallery-item\">\n<div class=\"gallery-icon\">\r\n<a href=\"https:\/\/fotografiadlaciekawych.pl\/wp-content\/uploads\/2012\/06\/IMG_3194800.jpg\" title=\"\"><img loading=\"lazy\" decoding=\"async\" src=\"https:\/\/fotografiadlaciekawych.pl\/wp-content\/uploads\/2012\/06\/IMG_3194800-150x150.jpg\" width=\"150\" height=\"150\" alt=\"\" \/><\/a>\r\n<\/div><figcaption class=\"gallery-caption\" id=\"caption5099\"><span class=\"imagemeta\">Aparat: Canon EOS 50D | Przes\u0142ona: F4 | D\u0142ugo\u015b\u0107 ogniskowej: 189mm | ISO: 100 | Czas migawki: 1\/800 | Utworzono: 2012:06:17 09:02:44<\/span><\/figcaption><\/figure><figure class=\"gallery-item\">\n<div class=\"gallery-icon\">\r\n<a href=\"https:\/\/fotografiadlaciekawych.pl\/wp-content\/uploads\/2012\/06\/IMG_3185800.jpg\" title=\"\"><img loading=\"lazy\" decoding=\"async\" src=\"https:\/\/fotografiadlaciekawych.pl\/wp-content\/uploads\/2012\/06\/IMG_3185800-150x150.jpg\" width=\"150\" height=\"150\" alt=\"\" \/><\/a>\r\n<\/div><figcaption class=\"gallery-caption\" id=\"caption5100\"><span class=\"imagemeta\">Aparat: Canon EOS 50D | Przes\u0142ona: F4 | D\u0142ugo\u015b\u0107 ogniskowej: 200mm | ISO: 200 | Czas migawki: 1\/250 | Utworzono: 2012:06:17 09:01:23<\/span><\/figcaption><\/figure><figure class=\"gallery-item\">\n<div class=\"gallery-icon\">\r\n<a href=\"https:\/\/fotografiadlaciekawych.pl\/wp-content\/uploads\/2012\/06\/IMG_3182800.jpg\" title=\"\"><img loading=\"lazy\" decoding=\"async\" src=\"https:\/\/fotografiadlaciekawych.pl\/wp-content\/uploads\/2012\/06\/IMG_3182800-150x150.jpg\" width=\"150\" height=\"150\" alt=\"\" \/><\/a>\r\n<\/div><figcaption class=\"gallery-caption\" id=\"caption5101\"><span class=\"imagemeta\">Aparat: Canon EOS 50D | Przes\u0142ona: F4 | D\u0142ugo\u015b\u0107 ogniskowej: 70mm | ISO: 100 | Czas migawki: 1\/400 | Utworzono: 2012:06:17 09:00:33<\/span><\/figcaption><\/figure><figure class=\"gallery-item\">\n<div class=\"gallery-icon\">\r\n<a href=\"https:\/\/fotografiadlaciekawych.pl\/wp-content\/uploads\/2012\/06\/IMG_3168800.jpg\" title=\"\"><img loading=\"lazy\" decoding=\"async\" src=\"https:\/\/fotografiadlaciekawych.pl\/wp-content\/uploads\/2012\/06\/IMG_3168800-150x150.jpg\" width=\"150\" height=\"150\" alt=\"\" \/><\/a>\r\n<\/div><figcaption class=\"gallery-caption\" id=\"caption5102\"><span class=\"imagemeta\">Aparat: Canon EOS 50D | Przes\u0142ona: F4 | D\u0142ugo\u015b\u0107 ogniskowej: 70mm | ISO: 100 | Czas migawki: 1\/400 | Utworzono: 2012:06:17 08:57:28<\/span><\/figcaption><\/figure><figure class=\"gallery-item\">\n<div class=\"gallery-icon\">\r\n<a href=\"https:\/\/fotografiadlaciekawych.pl\/wp-content\/uploads\/2012\/06\/IMG_3162800.jpg\" title=\"\"><img loading=\"lazy\" decoding=\"async\" src=\"https:\/\/fotografiadlaciekawych.pl\/wp-content\/uploads\/2012\/06\/IMG_3162800-150x150.jpg\" width=\"150\" height=\"150\" alt=\"\" \/><\/a>\r\n<\/div><figcaption class=\"gallery-caption\" id=\"caption5103\"><span class=\"imagemeta\">Aparat: Canon EOS 50D | Przes\u0142ona: F4 | D\u0142ugo\u015b\u0107 ogniskowej: 70mm | ISO: 100 | Czas migawki: 1\/500 | Utworzono: 2012:06:17 08:56:11<\/span><\/figcaption><\/figure><figure class=\"gallery-item\">\n<div class=\"gallery-icon\">\r\n<a href=\"https:\/\/fotografiadlaciekawych.pl\/wp-content\/uploads\/2012\/06\/IMG_3188800.jpg\" title=\"\"><img loading=\"lazy\" decoding=\"async\" src=\"https:\/\/fotografiadlaciekawych.pl\/wp-content\/uploads\/2012\/06\/IMG_3188800-150x150.jpg\" width=\"150\" height=\"150\" alt=\"\" \/><\/a>\r\n<\/div><figcaption class=\"gallery-caption\" id=\"caption5105\"><span class=\"imagemeta\">Aparat: Canon EOS 50D | Przes\u0142ona: F4 | D\u0142ugo\u015b\u0107 ogniskowej: 200mm | ISO: 100 | Czas migawki: 1\/400 | Utworzono: 2012:06:17 09:01:50<\/span><\/figcaption><\/figure>\r\n\t\t<\/div>\n\n","protected":false},"excerpt":{"rendered":"<p>Kotka Hara, niekt\u00f3rzy wo\u0142aj\u0105 Harunia, zrobi\u0142a sobie punkt obserwacyjny na dachu samochodu. Mo\u017ce chcia\u0142a upolowa\u0107 jakiego\u015b ptaszka, a mo\u017ce po prostu popatrze\u0107 na wszystkich z g\u00f3ry. A mo\u017ce si\u0119 nudzi\u0142a, mo\u017ce zobaczy\u0142a nowy samoch\u00f3d i stwierdzi\u0142a, \u017ce trzeba sprawdzi\u0107, czy nadaje si\u0119 on do le\u017cenia. A z reszt\u0105, kot wsz\u0119dzie wejdzie, nie to co cz\u0142owiek, &hellip; <a href=\"https:\/\/fotografiadlaciekawych.pl\/index.php\/2012\/06\/25\/kotka-hara\/\" class=\"more-link\">Czytaj dalej <span class=\"screen-reader-text\">Kotka Hara<\/span> <span class=\"meta-nav\">&rarr;<\/span><\/a><\/p>\n","protected":false},"author":1,"featured_media":0,"comment_status":"open","ping_status":"open","sticky":false,"template":"","format":"standard","meta":{"jetpack_post_was_ever_published":false,"_jetpack_newsletter_access":"","_jetpack_dont_email_post_to_subs":false,"_jetpack_newsletter_tier_id":0,"_jetpack_memberships_contains_paywalled_content":false,"_jetpack_memberships_contains_paid_content":false,"footnotes":"","jetpack_publicize_message":"","jetpack_publicize_feature_enabled":true,"jetpack_social_post_already_shared":false,"jetpack_social_options":{"image_generator_settings":{"template":"highway","default_image_id":0,"font":"","enabled":false},"version":2}},"categories":[11],"tags":[556,557],"class_list":["post-5095","post","type-post","status-publish","format-standard","hentry","category-zdjecia","tag-kot","tag-kotka"],"yoast_head":"<!-- This site is optimized with the Yoast SEO plugin v27.3 - https:\/\/yoast.com\/product\/yoast-seo-wordpress\/ -->\n<title>Kotka Hara<\/title>\n<meta name=\"robots\" content=\"index, follow, max-snippet:-1, max-image-preview:large, max-video-preview:-1\" \/>\n<link rel=\"canonical\" href=\"https:\/\/fotografiadlaciekawych.pl\/index.php\/2012\/06\/25\/kotka-hara\/\" \/>\n<meta property=\"og:locale\" content=\"pl_PL\" \/>\n<meta property=\"og:type\" content=\"article\" \/>\n<meta property=\"og:title\" content=\"Kotka Hara\" \/>\n<meta property=\"og:description\" content=\"Kotka Hara, niekt\u00f3rzy wo\u0142aj\u0105 Harunia, zrobi\u0142a sobie punkt obserwacyjny na dachu samochodu. Mo\u017ce chcia\u0142a upolowa\u0107 jakiego\u015b ptaszka, a mo\u017ce po prostu popatrze\u0107 na wszystkich z g\u00f3ry. A mo\u017ce si\u0119 nudzi\u0142a, mo\u017ce zobaczy\u0142a nowy samoch\u00f3d i stwierdzi\u0142a, \u017ce trzeba sprawdzi\u0107, czy nadaje si\u0119 on do le\u017cenia. A z reszt\u0105, kot wsz\u0119dzie wejdzie, nie to co cz\u0142owiek, &hellip; Czytaj dalej Kotka Hara &rarr;\" \/>\n<meta property=\"og:url\" content=\"https:\/\/fotografiadlaciekawych.pl\/index.php\/2012\/06\/25\/kotka-hara\/\" \/>\n<meta property=\"og:site_name\" content=\"Fotografia dla ciekawych\" \/>\n<meta property=\"article:publisher\" content=\"https:\/\/www.facebook.com\/przemyslaw.oziemblewski\" \/>\n<meta property=\"article:author\" content=\"https:\/\/www.facebook.com\/przemyslaw.oziemblewski\" \/>\n<meta property=\"article:published_time\" content=\"2012-06-25T18:26:35+00:00\" \/>\n<meta property=\"article:modified_time\" content=\"2012-11-08T08:45:06+00:00\" \/>\n<meta property=\"og:image\" content=\"https:\/\/fotografiadlaciekawych.pl\/wp-content\/uploads\/2012\/06\/IMG_3199800-150x150.jpg\" \/>\n<meta name=\"author\" content=\"Przemys\u0142aw Oziemblewski\" \/>\n<meta name=\"twitter:label1\" content=\"Napisane przez\" \/>\n\t<meta name=\"twitter:data1\" content=\"Przemys\u0142aw Oziemblewski\" \/>\n\t<meta name=\"twitter:label2\" content=\"Szacowany czas czytania\" \/>\n\t<meta name=\"twitter:data2\" content=\"1 minuta\" \/>\n<script type=\"application\/ld+json\" class=\"yoast-schema-graph\">{\"@context\":\"https:\\\/\\\/schema.org\",\"@graph\":[{\"@type\":\"Article\",\"@id\":\"https:\\\/\\\/fotografiadlaciekawych.pl\\\/index.php\\\/2012\\\/06\\\/25\\\/kotka-hara\\\/#article\",\"isPartOf\":{\"@id\":\"https:\\\/\\\/fotografiadlaciekawych.pl\\\/index.php\\\/2012\\\/06\\\/25\\\/kotka-hara\\\/\"},\"author\":{\"name\":\"Przemys\u0142aw Oziemblewski\",\"@id\":\"https:\\\/\\\/fotografiadlaciekawych.pl\\\/#\\\/schema\\\/person\\\/a9c16bf51d40163ef50c7170ff56de4d\"},\"headline\":\"Kotka Hara\",\"datePublished\":\"2012-06-25T18:26:35+00:00\",\"dateModified\":\"2012-11-08T08:45:06+00:00\",\"mainEntityOfPage\":{\"@id\":\"https:\\\/\\\/fotografiadlaciekawych.pl\\\/index.php\\\/2012\\\/06\\\/25\\\/kotka-hara\\\/\"},\"wordCount\":118,\"commentCount\":4,\"publisher\":{\"@id\":\"https:\\\/\\\/fotografiadlaciekawych.pl\\\/#\\\/schema\\\/person\\\/a9c16bf51d40163ef50c7170ff56de4d\"},\"image\":{\"@id\":\"https:\\\/\\\/fotografiadlaciekawych.pl\\\/index.php\\\/2012\\\/06\\\/25\\\/kotka-hara\\\/#primaryimage\"},\"thumbnailUrl\":\"http:\\\/\\\/fotografiadlaciekawych.pl\\\/wp-content\\\/uploads\\\/2012\\\/06\\\/IMG_3199800-400x266.jpg\",\"keywords\":[\"kot\",\"kotka\"],\"articleSection\":[\"Zdj\u0119cia\"],\"inLanguage\":\"pl-PL\",\"potentialAction\":[{\"@type\":\"CommentAction\",\"name\":\"Comment\",\"target\":[\"https:\\\/\\\/fotografiadlaciekawych.pl\\\/index.php\\\/2012\\\/06\\\/25\\\/kotka-hara\\\/#respond\"]}]},{\"@type\":\"WebPage\",\"@id\":\"https:\\\/\\\/fotografiadlaciekawych.pl\\\/index.php\\\/2012\\\/06\\\/25\\\/kotka-hara\\\/\",\"url\":\"https:\\\/\\\/fotografiadlaciekawych.pl\\\/index.php\\\/2012\\\/06\\\/25\\\/kotka-hara\\\/\",\"name\":\"Kotka Hara\",\"isPartOf\":{\"@id\":\"https:\\\/\\\/fotografiadlaciekawych.pl\\\/#website\"},\"primaryImageOfPage\":{\"@id\":\"https:\\\/\\\/fotografiadlaciekawych.pl\\\/index.php\\\/2012\\\/06\\\/25\\\/kotka-hara\\\/#primaryimage\"},\"image\":{\"@id\":\"https:\\\/\\\/fotografiadlaciekawych.pl\\\/index.php\\\/2012\\\/06\\\/25\\\/kotka-hara\\\/#primaryimage\"},\"thumbnailUrl\":\"http:\\\/\\\/fotografiadlaciekawych.pl\\\/wp-content\\\/uploads\\\/2012\\\/06\\\/IMG_3199800-400x266.jpg\",\"datePublished\":\"2012-06-25T18:26:35+00:00\",\"dateModified\":\"2012-11-08T08:45:06+00:00\",\"breadcrumb\":{\"@id\":\"https:\\\/\\\/fotografiadlaciekawych.pl\\\/index.php\\\/2012\\\/06\\\/25\\\/kotka-hara\\\/#breadcrumb\"},\"inLanguage\":\"pl-PL\",\"potentialAction\":[{\"@type\":\"ReadAction\",\"target\":[\"https:\\\/\\\/fotografiadlaciekawych.pl\\\/index.php\\\/2012\\\/06\\\/25\\\/kotka-hara\\\/\"]}]},{\"@type\":\"ImageObject\",\"inLanguage\":\"pl-PL\",\"@id\":\"https:\\\/\\\/fotografiadlaciekawych.pl\\\/index.php\\\/2012\\\/06\\\/25\\\/kotka-hara\\\/#primaryimage\",\"url\":\"https:\\\/\\\/fotografiadlaciekawych.pl\\\/wp-content\\\/uploads\\\/2012\\\/06\\\/IMG_3199800.jpg\",\"contentUrl\":\"https:\\\/\\\/fotografiadlaciekawych.pl\\\/wp-content\\\/uploads\\\/2012\\\/06\\\/IMG_3199800.jpg\",\"width\":\"800\",\"height\":\"533\"},{\"@type\":\"BreadcrumbList\",\"@id\":\"https:\\\/\\\/fotografiadlaciekawych.pl\\\/index.php\\\/2012\\\/06\\\/25\\\/kotka-hara\\\/#breadcrumb\",\"itemListElement\":[{\"@type\":\"ListItem\",\"position\":1,\"name\":\"Home\",\"item\":\"https:\\\/\\\/fotografiadlaciekawych.pl\\\/\"},{\"@type\":\"ListItem\",\"position\":2,\"name\":\"Kotka Hara\"}]},{\"@type\":\"WebSite\",\"@id\":\"https:\\\/\\\/fotografiadlaciekawych.pl\\\/#website\",\"url\":\"https:\\\/\\\/fotografiadlaciekawych.pl\\\/\",\"name\":\"Fotografia dla ciekawych\",\"description\":\"Blog prowadzony od 2008 r.\",\"publisher\":{\"@id\":\"https:\\\/\\\/fotografiadlaciekawych.pl\\\/#\\\/schema\\\/person\\\/a9c16bf51d40163ef50c7170ff56de4d\"},\"potentialAction\":[{\"@type\":\"SearchAction\",\"target\":{\"@type\":\"EntryPoint\",\"urlTemplate\":\"https:\\\/\\\/fotografiadlaciekawych.pl\\\/?s={search_term_string}\"},\"query-input\":{\"@type\":\"PropertyValueSpecification\",\"valueRequired\":true,\"valueName\":\"search_term_string\"}}],\"inLanguage\":\"pl-PL\"},{\"@type\":[\"Person\",\"Organization\"],\"@id\":\"https:\\\/\\\/fotografiadlaciekawych.pl\\\/#\\\/schema\\\/person\\\/a9c16bf51d40163ef50c7170ff56de4d\",\"name\":\"Przemys\u0142aw Oziemblewski\",\"image\":{\"@type\":\"ImageObject\",\"inLanguage\":\"pl-PL\",\"@id\":\"https:\\\/\\\/fotografiadlaciekawych.pl\\\/wp-content\\\/uploads\\\/2020\\\/12\\\/przemek-oziemblewski-250px.jpg\",\"url\":\"https:\\\/\\\/fotografiadlaciekawych.pl\\\/wp-content\\\/uploads\\\/2020\\\/12\\\/przemek-oziemblewski-250px.jpg\",\"contentUrl\":\"https:\\\/\\\/fotografiadlaciekawych.pl\\\/wp-content\\\/uploads\\\/2020\\\/12\\\/przemek-oziemblewski-250px.jpg\",\"width\":250,\"height\":250,\"caption\":\"Przemys\u0142aw Oziemblewski\"},\"logo\":{\"@id\":\"https:\\\/\\\/fotografiadlaciekawych.pl\\\/wp-content\\\/uploads\\\/2020\\\/12\\\/przemek-oziemblewski-250px.jpg\"},\"sameAs\":[\"http:\\\/\\\/fotografiadlaciekawych.pl\",\"https:\\\/\\\/www.facebook.com\\\/przemyslaw.oziemblewski\",\"https:\\\/\\\/www.instagram.com\\\/p.oziemblewski\\\/\",\"https:\\\/\\\/www.pinterest.com\\\/fotodcpl\\\/\",\"https:\\\/\\\/youtube.com\\\/@PrzemyslawOziemblewski\"]}]}<\/script>\n<!-- \/ Yoast SEO plugin. -->","yoast_head_json":{"title":"Kotka Hara","robots":{"index":"index","follow":"follow","max-snippet":"max-snippet:-1","max-image-preview":"max-image-preview:large","max-video-preview":"max-video-preview:-1"},"canonical":"https:\/\/fotografiadlaciekawych.pl\/index.php\/2012\/06\/25\/kotka-hara\/","og_locale":"pl_PL","og_type":"article","og_title":"Kotka Hara","og_description":"Kotka Hara, niekt\u00f3rzy wo\u0142aj\u0105 Harunia, zrobi\u0142a sobie punkt obserwacyjny na dachu samochodu. Mo\u017ce chcia\u0142a upolowa\u0107 jakiego\u015b ptaszka, a mo\u017ce po prostu popatrze\u0107 na wszystkich z g\u00f3ry. A mo\u017ce si\u0119 nudzi\u0142a, mo\u017ce zobaczy\u0142a nowy samoch\u00f3d i stwierdzi\u0142a, \u017ce trzeba sprawdzi\u0107, czy nadaje si\u0119 on do le\u017cenia. A z reszt\u0105, kot wsz\u0119dzie wejdzie, nie to co cz\u0142owiek, &hellip; Czytaj dalej Kotka Hara &rarr;","og_url":"https:\/\/fotografiadlaciekawych.pl\/index.php\/2012\/06\/25\/kotka-hara\/","og_site_name":"Fotografia dla ciekawych","article_publisher":"https:\/\/www.facebook.com\/przemyslaw.oziemblewski","article_author":"https:\/\/www.facebook.com\/przemyslaw.oziemblewski","article_published_time":"2012-06-25T18:26:35+00:00","article_modified_time":"2012-11-08T08:45:06+00:00","og_image":[{"url":"https:\/\/fotografiadlaciekawych.pl\/wp-content\/uploads\/2012\/06\/IMG_3199800-150x150.jpg","type":"","width":"","height":""}],"author":"Przemys\u0142aw Oziemblewski","twitter_misc":{"Napisane przez":"Przemys\u0142aw Oziemblewski","Szacowany czas czytania":"1 minuta"},"schema":{"@context":"https:\/\/schema.org","@graph":[{"@type":"Article","@id":"https:\/\/fotografiadlaciekawych.pl\/index.php\/2012\/06\/25\/kotka-hara\/#article","isPartOf":{"@id":"https:\/\/fotografiadlaciekawych.pl\/index.php\/2012\/06\/25\/kotka-hara\/"},"author":{"name":"Przemys\u0142aw Oziemblewski","@id":"https:\/\/fotografiadlaciekawych.pl\/#\/schema\/person\/a9c16bf51d40163ef50c7170ff56de4d"},"headline":"Kotka Hara","datePublished":"2012-06-25T18:26:35+00:00","dateModified":"2012-11-08T08:45:06+00:00","mainEntityOfPage":{"@id":"https:\/\/fotografiadlaciekawych.pl\/index.php\/2012\/06\/25\/kotka-hara\/"},"wordCount":118,"commentCount":4,"publisher":{"@id":"https:\/\/fotografiadlaciekawych.pl\/#\/schema\/person\/a9c16bf51d40163ef50c7170ff56de4d"},"image":{"@id":"https:\/\/fotografiadlaciekawych.pl\/index.php\/2012\/06\/25\/kotka-hara\/#primaryimage"},"thumbnailUrl":"http:\/\/fotografiadlaciekawych.pl\/wp-content\/uploads\/2012\/06\/IMG_3199800-400x266.jpg","keywords":["kot","kotka"],"articleSection":["Zdj\u0119cia"],"inLanguage":"pl-PL","potentialAction":[{"@type":"CommentAction","name":"Comment","target":["https:\/\/fotografiadlaciekawych.pl\/index.php\/2012\/06\/25\/kotka-hara\/#respond"]}]},{"@type":"WebPage","@id":"https:\/\/fotografiadlaciekawych.pl\/index.php\/2012\/06\/25\/kotka-hara\/","url":"https:\/\/fotografiadlaciekawych.pl\/index.php\/2012\/06\/25\/kotka-hara\/","name":"Kotka Hara","isPartOf":{"@id":"https:\/\/fotografiadlaciekawych.pl\/#website"},"primaryImageOfPage":{"@id":"https:\/\/fotografiadlaciekawych.pl\/index.php\/2012\/06\/25\/kotka-hara\/#primaryimage"},"image":{"@id":"https:\/\/fotografiadlaciekawych.pl\/index.php\/2012\/06\/25\/kotka-hara\/#primaryimage"},"thumbnailUrl":"http:\/\/fotografiadlaciekawych.pl\/wp-content\/uploads\/2012\/06\/IMG_3199800-400x266.jpg","datePublished":"2012-06-25T18:26:35+00:00","dateModified":"2012-11-08T08:45:06+00:00","breadcrumb":{"@id":"https:\/\/fotografiadlaciekawych.pl\/index.php\/2012\/06\/25\/kotka-hara\/#breadcrumb"},"inLanguage":"pl-PL","potentialAction":[{"@type":"ReadAction","target":["https:\/\/fotografiadlaciekawych.pl\/index.php\/2012\/06\/25\/kotka-hara\/"]}]},{"@type":"ImageObject","inLanguage":"pl-PL","@id":"https:\/\/fotografiadlaciekawych.pl\/index.php\/2012\/06\/25\/kotka-hara\/#primaryimage","url":"https:\/\/fotografiadlaciekawych.pl\/wp-content\/uploads\/2012\/06\/IMG_3199800.jpg","contentUrl":"https:\/\/fotografiadlaciekawych.pl\/wp-content\/uploads\/2012\/06\/IMG_3199800.jpg","width":"800","height":"533"},{"@type":"BreadcrumbList","@id":"https:\/\/fotografiadlaciekawych.pl\/index.php\/2012\/06\/25\/kotka-hara\/#breadcrumb","itemListElement":[{"@type":"ListItem","position":1,"name":"Home","item":"https:\/\/fotografiadlaciekawych.pl\/"},{"@type":"ListItem","position":2,"name":"Kotka Hara"}]},{"@type":"WebSite","@id":"https:\/\/fotografiadlaciekawych.pl\/#website","url":"https:\/\/fotografiadlaciekawych.pl\/","name":"Fotografia dla ciekawych","description":"Blog prowadzony od 2008 r.","publisher":{"@id":"https:\/\/fotografiadlaciekawych.pl\/#\/schema\/person\/a9c16bf51d40163ef50c7170ff56de4d"},"potentialAction":[{"@type":"SearchAction","target":{"@type":"EntryPoint","urlTemplate":"https:\/\/fotografiadlaciekawych.pl\/?s={search_term_string}"},"query-input":{"@type":"PropertyValueSpecification","valueRequired":true,"valueName":"search_term_string"}}],"inLanguage":"pl-PL"},{"@type":["Person","Organization"],"@id":"https:\/\/fotografiadlaciekawych.pl\/#\/schema\/person\/a9c16bf51d40163ef50c7170ff56de4d","name":"Przemys\u0142aw Oziemblewski","image":{"@type":"ImageObject","inLanguage":"pl-PL","@id":"https:\/\/fotografiadlaciekawych.pl\/wp-content\/uploads\/2020\/12\/przemek-oziemblewski-250px.jpg","url":"https:\/\/fotografiadlaciekawych.pl\/wp-content\/uploads\/2020\/12\/przemek-oziemblewski-250px.jpg","contentUrl":"https:\/\/fotografiadlaciekawych.pl\/wp-content\/uploads\/2020\/12\/przemek-oziemblewski-250px.jpg","width":250,"height":250,"caption":"Przemys\u0142aw Oziemblewski"},"logo":{"@id":"https:\/\/fotografiadlaciekawych.pl\/wp-content\/uploads\/2020\/12\/przemek-oziemblewski-250px.jpg"},"sameAs":["http:\/\/fotografiadlaciekawych.pl","https:\/\/www.facebook.com\/przemyslaw.oziemblewski","https:\/\/www.instagram.com\/p.oziemblewski\/","https:\/\/www.pinterest.com\/fotodcpl\/","https:\/\/youtube.com\/@PrzemyslawOziemblewski"]}]}},"jetpack_publicize_connections":[],"jetpack_featured_media_url":"","jetpack_sharing_enabled":true,"jetpack-related-posts":[{"id":3429,"url":"https:\/\/fotografiadlaciekawych.pl\/index.php\/2011\/02\/02\/tajemnica-fotografowania-mysli\/","url_meta":{"origin":5095,"position":0},"title":"Tajemnica fotografowania my\u015bli &#8211; w\u0142asny bokeh","author":"Przemys\u0142aw Oziemblewski","date":"\u015broda, 2 lut 2011","format":false,"excerpt":"Jak pokaza\u0107 to, o czym kto\u015b my\u015bli? W komiksach mamy np. narysowan\u0105 posta\u0107 i nad ni\u0105 \"chmurk\u0119\" zawieraj\u0105c\u0105 tekst reprezentuj\u0105cy my\u015bli bohatera. Oczywi\u015bcie taki zabieg za pomoc\u0105 programu graficznego te\u017c jest mo\u017cliwy i na wykonanych wcze\u015bniej zdj\u0119ciach mo\u017cna dodawa\u0107 \"chmurki\" i \"dymki\" z komentarzem tekstowym, ale nie o to tu\u2026","rel":"","context":"W \u201eFotografia&quot;","block_context":{"text":"Fotografia","link":"https:\/\/fotografiadlaciekawych.pl\/index.php\/category\/fotografia\/"},"img":{"alt_text":"","src":"https:\/\/i0.wp.com\/fotografiadlaciekawych.pl\/wp-content\/uploads\/2011\/02\/IMG_6508800.jpg?resize=350%2C200&ssl=1","width":350,"height":200,"srcset":"https:\/\/i0.wp.com\/fotografiadlaciekawych.pl\/wp-content\/uploads\/2011\/02\/IMG_6508800.jpg?resize=350%2C200&ssl=1 1x, https:\/\/i0.wp.com\/fotografiadlaciekawych.pl\/wp-content\/uploads\/2011\/02\/IMG_6508800.jpg?resize=525%2C300&ssl=1 1.5x, https:\/\/i0.wp.com\/fotografiadlaciekawych.pl\/wp-content\/uploads\/2011\/02\/IMG_6508800.jpg?resize=700%2C400&ssl=1 2x"},"classes":[]},{"id":2873,"url":"https:\/\/fotografiadlaciekawych.pl\/index.php\/2010\/08\/25\/kiedy-nie-warto-uczyc-sie-robienia-zdjec\/","url_meta":{"origin":5095,"position":1},"title":"Kiedy nie warto uczy\u0107 si\u0119 robienia zdj\u0119\u0107?","author":"Przemys\u0142aw Oziemblewski","date":"\u015broda, 25 sie 2010","format":false,"excerpt":"Zosta\u0142em ostatnio zapytany, czy warto szkoli\u0107 si\u0119 w robieniu lepszych zdj\u0119\u0107, czy s\u0105 jakie\u015b szanse, aby by\u0107 lepszym w fotografowaniu, czy mo\u017ce lepiej odpu\u015bci\u0107 sobie temat, bo i tak z tego nic nie wyjdzie. Czy te\u017c zadajesz sobie takie pytanie? Czy masz w\u0105tpliwo\u015bci? A mo\u017ce to Ciebie w og\u00f3le nie\u2026","rel":"","context":"W \u201eR\u00f3\u017cne&quot;","block_context":{"text":"R\u00f3\u017cne","link":"https:\/\/fotografiadlaciekawych.pl\/index.php\/category\/rozne\/"},"img":{"alt_text":"","src":"https:\/\/i0.wp.com\/fotografiadlaciekawych.pl\/wp-content\/uploads\/2010\/08\/img_3979800-278x400.jpg?resize=350%2C200","width":350,"height":200},"classes":[]},{"id":1979,"url":"https:\/\/fotografiadlaciekawych.pl\/index.php\/2010\/02\/24\/kompozycja-obrazu-1\/","url_meta":{"origin":5095,"position":2},"title":"Kompozycja obrazu #1","author":"Przemys\u0142aw Oziemblewski","date":"\u015broda, 24 lut 2010","format":false,"excerpt":"Dzisiejszym wpisem rozpoczynam seri\u0119 materia\u0142\u00f3w, kt\u00f3re b\u0119d\u0105 pochodzi\u0142y z wybranych, darmowych fragment\u00f3w ksi\u0105\u017cek udost\u0119pnianych przez wydawnictwo Helion. Na pocz\u0105tek rzecz o kompozycji obrazu z ksi\u0105\u017cki Perfekcja w fotografii. Od inspiracji do obrazu. Perfekcja w fotografii. Od inspiracji do obrazu Autor: George Barr Data wydania: 01\/2010 Stron: 224 Opis Fragment -\u2026","rel":"","context":"W \u201eCzytelnia&quot;","block_context":{"text":"Czytelnia","link":"https:\/\/fotografiadlaciekawych.pl\/index.php\/category\/literatura\/czytelnia-literatura\/"},"img":{"alt_text":"","src":"https:\/\/i0.wp.com\/fotografiadlaciekawych.pl\/wp-content\/uploads\/2010\/02\/Nowy-obraz1-400x333.jpg?resize=350%2C200","width":350,"height":200},"classes":[]},{"id":3143,"url":"https:\/\/fotografiadlaciekawych.pl\/index.php\/2010\/11\/12\/kiedy-jest-latwiej-uzyskac-dobra-kompozycje\/","url_meta":{"origin":5095,"position":3},"title":"Kiedy jest \u0142atwiej uzyska\u0107 dobr\u0105 kompozycj\u0119?","author":"Przemys\u0142aw Oziemblewski","date":"pi\u0105tek, 12 lis 2010","format":false,"excerpt":"Obraz budujesz, umieszczaj\u0105c w obr\u0119bie kadru poszczeg\u00f3lne jego elementy. Decydujesz, w kt\u00f3rym miejscu ma by\u0107 g\u0142\u00f3wny motyw, gdzie obiekty w tle, na jakiej wysoko\u015bci linia horyzontu itd. Jest tego sporo i robi si\u0119 to coraz bardziej skomplikowane. Dlatego im mniej tych element\u00f3w tym \u0142atwiej go skomponowa\u0107. Wraz ze wzrostem obiekt\u00f3w\u2026","rel":"","context":"W \u201eFotografia&quot;","block_context":{"text":"Fotografia","link":"https:\/\/fotografiadlaciekawych.pl\/index.php\/category\/fotografia\/"},"img":{"alt_text":"","src":"https:\/\/i0.wp.com\/fotografiadlaciekawych.pl\/wp-content\/uploads\/2010\/11\/img_5340800.jpg?resize=350%2C200&ssl=1","width":350,"height":200,"srcset":"https:\/\/i0.wp.com\/fotografiadlaciekawych.pl\/wp-content\/uploads\/2010\/11\/img_5340800.jpg?resize=350%2C200&ssl=1 1x, https:\/\/i0.wp.com\/fotografiadlaciekawych.pl\/wp-content\/uploads\/2010\/11\/img_5340800.jpg?resize=525%2C300&ssl=1 1.5x, https:\/\/i0.wp.com\/fotografiadlaciekawych.pl\/wp-content\/uploads\/2010\/11\/img_5340800.jpg?resize=700%2C400&ssl=1 2x"},"classes":[]},{"id":2971,"url":"https:\/\/fotografiadlaciekawych.pl\/index.php\/2010\/10\/03\/twarde-i-miekkie-swiatlo-w-fotografii\/","url_meta":{"origin":5095,"position":4},"title":"Twarde i mi\u0119kkie \u015bwiat\u0142o w fotografii","author":"Przemys\u0142aw Oziemblewski","date":"niedziela, 3 pa\u017a 2010","format":false,"excerpt":"Je\u015bli mia\u0142bym omawia\u0107 temat zwi\u0105zany z o\u015bwietleniem w fotografii, to trzeba by zacz\u0105\u0107 od dw\u00f3ch ca\u0142kowicie podstawowych poj\u0119\u0107. Mianowicie: twarde \u015bwiat\u0142o oraz mi\u0119kkie \u015bwiat\u0142o. Intuicyjnie ka\u017cdy wie o co chodzi, ale spr\u00f3bujmy to opisa\u0107. Fot. 1 Przyk\u0142ad twardego o\u015bwietlenia Rodzaj zastanego lub tworzonego o\u015bwietlenia naj\u0142atwiej rozpozna\u0107 po cieniu jaki rzuca\u2026","rel":"","context":"W \u201eFotografia&quot;","block_context":{"text":"Fotografia","link":"https:\/\/fotografiadlaciekawych.pl\/index.php\/category\/fotografia\/"},"img":{"alt_text":"","src":"https:\/\/i0.wp.com\/fotografiadlaciekawych.pl\/wp-content\/uploads\/2010\/10\/IMG_4725800-400x264.jpg?resize=350%2C200","width":350,"height":200},"classes":[]},{"id":16318,"url":"https:\/\/fotografiadlaciekawych.pl\/index.php\/2022\/03\/31\/wpis-na-te-trudne-czasy-jak-sobie-radzic-z-emocjami\/","url_meta":{"origin":5095,"position":5},"title":"Wpis na te trudne czasy &#8211; jak sobie radzi\u0107 z emocjami","author":"Przemys\u0142aw Oziemblewski","date":"czwartek, 31 mar 2022","format":false,"excerpt":"Ten wpis b\u0119dzie troch\u0119 inny. Nawet mocno inny. Zastanawia\u0142em si\u0119, czy w og\u00f3le o tym pisa\u0107, ale my\u015bl\u0119, \u017ce to istotny problem i obecnych czasach staje si\u0119 on coraz bardziej wyra\u017any. Chodzi o to, jak radzi\u0107 sobie z emocjami. Okres pandemii, wojna za wschodni\u0105 granic\u0105, wszechogarniaj\u0105ca niepewno\u015b\u0107 jutra maj\u0105 druzgoc\u0105cy\u2026","rel":"","context":"W \u201eR\u00f3\u017cne&quot;","block_context":{"text":"R\u00f3\u017cne","link":"https:\/\/fotografiadlaciekawych.pl\/index.php\/category\/rozne\/"},"img":{"alt_text":"","src":"https:\/\/i0.wp.com\/fotografiadlaciekawych.pl\/wp-content\/uploads\/2022\/03\/220302_O3026174_1000px.jpg?resize=350%2C200&ssl=1","width":350,"height":200,"srcset":"https:\/\/i0.wp.com\/fotografiadlaciekawych.pl\/wp-content\/uploads\/2022\/03\/220302_O3026174_1000px.jpg?resize=350%2C200&ssl=1 1x, https:\/\/i0.wp.com\/fotografiadlaciekawych.pl\/wp-content\/uploads\/2022\/03\/220302_O3026174_1000px.jpg?resize=525%2C300&ssl=1 1.5x, https:\/\/i0.wp.com\/fotografiadlaciekawych.pl\/wp-content\/uploads\/2022\/03\/220302_O3026174_1000px.jpg?resize=700%2C400&ssl=1 2x"},"classes":[]}],"_links":{"self":[{"href":"https:\/\/fotografiadlaciekawych.pl\/index.php\/wp-json\/wp\/v2\/posts\/5095","targetHints":{"allow":["GET"]}}],"collection":[{"href":"https:\/\/fotografiadlaciekawych.pl\/index.php\/wp-json\/wp\/v2\/posts"}],"about":[{"href":"https:\/\/fotografiadlaciekawych.pl\/index.php\/wp-json\/wp\/v2\/types\/post"}],"author":[{"embeddable":true,"href":"https:\/\/fotografiadlaciekawych.pl\/index.php\/wp-json\/wp\/v2\/users\/1"}],"replies":[{"embeddable":true,"href":"https:\/\/fotografiadlaciekawych.pl\/index.php\/wp-json\/wp\/v2\/comments?post=5095"}],"version-history":[{"count":8,"href":"https:\/\/fotografiadlaciekawych.pl\/index.php\/wp-json\/wp\/v2\/posts\/5095\/revisions"}],"predecessor-version":[{"id":5512,"href":"https:\/\/fotografiadlaciekawych.pl\/index.php\/wp-json\/wp\/v2\/posts\/5095\/revisions\/5512"}],"wp:attachment":[{"href":"https:\/\/fotografiadlaciekawych.pl\/index.php\/wp-json\/wp\/v2\/media?parent=5095"}],"wp:term":[{"taxonomy":"category","embeddable":true,"href":"https:\/\/fotografiadlaciekawych.pl\/index.php\/wp-json\/wp\/v2\/categories?post=5095"},{"taxonomy":"post_tag","embeddable":true,"href":"https:\/\/fotografiadlaciekawych.pl\/index.php\/wp-json\/wp\/v2\/tags?post=5095"}],"curies":[{"name":"wp","href":"https:\/\/api.w.org\/{rel}","templated":true}]}}