{"id":7229,"date":"2014-03-11T07:20:55","date_gmt":"2014-03-11T06:20:55","guid":{"rendered":"http:\/\/fotografiadlaciekawych.pl\/?p=7229"},"modified":"2014-03-10T17:21:48","modified_gmt":"2014-03-10T16:21:48","slug":"czy-tobie-tez-sie-juz-wiecej-chce","status":"publish","type":"post","link":"https:\/\/fotografiadlaciekawych.pl\/index.php\/2014\/03\/11\/czy-tobie-tez-sie-juz-wiecej-chce\/","title":{"rendered":"Czy tobie te\u017c si\u0119 ju\u017c wi\u0119cej chce?"},"content":{"rendered":"<p><a href=\"https:\/\/fotografiadlaciekawych.pl\/wp-content\/uploads\/2014\/03\/przebisnieg-wiosna-1454_850.jpg\" rel=\"lightbox\"><img loading=\"lazy\" decoding=\"async\" src=\"https:\/\/fotografiadlaciekawych.pl\/wp-content\/uploads\/2014\/03\/przebisnieg-wiosna-1454_850-400x400.jpg\" alt=\"Przebi\u015bnieg - wiosna 2014\" width=\"400\" height=\"400\" class=\"alignnone size-medium wp-image-7230\" srcset=\"https:\/\/fotografiadlaciekawych.pl\/wp-content\/uploads\/2014\/03\/przebisnieg-wiosna-1454_850-400x400.jpg 400w, https:\/\/fotografiadlaciekawych.pl\/wp-content\/uploads\/2014\/03\/przebisnieg-wiosna-1454_850-150x150.jpg 150w, https:\/\/fotografiadlaciekawych.pl\/wp-content\/uploads\/2014\/03\/przebisnieg-wiosna-1454_850.jpg 850w\" sizes=\"auto, (max-width: 400px) 100vw, 400px\" \/><\/a><\/p>\n<p>Jest wiosna. Wi\u0119cej s\u0142o\u0144ca, wi\u0119cej zieleni, wi\u0119cej energii. Czy tobie te\u017c si\u0119 ju\u017c wi\u0119cej chce?<\/p>\n","protected":false},"excerpt":{"rendered":"<p>Jest wiosna. Wi\u0119cej s\u0142o\u0144ca, wi\u0119cej zieleni, wi\u0119cej energii. Czy tobie te\u017c si\u0119 ju\u017c wi\u0119cej chce?<\/p>\n","protected":false},"author":1,"featured_media":0,"comment_status":"open","ping_status":"open","sticky":false,"template":"","format":"standard","meta":{"_jetpack_newsletter_access":"","_jetpack_dont_email_post_to_subs":false,"_jetpack_newsletter_tier_id":0,"_jetpack_memberships_contains_paywalled_content":false,"_jetpack_feature_clip_id":0,"_jetpack_memberships_contains_paid_content":false,"footnotes":"","jetpack_publicize_message":"","jetpack_publicize_feature_enabled":true,"jetpack_social_post_already_shared":false,"jetpack_social_options":{"image_generator_settings":{"template":"highway","default_image_id":0,"font":"","enabled":false},"version":2},"jetpack_post_was_ever_published":false},"categories":[362],"tags":[331,8],"class_list":["post-7229","post","type-post","status-publish","format-standard","hentry","category-zdjecie-z-cytatem","tag-przebisnieg","tag-wiosna"],"yoast_head":"<!-- This site is optimized with the Yoast SEO plugin v28.4 - https:\/\/yoast.com\/product\/yoast-seo-wordpress\/ -->\n<title>Czy tobie te\u017c si\u0119 ju\u017c wi\u0119cej chce?<\/title>\n<meta name=\"robots\" content=\"index, follow, max-snippet:-1, max-image-preview:large, max-video-preview:-1\" \/>\n<link rel=\"canonical\" href=\"https:\/\/fotografiadlaciekawych.pl\/index.php\/2014\/03\/11\/czy-tobie-tez-sie-juz-wiecej-chce\/\" \/>\n<meta property=\"og:locale\" content=\"pl_PL\" \/>\n<meta property=\"og:type\" content=\"article\" \/>\n<meta property=\"og:title\" content=\"Czy tobie te\u017c si\u0119 ju\u017c wi\u0119cej chce?\" \/>\n<meta property=\"og:description\" content=\"Jest wiosna. Wi\u0119cej s\u0142o\u0144ca, wi\u0119cej zieleni, wi\u0119cej energii. Czy tobie te\u017c si\u0119 ju\u017c wi\u0119cej chce?\" \/>\n<meta property=\"og:url\" content=\"https:\/\/fotografiadlaciekawych.pl\/index.php\/2014\/03\/11\/czy-tobie-tez-sie-juz-wiecej-chce\/\" \/>\n<meta property=\"og:site_name\" content=\"Fotografia dla ciekawych\" \/>\n<meta property=\"article:publisher\" content=\"https:\/\/www.facebook.com\/przemyslaw.oziemblewski\" \/>\n<meta property=\"article:author\" content=\"https:\/\/www.facebook.com\/przemyslaw.oziemblewski\" \/>\n<meta property=\"article:published_time\" content=\"2014-03-11T06:20:55+00:00\" \/>\n<meta property=\"og:image\" content=\"http:\/\/fotografiadlaciekawych.pl\/wp-content\/uploads\/2014\/03\/przebisnieg-wiosna-1454_850-400x400.jpg\" \/>\n<meta name=\"author\" content=\"Przemys\u0142aw Oziemblewski\" \/>\n<meta name=\"twitter:label1\" content=\"Napisane przez\" \/>\n\t<meta name=\"twitter:data1\" content=\"Przemys\u0142aw Oziemblewski\" \/>\n<script type=\"application\/ld+json\" class=\"yoast-schema-graph\">{\"@context\":\"https:\\\/\\\/schema.org\",\"@graph\":[{\"@type\":\"Article\",\"@id\":\"https:\\\/\\\/fotografiadlaciekawych.pl\\\/index.php\\\/2014\\\/03\\\/11\\\/czy-tobie-tez-sie-juz-wiecej-chce\\\/#article\",\"isPartOf\":{\"@id\":\"https:\\\/\\\/fotografiadlaciekawych.pl\\\/index.php\\\/2014\\\/03\\\/11\\\/czy-tobie-tez-sie-juz-wiecej-chce\\\/\"},\"author\":{\"name\":\"Przemys\u0142aw Oziemblewski\",\"@id\":\"https:\\\/\\\/fotografiadlaciekawych.pl\\\/#\\\/schema\\\/person\\\/a9c16bf51d40163ef50c7170ff56de4d\"},\"headline\":\"Czy tobie te\u017c si\u0119 ju\u017c wi\u0119cej chce?\",\"datePublished\":\"2014-03-11T06:20:55+00:00\",\"mainEntityOfPage\":{\"@id\":\"https:\\\/\\\/fotografiadlaciekawych.pl\\\/index.php\\\/2014\\\/03\\\/11\\\/czy-tobie-tez-sie-juz-wiecej-chce\\\/\"},\"wordCount\":29,\"commentCount\":2,\"publisher\":{\"@id\":\"https:\\\/\\\/fotografiadlaciekawych.pl\\\/#\\\/schema\\\/person\\\/a9c16bf51d40163ef50c7170ff56de4d\"},\"image\":{\"@id\":\"https:\\\/\\\/fotografiadlaciekawych.pl\\\/index.php\\\/2014\\\/03\\\/11\\\/czy-tobie-tez-sie-juz-wiecej-chce\\\/#primaryimage\"},\"thumbnailUrl\":\"http:\\\/\\\/fotografiadlaciekawych.pl\\\/wp-content\\\/uploads\\\/2014\\\/03\\\/przebisnieg-wiosna-1454_850-400x400.jpg\",\"keywords\":[\"przebi\u015bnieg\",\"wiosna\"],\"articleSection\":[\"Zdj\u0119cie z cytatem\"],\"inLanguage\":\"pl-PL\",\"potentialAction\":[{\"@type\":\"CommentAction\",\"name\":\"Comment\",\"target\":[\"https:\\\/\\\/fotografiadlaciekawych.pl\\\/index.php\\\/2014\\\/03\\\/11\\\/czy-tobie-tez-sie-juz-wiecej-chce\\\/#respond\"]}]},{\"@type\":\"WebPage\",\"@id\":\"https:\\\/\\\/fotografiadlaciekawych.pl\\\/index.php\\\/2014\\\/03\\\/11\\\/czy-tobie-tez-sie-juz-wiecej-chce\\\/\",\"url\":\"https:\\\/\\\/fotografiadlaciekawych.pl\\\/index.php\\\/2014\\\/03\\\/11\\\/czy-tobie-tez-sie-juz-wiecej-chce\\\/\",\"name\":\"Czy tobie te\u017c si\u0119 ju\u017c wi\u0119cej chce?\",\"isPartOf\":{\"@id\":\"https:\\\/\\\/fotografiadlaciekawych.pl\\\/#website\"},\"primaryImageOfPage\":{\"@id\":\"https:\\\/\\\/fotografiadlaciekawych.pl\\\/index.php\\\/2014\\\/03\\\/11\\\/czy-tobie-tez-sie-juz-wiecej-chce\\\/#primaryimage\"},\"image\":{\"@id\":\"https:\\\/\\\/fotografiadlaciekawych.pl\\\/index.php\\\/2014\\\/03\\\/11\\\/czy-tobie-tez-sie-juz-wiecej-chce\\\/#primaryimage\"},\"thumbnailUrl\":\"http:\\\/\\\/fotografiadlaciekawych.pl\\\/wp-content\\\/uploads\\\/2014\\\/03\\\/przebisnieg-wiosna-1454_850-400x400.jpg\",\"datePublished\":\"2014-03-11T06:20:55+00:00\",\"breadcrumb\":{\"@id\":\"https:\\\/\\\/fotografiadlaciekawych.pl\\\/index.php\\\/2014\\\/03\\\/11\\\/czy-tobie-tez-sie-juz-wiecej-chce\\\/#breadcrumb\"},\"inLanguage\":\"pl-PL\",\"potentialAction\":[{\"@type\":\"ReadAction\",\"target\":[\"https:\\\/\\\/fotografiadlaciekawych.pl\\\/index.php\\\/2014\\\/03\\\/11\\\/czy-tobie-tez-sie-juz-wiecej-chce\\\/\"]}]},{\"@type\":\"ImageObject\",\"inLanguage\":\"pl-PL\",\"@id\":\"https:\\\/\\\/fotografiadlaciekawych.pl\\\/index.php\\\/2014\\\/03\\\/11\\\/czy-tobie-tez-sie-juz-wiecej-chce\\\/#primaryimage\",\"url\":\"https:\\\/\\\/fotografiadlaciekawych.pl\\\/wp-content\\\/uploads\\\/2014\\\/03\\\/przebisnieg-wiosna-1454_850.jpg\",\"contentUrl\":\"https:\\\/\\\/fotografiadlaciekawych.pl\\\/wp-content\\\/uploads\\\/2014\\\/03\\\/przebisnieg-wiosna-1454_850.jpg\",\"width\":850,\"height\":850},{\"@type\":\"BreadcrumbList\",\"@id\":\"https:\\\/\\\/fotografiadlaciekawych.pl\\\/index.php\\\/2014\\\/03\\\/11\\\/czy-tobie-tez-sie-juz-wiecej-chce\\\/#breadcrumb\",\"itemListElement\":[{\"@type\":\"ListItem\",\"position\":1,\"name\":\"Home\",\"item\":\"https:\\\/\\\/fotografiadlaciekawych.pl\\\/\"},{\"@type\":\"ListItem\",\"position\":2,\"name\":\"Czy tobie te\u017c si\u0119 ju\u017c wi\u0119cej chce?\"}]},{\"@type\":\"WebSite\",\"@id\":\"https:\\\/\\\/fotografiadlaciekawych.pl\\\/#website\",\"url\":\"https:\\\/\\\/fotografiadlaciekawych.pl\\\/\",\"name\":\"Fotografia dla ciekawych\",\"description\":\"Blog prowadzony od 2008 r.\",\"publisher\":{\"@id\":\"https:\\\/\\\/fotografiadlaciekawych.pl\\\/#\\\/schema\\\/person\\\/a9c16bf51d40163ef50c7170ff56de4d\"},\"potentialAction\":[{\"@type\":\"SearchAction\",\"target\":{\"@type\":\"EntryPoint\",\"urlTemplate\":\"https:\\\/\\\/fotografiadlaciekawych.pl\\\/?s={search_term_string}\"},\"query-input\":{\"@type\":\"PropertyValueSpecification\",\"valueRequired\":true,\"valueName\":\"search_term_string\"}}],\"inLanguage\":\"pl-PL\"},{\"@type\":[\"Person\",\"Organization\"],\"@id\":\"https:\\\/\\\/fotografiadlaciekawych.pl\\\/#\\\/schema\\\/person\\\/a9c16bf51d40163ef50c7170ff56de4d\",\"name\":\"Przemys\u0142aw Oziemblewski\",\"image\":{\"@type\":\"ImageObject\",\"inLanguage\":\"pl-PL\",\"@id\":\"https:\\\/\\\/fotografiadlaciekawych.pl\\\/wp-content\\\/uploads\\\/2020\\\/12\\\/przemek-oziemblewski-250px.jpg\",\"url\":\"https:\\\/\\\/fotografiadlaciekawych.pl\\\/wp-content\\\/uploads\\\/2020\\\/12\\\/przemek-oziemblewski-250px.jpg\",\"contentUrl\":\"https:\\\/\\\/fotografiadlaciekawych.pl\\\/wp-content\\\/uploads\\\/2020\\\/12\\\/przemek-oziemblewski-250px.jpg\",\"width\":250,\"height\":250,\"caption\":\"Przemys\u0142aw Oziemblewski\"},\"logo\":{\"@id\":\"https:\\\/\\\/fotografiadlaciekawych.pl\\\/wp-content\\\/uploads\\\/2020\\\/12\\\/przemek-oziemblewski-250px.jpg\"},\"sameAs\":[\"http:\\\/\\\/fotografiadlaciekawych.pl\",\"https:\\\/\\\/www.facebook.com\\\/przemyslaw.oziemblewski\",\"https:\\\/\\\/www.instagram.com\\\/p.oziemblewski\\\/\",\"https:\\\/\\\/www.pinterest.com\\\/fotodcpl\\\/\",\"https:\\\/\\\/youtube.com\\\/@PrzemyslawOziemblewski\"]}]}<\/script>\n<!-- \/ Yoast SEO plugin. -->","yoast_head_json":{"title":"Czy tobie te\u017c si\u0119 ju\u017c wi\u0119cej chce?","robots":{"index":"index","follow":"follow","max-snippet":"max-snippet:-1","max-image-preview":"max-image-preview:large","max-video-preview":"max-video-preview:-1"},"canonical":"https:\/\/fotografiadlaciekawych.pl\/index.php\/2014\/03\/11\/czy-tobie-tez-sie-juz-wiecej-chce\/","og_locale":"pl_PL","og_type":"article","og_title":"Czy tobie te\u017c si\u0119 ju\u017c wi\u0119cej chce?","og_description":"Jest wiosna. Wi\u0119cej s\u0142o\u0144ca, wi\u0119cej zieleni, wi\u0119cej energii. Czy tobie te\u017c si\u0119 ju\u017c wi\u0119cej chce?","og_url":"https:\/\/fotografiadlaciekawych.pl\/index.php\/2014\/03\/11\/czy-tobie-tez-sie-juz-wiecej-chce\/","og_site_name":"Fotografia dla ciekawych","article_publisher":"https:\/\/www.facebook.com\/przemyslaw.oziemblewski","article_author":"https:\/\/www.facebook.com\/przemyslaw.oziemblewski","article_published_time":"2014-03-11T06:20:55+00:00","og_image":[{"url":"http:\/\/fotografiadlaciekawych.pl\/wp-content\/uploads\/2014\/03\/przebisnieg-wiosna-1454_850-400x400.jpg","type":"","width":"","height":""}],"author":"Przemys\u0142aw Oziemblewski","twitter_misc":{"Napisane przez":"Przemys\u0142aw Oziemblewski"},"schema":{"@context":"https:\/\/schema.org","@graph":[{"@type":"Article","@id":"https:\/\/fotografiadlaciekawych.pl\/index.php\/2014\/03\/11\/czy-tobie-tez-sie-juz-wiecej-chce\/#article","isPartOf":{"@id":"https:\/\/fotografiadlaciekawych.pl\/index.php\/2014\/03\/11\/czy-tobie-tez-sie-juz-wiecej-chce\/"},"author":{"name":"Przemys\u0142aw Oziemblewski","@id":"https:\/\/fotografiadlaciekawych.pl\/#\/schema\/person\/a9c16bf51d40163ef50c7170ff56de4d"},"headline":"Czy tobie te\u017c si\u0119 ju\u017c wi\u0119cej chce?","datePublished":"2014-03-11T06:20:55+00:00","mainEntityOfPage":{"@id":"https:\/\/fotografiadlaciekawych.pl\/index.php\/2014\/03\/11\/czy-tobie-tez-sie-juz-wiecej-chce\/"},"wordCount":29,"commentCount":2,"publisher":{"@id":"https:\/\/fotografiadlaciekawych.pl\/#\/schema\/person\/a9c16bf51d40163ef50c7170ff56de4d"},"image":{"@id":"https:\/\/fotografiadlaciekawych.pl\/index.php\/2014\/03\/11\/czy-tobie-tez-sie-juz-wiecej-chce\/#primaryimage"},"thumbnailUrl":"http:\/\/fotografiadlaciekawych.pl\/wp-content\/uploads\/2014\/03\/przebisnieg-wiosna-1454_850-400x400.jpg","keywords":["przebi\u015bnieg","wiosna"],"articleSection":["Zdj\u0119cie z cytatem"],"inLanguage":"pl-PL","potentialAction":[{"@type":"CommentAction","name":"Comment","target":["https:\/\/fotografiadlaciekawych.pl\/index.php\/2014\/03\/11\/czy-tobie-tez-sie-juz-wiecej-chce\/#respond"]}]},{"@type":"WebPage","@id":"https:\/\/fotografiadlaciekawych.pl\/index.php\/2014\/03\/11\/czy-tobie-tez-sie-juz-wiecej-chce\/","url":"https:\/\/fotografiadlaciekawych.pl\/index.php\/2014\/03\/11\/czy-tobie-tez-sie-juz-wiecej-chce\/","name":"Czy tobie te\u017c si\u0119 ju\u017c wi\u0119cej chce?","isPartOf":{"@id":"https:\/\/fotografiadlaciekawych.pl\/#website"},"primaryImageOfPage":{"@id":"https:\/\/fotografiadlaciekawych.pl\/index.php\/2014\/03\/11\/czy-tobie-tez-sie-juz-wiecej-chce\/#primaryimage"},"image":{"@id":"https:\/\/fotografiadlaciekawych.pl\/index.php\/2014\/03\/11\/czy-tobie-tez-sie-juz-wiecej-chce\/#primaryimage"},"thumbnailUrl":"http:\/\/fotografiadlaciekawych.pl\/wp-content\/uploads\/2014\/03\/przebisnieg-wiosna-1454_850-400x400.jpg","datePublished":"2014-03-11T06:20:55+00:00","breadcrumb":{"@id":"https:\/\/fotografiadlaciekawych.pl\/index.php\/2014\/03\/11\/czy-tobie-tez-sie-juz-wiecej-chce\/#breadcrumb"},"inLanguage":"pl-PL","potentialAction":[{"@type":"ReadAction","target":["https:\/\/fotografiadlaciekawych.pl\/index.php\/2014\/03\/11\/czy-tobie-tez-sie-juz-wiecej-chce\/"]}]},{"@type":"ImageObject","inLanguage":"pl-PL","@id":"https:\/\/fotografiadlaciekawych.pl\/index.php\/2014\/03\/11\/czy-tobie-tez-sie-juz-wiecej-chce\/#primaryimage","url":"https:\/\/fotografiadlaciekawych.pl\/wp-content\/uploads\/2014\/03\/przebisnieg-wiosna-1454_850.jpg","contentUrl":"https:\/\/fotografiadlaciekawych.pl\/wp-content\/uploads\/2014\/03\/przebisnieg-wiosna-1454_850.jpg","width":850,"height":850},{"@type":"BreadcrumbList","@id":"https:\/\/fotografiadlaciekawych.pl\/index.php\/2014\/03\/11\/czy-tobie-tez-sie-juz-wiecej-chce\/#breadcrumb","itemListElement":[{"@type":"ListItem","position":1,"name":"Home","item":"https:\/\/fotografiadlaciekawych.pl\/"},{"@type":"ListItem","position":2,"name":"Czy tobie te\u017c si\u0119 ju\u017c wi\u0119cej chce?"}]},{"@type":"WebSite","@id":"https:\/\/fotografiadlaciekawych.pl\/#website","url":"https:\/\/fotografiadlaciekawych.pl\/","name":"Fotografia dla ciekawych","description":"Blog prowadzony od 2008 r.","publisher":{"@id":"https:\/\/fotografiadlaciekawych.pl\/#\/schema\/person\/a9c16bf51d40163ef50c7170ff56de4d"},"potentialAction":[{"@type":"SearchAction","target":{"@type":"EntryPoint","urlTemplate":"https:\/\/fotografiadlaciekawych.pl\/?s={search_term_string}"},"query-input":{"@type":"PropertyValueSpecification","valueRequired":true,"valueName":"search_term_string"}}],"inLanguage":"pl-PL"},{"@type":["Person","Organization"],"@id":"https:\/\/fotografiadlaciekawych.pl\/#\/schema\/person\/a9c16bf51d40163ef50c7170ff56de4d","name":"Przemys\u0142aw Oziemblewski","image":{"@type":"ImageObject","inLanguage":"pl-PL","@id":"https:\/\/fotografiadlaciekawych.pl\/wp-content\/uploads\/2020\/12\/przemek-oziemblewski-250px.jpg","url":"https:\/\/fotografiadlaciekawych.pl\/wp-content\/uploads\/2020\/12\/przemek-oziemblewski-250px.jpg","contentUrl":"https:\/\/fotografiadlaciekawych.pl\/wp-content\/uploads\/2020\/12\/przemek-oziemblewski-250px.jpg","width":250,"height":250,"caption":"Przemys\u0142aw Oziemblewski"},"logo":{"@id":"https:\/\/fotografiadlaciekawych.pl\/wp-content\/uploads\/2020\/12\/przemek-oziemblewski-250px.jpg"},"sameAs":["http:\/\/fotografiadlaciekawych.pl","https:\/\/www.facebook.com\/przemyslaw.oziemblewski","https:\/\/www.instagram.com\/p.oziemblewski\/","https:\/\/www.pinterest.com\/fotodcpl\/","https:\/\/youtube.com\/@PrzemyslawOziemblewski"]}]}},"jetpack_publicize_connections":[],"jetpack_sharing_enabled":true,"jetpack-related-posts":[{"id":5254,"url":"https:\/\/fotografiadlaciekawych.pl\/index.php\/2012\/09\/02\/wiecej-zalezy-od-aparatu-czy-umiejetnosci\/","url_meta":{"origin":7229,"position":0},"title":"Wi\u0119cej zale\u017cy od aparatu czy umiej\u0119tno\u015bci?","author":"Przemys\u0142aw Oziemblewski","date":"niedziela, 2 wrz 2012","format":false,"excerpt":"Tynka przys\u0142a\u0142a mi pytanie: \"Czy aby robi\u0107 naprawd\u0119 dobre zdj\u0119cie potrzebna jest lustrzanka i profesjonalny obiektyw? Wi\u0119cej zale\u017cy od aparatu czy umiej\u0119tno\u015bci?\" Odpowied\u017a na poz\u00f3r jest prosta. To fotograf robi zdj\u0119cia i to od jego umiej\u0119tno\u015bci zale\u017cy, czy zdj\u0119cie b\u0119dzie dobre. Jest jednak pewne ale ... Podobnie mo\u017cna zapyta\u0107, czy\u2026","rel":"","context":"W \u201eFotografia&quot;","block_context":{"text":"Fotografia","link":"https:\/\/fotografiadlaciekawych.pl\/index.php\/category\/fotografia\/"},"img":{"alt_text":"","src":"","width":0,"height":0},"classes":[]},{"id":17413,"url":"https:\/\/fotografiadlaciekawych.pl\/index.php\/2023\/03\/21\/wiosenne-kwiaty-zdjecia-na-powitanie-wiosny\/","url_meta":{"origin":7229,"position":1},"title":"Wiosenne kwiaty &#8211; zdj\u0119cia na powitanie wiosny","author":"Przemys\u0142aw Oziemblewski","date":"wtorek, 21 mar 2023","format":false,"excerpt":"Ju\u017c wiosna. Zapraszam na chwil\u0119 odpoczynku przy zdj\u0119ciach wiosennych kwiat\u00f3w \u2014 krokus\u00f3w i przebi\u015bnieg\u00f3w. Zrobione zosta\u0142y w przydomowym ogr\u00f3dku oraz przy molo w Chodzie\u017cy. Wiosenne kwiaty w przydomowym ogr\u00f3dku Krokusy z\u0142apane przy molo w Chodzie\u017cy Mam nadziej\u0119, \u017ce i Ty czujesz ju\u017c ten wiosenny klimat. Je\u015bli chcesz wi\u0119cej wiosennych kwiat\u00f3w\u2026","rel":"","context":"W \u201eZdj\u0119cia&quot;","block_context":{"text":"Zdj\u0119cia","link":"https:\/\/fotografiadlaciekawych.pl\/index.php\/category\/zdjecia\/"},"img":{"alt_text":"Krokusy - wiosenne kwiaty","src":"https:\/\/i0.wp.com\/fotografiadlaciekawych.pl\/wp-content\/uploads\/2023\/03\/krokusy-230319_O3199954_1000px.jpg?resize=350%2C200&ssl=1","width":350,"height":200,"srcset":"https:\/\/i0.wp.com\/fotografiadlaciekawych.pl\/wp-content\/uploads\/2023\/03\/krokusy-230319_O3199954_1000px.jpg?resize=350%2C200&ssl=1 1x, https:\/\/i0.wp.com\/fotografiadlaciekawych.pl\/wp-content\/uploads\/2023\/03\/krokusy-230319_O3199954_1000px.jpg?resize=525%2C300&ssl=1 1.5x, https:\/\/i0.wp.com\/fotografiadlaciekawych.pl\/wp-content\/uploads\/2023\/03\/krokusy-230319_O3199954_1000px.jpg?resize=700%2C400&ssl=1 2x"},"classes":[]},{"id":6021,"url":"https:\/\/fotografiadlaciekawych.pl\/index.php\/2013\/05\/06\/czy-masz-juz-wiosenne-zdjecia\/","url_meta":{"origin":7229,"position":2},"title":"Czy masz ju\u017c wiosenne zdj\u0119cia?","author":"Przemys\u0142aw Oziemblewski","date":"poniedzia\u0142ek, 6 maj 2013","format":false,"excerpt":"Po wyj\u0105tkowo d\u0142ugiej zimie wreszcie mo\u017cna zrobi\u0107 troch\u0119 cieplejszych zdj\u0119\u0107. Kwiaty, to niby temat oklepany, ale jako\u015b na wiosn\u0119 nie mog\u0119 oprze\u0107 si\u0119 pokusie, by ich nie sfotografowa\u0107. Ju\u017c nie wiem po raz, kt\u00f3ry zrobi\u0142em zdj\u0119cia kwiatom wi\u015bni, brzoskwini i tulipan\u00f3w. Rozkwit\u0142y przed domem. Je\u015bli te\u017c b\u0119dziesz fotografowa\u0142 lub fotografowa\u0142a\u2026","rel":"","context":"W \u201eZdj\u0119cia&quot;","block_context":{"text":"Zdj\u0119cia","link":"https:\/\/fotografiadlaciekawych.pl\/index.php\/category\/zdjecia\/"},"img":{"alt_text":"","src":"https:\/\/i0.wp.com\/fotografiadlaciekawych.pl\/wp-content\/uploads\/2013\/05\/IMG_0077800-150x150.jpg?resize=350%2C200&ssl=1","width":350,"height":200,"srcset":"https:\/\/i0.wp.com\/fotografiadlaciekawych.pl\/wp-content\/uploads\/2013\/05\/IMG_0077800-150x150.jpg?resize=350%2C200&ssl=1 1x, https:\/\/i0.wp.com\/fotografiadlaciekawych.pl\/wp-content\/uploads\/2013\/05\/IMG_0077800-150x150.jpg?resize=525%2C300&ssl=1 1.5x, https:\/\/i0.wp.com\/fotografiadlaciekawych.pl\/wp-content\/uploads\/2013\/05\/IMG_0077800-150x150.jpg?resize=700%2C400&ssl=1 2x"},"classes":[]},{"id":18670,"url":"https:\/\/fotografiadlaciekawych.pl\/index.php\/2024\/02\/26\/kurs-ekspozycja-klucz-do-nowych-zdjec-ponownie-dostepny\/","url_meta":{"origin":7229,"position":3},"title":"Kurs &#8222;Ekspozycja \u2013 klucz do nowych zdj\u0119\u0107&#8221; ponownie dost\u0119pny","author":"Przemys\u0142aw Oziemblewski","date":"poniedzia\u0142ek, 26 lut 2024","format":false,"excerpt":"Kolejny materia\u0142 wraca do sprzeda\u017cy. Je\u015bli chcesz si\u0119 dowiedzie\u0107 jak w pe\u0142ni wykorzysta\u0107 mo\u017cliwo\u015bci aparatu wynikaj\u0105cych z r\u00f3\u017cnych ustawie\u0144 ekspozycji, to zobacz poni\u017cszy opis. Ekspozycja to oczywi\u015bcie na\u015bwietlanie zdj\u0119\u0107. B\u0142\u0119dem jest jednak my\u015blenie, \u017ce chodzi tu tylko o to, by zdj\u0119cie by\u0142o dobrze na\u015bwietlone, by mia\u0142o odpowiedni\u0105 jasno\u015b\u0107. O to\u2026","rel":"","context":"W \u201eKursy&quot;","block_context":{"text":"Kursy","link":"https:\/\/fotografiadlaciekawych.pl\/index.php\/category\/kursy\/"},"img":{"alt_text":"Ekspozycja \u2013 klucz do nowych zdj\u0119\u0107 (kurs fotografii) - Edycja III","src":"https:\/\/i0.wp.com\/fotografiadlaciekawych.pl\/wp-content\/uploads\/2020\/06\/kurs-ekspozycja-edycja3.jpg?resize=350%2C200&ssl=1","width":350,"height":200,"srcset":"https:\/\/i0.wp.com\/fotografiadlaciekawych.pl\/wp-content\/uploads\/2020\/06\/kurs-ekspozycja-edycja3.jpg?resize=350%2C200&ssl=1 1x, https:\/\/i0.wp.com\/fotografiadlaciekawych.pl\/wp-content\/uploads\/2020\/06\/kurs-ekspozycja-edycja3.jpg?resize=525%2C300&ssl=1 1.5x, https:\/\/i0.wp.com\/fotografiadlaciekawych.pl\/wp-content\/uploads\/2020\/06\/kurs-ekspozycja-edycja3.jpg?resize=700%2C400&ssl=1 2x, https:\/\/i0.wp.com\/fotografiadlaciekawych.pl\/wp-content\/uploads\/2020\/06\/kurs-ekspozycja-edycja3.jpg?resize=1050%2C600&ssl=1 3x"},"classes":[]},{"id":9945,"url":"https:\/\/fotografiadlaciekawych.pl\/index.php\/2016\/11\/10\/nie-sprzet-zdjecia-robi-a-fotograf-czy-na-pewno\/","url_meta":{"origin":7229,"position":4},"title":"&#8222;nie sprz\u0119t zdj\u0119cia robi a fotograf&#8221; &#8211; czy na pewno?","author":"Przemys\u0142aw Oziemblewski","date":"czwartek, 10 lis 2016","format":false,"excerpt":"Do odpowiedzi zosta\u0142em wywo\u0142any przez Andrzeja: Chcia\u0142bym [...] pozna\u0107 Twoj\u0105 opini\u0119 w sprawie tego s\u0142awetnego powiedzenia, \u017ce \"nie sprz\u0119t zdj\u0119cia robi a fotograf\". Ja si\u0119 z takim podej\u015bciem do fotografii nie zgadzam. Oczywi\u015bcie mo\u017cna produkowa\u0107 \u015bliczne obrazki nawet wsp\u00f3\u0142czesnymi telefonami. Nie dam sobie jednak wm\u00f3wi\u0107, \u017ce to s\u0105 zdj\u0119cia na\u2026","rel":"","context":"W \u201eR\u00f3\u017cne&quot;","block_context":{"text":"R\u00f3\u017cne","link":"https:\/\/fotografiadlaciekawych.pl\/index.php\/category\/rozne\/"},"img":{"alt_text":"Sprz\u0119t fotograficzny","src":"https:\/\/i0.wp.com\/fotografiadlaciekawych.pl\/wp-content\/uploads\/2016\/11\/5321_850-400x255.jpg?resize=350%2C200","width":350,"height":200},"classes":[]},{"id":21212,"url":"https:\/\/fotografiadlaciekawych.pl\/index.php\/2025\/12\/30\/ostatnie-godziny-promocji-na-poradniki-kurs-i-sciagi-fotograficzne\/","url_meta":{"origin":7229,"position":5},"title":"Ostatnie godziny promocji na poradniki, kurs i \u015bci\u0105gi fotograficzne","author":"Przemys\u0142aw Oziemblewski","date":"wtorek, 30 gru 2025","format":false,"excerpt":"Zapraszam do skorzystania, z promocji na poradniki, kurs i \u015bci\u0105gi fotograficzne. Zobaczysz, jak \u0142atwiej i szybciej robi\u0107 lepsze zdj\u0119cia. Wykorzystaj szans\u0119, by poszerzy\u0107 swoj\u0105 wiedz\u0119 i umiej\u0119tno\u015bci. Doskonal sw\u00f3j warsztat fotograficzny i stw\u00f3rz w 2026 roku jeszcze pi\u0119kniejsze i ciekawsze kadry. Spraw sobie prezent. Zapraszam. Wybieraj dowolnie. \u015aci\u0105gi fotograficzne, kurs\u2026","rel":"","context":"W \u201eWie\u015bci&quot;","block_context":{"text":"Wie\u015bci","link":"https:\/\/fotografiadlaciekawych.pl\/index.php\/category\/wiesci\/"},"img":{"alt_text":"","src":"https:\/\/i0.wp.com\/fotografiadlaciekawych.pl\/wp-content\/uploads\/2025\/12\/okladka-sciagi-fotograficzne-1122x840px-wer2.jpg?resize=350%2C200&ssl=1","width":350,"height":200,"srcset":"https:\/\/i0.wp.com\/fotografiadlaciekawych.pl\/wp-content\/uploads\/2025\/12\/okladka-sciagi-fotograficzne-1122x840px-wer2.jpg?resize=350%2C200&ssl=1 1x, https:\/\/i0.wp.com\/fotografiadlaciekawych.pl\/wp-content\/uploads\/2025\/12\/okladka-sciagi-fotograficzne-1122x840px-wer2.jpg?resize=525%2C300&ssl=1 1.5x, https:\/\/i0.wp.com\/fotografiadlaciekawych.pl\/wp-content\/uploads\/2025\/12\/okladka-sciagi-fotograficzne-1122x840px-wer2.jpg?resize=700%2C400&ssl=1 2x, https:\/\/i0.wp.com\/fotografiadlaciekawych.pl\/wp-content\/uploads\/2025\/12\/okladka-sciagi-fotograficzne-1122x840px-wer2.jpg?resize=1050%2C600&ssl=1 3x"},"classes":[]}],"jetpack_featured_media_url":"","_links":{"self":[{"href":"https:\/\/fotografiadlaciekawych.pl\/index.php\/wp-json\/wp\/v2\/posts\/7229","targetHints":{"allow":["GET"]}}],"collection":[{"href":"https:\/\/fotografiadlaciekawych.pl\/index.php\/wp-json\/wp\/v2\/posts"}],"about":[{"href":"https:\/\/fotografiadlaciekawych.pl\/index.php\/wp-json\/wp\/v2\/types\/post"}],"author":[{"embeddable":true,"href":"https:\/\/fotografiadlaciekawych.pl\/index.php\/wp-json\/wp\/v2\/users\/1"}],"replies":[{"embeddable":true,"href":"https:\/\/fotografiadlaciekawych.pl\/index.php\/wp-json\/wp\/v2\/comments?post=7229"}],"version-history":[{"count":1,"href":"https:\/\/fotografiadlaciekawych.pl\/index.php\/wp-json\/wp\/v2\/posts\/7229\/revisions"}],"predecessor-version":[{"id":7231,"href":"https:\/\/fotografiadlaciekawych.pl\/index.php\/wp-json\/wp\/v2\/posts\/7229\/revisions\/7231"}],"wp:attachment":[{"href":"https:\/\/fotografiadlaciekawych.pl\/index.php\/wp-json\/wp\/v2\/media?parent=7229"}],"wp:term":[{"taxonomy":"category","embeddable":true,"href":"https:\/\/fotografiadlaciekawych.pl\/index.php\/wp-json\/wp\/v2\/categories?post=7229"},{"taxonomy":"post_tag","embeddable":true,"href":"https:\/\/fotografiadlaciekawych.pl\/index.php\/wp-json\/wp\/v2\/tags?post=7229"}],"curies":[{"name":"wp","href":"https:\/\/api.w.org\/{rel}","templated":true}]}}