{"id":7769,"date":"2014-08-28T12:13:11","date_gmt":"2014-08-28T10:13:11","guid":{"rendered":"http:\/\/fotografiadlaciekawych.pl\/?p=7769"},"modified":"2014-08-28T12:16:51","modified_gmt":"2014-08-28T10:16:51","slug":"lisi-jar-zdjecia","status":"publish","type":"post","link":"https:\/\/fotografiadlaciekawych.pl\/index.php\/2014\/08\/28\/lisi-jar-zdjecia\/","title":{"rendered":"Lisi Jar &#8211; zdj\u0119cia"},"content":{"rendered":"<p><a href=\"https:\/\/fotografiadlaciekawych.pl\/wp-content\/uploads\/2014\/08\/Lisi_Jar_4002_850.jpg\" rel=\"lightbox\"><img loading=\"lazy\" decoding=\"async\" src=\"https:\/\/fotografiadlaciekawych.pl\/wp-content\/uploads\/2014\/08\/Lisi_Jar_4002_850-400x266.jpg\" alt=\"Lisi Jar\" width=\"400\" height=\"266\" class=\"alignnone size-medium wp-image-7777\" srcset=\"https:\/\/fotografiadlaciekawych.pl\/wp-content\/uploads\/2014\/08\/Lisi_Jar_4002_850-400x266.jpg 400w, https:\/\/fotografiadlaciekawych.pl\/wp-content\/uploads\/2014\/08\/Lisi_Jar_4002_850.jpg 850w\" sizes=\"auto, (max-width: 400px) 100vw, 400px\" \/><\/a><\/p>\n<p>Lisi Jar znajduje si\u0119 na obszarze Nadmorskiego Parku Krajobrazowego pomi\u0119dzy Jastrz\u0119bi\u0105 G\u00f3r\u0105 a Rozewiem. Jest to w\u0105w\u00f3z poro\u015bni\u0119ty wysokimi bukami. Teren ciekawy i wart odwiedzenia. Drzewa rosn\u0105 na stromych zboczach cz\u0119sto ods\u0142aniaj\u0105c pogmatwan\u0105 sie\u0107 korzeni. Poni\u017cej kilka zdj\u0119\u0107.<br \/>\n<!--more--><br \/>\n<a href=\"https:\/\/fotografiadlaciekawych.pl\/wp-content\/uploads\/2014\/08\/Lisi_Jar_4154_850.jpg\"><img loading=\"lazy\" decoding=\"async\" src=\"https:\/\/fotografiadlaciekawych.pl\/wp-content\/uploads\/2014\/08\/Lisi_Jar_4154_850-400x266.jpg\" alt=\"Lisi Jar\" width=\"400\" height=\"266\" class=\"alignnone size-medium wp-image-7770\" srcset=\"https:\/\/fotografiadlaciekawych.pl\/wp-content\/uploads\/2014\/08\/Lisi_Jar_4154_850-400x266.jpg 400w, https:\/\/fotografiadlaciekawych.pl\/wp-content\/uploads\/2014\/08\/Lisi_Jar_4154_850.jpg 850w\" sizes=\"auto, (max-width: 400px) 100vw, 400px\" \/><\/a><\/p>\n<p><a href=\"https:\/\/fotografiadlaciekawych.pl\/wp-content\/uploads\/2014\/08\/Lisi_Jar_4143_850.jpg\" rel=\"lightbox\"><img loading=\"lazy\" decoding=\"async\" src=\"https:\/\/fotografiadlaciekawych.pl\/wp-content\/uploads\/2014\/08\/Lisi_Jar_4143_850-400x266.jpg\" alt=\"Lisi Jar\" width=\"400\" height=\"266\" class=\"alignnone size-medium wp-image-7771\" srcset=\"https:\/\/fotografiadlaciekawych.pl\/wp-content\/uploads\/2014\/08\/Lisi_Jar_4143_850-400x266.jpg 400w, https:\/\/fotografiadlaciekawych.pl\/wp-content\/uploads\/2014\/08\/Lisi_Jar_4143_850.jpg 850w\" sizes=\"auto, (max-width: 400px) 100vw, 400px\" \/><\/a><\/p>\n<p><a href=\"https:\/\/fotografiadlaciekawych.pl\/wp-content\/uploads\/2014\/08\/Lisi_Jar_3996_850.jpg\" rel=\"lightbox\"><img loading=\"lazy\" decoding=\"async\" src=\"https:\/\/fotografiadlaciekawych.pl\/wp-content\/uploads\/2014\/08\/Lisi_Jar_3996_850-400x266.jpg\" alt=\"Lisi Jar\" width=\"400\" height=\"266\" class=\"alignnone size-medium wp-image-7772\" srcset=\"https:\/\/fotografiadlaciekawych.pl\/wp-content\/uploads\/2014\/08\/Lisi_Jar_3996_850-400x266.jpg 400w, https:\/\/fotografiadlaciekawych.pl\/wp-content\/uploads\/2014\/08\/Lisi_Jar_3996_850.jpg 850w\" sizes=\"auto, (max-width: 400px) 100vw, 400px\" \/><\/a><\/p>\n<p><a href=\"https:\/\/fotografiadlaciekawych.pl\/wp-content\/uploads\/2014\/08\/Lisi_Jar_3994_850.jpg\" rel=\"lightbox\"><img loading=\"lazy\" decoding=\"async\" src=\"https:\/\/fotografiadlaciekawych.pl\/wp-content\/uploads\/2014\/08\/Lisi_Jar_3994_850-266x400.jpg\" alt=\"Lisi Jar\" width=\"266\" height=\"400\" class=\"alignnone size-medium wp-image-7773\" srcset=\"https:\/\/fotografiadlaciekawych.pl\/wp-content\/uploads\/2014\/08\/Lisi_Jar_3994_850-266x400.jpg 266w, https:\/\/fotografiadlaciekawych.pl\/wp-content\/uploads\/2014\/08\/Lisi_Jar_3994_850.jpg 567w\" sizes=\"auto, (max-width: 266px) 100vw, 266px\" \/><\/a><\/p>\n<p><a href=\"https:\/\/fotografiadlaciekawych.pl\/wp-content\/uploads\/2014\/08\/Lisi_Jar_3992_850.jpg\" rel=\"lightbox\"><img loading=\"lazy\" decoding=\"async\" src=\"https:\/\/fotografiadlaciekawych.pl\/wp-content\/uploads\/2014\/08\/Lisi_Jar_3992_850-266x400.jpg\" alt=\"Lisi Jar\" width=\"266\" height=\"400\" class=\"alignnone size-medium wp-image-7774\" srcset=\"https:\/\/fotografiadlaciekawych.pl\/wp-content\/uploads\/2014\/08\/Lisi_Jar_3992_850-266x400.jpg 266w, https:\/\/fotografiadlaciekawych.pl\/wp-content\/uploads\/2014\/08\/Lisi_Jar_3992_850.jpg 567w\" sizes=\"auto, (max-width: 266px) 100vw, 266px\" \/><\/a><\/p>\n<p><a href=\"https:\/\/fotografiadlaciekawych.pl\/wp-content\/uploads\/2014\/08\/Lisi_Jar_3904_850.jpg\" rel=\"lightbox\"><img loading=\"lazy\" decoding=\"async\" src=\"https:\/\/fotografiadlaciekawych.pl\/wp-content\/uploads\/2014\/08\/Lisi_Jar_3904_850-266x400.jpg\" alt=\"Lisi Jar\" width=\"266\" height=\"400\" class=\"alignnone size-medium wp-image-7775\" srcset=\"https:\/\/fotografiadlaciekawych.pl\/wp-content\/uploads\/2014\/08\/Lisi_Jar_3904_850-266x400.jpg 266w, https:\/\/fotografiadlaciekawych.pl\/wp-content\/uploads\/2014\/08\/Lisi_Jar_3904_850.jpg 567w\" sizes=\"auto, (max-width: 266px) 100vw, 266px\" \/><\/a><\/p>\n<p><a href=\"https:\/\/fotografiadlaciekawych.pl\/wp-content\/uploads\/2014\/08\/Lisi_Jar_3887_850.jpg\" rel=\"lightbox\"><img loading=\"lazy\" decoding=\"async\" src=\"https:\/\/fotografiadlaciekawych.pl\/wp-content\/uploads\/2014\/08\/Lisi_Jar_3887_850-400x266.jpg\" alt=\"Lisi Jar\" width=\"400\" height=\"266\" class=\"alignnone size-medium wp-image-7776\" srcset=\"https:\/\/fotografiadlaciekawych.pl\/wp-content\/uploads\/2014\/08\/Lisi_Jar_3887_850-400x266.jpg 400w, https:\/\/fotografiadlaciekawych.pl\/wp-content\/uploads\/2014\/08\/Lisi_Jar_3887_850.jpg 850w\" sizes=\"auto, (max-width: 400px) 100vw, 400px\" \/><\/a><\/p>\n<p>Dodatkowa informacja o tym miejscu na <a href=\"http:\/\/pl.wikipedia.org\/wiki\/Lisi_Jar\" target=\"_blank\">pl.wikipedia.org\/wiki\/Lisi_Jar<\/a><\/p>\n","protected":false},"excerpt":{"rendered":"<p>Lisi Jar znajduje si\u0119 na obszarze Nadmorskiego Parku Krajobrazowego pomi\u0119dzy Jastrz\u0119bi\u0105 G\u00f3r\u0105 a Rozewiem. Jest to w\u0105w\u00f3z poro\u015bni\u0119ty wysokimi bukami. Teren ciekawy i wart odwiedzenia. Drzewa rosn\u0105 na stromych zboczach cz\u0119sto ods\u0142aniaj\u0105c pogmatwan\u0105 sie\u0107 korzeni. Poni\u017cej kilka zdj\u0119\u0107.<\/p>\n","protected":false},"author":1,"featured_media":0,"comment_status":"open","ping_status":"open","sticky":false,"template":"","format":"standard","meta":{"_jetpack_newsletter_access":"","_jetpack_dont_email_post_to_subs":false,"_jetpack_newsletter_tier_id":0,"_jetpack_memberships_contains_paywalled_content":false,"_jetpack_feature_clip_id":0,"_jetpack_memberships_contains_paid_content":false,"footnotes":"","jetpack_publicize_message":"","jetpack_publicize_feature_enabled":true,"jetpack_social_post_already_shared":false,"jetpack_social_options":{"image_generator_settings":{"template":"highway","default_image_id":0,"font":"","enabled":false},"version":2},"jetpack_post_was_ever_published":false},"categories":[11],"tags":[781,641],"class_list":["post-7769","post","type-post","status-publish","format-standard","hentry","category-zdjecia","tag-lisi-jar","tag-plener"],"yoast_head":"<!-- This site is optimized with the Yoast SEO plugin v28.4 - https:\/\/yoast.com\/product\/yoast-seo-wordpress\/ -->\n<title>Lisi Jar - zdj\u0119cia<\/title>\n<meta name=\"description\" content=\"Lisi Jar to w\u0105w\u00f3z poro\u015bni\u0119ty wysokimi bukami. Drzewa rosn\u0105 na stromych zboczach cz\u0119sto ods\u0142aniaj\u0105c pogmatwan\u0105 sie\u0107 korzeni. Ciekawe miejsce na zdj\u0119cia.\" \/>\n<meta name=\"robots\" content=\"index, follow, max-snippet:-1, max-image-preview:large, max-video-preview:-1\" \/>\n<link rel=\"canonical\" href=\"https:\/\/fotografiadlaciekawych.pl\/index.php\/2014\/08\/28\/lisi-jar-zdjecia\/\" \/>\n<meta property=\"og:locale\" content=\"pl_PL\" \/>\n<meta property=\"og:type\" content=\"article\" \/>\n<meta property=\"og:title\" content=\"Lisi Jar - zdj\u0119cia\" \/>\n<meta property=\"og:description\" content=\"Lisi Jar to w\u0105w\u00f3z poro\u015bni\u0119ty wysokimi bukami. Drzewa rosn\u0105 na stromych zboczach cz\u0119sto ods\u0142aniaj\u0105c pogmatwan\u0105 sie\u0107 korzeni. Ciekawe miejsce na zdj\u0119cia.\" \/>\n<meta property=\"og:url\" content=\"https:\/\/fotografiadlaciekawych.pl\/index.php\/2014\/08\/28\/lisi-jar-zdjecia\/\" \/>\n<meta property=\"og:site_name\" content=\"Fotografia dla ciekawych\" \/>\n<meta property=\"article:publisher\" content=\"https:\/\/www.facebook.com\/przemyslaw.oziemblewski\" \/>\n<meta property=\"article:author\" content=\"https:\/\/www.facebook.com\/przemyslaw.oziemblewski\" \/>\n<meta property=\"article:published_time\" content=\"2014-08-28T10:13:11+00:00\" \/>\n<meta property=\"article:modified_time\" content=\"2014-08-28T10:16:51+00:00\" \/>\n<meta property=\"og:image\" content=\"http:\/\/fotografiadlaciekawych.pl\/wp-content\/uploads\/2014\/08\/Lisi_Jar_4002_850-400x266.jpg\" \/>\n<meta name=\"author\" content=\"Przemys\u0142aw Oziemblewski\" \/>\n<meta name=\"twitter:label1\" content=\"Napisane przez\" \/>\n\t<meta name=\"twitter:data1\" content=\"Przemys\u0142aw Oziemblewski\" \/>\n<script type=\"application\/ld+json\" class=\"yoast-schema-graph\">{\"@context\":\"https:\\\/\\\/schema.org\",\"@graph\":[{\"@type\":\"Article\",\"@id\":\"https:\\\/\\\/fotografiadlaciekawych.pl\\\/index.php\\\/2014\\\/08\\\/28\\\/lisi-jar-zdjecia\\\/#article\",\"isPartOf\":{\"@id\":\"https:\\\/\\\/fotografiadlaciekawych.pl\\\/index.php\\\/2014\\\/08\\\/28\\\/lisi-jar-zdjecia\\\/\"},\"author\":{\"name\":\"Przemys\u0142aw Oziemblewski\",\"@id\":\"https:\\\/\\\/fotografiadlaciekawych.pl\\\/#\\\/schema\\\/person\\\/a9c16bf51d40163ef50c7170ff56de4d\"},\"headline\":\"Lisi Jar &#8211; zdj\u0119cia\",\"datePublished\":\"2014-08-28T10:13:11+00:00\",\"dateModified\":\"2014-08-28T10:16:51+00:00\",\"mainEntityOfPage\":{\"@id\":\"https:\\\/\\\/fotografiadlaciekawych.pl\\\/index.php\\\/2014\\\/08\\\/28\\\/lisi-jar-zdjecia\\\/\"},\"wordCount\":66,\"commentCount\":2,\"publisher\":{\"@id\":\"https:\\\/\\\/fotografiadlaciekawych.pl\\\/#\\\/schema\\\/person\\\/a9c16bf51d40163ef50c7170ff56de4d\"},\"image\":{\"@id\":\"https:\\\/\\\/fotografiadlaciekawych.pl\\\/index.php\\\/2014\\\/08\\\/28\\\/lisi-jar-zdjecia\\\/#primaryimage\"},\"thumbnailUrl\":\"http:\\\/\\\/fotografiadlaciekawych.pl\\\/wp-content\\\/uploads\\\/2014\\\/08\\\/Lisi_Jar_4002_850-400x266.jpg\",\"keywords\":[\"Lisi Jar\",\"plener\"],\"articleSection\":[\"Zdj\u0119cia\"],\"inLanguage\":\"pl-PL\",\"potentialAction\":[{\"@type\":\"CommentAction\",\"name\":\"Comment\",\"target\":[\"https:\\\/\\\/fotografiadlaciekawych.pl\\\/index.php\\\/2014\\\/08\\\/28\\\/lisi-jar-zdjecia\\\/#respond\"]}]},{\"@type\":\"WebPage\",\"@id\":\"https:\\\/\\\/fotografiadlaciekawych.pl\\\/index.php\\\/2014\\\/08\\\/28\\\/lisi-jar-zdjecia\\\/\",\"url\":\"https:\\\/\\\/fotografiadlaciekawych.pl\\\/index.php\\\/2014\\\/08\\\/28\\\/lisi-jar-zdjecia\\\/\",\"name\":\"Lisi Jar - zdj\u0119cia\",\"isPartOf\":{\"@id\":\"https:\\\/\\\/fotografiadlaciekawych.pl\\\/#website\"},\"primaryImageOfPage\":{\"@id\":\"https:\\\/\\\/fotografiadlaciekawych.pl\\\/index.php\\\/2014\\\/08\\\/28\\\/lisi-jar-zdjecia\\\/#primaryimage\"},\"image\":{\"@id\":\"https:\\\/\\\/fotografiadlaciekawych.pl\\\/index.php\\\/2014\\\/08\\\/28\\\/lisi-jar-zdjecia\\\/#primaryimage\"},\"thumbnailUrl\":\"http:\\\/\\\/fotografiadlaciekawych.pl\\\/wp-content\\\/uploads\\\/2014\\\/08\\\/Lisi_Jar_4002_850-400x266.jpg\",\"datePublished\":\"2014-08-28T10:13:11+00:00\",\"dateModified\":\"2014-08-28T10:16:51+00:00\",\"description\":\"Lisi Jar to w\u0105w\u00f3z poro\u015bni\u0119ty wysokimi bukami. Drzewa rosn\u0105 na stromych zboczach cz\u0119sto ods\u0142aniaj\u0105c pogmatwan\u0105 sie\u0107 korzeni. Ciekawe miejsce na zdj\u0119cia.\",\"breadcrumb\":{\"@id\":\"https:\\\/\\\/fotografiadlaciekawych.pl\\\/index.php\\\/2014\\\/08\\\/28\\\/lisi-jar-zdjecia\\\/#breadcrumb\"},\"inLanguage\":\"pl-PL\",\"potentialAction\":[{\"@type\":\"ReadAction\",\"target\":[\"https:\\\/\\\/fotografiadlaciekawych.pl\\\/index.php\\\/2014\\\/08\\\/28\\\/lisi-jar-zdjecia\\\/\"]}]},{\"@type\":\"ImageObject\",\"inLanguage\":\"pl-PL\",\"@id\":\"https:\\\/\\\/fotografiadlaciekawych.pl\\\/index.php\\\/2014\\\/08\\\/28\\\/lisi-jar-zdjecia\\\/#primaryimage\",\"url\":\"https:\\\/\\\/fotografiadlaciekawych.pl\\\/wp-content\\\/uploads\\\/2014\\\/08\\\/Lisi_Jar_4002_850.jpg\",\"contentUrl\":\"https:\\\/\\\/fotografiadlaciekawych.pl\\\/wp-content\\\/uploads\\\/2014\\\/08\\\/Lisi_Jar_4002_850.jpg\",\"width\":850,\"height\":567},{\"@type\":\"BreadcrumbList\",\"@id\":\"https:\\\/\\\/fotografiadlaciekawych.pl\\\/index.php\\\/2014\\\/08\\\/28\\\/lisi-jar-zdjecia\\\/#breadcrumb\",\"itemListElement\":[{\"@type\":\"ListItem\",\"position\":1,\"name\":\"Home\",\"item\":\"https:\\\/\\\/fotografiadlaciekawych.pl\\\/\"},{\"@type\":\"ListItem\",\"position\":2,\"name\":\"Lisi Jar &#8211; zdj\u0119cia\"}]},{\"@type\":\"WebSite\",\"@id\":\"https:\\\/\\\/fotografiadlaciekawych.pl\\\/#website\",\"url\":\"https:\\\/\\\/fotografiadlaciekawych.pl\\\/\",\"name\":\"Fotografia dla ciekawych\",\"description\":\"Blog prowadzony od 2008 r.\",\"publisher\":{\"@id\":\"https:\\\/\\\/fotografiadlaciekawych.pl\\\/#\\\/schema\\\/person\\\/a9c16bf51d40163ef50c7170ff56de4d\"},\"potentialAction\":[{\"@type\":\"SearchAction\",\"target\":{\"@type\":\"EntryPoint\",\"urlTemplate\":\"https:\\\/\\\/fotografiadlaciekawych.pl\\\/?s={search_term_string}\"},\"query-input\":{\"@type\":\"PropertyValueSpecification\",\"valueRequired\":true,\"valueName\":\"search_term_string\"}}],\"inLanguage\":\"pl-PL\"},{\"@type\":[\"Person\",\"Organization\"],\"@id\":\"https:\\\/\\\/fotografiadlaciekawych.pl\\\/#\\\/schema\\\/person\\\/a9c16bf51d40163ef50c7170ff56de4d\",\"name\":\"Przemys\u0142aw Oziemblewski\",\"image\":{\"@type\":\"ImageObject\",\"inLanguage\":\"pl-PL\",\"@id\":\"https:\\\/\\\/fotografiadlaciekawych.pl\\\/wp-content\\\/uploads\\\/2020\\\/12\\\/przemek-oziemblewski-250px.jpg\",\"url\":\"https:\\\/\\\/fotografiadlaciekawych.pl\\\/wp-content\\\/uploads\\\/2020\\\/12\\\/przemek-oziemblewski-250px.jpg\",\"contentUrl\":\"https:\\\/\\\/fotografiadlaciekawych.pl\\\/wp-content\\\/uploads\\\/2020\\\/12\\\/przemek-oziemblewski-250px.jpg\",\"width\":250,\"height\":250,\"caption\":\"Przemys\u0142aw Oziemblewski\"},\"logo\":{\"@id\":\"https:\\\/\\\/fotografiadlaciekawych.pl\\\/wp-content\\\/uploads\\\/2020\\\/12\\\/przemek-oziemblewski-250px.jpg\"},\"sameAs\":[\"http:\\\/\\\/fotografiadlaciekawych.pl\",\"https:\\\/\\\/www.facebook.com\\\/przemyslaw.oziemblewski\",\"https:\\\/\\\/www.instagram.com\\\/p.oziemblewski\\\/\",\"https:\\\/\\\/www.pinterest.com\\\/fotodcpl\\\/\",\"https:\\\/\\\/youtube.com\\\/@PrzemyslawOziemblewski\"]}]}<\/script>\n<!-- \/ Yoast SEO plugin. -->","yoast_head_json":{"title":"Lisi Jar - zdj\u0119cia","description":"Lisi Jar to w\u0105w\u00f3z poro\u015bni\u0119ty wysokimi bukami. Drzewa rosn\u0105 na stromych zboczach cz\u0119sto ods\u0142aniaj\u0105c pogmatwan\u0105 sie\u0107 korzeni. Ciekawe miejsce na zdj\u0119cia.","robots":{"index":"index","follow":"follow","max-snippet":"max-snippet:-1","max-image-preview":"max-image-preview:large","max-video-preview":"max-video-preview:-1"},"canonical":"https:\/\/fotografiadlaciekawych.pl\/index.php\/2014\/08\/28\/lisi-jar-zdjecia\/","og_locale":"pl_PL","og_type":"article","og_title":"Lisi Jar - zdj\u0119cia","og_description":"Lisi Jar to w\u0105w\u00f3z poro\u015bni\u0119ty wysokimi bukami. Drzewa rosn\u0105 na stromych zboczach cz\u0119sto ods\u0142aniaj\u0105c pogmatwan\u0105 sie\u0107 korzeni. Ciekawe miejsce na zdj\u0119cia.","og_url":"https:\/\/fotografiadlaciekawych.pl\/index.php\/2014\/08\/28\/lisi-jar-zdjecia\/","og_site_name":"Fotografia dla ciekawych","article_publisher":"https:\/\/www.facebook.com\/przemyslaw.oziemblewski","article_author":"https:\/\/www.facebook.com\/przemyslaw.oziemblewski","article_published_time":"2014-08-28T10:13:11+00:00","article_modified_time":"2014-08-28T10:16:51+00:00","og_image":[{"url":"http:\/\/fotografiadlaciekawych.pl\/wp-content\/uploads\/2014\/08\/Lisi_Jar_4002_850-400x266.jpg","type":"","width":"","height":""}],"author":"Przemys\u0142aw Oziemblewski","twitter_misc":{"Napisane przez":"Przemys\u0142aw Oziemblewski"},"schema":{"@context":"https:\/\/schema.org","@graph":[{"@type":"Article","@id":"https:\/\/fotografiadlaciekawych.pl\/index.php\/2014\/08\/28\/lisi-jar-zdjecia\/#article","isPartOf":{"@id":"https:\/\/fotografiadlaciekawych.pl\/index.php\/2014\/08\/28\/lisi-jar-zdjecia\/"},"author":{"name":"Przemys\u0142aw Oziemblewski","@id":"https:\/\/fotografiadlaciekawych.pl\/#\/schema\/person\/a9c16bf51d40163ef50c7170ff56de4d"},"headline":"Lisi Jar &#8211; zdj\u0119cia","datePublished":"2014-08-28T10:13:11+00:00","dateModified":"2014-08-28T10:16:51+00:00","mainEntityOfPage":{"@id":"https:\/\/fotografiadlaciekawych.pl\/index.php\/2014\/08\/28\/lisi-jar-zdjecia\/"},"wordCount":66,"commentCount":2,"publisher":{"@id":"https:\/\/fotografiadlaciekawych.pl\/#\/schema\/person\/a9c16bf51d40163ef50c7170ff56de4d"},"image":{"@id":"https:\/\/fotografiadlaciekawych.pl\/index.php\/2014\/08\/28\/lisi-jar-zdjecia\/#primaryimage"},"thumbnailUrl":"http:\/\/fotografiadlaciekawych.pl\/wp-content\/uploads\/2014\/08\/Lisi_Jar_4002_850-400x266.jpg","keywords":["Lisi Jar","plener"],"articleSection":["Zdj\u0119cia"],"inLanguage":"pl-PL","potentialAction":[{"@type":"CommentAction","name":"Comment","target":["https:\/\/fotografiadlaciekawych.pl\/index.php\/2014\/08\/28\/lisi-jar-zdjecia\/#respond"]}]},{"@type":"WebPage","@id":"https:\/\/fotografiadlaciekawych.pl\/index.php\/2014\/08\/28\/lisi-jar-zdjecia\/","url":"https:\/\/fotografiadlaciekawych.pl\/index.php\/2014\/08\/28\/lisi-jar-zdjecia\/","name":"Lisi Jar - zdj\u0119cia","isPartOf":{"@id":"https:\/\/fotografiadlaciekawych.pl\/#website"},"primaryImageOfPage":{"@id":"https:\/\/fotografiadlaciekawych.pl\/index.php\/2014\/08\/28\/lisi-jar-zdjecia\/#primaryimage"},"image":{"@id":"https:\/\/fotografiadlaciekawych.pl\/index.php\/2014\/08\/28\/lisi-jar-zdjecia\/#primaryimage"},"thumbnailUrl":"http:\/\/fotografiadlaciekawych.pl\/wp-content\/uploads\/2014\/08\/Lisi_Jar_4002_850-400x266.jpg","datePublished":"2014-08-28T10:13:11+00:00","dateModified":"2014-08-28T10:16:51+00:00","description":"Lisi Jar to w\u0105w\u00f3z poro\u015bni\u0119ty wysokimi bukami. Drzewa rosn\u0105 na stromych zboczach cz\u0119sto ods\u0142aniaj\u0105c pogmatwan\u0105 sie\u0107 korzeni. Ciekawe miejsce na zdj\u0119cia.","breadcrumb":{"@id":"https:\/\/fotografiadlaciekawych.pl\/index.php\/2014\/08\/28\/lisi-jar-zdjecia\/#breadcrumb"},"inLanguage":"pl-PL","potentialAction":[{"@type":"ReadAction","target":["https:\/\/fotografiadlaciekawych.pl\/index.php\/2014\/08\/28\/lisi-jar-zdjecia\/"]}]},{"@type":"ImageObject","inLanguage":"pl-PL","@id":"https:\/\/fotografiadlaciekawych.pl\/index.php\/2014\/08\/28\/lisi-jar-zdjecia\/#primaryimage","url":"https:\/\/fotografiadlaciekawych.pl\/wp-content\/uploads\/2014\/08\/Lisi_Jar_4002_850.jpg","contentUrl":"https:\/\/fotografiadlaciekawych.pl\/wp-content\/uploads\/2014\/08\/Lisi_Jar_4002_850.jpg","width":850,"height":567},{"@type":"BreadcrumbList","@id":"https:\/\/fotografiadlaciekawych.pl\/index.php\/2014\/08\/28\/lisi-jar-zdjecia\/#breadcrumb","itemListElement":[{"@type":"ListItem","position":1,"name":"Home","item":"https:\/\/fotografiadlaciekawych.pl\/"},{"@type":"ListItem","position":2,"name":"Lisi Jar &#8211; zdj\u0119cia"}]},{"@type":"WebSite","@id":"https:\/\/fotografiadlaciekawych.pl\/#website","url":"https:\/\/fotografiadlaciekawych.pl\/","name":"Fotografia dla ciekawych","description":"Blog prowadzony od 2008 r.","publisher":{"@id":"https:\/\/fotografiadlaciekawych.pl\/#\/schema\/person\/a9c16bf51d40163ef50c7170ff56de4d"},"potentialAction":[{"@type":"SearchAction","target":{"@type":"EntryPoint","urlTemplate":"https:\/\/fotografiadlaciekawych.pl\/?s={search_term_string}"},"query-input":{"@type":"PropertyValueSpecification","valueRequired":true,"valueName":"search_term_string"}}],"inLanguage":"pl-PL"},{"@type":["Person","Organization"],"@id":"https:\/\/fotografiadlaciekawych.pl\/#\/schema\/person\/a9c16bf51d40163ef50c7170ff56de4d","name":"Przemys\u0142aw Oziemblewski","image":{"@type":"ImageObject","inLanguage":"pl-PL","@id":"https:\/\/fotografiadlaciekawych.pl\/wp-content\/uploads\/2020\/12\/przemek-oziemblewski-250px.jpg","url":"https:\/\/fotografiadlaciekawych.pl\/wp-content\/uploads\/2020\/12\/przemek-oziemblewski-250px.jpg","contentUrl":"https:\/\/fotografiadlaciekawych.pl\/wp-content\/uploads\/2020\/12\/przemek-oziemblewski-250px.jpg","width":250,"height":250,"caption":"Przemys\u0142aw Oziemblewski"},"logo":{"@id":"https:\/\/fotografiadlaciekawych.pl\/wp-content\/uploads\/2020\/12\/przemek-oziemblewski-250px.jpg"},"sameAs":["http:\/\/fotografiadlaciekawych.pl","https:\/\/www.facebook.com\/przemyslaw.oziemblewski","https:\/\/www.instagram.com\/p.oziemblewski\/","https:\/\/www.pinterest.com\/fotodcpl\/","https:\/\/youtube.com\/@PrzemyslawOziemblewski"]}]}},"jetpack_publicize_connections":[],"jetpack_sharing_enabled":true,"jetpack-related-posts":[{"id":7718,"url":"https:\/\/fotografiadlaciekawych.pl\/index.php\/2014\/08\/07\/zachod-slonca-2\/","url_meta":{"origin":7769,"position":0},"title":"Jeszcze jeden zach\u00f3d s\u0142o\u0144ca","author":"Przemys\u0142aw Oziemblewski","date":"czwartek, 7 sie 2014","format":false,"excerpt":"Jeszcze jeden zach\u00f3d s\u0142o\u0144ca w Jastrz\u0119biej G\u00f3rze. To miejsce jest dobre na plener fotograficzny. S\u0105 kamienie w morzu. Jest skarpa do fotografowania z wysoko\u015bci i jest jeszcze Lisi Jar, kt\u00f3ry poka\u017c\u0119 w jednym z kolejnych wpis\u00f3w.","rel":"","context":"W \u201eGaleria jednego zdj\u0119cia&quot;","block_context":{"text":"Galeria jednego zdj\u0119cia","link":"https:\/\/fotografiadlaciekawych.pl\/index.php\/category\/galeria-jednego-zdjecia\/"},"img":{"alt_text":"Zach\u00f3d s\u0142o\u0144ca w Jastrz\u0119biej G\u00f3rze","src":"https:\/\/i0.wp.com\/fotografiadlaciekawych.pl\/wp-content\/uploads\/2014\/08\/zachod-slonca_4414_850-400x400.jpg?resize=350%2C200","width":350,"height":200},"classes":[]},{"id":2023,"url":"https:\/\/fotografiadlaciekawych.pl\/index.php\/2010\/02\/26\/fajne-zdjecia-dzisiaj-widzialem\/","url_meta":{"origin":7769,"position":1},"title":"Fajne zdj\u0119cia dzisiaj widzia\u0142em","author":"Przemys\u0142aw Oziemblewski","date":"pi\u0105tek, 26 lut 2010","format":false,"excerpt":"Zdj\u0119cia pod linkami: Najlepsze grafiki i zdj\u0119cia naukowe Bothanica - niesamowite przedstawienie teatralne Warto zobaczy\u0107.","rel":"","context":"W \u201eStrony Internetowe&quot;","block_context":{"text":"Strony Internetowe","link":"https:\/\/fotografiadlaciekawych.pl\/index.php\/category\/strony-internetowe\/"},"img":{"alt_text":"","src":"","width":0,"height":0},"classes":[]},{"id":14563,"url":"https:\/\/fotografiadlaciekawych.pl\/index.php\/2020\/06\/10\/12-wieczornych-zdjec-z-chodziezy-z-parametrami-ekspozycji\/","url_meta":{"origin":7769,"position":2},"title":"12 wieczornych zdj\u0119\u0107 z Chodzie\u017cy z parametrami ekspozycji","author":"Przemys\u0142aw Oziemblewski","date":"\u015broda, 10 cze 2020","format":false,"excerpt":"Pogod\u0119 mamy mocno zmienn\u0105, ale czasami pojawiaj\u0105 si\u0119 ciekawe zachody s\u0142o\u0144ca. Teraz nawet do\u015b\u0107 d\u0142ugo po zachodzie niebo jest jeszcze roz\u015bwietlone. Jest wi\u0119c wi\u0119cej czasu na skomponowanie uj\u0119cia i nie trzeba tak goni\u0107 za \u015bwiat\u0142em :-). Dzi\u0119ki temu mo\u017cesz z\u0142apa\u0107 kadry z kilku upatrzonych wcze\u015bniej miejsc. W za\u0142\u0105czeniu kilka ostatnio\u2026","rel":"","context":"W \u201eZdj\u0119cia&quot;","block_context":{"text":"Zdj\u0119cia","link":"https:\/\/fotografiadlaciekawych.pl\/index.php\/category\/zdjecia\/"},"img":{"alt_text":"Wieczorne zdj\u0119cia z Chodzie\u017cy","src":"https:\/\/i0.wp.com\/fotografiadlaciekawych.pl\/wp-content\/uploads\/2020\/06\/200608_IMG_8030_1000px.jpg?resize=350%2C200&ssl=1","width":350,"height":200,"srcset":"https:\/\/i0.wp.com\/fotografiadlaciekawych.pl\/wp-content\/uploads\/2020\/06\/200608_IMG_8030_1000px.jpg?resize=350%2C200&ssl=1 1x, https:\/\/i0.wp.com\/fotografiadlaciekawych.pl\/wp-content\/uploads\/2020\/06\/200608_IMG_8030_1000px.jpg?resize=525%2C300&ssl=1 1.5x, https:\/\/i0.wp.com\/fotografiadlaciekawych.pl\/wp-content\/uploads\/2020\/06\/200608_IMG_8030_1000px.jpg?resize=700%2C400&ssl=1 2x"},"classes":[]},{"id":16793,"url":"https:\/\/fotografiadlaciekawych.pl\/index.php\/2022\/07\/21\/zdjecia-malowane-swiatlem-nocne-machanie-swiatelkami-nad-morzem\/","url_meta":{"origin":7769,"position":3},"title":"Zdj\u0119cia malowane \u015bwiat\u0142em &#8211; nocne machanie \u015bwiate\u0142kami nad morzem","author":"Przemys\u0142aw Oziemblewski","date":"czwartek, 21 lip 2022","format":false,"excerpt":"Ostatni wypad nad morze by\u0142 owocny w zdj\u0119cia malowane \u015bwiat\u0142em oraz inne kadry \u0142apane z d\u0142ugim czasem na\u015bwietlania. Zapraszam do obejrzenia efekt\u00f3w nocnego machania \u015bwiate\u0142kami. Zdj\u0119cia malowane \u015bwiat\u0142em Zdj\u0119cia na pla\u017cy Zdj\u0119cia na molo Je\u015bli chcesz poczyta\u0107 jak zacz\u0105\u0107 malowa\u0107 \u015bwiat\u0142em i zobaczy\u0107 wi\u0119cej zdj\u0119\u0107, to zapraszam do wpisu Malowanie\u2026","rel":"","context":"W \u201eZdj\u0119cia&quot;","block_context":{"text":"Zdj\u0119cia","link":"https:\/\/fotografiadlaciekawych.pl\/index.php\/category\/zdjecia\/"},"img":{"alt_text":"Wielobarwna kula \u015bwietlna - malowanie \u015bwiat\u0142em","src":"https:\/\/i0.wp.com\/fotografiadlaciekawych.pl\/wp-content\/uploads\/2020\/04\/malowanie-swiatlem-220608_IMG_2670_1000px.jpg?resize=350%2C200&ssl=1","width":350,"height":200,"srcset":"https:\/\/i0.wp.com\/fotografiadlaciekawych.pl\/wp-content\/uploads\/2020\/04\/malowanie-swiatlem-220608_IMG_2670_1000px.jpg?resize=350%2C200&ssl=1 1x, https:\/\/i0.wp.com\/fotografiadlaciekawych.pl\/wp-content\/uploads\/2020\/04\/malowanie-swiatlem-220608_IMG_2670_1000px.jpg?resize=525%2C300&ssl=1 1.5x, https:\/\/i0.wp.com\/fotografiadlaciekawych.pl\/wp-content\/uploads\/2020\/04\/malowanie-swiatlem-220608_IMG_2670_1000px.jpg?resize=700%2C400&ssl=1 2x"},"classes":[]},{"id":2415,"url":"https:\/\/fotografiadlaciekawych.pl\/index.php\/2010\/05\/07\/zdjecia-makro-kropel-wody\/","url_meta":{"origin":7769,"position":4},"title":"Zdj\u0119cia makro kropel wody","author":"Przemys\u0142aw Oziemblewski","date":"pi\u0105tek, 7 maj 2010","format":false,"excerpt":"Dzisiaj planowa\u0142em opublikowa\u0107 wieczorne zdj\u0119cia iluminacji ko\u015bcio\u0142a, kt\u00f3re robi\u0142em trzy dni temu, ale mamy tak\u0105 wspania\u0142\u0105 pogod\u0119, \u017ce nie mog\u0142em jej nie wykorzysta\u0107 by sfotografowa\u0107 kropli wody. Poni\u017cej kilka zdj\u0119\u0107 na szybko jeszcze nie obrobionych w programie graficznym.","rel":"","context":"W \u201eZdj\u0119cia&quot;","block_context":{"text":"Zdj\u0119cia","link":"https:\/\/fotografiadlaciekawych.pl\/index.php\/category\/zdjecia\/"},"img":{"alt_text":"","src":"https:\/\/i0.wp.com\/fotografiadlaciekawych.pl\/wp-content\/uploads\/2010\/05\/img_1640-900-400x266.jpg?resize=350%2C200","width":350,"height":200},"classes":[]},{"id":6251,"url":"https:\/\/fotografiadlaciekawych.pl\/index.php\/2013\/07\/06\/czy-jest-sens-robic-zdjecia-bez-celu\/","url_meta":{"origin":7769,"position":5},"title":"Czy jest sens robi\u0107 zdj\u0119cia bez celu?","author":"Przemys\u0142aw Oziemblewski","date":"sobota, 6 lip 2013","format":false,"excerpt":"W fotografii, gdy robisz zdj\u0119cia te\u017c potrzebny jest cel. Czasami jest on konkretny, a czasami ... ... id\u0119 robi\u0107 zdj\u0119cia bez celu. To znaczy nie mam jakiego\u015b konkretnego celu, chc\u0119 zrobi\u0107 jakie\u015b bli\u017cej nieokre\u015blone ciekawe zdj\u0119cie. Rozgl\u0105dam si\u0119, szukam czego\u015b ciekawego, czego\u015b co mnie zainteresuje. I przewa\u017cnie jest tak, \u017ce\u2026","rel":"","context":"W \u201eR\u00f3\u017cne&quot;","block_context":{"text":"R\u00f3\u017cne","link":"https:\/\/fotografiadlaciekawych.pl\/index.php\/category\/rozne\/"},"img":{"alt_text":"Przestrze\u0144","src":"https:\/\/i0.wp.com\/fotografiadlaciekawych.pl\/wp-content\/uploads\/2013\/07\/IMG_4409800-400x266.jpg?resize=350%2C200","width":350,"height":200},"classes":[]}],"jetpack_featured_media_url":"","_links":{"self":[{"href":"https:\/\/fotografiadlaciekawych.pl\/index.php\/wp-json\/wp\/v2\/posts\/7769","targetHints":{"allow":["GET"]}}],"collection":[{"href":"https:\/\/fotografiadlaciekawych.pl\/index.php\/wp-json\/wp\/v2\/posts"}],"about":[{"href":"https:\/\/fotografiadlaciekawych.pl\/index.php\/wp-json\/wp\/v2\/types\/post"}],"author":[{"embeddable":true,"href":"https:\/\/fotografiadlaciekawych.pl\/index.php\/wp-json\/wp\/v2\/users\/1"}],"replies":[{"embeddable":true,"href":"https:\/\/fotografiadlaciekawych.pl\/index.php\/wp-json\/wp\/v2\/comments?post=7769"}],"version-history":[{"count":2,"href":"https:\/\/fotografiadlaciekawych.pl\/index.php\/wp-json\/wp\/v2\/posts\/7769\/revisions"}],"predecessor-version":[{"id":7779,"href":"https:\/\/fotografiadlaciekawych.pl\/index.php\/wp-json\/wp\/v2\/posts\/7769\/revisions\/7779"}],"wp:attachment":[{"href":"https:\/\/fotografiadlaciekawych.pl\/index.php\/wp-json\/wp\/v2\/media?parent=7769"}],"wp:term":[{"taxonomy":"category","embeddable":true,"href":"https:\/\/fotografiadlaciekawych.pl\/index.php\/wp-json\/wp\/v2\/categories?post=7769"},{"taxonomy":"post_tag","embeddable":true,"href":"https:\/\/fotografiadlaciekawych.pl\/index.php\/wp-json\/wp\/v2\/tags?post=7769"}],"curies":[{"name":"wp","href":"https:\/\/api.w.org\/{rel}","templated":true}]}}