{"id":7988,"date":"2014-11-24T14:27:30","date_gmt":"2014-11-24T13:27:30","guid":{"rendered":"http:\/\/fotografiadlaciekawych.pl\/?p=7988"},"modified":"2017-12-05T15:40:24","modified_gmt":"2017-12-05T14:40:24","slug":"kalendarz-2015-do-pobrania","status":"publish","type":"post","link":"https:\/\/fotografiadlaciekawych.pl\/index.php\/2014\/11\/24\/kalendarz-2015-do-pobrania\/","title":{"rendered":"Kalendarz 2015 do pobrania"},"content":{"rendered":"<p>Ju\u017c cz\u0119\u015b\u0107 os\u00f3b dopomina\u0142o si\u0119 o kalendarz 2015 do pobrania. Tak wi\u0119c wzorem lat poprzednich udost\u0119pniam. Mo\u017cesz je wykorzysta\u0107 do stworzenia w\u0142asnego kalendarza. S\u0105 wersje roczne i w uk\u0142adzie miesi\u0119cznym, na ca\u0142\u0105 stron\u0119 lub z pozostawionym miejscem na w\u0142asn\u0105 tw\u00f3rczo\u015b\u0107. Kalendaria s\u0105 darmowe i mo\u017cesz je wykorzysta\u0107 jak tylko chcesz. Tak wi\u0119c s\u0105 4 wersje kalendarza na 2015 do pobrania i wydrukowania.<\/p>\n<p><strong>1. Uk\u0142ad pionowy z woln\u0105 przestrzeni\u0105 na w\u0142asn\u0105 tw\u00f3rczo\u015b\u0107, \u015bwi\u0119ta, fazy ksi\u0119\u017cyca, czytelna czcionka cyfr, kalendaria miesi\u0119czne<\/strong><br \/>\n<a href=\"https:\/\/fotografiadlaciekawych.pl\/wp-content\/uploads\/2014\/11\/kalendarz-2015-do-pobrania-miesieczny2.gif\" rel=\"lightbox\"><img loading=\"lazy\" decoding=\"async\" src=\"https:\/\/fotografiadlaciekawych.pl\/wp-content\/uploads\/2014\/11\/kalendarz-2015-do-pobrania-miesieczny2-281x400.gif\" alt=\"Kalendarz 2015 do pobrania - uk\u0142ad miesi\u0119czny\" width=\"281\" height=\"400\" class=\"alignnone size-medium wp-image-7989\" \/><\/a><br \/>\n<!--more--><a href=\"https:\/\/www.dropbox.com\/s\/zjwowx1yc46drhs\/kalendarz2015-12mcy-v2.pdf?dl=0\" title=\"Kalendarz 2015 - uk\u0142ad miesi\u0119czny\" target=\"_blank\">Plik do pobrania \u2013 Kalendarz 2015 \u2013 kalendaria miesi\u0119czne \u2013 format PDF<\/a><\/p>\n<p><strong>2. Uk\u0142ad pionowy z woln\u0105 przestrzeni\u0105 na w\u0142asn\u0105 tw\u00f3rczo\u015b\u0107, czytelna czcionka cyfr, kalendarium roczne<\/strong><br \/>\n<a href=\"https:\/\/fotografiadlaciekawych.pl\/wp-content\/uploads\/2014\/11\/kalendarz-2015-do-pobrania-roczny2.gif\" rel=\"lightbox\"><img loading=\"lazy\" decoding=\"async\" src=\"https:\/\/fotografiadlaciekawych.pl\/wp-content\/uploads\/2014\/11\/kalendarz-2015-do-pobrania-roczny2-283x400.gif\" alt=\"Kalendarz 2015 do pobrania - uk\u0142ad roczny\" width=\"283\" height=\"400\" class=\"alignnone size-medium wp-image-7991\" \/><\/a><br \/>\n<a href=\"https:\/\/www.dropbox.com\/s\/1yisvixjq502jhy\/kalendarz2015-1rok-v2.pdf?dl=0\" title=\"Kalendarz 2015 - uk\u0142ad roczny\" target=\"_blank\">Plik do pobrania \u2013 Kalendarz 2015 \u2013 kalendarium roczne \u2013 format PDF<\/a><\/p>\n<p>3. Dla czytelnik\u00f3w newslettera przygotowa\u0142em dodatkowe wersji na ca\u0142\u0105 stron\u0119 oraz pierwsze dwie wersje w formacie do edycji DOC. <\/p>\n<p>Kalendarz 2015 \u2013 uk\u0142ad poziomy na ca\u0142\u0105 stron\u0119 \u2013 kalendaria miesi\u0119czne<br \/>\n<a href=\"https:\/\/fotografiadlaciekawych.pl\/wp-content\/uploads\/2014\/11\/kalendarz-2015-do-pobrania-miesieczny.gif\" rel=\"lightbox\"><img loading=\"lazy\" decoding=\"async\" src=\"https:\/\/fotografiadlaciekawych.pl\/wp-content\/uploads\/2014\/11\/kalendarz-2015-do-pobrania-miesieczny-400x277.gif\" alt=\"Kalendarz 2015 do pobrania - uk\u0142ad miesi\u0119czny na ca\u0142\u0105 stron\u0119kalendarz-2015-do-pobrania-miesieczny\" width=\"400\" height=\"277\" class=\"alignnone size-medium wp-image-7990\" \/><\/a><\/p>\n<p>Kalendarz 2015 \u2013 uk\u0142ad poziomy na ca\u0142\u0105 stron\u0119 \u2013 kalendarium roczne<br \/>\n<a href=\"https:\/\/fotografiadlaciekawych.pl\/wp-content\/uploads\/2014\/11\/kalendarz-2015-do-pobrania-roczny.gif\" rel=\"lightbox\"><img loading=\"lazy\" decoding=\"async\" src=\"https:\/\/fotografiadlaciekawych.pl\/wp-content\/uploads\/2014\/11\/kalendarz-2015-do-pobrania-roczny-400x279.gif\" alt=\"Kalendarz 2015 do pobrania - uk\u0142ad roczny na ca\u0142\u0105 stron\u0119\" width=\"400\" height=\"279\" class=\"alignnone size-medium wp-image-7992\" \/><\/a><\/p>\n<p>Tak jak wspomnia\u0142em pierwsze dwa kalendaria dodatkowo s\u0105 jeszcze dost\u0119pne w formacie DOC, by\u015b m\u00f3g\u0142\/mog\u0142a \u0142atwiej wzbogaci\u0107 je o w\u0142asne elementy. Jest to format do edytowania np. w programie MS Office Word. Pliki zosta\u0142y otworzone w wersji Worda 2007. W odr\u00f3\u017cnieniu od wydania z zesz\u0142ego roku kalendaria zosta\u0142y osadzone w nim nie jako bitmapa, kt\u00f3rej nie mo\u017cna bezpo\u015brednio zmienia\u0107, ale jako plik wektorowy, kt\u00f3ry teoretycznie powinno da\u0107 si\u0119 modyfikowa\u0107. Nie daj\u0119 jednak na to gwarancji, bo to mo\u017ce by\u0107 r\u00f3\u017cnie w r\u00f3\u017cnych wersjach oprogramowania. Po prostu jak ju\u017c b\u0119dziesz mia\u0142 wersj\u0119 DOC otw\u00f3rz j\u0105 w programie i kliknij prawym klawiszem myszy na kalendarium i z menu kontekstowego wybierz &#8222;Edytuj obraz&#8221;. Jest du\u017ca szansa, \u017ce b\u0119dziesz m\u00f3g\u0142\/mog\u0142a wtedy np. dodawa\u0107 w\u0142asne \u015bwi\u0119ta itp.<\/p>\n<p>Natomiast wszystkie wersje s\u0105 dost\u0119pne w \u0142atwym do wydrukowania  formacie PDF. <strong>Je\u015bli jeste\u015b czytelnikiem mojego newslettera, to paczk\u0119 z tymi wszystkimi plikami znajdziesz w emailu z dnia 21.11.2015 r. A je\u015bli chcesz si\u0119 zapisa\u0107 na newsletter i otrzyma\u0107 te wszystkie pliki, to link do formularza znajdziesz poni\u017cej.<\/strong> W pierwszym emailu zaraz po potwierdzeniu Twojego adresu email otrzymasz dost\u0119p do tych plik\u00f3w oraz dodatkowo darmowy ebook <a href=\"https:\/\/fotografiadlaciekawych.pl\/index.php\/ebook\/\" title=\"Fotografia dla ciekawych\">Fotografia dla ciekawych<\/a>.<\/p>\n<p><a href=\"https:\/\/fotografiadlaciekawych.pl\/index.php\/pakiet-powitalny\/\"><input style=\"clear:both; display:block; width:500px; margin-top:15px;\" type=\"submit\" value=\"Przejd\u017a do zapis\u00f3w na newsletter i na dodatkowe materia\u0142y\"><\/a><\/p>\n","protected":false},"excerpt":{"rendered":"<p>Ju\u017c cz\u0119\u015b\u0107 os\u00f3b dopomina\u0142o si\u0119 o kalendarz 2015 do pobrania. Tak wi\u0119c wzorem lat poprzednich udost\u0119pniam. Mo\u017cesz je wykorzysta\u0107 do stworzenia w\u0142asnego kalendarza. S\u0105 wersje roczne i w uk\u0142adzie miesi\u0119cznym, na ca\u0142\u0105 stron\u0119 lub z pozostawionym miejscem na w\u0142asn\u0105 tw\u00f3rczo\u015b\u0107. Kalendaria s\u0105 darmowe i mo\u017cesz je wykorzysta\u0107 jak tylko chcesz. Tak wi\u0119c s\u0105 4 wersje &hellip; <a href=\"https:\/\/fotografiadlaciekawych.pl\/index.php\/2014\/11\/24\/kalendarz-2015-do-pobrania\/\" class=\"more-link\">Czytaj dalej <span class=\"screen-reader-text\">Kalendarz 2015 do pobrania<\/span> <span class=\"meta-nav\">&rarr;<\/span><\/a><\/p>\n","protected":false},"author":1,"featured_media":0,"comment_status":"open","ping_status":"open","sticky":false,"template":"","format":"standard","meta":{"jetpack_post_was_ever_published":false,"_jetpack_newsletter_access":"","_jetpack_dont_email_post_to_subs":false,"_jetpack_newsletter_tier_id":0,"_jetpack_memberships_contains_paywalled_content":false,"_jetpack_memberships_contains_paid_content":false,"footnotes":"","jetpack_publicize_message":"","jetpack_publicize_feature_enabled":true,"jetpack_social_post_already_shared":false,"jetpack_social_options":{"image_generator_settings":{"template":"highway","default_image_id":0,"font":"","enabled":false},"version":2}},"categories":[171],"tags":[791,594,258,257],"class_list":["post-7988","post","type-post","status-publish","format-standard","hentry","category-kalendarz","tag-791","tag-do-pobrania","tag-do-wydrukowania","tag-kalendaria"],"yoast_head":"<!-- This site is optimized with the Yoast SEO plugin v27.3 - https:\/\/yoast.com\/product\/yoast-seo-wordpress\/ -->\n<title>Kalendarz 2015 do pobrania<\/title>\n<meta name=\"description\" content=\"Ju\u017c cz\u0119\u015b\u0107 os\u00f3b dopomina\u0142o si\u0119 o kalendarz 2015 do pobrania. Tak wi\u0119c udost\u0119pniam 4 wersje. Mo\u017cesz je wykorzysta\u0107 do stworzenia w\u0142asnego kalendarza.\" \/>\n<meta name=\"robots\" content=\"index, follow, max-snippet:-1, max-image-preview:large, max-video-preview:-1\" \/>\n<link rel=\"canonical\" href=\"https:\/\/fotografiadlaciekawych.pl\/index.php\/2014\/11\/24\/kalendarz-2015-do-pobrania\/\" \/>\n<meta property=\"og:locale\" content=\"pl_PL\" \/>\n<meta property=\"og:type\" content=\"article\" \/>\n<meta property=\"og:title\" content=\"Kalendarz 2015 do pobrania\" \/>\n<meta property=\"og:description\" content=\"Ju\u017c cz\u0119\u015b\u0107 os\u00f3b dopomina\u0142o si\u0119 o kalendarz 2015 do pobrania. Tak wi\u0119c udost\u0119pniam 4 wersje. Mo\u017cesz je wykorzysta\u0107 do stworzenia w\u0142asnego kalendarza.\" \/>\n<meta property=\"og:url\" content=\"https:\/\/fotografiadlaciekawych.pl\/index.php\/2014\/11\/24\/kalendarz-2015-do-pobrania\/\" \/>\n<meta property=\"og:site_name\" content=\"Fotografia dla ciekawych\" \/>\n<meta property=\"article:publisher\" content=\"https:\/\/www.facebook.com\/przemyslaw.oziemblewski\" \/>\n<meta property=\"article:author\" content=\"https:\/\/www.facebook.com\/przemyslaw.oziemblewski\" \/>\n<meta property=\"article:published_time\" content=\"2014-11-24T13:27:30+00:00\" \/>\n<meta property=\"article:modified_time\" content=\"2017-12-05T14:40:24+00:00\" \/>\n<meta property=\"og:image\" content=\"http:\/\/fotografiadlaciekawych.pl\/wp-content\/uploads\/2014\/11\/kalendarz-2015-do-pobrania-miesieczny2-281x400.gif\" \/>\n<meta name=\"author\" content=\"Przemys\u0142aw Oziemblewski\" \/>\n<meta name=\"twitter:label1\" content=\"Napisane przez\" \/>\n\t<meta name=\"twitter:data1\" content=\"Przemys\u0142aw Oziemblewski\" \/>\n\t<meta name=\"twitter:label2\" content=\"Szacowany czas czytania\" \/>\n\t<meta name=\"twitter:data2\" content=\"2 minuty\" \/>\n<script type=\"application\/ld+json\" class=\"yoast-schema-graph\">{\"@context\":\"https:\\\/\\\/schema.org\",\"@graph\":[{\"@type\":\"Article\",\"@id\":\"https:\\\/\\\/fotografiadlaciekawych.pl\\\/index.php\\\/2014\\\/11\\\/24\\\/kalendarz-2015-do-pobrania\\\/#article\",\"isPartOf\":{\"@id\":\"https:\\\/\\\/fotografiadlaciekawych.pl\\\/index.php\\\/2014\\\/11\\\/24\\\/kalendarz-2015-do-pobrania\\\/\"},\"author\":{\"name\":\"Przemys\u0142aw Oziemblewski\",\"@id\":\"https:\\\/\\\/fotografiadlaciekawych.pl\\\/#\\\/schema\\\/person\\\/a9c16bf51d40163ef50c7170ff56de4d\"},\"headline\":\"Kalendarz 2015 do pobrania\",\"datePublished\":\"2014-11-24T13:27:30+00:00\",\"dateModified\":\"2017-12-05T14:40:24+00:00\",\"mainEntityOfPage\":{\"@id\":\"https:\\\/\\\/fotografiadlaciekawych.pl\\\/index.php\\\/2014\\\/11\\\/24\\\/kalendarz-2015-do-pobrania\\\/\"},\"wordCount\":388,\"commentCount\":22,\"publisher\":{\"@id\":\"https:\\\/\\\/fotografiadlaciekawych.pl\\\/#\\\/schema\\\/person\\\/a9c16bf51d40163ef50c7170ff56de4d\"},\"image\":{\"@id\":\"https:\\\/\\\/fotografiadlaciekawych.pl\\\/index.php\\\/2014\\\/11\\\/24\\\/kalendarz-2015-do-pobrania\\\/#primaryimage\"},\"thumbnailUrl\":\"http:\\\/\\\/fotografiadlaciekawych.pl\\\/wp-content\\\/uploads\\\/2014\\\/11\\\/kalendarz-2015-do-pobrania-miesieczny2-281x400.gif\",\"keywords\":[\"2015\",\"do pobrania\",\"do wydrukowania\",\"kalendaria\"],\"articleSection\":[\"Kalendarz\"],\"inLanguage\":\"pl-PL\",\"potentialAction\":[{\"@type\":\"CommentAction\",\"name\":\"Comment\",\"target\":[\"https:\\\/\\\/fotografiadlaciekawych.pl\\\/index.php\\\/2014\\\/11\\\/24\\\/kalendarz-2015-do-pobrania\\\/#respond\"]}]},{\"@type\":\"WebPage\",\"@id\":\"https:\\\/\\\/fotografiadlaciekawych.pl\\\/index.php\\\/2014\\\/11\\\/24\\\/kalendarz-2015-do-pobrania\\\/\",\"url\":\"https:\\\/\\\/fotografiadlaciekawych.pl\\\/index.php\\\/2014\\\/11\\\/24\\\/kalendarz-2015-do-pobrania\\\/\",\"name\":\"Kalendarz 2015 do pobrania\",\"isPartOf\":{\"@id\":\"https:\\\/\\\/fotografiadlaciekawych.pl\\\/#website\"},\"primaryImageOfPage\":{\"@id\":\"https:\\\/\\\/fotografiadlaciekawych.pl\\\/index.php\\\/2014\\\/11\\\/24\\\/kalendarz-2015-do-pobrania\\\/#primaryimage\"},\"image\":{\"@id\":\"https:\\\/\\\/fotografiadlaciekawych.pl\\\/index.php\\\/2014\\\/11\\\/24\\\/kalendarz-2015-do-pobrania\\\/#primaryimage\"},\"thumbnailUrl\":\"http:\\\/\\\/fotografiadlaciekawych.pl\\\/wp-content\\\/uploads\\\/2014\\\/11\\\/kalendarz-2015-do-pobrania-miesieczny2-281x400.gif\",\"datePublished\":\"2014-11-24T13:27:30+00:00\",\"dateModified\":\"2017-12-05T14:40:24+00:00\",\"description\":\"Ju\u017c cz\u0119\u015b\u0107 os\u00f3b dopomina\u0142o si\u0119 o kalendarz 2015 do pobrania. Tak wi\u0119c udost\u0119pniam 4 wersje. Mo\u017cesz je wykorzysta\u0107 do stworzenia w\u0142asnego kalendarza.\",\"breadcrumb\":{\"@id\":\"https:\\\/\\\/fotografiadlaciekawych.pl\\\/index.php\\\/2014\\\/11\\\/24\\\/kalendarz-2015-do-pobrania\\\/#breadcrumb\"},\"inLanguage\":\"pl-PL\",\"potentialAction\":[{\"@type\":\"ReadAction\",\"target\":[\"https:\\\/\\\/fotografiadlaciekawych.pl\\\/index.php\\\/2014\\\/11\\\/24\\\/kalendarz-2015-do-pobrania\\\/\"]}]},{\"@type\":\"ImageObject\",\"inLanguage\":\"pl-PL\",\"@id\":\"https:\\\/\\\/fotografiadlaciekawych.pl\\\/index.php\\\/2014\\\/11\\\/24\\\/kalendarz-2015-do-pobrania\\\/#primaryimage\",\"url\":\"https:\\\/\\\/fotografiadlaciekawych.pl\\\/wp-content\\\/uploads\\\/2014\\\/11\\\/kalendarz-2015-do-pobrania-miesieczny2.gif\",\"contentUrl\":\"https:\\\/\\\/fotografiadlaciekawych.pl\\\/wp-content\\\/uploads\\\/2014\\\/11\\\/kalendarz-2015-do-pobrania-miesieczny2.gif\",\"width\":590,\"height\":837},{\"@type\":\"BreadcrumbList\",\"@id\":\"https:\\\/\\\/fotografiadlaciekawych.pl\\\/index.php\\\/2014\\\/11\\\/24\\\/kalendarz-2015-do-pobrania\\\/#breadcrumb\",\"itemListElement\":[{\"@type\":\"ListItem\",\"position\":1,\"name\":\"Home\",\"item\":\"https:\\\/\\\/fotografiadlaciekawych.pl\\\/\"},{\"@type\":\"ListItem\",\"position\":2,\"name\":\"Kalendarz 2015 do pobrania\"}]},{\"@type\":\"WebSite\",\"@id\":\"https:\\\/\\\/fotografiadlaciekawych.pl\\\/#website\",\"url\":\"https:\\\/\\\/fotografiadlaciekawych.pl\\\/\",\"name\":\"Fotografia dla ciekawych\",\"description\":\"Blog prowadzony od 2008 r.\",\"publisher\":{\"@id\":\"https:\\\/\\\/fotografiadlaciekawych.pl\\\/#\\\/schema\\\/person\\\/a9c16bf51d40163ef50c7170ff56de4d\"},\"potentialAction\":[{\"@type\":\"SearchAction\",\"target\":{\"@type\":\"EntryPoint\",\"urlTemplate\":\"https:\\\/\\\/fotografiadlaciekawych.pl\\\/?s={search_term_string}\"},\"query-input\":{\"@type\":\"PropertyValueSpecification\",\"valueRequired\":true,\"valueName\":\"search_term_string\"}}],\"inLanguage\":\"pl-PL\"},{\"@type\":[\"Person\",\"Organization\"],\"@id\":\"https:\\\/\\\/fotografiadlaciekawych.pl\\\/#\\\/schema\\\/person\\\/a9c16bf51d40163ef50c7170ff56de4d\",\"name\":\"Przemys\u0142aw Oziemblewski\",\"image\":{\"@type\":\"ImageObject\",\"inLanguage\":\"pl-PL\",\"@id\":\"https:\\\/\\\/fotografiadlaciekawych.pl\\\/wp-content\\\/uploads\\\/2020\\\/12\\\/przemek-oziemblewski-250px.jpg\",\"url\":\"https:\\\/\\\/fotografiadlaciekawych.pl\\\/wp-content\\\/uploads\\\/2020\\\/12\\\/przemek-oziemblewski-250px.jpg\",\"contentUrl\":\"https:\\\/\\\/fotografiadlaciekawych.pl\\\/wp-content\\\/uploads\\\/2020\\\/12\\\/przemek-oziemblewski-250px.jpg\",\"width\":250,\"height\":250,\"caption\":\"Przemys\u0142aw Oziemblewski\"},\"logo\":{\"@id\":\"https:\\\/\\\/fotografiadlaciekawych.pl\\\/wp-content\\\/uploads\\\/2020\\\/12\\\/przemek-oziemblewski-250px.jpg\"},\"sameAs\":[\"http:\\\/\\\/fotografiadlaciekawych.pl\",\"https:\\\/\\\/www.facebook.com\\\/przemyslaw.oziemblewski\",\"https:\\\/\\\/www.instagram.com\\\/p.oziemblewski\\\/\",\"https:\\\/\\\/www.pinterest.com\\\/fotodcpl\\\/\",\"https:\\\/\\\/youtube.com\\\/@PrzemyslawOziemblewski\"]}]}<\/script>\n<!-- \/ Yoast SEO plugin. -->","yoast_head_json":{"title":"Kalendarz 2015 do pobrania","description":"Ju\u017c cz\u0119\u015b\u0107 os\u00f3b dopomina\u0142o si\u0119 o kalendarz 2015 do pobrania. Tak wi\u0119c udost\u0119pniam 4 wersje. Mo\u017cesz je wykorzysta\u0107 do stworzenia w\u0142asnego kalendarza.","robots":{"index":"index","follow":"follow","max-snippet":"max-snippet:-1","max-image-preview":"max-image-preview:large","max-video-preview":"max-video-preview:-1"},"canonical":"https:\/\/fotografiadlaciekawych.pl\/index.php\/2014\/11\/24\/kalendarz-2015-do-pobrania\/","og_locale":"pl_PL","og_type":"article","og_title":"Kalendarz 2015 do pobrania","og_description":"Ju\u017c cz\u0119\u015b\u0107 os\u00f3b dopomina\u0142o si\u0119 o kalendarz 2015 do pobrania. Tak wi\u0119c udost\u0119pniam 4 wersje. Mo\u017cesz je wykorzysta\u0107 do stworzenia w\u0142asnego kalendarza.","og_url":"https:\/\/fotografiadlaciekawych.pl\/index.php\/2014\/11\/24\/kalendarz-2015-do-pobrania\/","og_site_name":"Fotografia dla ciekawych","article_publisher":"https:\/\/www.facebook.com\/przemyslaw.oziemblewski","article_author":"https:\/\/www.facebook.com\/przemyslaw.oziemblewski","article_published_time":"2014-11-24T13:27:30+00:00","article_modified_time":"2017-12-05T14:40:24+00:00","og_image":[{"url":"http:\/\/fotografiadlaciekawych.pl\/wp-content\/uploads\/2014\/11\/kalendarz-2015-do-pobrania-miesieczny2-281x400.gif","type":"","width":"","height":""}],"author":"Przemys\u0142aw Oziemblewski","twitter_misc":{"Napisane przez":"Przemys\u0142aw Oziemblewski","Szacowany czas czytania":"2 minuty"},"schema":{"@context":"https:\/\/schema.org","@graph":[{"@type":"Article","@id":"https:\/\/fotografiadlaciekawych.pl\/index.php\/2014\/11\/24\/kalendarz-2015-do-pobrania\/#article","isPartOf":{"@id":"https:\/\/fotografiadlaciekawych.pl\/index.php\/2014\/11\/24\/kalendarz-2015-do-pobrania\/"},"author":{"name":"Przemys\u0142aw Oziemblewski","@id":"https:\/\/fotografiadlaciekawych.pl\/#\/schema\/person\/a9c16bf51d40163ef50c7170ff56de4d"},"headline":"Kalendarz 2015 do pobrania","datePublished":"2014-11-24T13:27:30+00:00","dateModified":"2017-12-05T14:40:24+00:00","mainEntityOfPage":{"@id":"https:\/\/fotografiadlaciekawych.pl\/index.php\/2014\/11\/24\/kalendarz-2015-do-pobrania\/"},"wordCount":388,"commentCount":22,"publisher":{"@id":"https:\/\/fotografiadlaciekawych.pl\/#\/schema\/person\/a9c16bf51d40163ef50c7170ff56de4d"},"image":{"@id":"https:\/\/fotografiadlaciekawych.pl\/index.php\/2014\/11\/24\/kalendarz-2015-do-pobrania\/#primaryimage"},"thumbnailUrl":"http:\/\/fotografiadlaciekawych.pl\/wp-content\/uploads\/2014\/11\/kalendarz-2015-do-pobrania-miesieczny2-281x400.gif","keywords":["2015","do pobrania","do wydrukowania","kalendaria"],"articleSection":["Kalendarz"],"inLanguage":"pl-PL","potentialAction":[{"@type":"CommentAction","name":"Comment","target":["https:\/\/fotografiadlaciekawych.pl\/index.php\/2014\/11\/24\/kalendarz-2015-do-pobrania\/#respond"]}]},{"@type":"WebPage","@id":"https:\/\/fotografiadlaciekawych.pl\/index.php\/2014\/11\/24\/kalendarz-2015-do-pobrania\/","url":"https:\/\/fotografiadlaciekawych.pl\/index.php\/2014\/11\/24\/kalendarz-2015-do-pobrania\/","name":"Kalendarz 2015 do pobrania","isPartOf":{"@id":"https:\/\/fotografiadlaciekawych.pl\/#website"},"primaryImageOfPage":{"@id":"https:\/\/fotografiadlaciekawych.pl\/index.php\/2014\/11\/24\/kalendarz-2015-do-pobrania\/#primaryimage"},"image":{"@id":"https:\/\/fotografiadlaciekawych.pl\/index.php\/2014\/11\/24\/kalendarz-2015-do-pobrania\/#primaryimage"},"thumbnailUrl":"http:\/\/fotografiadlaciekawych.pl\/wp-content\/uploads\/2014\/11\/kalendarz-2015-do-pobrania-miesieczny2-281x400.gif","datePublished":"2014-11-24T13:27:30+00:00","dateModified":"2017-12-05T14:40:24+00:00","description":"Ju\u017c cz\u0119\u015b\u0107 os\u00f3b dopomina\u0142o si\u0119 o kalendarz 2015 do pobrania. Tak wi\u0119c udost\u0119pniam 4 wersje. Mo\u017cesz je wykorzysta\u0107 do stworzenia w\u0142asnego kalendarza.","breadcrumb":{"@id":"https:\/\/fotografiadlaciekawych.pl\/index.php\/2014\/11\/24\/kalendarz-2015-do-pobrania\/#breadcrumb"},"inLanguage":"pl-PL","potentialAction":[{"@type":"ReadAction","target":["https:\/\/fotografiadlaciekawych.pl\/index.php\/2014\/11\/24\/kalendarz-2015-do-pobrania\/"]}]},{"@type":"ImageObject","inLanguage":"pl-PL","@id":"https:\/\/fotografiadlaciekawych.pl\/index.php\/2014\/11\/24\/kalendarz-2015-do-pobrania\/#primaryimage","url":"https:\/\/fotografiadlaciekawych.pl\/wp-content\/uploads\/2014\/11\/kalendarz-2015-do-pobrania-miesieczny2.gif","contentUrl":"https:\/\/fotografiadlaciekawych.pl\/wp-content\/uploads\/2014\/11\/kalendarz-2015-do-pobrania-miesieczny2.gif","width":590,"height":837},{"@type":"BreadcrumbList","@id":"https:\/\/fotografiadlaciekawych.pl\/index.php\/2014\/11\/24\/kalendarz-2015-do-pobrania\/#breadcrumb","itemListElement":[{"@type":"ListItem","position":1,"name":"Home","item":"https:\/\/fotografiadlaciekawych.pl\/"},{"@type":"ListItem","position":2,"name":"Kalendarz 2015 do pobrania"}]},{"@type":"WebSite","@id":"https:\/\/fotografiadlaciekawych.pl\/#website","url":"https:\/\/fotografiadlaciekawych.pl\/","name":"Fotografia dla ciekawych","description":"Blog prowadzony od 2008 r.","publisher":{"@id":"https:\/\/fotografiadlaciekawych.pl\/#\/schema\/person\/a9c16bf51d40163ef50c7170ff56de4d"},"potentialAction":[{"@type":"SearchAction","target":{"@type":"EntryPoint","urlTemplate":"https:\/\/fotografiadlaciekawych.pl\/?s={search_term_string}"},"query-input":{"@type":"PropertyValueSpecification","valueRequired":true,"valueName":"search_term_string"}}],"inLanguage":"pl-PL"},{"@type":["Person","Organization"],"@id":"https:\/\/fotografiadlaciekawych.pl\/#\/schema\/person\/a9c16bf51d40163ef50c7170ff56de4d","name":"Przemys\u0142aw Oziemblewski","image":{"@type":"ImageObject","inLanguage":"pl-PL","@id":"https:\/\/fotografiadlaciekawych.pl\/wp-content\/uploads\/2020\/12\/przemek-oziemblewski-250px.jpg","url":"https:\/\/fotografiadlaciekawych.pl\/wp-content\/uploads\/2020\/12\/przemek-oziemblewski-250px.jpg","contentUrl":"https:\/\/fotografiadlaciekawych.pl\/wp-content\/uploads\/2020\/12\/przemek-oziemblewski-250px.jpg","width":250,"height":250,"caption":"Przemys\u0142aw Oziemblewski"},"logo":{"@id":"https:\/\/fotografiadlaciekawych.pl\/wp-content\/uploads\/2020\/12\/przemek-oziemblewski-250px.jpg"},"sameAs":["http:\/\/fotografiadlaciekawych.pl","https:\/\/www.facebook.com\/przemyslaw.oziemblewski","https:\/\/www.instagram.com\/p.oziemblewski\/","https:\/\/www.pinterest.com\/fotodcpl\/","https:\/\/youtube.com\/@PrzemyslawOziemblewski"]}]}},"jetpack_publicize_connections":[],"jetpack_featured_media_url":"","jetpack_sharing_enabled":true,"jetpack-related-posts":[{"id":6602,"url":"https:\/\/fotografiadlaciekawych.pl\/index.php\/2013\/10\/01\/kalendarz-2014-do-pobrania\/","url_meta":{"origin":7988,"position":0},"title":"Kalendarz 2014 do pobrania","author":"Przemys\u0142aw Oziemblewski","date":"wtorek, 1 pa\u017a 2013","format":false,"excerpt":"Ju\u017c kilka os\u00f3b dopomina\u0142o si\u0119 o kalendaria na rok 2014. Tak wi\u0119c wzorem lat poprzednich, s\u0105 ju\u017c dost\u0119pne. Mo\u017cesz je wykorzysta\u0107 do stworzenia w\u0142asnego kalendarza. S\u0105 wersje roczne i w uk\u0142adzie miesi\u0119cznym, na ca\u0142\u0105 stron\u0119 lub z pozostawionym miejscem na w\u0142asn\u0105 tw\u00f3rczo\u015b\u0107. Kalendarze s\u0105 darmowe i mo\u017cesz je wykorzysta\u0107, jak\u2026","rel":"","context":"W \u201eKalendarz&quot;","block_context":{"text":"Kalendarz","link":"https:\/\/fotografiadlaciekawych.pl\/index.php\/category\/kalendarz\/"},"img":{"alt_text":"Kalendarz 2014 do pobrania - uk\u0142ad pionowy - 12 miesi\u0119cy","src":"https:\/\/i0.wp.com\/fotografiadlaciekawych.pl\/wp-content\/uploads\/2013\/10\/kalendarz2014-12mcy-v2-281x400.gif?resize=350%2C200","width":350,"height":200},"classes":[]},{"id":8667,"url":"https:\/\/fotografiadlaciekawych.pl\/index.php\/2015\/10\/14\/kalendarz-2016-do-pobrania-i-wydrukowania\/","url_meta":{"origin":7988,"position":1},"title":"Kalendarz 2016 do pobrania i wydrukowania","author":"Przemys\u0142aw Oziemblewski","date":"\u015broda, 14 pa\u017a 2015","format":false,"excerpt":"Wzorem lat ubieg\u0142ych udost\u0119pniam kalendaria na kolejny rok. Mo\u017cesz je wykorzysta\u0107 do stworzenia w\u0142asnego kalendarza. S\u0105 wersje roczne i w uk\u0142adzie miesi\u0119cznym, na ca\u0142\u0105 stron\u0119 lub z pozostawionym miejscem na w\u0142asn\u0105 tw\u00f3rczo\u015b\u0107. Kalendarz 2016 do pobrania dla czytelnik\u00f3w bloga 1. Uk\u0142ad pionowy z woln\u0105 przestrzeni\u0105 na w\u0142asn\u0105 tw\u00f3rczo\u015b\u0107, \u015bwi\u0119ta, fazy\u2026","rel":"","context":"W \u201eKalendarz&quot;","block_context":{"text":"Kalendarz","link":"https:\/\/fotografiadlaciekawych.pl\/index.php\/category\/kalendarz\/"},"img":{"alt_text":"Kalendarz 2016 - miesiace","src":"https:\/\/i0.wp.com\/fotografiadlaciekawych.pl\/wp-content\/uploads\/2015\/10\/kalendarz-2016-miesiace-280x400.gif?resize=350%2C200","width":350,"height":200},"classes":[]},{"id":10605,"url":"https:\/\/fotografiadlaciekawych.pl\/index.php\/2017\/06\/02\/kalendarz-2018-pobrania-druku-pliki-pdf\/","url_meta":{"origin":7988,"position":2},"title":"Kalendarz 2018 do pobrania i druku &#8211; pliki PDF i inne formaty","author":"Przemys\u0142aw Oziemblewski","date":"pi\u0105tek, 2 cze 2017","format":false,"excerpt":"Dosta\u0142em pro\u015bb\u0119 od Piotra, bym w tym roku udost\u0119pni\u0142 kalendarze wcze\u015bniej ni\u017c zazwyczaj. Tak wi\u0119c ju\u017c s\u0105. Ch\u0119tnych Zapraszam do pobierania. Mo\u017cesz je wydrukowa\u0107 i zrobi\u0107 w\u0142asny kalendarz 2018. S\u0105 wersje roczne i w uk\u0142adzie miesi\u0119cznym, na ca\u0142\u0105 stron\u0119 lub z pozostawionym miejscem na w\u0142asn\u0105 tw\u00f3rczo\u015b\u0107. Kalendarz 2018 do pobrania\u2026","rel":"","context":"W \u201eKalendarz&quot;","block_context":{"text":"Kalendarz","link":"https:\/\/fotografiadlaciekawych.pl\/index.php\/category\/kalendarz\/"},"img":{"alt_text":"","src":"https:\/\/i0.wp.com\/fotografiadlaciekawych.pl\/wp-content\/uploads\/2017\/06\/9690_850-2.jpg?resize=350%2C200&ssl=1","width":350,"height":200,"srcset":"https:\/\/i0.wp.com\/fotografiadlaciekawych.pl\/wp-content\/uploads\/2017\/06\/9690_850-2.jpg?resize=350%2C200&ssl=1 1x, https:\/\/i0.wp.com\/fotografiadlaciekawych.pl\/wp-content\/uploads\/2017\/06\/9690_850-2.jpg?resize=525%2C300&ssl=1 1.5x, https:\/\/i0.wp.com\/fotografiadlaciekawych.pl\/wp-content\/uploads\/2017\/06\/9690_850-2.jpg?resize=700%2C400&ssl=1 2x"},"classes":[]},{"id":11773,"url":"https:\/\/fotografiadlaciekawych.pl\/index.php\/2018\/05\/18\/kalendarz-2019-do-druku-plik-pdf-oraz-inne-formaty\/","url_meta":{"origin":7988,"position":3},"title":"Kalendarz 2019 do druku &#8211; plik PDF oraz inne formaty r\u00f3wnie\u017c do edycji","author":"Przemys\u0142aw Oziemblewski","date":"pi\u0105tek, 18 maj 2018","format":false,"excerpt":"Dosta\u0142em pytanie od Micha\u0142a \"Czy kalendarz na 2019 r\u00f3wnie\u017c b\u0119dzie wcze\u015bniej w tym roku?\". Tak wi\u0119c jest wcze\u015bniej. Ch\u0119tnych zapraszam do pobrania i wydrukowania. Pliki PDF z kalendarzem 2019 do druku s\u0105 gotowe. Mo\u017cesz zrobi\u0107 w\u0142asny kalendarz 2019. Tak jak poprzednio s\u0105 wersje roczne i w uk\u0142adzie miesi\u0119cznym, na ca\u0142\u0105\u2026","rel":"","context":"W \u201eKalendarz&quot;","block_context":{"text":"Kalendarz","link":"https:\/\/fotografiadlaciekawych.pl\/index.php\/category\/kalendarz\/"},"img":{"alt_text":"Kalendarz 2019 do druku - miesi\u0105ce","src":"https:\/\/i0.wp.com\/fotografiadlaciekawych.pl\/wp-content\/uploads\/2018\/05\/kalendarz-2019-pdf-do-wydrukowania-miesiace-v1.png?resize=350%2C200&ssl=1","width":350,"height":200,"srcset":"https:\/\/i0.wp.com\/fotografiadlaciekawych.pl\/wp-content\/uploads\/2018\/05\/kalendarz-2019-pdf-do-wydrukowania-miesiace-v1.png?resize=350%2C200&ssl=1 1x, https:\/\/i0.wp.com\/fotografiadlaciekawych.pl\/wp-content\/uploads\/2018\/05\/kalendarz-2019-pdf-do-wydrukowania-miesiace-v1.png?resize=525%2C300&ssl=1 1.5x, https:\/\/i0.wp.com\/fotografiadlaciekawych.pl\/wp-content\/uploads\/2018\/05\/kalendarz-2019-pdf-do-wydrukowania-miesiace-v1.png?resize=700%2C400&ssl=1 2x"},"classes":[]},{"id":5561,"url":"https:\/\/fotografiadlaciekawych.pl\/index.php\/2012\/11\/29\/kalendarz-2013-do-pobrania\/","url_meta":{"origin":7988,"position":4},"title":"Kalendarz 2013 do pobrania","author":"Przemys\u0142aw Oziemblewski","date":"czwartek, 29 lis 2012","format":false,"excerpt":"Przyszed\u0142 ju\u017c czas na kalendarze. Zatem wzorem lat poprzednich udost\u0119pniam kalendaria roczne i miesi\u0119czne w uk\u0142adzie na ca\u0142\u0105 stron\u0119 oraz z woln\u0105 przestrzeni\u0105 na w\u0142asn\u0105 tw\u00f3rczo\u015b\u0107. Mo\u017cesz je pobra\u0107 za darmo i wykorzysta\u0107 w dowolny spos\u00f3b. Uk\u0142ad pionowy z woln\u0105 przestrzeni\u0105 na w\u0142asn\u0105 tw\u00f3rczo\u015b\u0107, \u015bwi\u0119ta, fazy ksi\u0119\u017cyca, czytelna czcionka cyfr,\u2026","rel":"","context":"W \u201eKalendarz&quot;","block_context":{"text":"Kalendarz","link":"https:\/\/fotografiadlaciekawych.pl\/index.php\/category\/kalendarz\/"},"img":{"alt_text":"","src":"https:\/\/i0.wp.com\/fotografiadlaciekawych.pl\/wp-content\/uploads\/2012\/11\/kalendarz2013-12mcy-v2-281x400.gif?resize=350%2C200","width":350,"height":200},"classes":[]},{"id":12946,"url":"https:\/\/fotografiadlaciekawych.pl\/index.php\/2019\/05\/10\/kalendarz-2020-do-druku-plik-pdf-oraz-inne-formaty-rowniez-do-edycji\/","url_meta":{"origin":7988,"position":5},"title":"Kalendarz 2020 do druku &#8211; plik PDF oraz inne formaty r\u00f3wnie\u017c do edycji","author":"Przemys\u0142aw Oziemblewski","date":"pi\u0105tek, 10 maj 2019","format":false,"excerpt":"Pliki PDF z kalendarzem 2020 do druku s\u0105 ju\u017c gotowe. Mo\u017cesz zrobi\u0107 w\u0142asny kalendarz 2020. Tak jak poprzednio s\u0105 wersje roczne i w uk\u0142adzie miesi\u0119cznym, na ca\u0142\u0105 stron\u0119 oraz z pozostawionym miejscem na w\u0142asn\u0105 tw\u00f3rczo\u015b\u0107. Dost\u0119pne s\u0105 r\u00f3wnie\u017c formaty do edycji i zmiany kalendarza wed\u0142ug w\u0142asnego uznania. Wiem, \u017ce cz\u0119\u015b\u0107\u2026","rel":"","context":"W \u201eKalendarz&quot;","block_context":{"text":"Kalendarz","link":"https:\/\/fotografiadlaciekawych.pl\/index.php\/category\/kalendarz\/"},"img":{"alt_text":"","src":"https:\/\/i0.wp.com\/fotografiadlaciekawych.pl\/wp-content\/uploads\/2019\/05\/kalendarz-2020-pdf-do-wydrukowania-miesiace-swieta-poziomy.png?resize=350%2C200&ssl=1","width":350,"height":200,"srcset":"https:\/\/i0.wp.com\/fotografiadlaciekawych.pl\/wp-content\/uploads\/2019\/05\/kalendarz-2020-pdf-do-wydrukowania-miesiace-swieta-poziomy.png?resize=350%2C200&ssl=1 1x, https:\/\/i0.wp.com\/fotografiadlaciekawych.pl\/wp-content\/uploads\/2019\/05\/kalendarz-2020-pdf-do-wydrukowania-miesiace-swieta-poziomy.png?resize=525%2C300&ssl=1 1.5x, https:\/\/i0.wp.com\/fotografiadlaciekawych.pl\/wp-content\/uploads\/2019\/05\/kalendarz-2020-pdf-do-wydrukowania-miesiace-swieta-poziomy.png?resize=700%2C400&ssl=1 2x"},"classes":[]}],"_links":{"self":[{"href":"https:\/\/fotografiadlaciekawych.pl\/index.php\/wp-json\/wp\/v2\/posts\/7988","targetHints":{"allow":["GET"]}}],"collection":[{"href":"https:\/\/fotografiadlaciekawych.pl\/index.php\/wp-json\/wp\/v2\/posts"}],"about":[{"href":"https:\/\/fotografiadlaciekawych.pl\/index.php\/wp-json\/wp\/v2\/types\/post"}],"author":[{"embeddable":true,"href":"https:\/\/fotografiadlaciekawych.pl\/index.php\/wp-json\/wp\/v2\/users\/1"}],"replies":[{"embeddable":true,"href":"https:\/\/fotografiadlaciekawych.pl\/index.php\/wp-json\/wp\/v2\/comments?post=7988"}],"version-history":[{"count":10,"href":"https:\/\/fotografiadlaciekawych.pl\/index.php\/wp-json\/wp\/v2\/posts\/7988\/revisions"}],"predecessor-version":[{"id":11245,"href":"https:\/\/fotografiadlaciekawych.pl\/index.php\/wp-json\/wp\/v2\/posts\/7988\/revisions\/11245"}],"wp:attachment":[{"href":"https:\/\/fotografiadlaciekawych.pl\/index.php\/wp-json\/wp\/v2\/media?parent=7988"}],"wp:term":[{"taxonomy":"category","embeddable":true,"href":"https:\/\/fotografiadlaciekawych.pl\/index.php\/wp-json\/wp\/v2\/categories?post=7988"},{"taxonomy":"post_tag","embeddable":true,"href":"https:\/\/fotografiadlaciekawych.pl\/index.php\/wp-json\/wp\/v2\/tags?post=7988"}],"curies":[{"name":"wp","href":"https:\/\/api.w.org\/{rel}","templated":true}]}}