{"id":8440,"date":"2015-06-24T13:15:00","date_gmt":"2015-06-24T11:15:00","guid":{"rendered":"http:\/\/fotografiadlaciekawych.pl\/?p=8440"},"modified":"2015-06-24T13:31:27","modified_gmt":"2015-06-24T11:31:27","slug":"rozwiazanie-fotozagadki-59-i-ciekawe-zjawisko-optyczne","status":"publish","type":"post","link":"https:\/\/fotografiadlaciekawych.pl\/index.php\/2015\/06\/24\/rozwiazanie-fotozagadki-59-i-ciekawe-zjawisko-optyczne\/","title":{"rendered":"Rozwi\u0105zanie fotozagadki #59 i ciekawe zjawisko optyczne"},"content":{"rendered":"<p><a href=\"https:\/\/fotografiadlaciekawych.pl\/wp-content\/uploads\/2015\/05\/dziwny-ksiezyc2.jpg\" rel=\"lightbox\"><img loading=\"lazy\" decoding=\"async\" src=\"https:\/\/fotografiadlaciekawych.pl\/wp-content\/uploads\/2015\/05\/dziwny-ksiezyc2-400x267.jpg\" alt=\"Fotozagadka - co to jest?\" width=\"400\" height=\"267\" class=\"alignnone size-medium wp-image-8400\" srcset=\"https:\/\/fotografiadlaciekawych.pl\/wp-content\/uploads\/2015\/05\/dziwny-ksiezyc2-400x267.jpg 400w, https:\/\/fotografiadlaciekawych.pl\/wp-content\/uploads\/2015\/05\/dziwny-ksiezyc2.jpg 828w\" sizes=\"auto, (max-width: 400px) 100vw, 400px\" \/><\/a><\/p>\n<p>Czas na rozwi\u0105zanie <a href=\"https:\/\/fotografiadlaciekawych.pl\/index.php\/2015\/05\/21\/fotozagadka-59-co-jest-na-zdjeciu\/\">fotozagadki #59<\/a>. Pokazany kszta\u0142t m\u00f3g\u0142 sugerowa\u0107, \u017ce jest to Ksi\u0119\u017cyc lub <a href=\"https:\/\/fotografiadlaciekawych.pl\/index.php\/2015\/03\/20\/zdjecia-z-zacmienia-slonca-2015-r\/\">za\u0107mienie S\u0142o\u0144ca<\/a>, kt\u00f3re w marcu mogli\u015bmy ogl\u0105da\u0107. Jednak na zdj\u0119ciu jest co innego.<br \/>\n<!--more--><br \/>\nJest to widok przez <a href=\"http:\/\/www.swiatlo.tak.pl\/1\/index.php\/jak-zrobic-spektroskop-i-widmo-swiatla\/\" target=\"_blank\">domowej konstrukcji spektroskop<\/a>. Fotografia przedstawia rozszczepienie \u015bwiat\u0142a. Poni\u017cej zdj\u0119cie \u017ar\u00f3d\u0142owe, na kt\u00f3rym wida\u0107 dodatkowo szczelin\u0119.<\/p>\n<p><a href=\"https:\/\/fotografiadlaciekawych.pl\/wp-content\/uploads\/2015\/06\/spektroskop_850-2.jpg\" rel=\"lightbox\"><img loading=\"lazy\" decoding=\"async\" src=\"https:\/\/fotografiadlaciekawych.pl\/wp-content\/uploads\/2015\/06\/spektroskop_850-2-400x267.jpg\" alt=\"Przez spektroskop - zdjecie \u017ar\u00f3d\u0142owe\" width=\"400\" height=\"267\" class=\"alignnone size-medium wp-image-8442\" srcset=\"https:\/\/fotografiadlaciekawych.pl\/wp-content\/uploads\/2015\/06\/spektroskop_850-2-400x267.jpg 400w, https:\/\/fotografiadlaciekawych.pl\/wp-content\/uploads\/2015\/06\/spektroskop_850-2.jpg 850w\" sizes=\"auto, (max-width: 400px) 100vw, 400px\" \/><\/a><\/p>\n<p>Zrobi\u0142em spektroskop, aby sfotografowa\u0107 widmo r\u00f3\u017cnych \u017ar\u00f3de\u0142 \u015bwiat\u0142a. Potrzebowa\u0142em ich do wyja\u015bnienia problemu zwi\u0105zanego ze wska\u017anikiem oddawania barw. Z sytuacj\u0105, w kt\u00f3rej barwy na zdj\u0119ciu wygl\u0105daj\u0105 troch\u0119 inaczej ni\u017c faktycznie, s\u0105 zafa\u0142szowywane. Pisz\u0119 o tym dok\u0142adnie w nowym ebooku &#8222;Sekrety \u015bwiat\u0142a&#8221;. Dost\u0119pny b\u0119dzie ju\u017c niebawem.<\/p>\n<p>Je\u015bli te\u017c chcesz zrobi\u0107 sobie takie urz\u0105dzenie do rozszczepiania \u015bwiat\u0142a, to jego sk\u0142adniki i budow\u0119 opisa\u0142em na stronie <a href=\"http:\/\/www.swiatlo.tak.pl\/1\/index.php\/jak-zrobic-spektroskop-i-widmo-swiatla\/\" target=\"_blank\">Jak zrobi\u0107 spektroskop i zobaczy\u0107 widmo \u015bwiat\u0142a<\/a>.<\/p>\n<p>Poni\u017cej jeszcze dodatkowe efekty, kt\u00f3re przy okazji uchwyci\u0142em<\/p>\n<p><a href=\"https:\/\/fotografiadlaciekawych.pl\/wp-content\/uploads\/2015\/06\/swiatla-2315_850.jpg\" rel=\"lightbox\"><img loading=\"lazy\" decoding=\"async\" src=\"https:\/\/fotografiadlaciekawych.pl\/wp-content\/uploads\/2015\/06\/swiatla-2315_850-332x400.jpg\" alt=\"Przez spektroskop #3\" width=\"332\" height=\"400\" class=\"alignnone size-medium wp-image-8444\" srcset=\"https:\/\/fotografiadlaciekawych.pl\/wp-content\/uploads\/2015\/06\/swiatla-2315_850-332x400.jpg 332w, https:\/\/fotografiadlaciekawych.pl\/wp-content\/uploads\/2015\/06\/swiatla-2315_850.jpg 706w\" sizes=\"auto, (max-width: 332px) 100vw, 332px\" \/><\/a><\/p>\n<p><a href=\"https:\/\/fotografiadlaciekawych.pl\/wp-content\/uploads\/2015\/06\/2336_850-3.jpg\" rel=\"lightbox\"><img loading=\"lazy\" decoding=\"async\" src=\"https:\/\/fotografiadlaciekawych.pl\/wp-content\/uploads\/2015\/06\/2336_850-3-400x267.jpg\" alt=\"Przez spektroskop #2\" width=\"400\" height=\"267\" class=\"alignnone size-medium wp-image-8443\" srcset=\"https:\/\/fotografiadlaciekawych.pl\/wp-content\/uploads\/2015\/06\/2336_850-3-400x267.jpg 400w, https:\/\/fotografiadlaciekawych.pl\/wp-content\/uploads\/2015\/06\/2336_850-3.jpg 850w\" sizes=\"auto, (max-width: 400px) 100vw, 400px\" \/><\/a><\/p>\n<div style=\"width: 474px;\" class=\"wp-video\"><video class=\"wp-video-shortcode\" id=\"video-8440-1\" width=\"474\" height=\"317\" preload=\"metadata\" controls=\"controls\"><source type=\"video\/mp4\" src=\"https:\/\/fotografiadlaciekawych.pl\/wp-content\/uploads\/2015\/06\/MVI_2348-spektroskop.mp4?_=1\" \/><a href=\"https:\/\/fotografiadlaciekawych.pl\/wp-content\/uploads\/2015\/06\/MVI_2348-spektroskop.mp4\">https:\/\/fotografiadlaciekawych.pl\/wp-content\/uploads\/2015\/06\/MVI_2348-spektroskop.mp4<\/a><\/video><\/div>\n","protected":false},"excerpt":{"rendered":"<p>Czas na rozwi\u0105zanie fotozagadki #59. Pokazany kszta\u0142t m\u00f3g\u0142 sugerowa\u0107, \u017ce jest to Ksi\u0119\u017cyc lub za\u0107mienie S\u0142o\u0144ca, kt\u00f3re w marcu mogli\u015bmy ogl\u0105da\u0107. Jednak na zdj\u0119ciu jest co innego.<\/p>\n","protected":false},"author":1,"featured_media":0,"comment_status":"open","ping_status":"open","sticky":false,"template":"","format":"standard","meta":{"_jetpack_newsletter_access":"","_jetpack_dont_email_post_to_subs":false,"_jetpack_newsletter_tier_id":0,"_jetpack_memberships_contains_paywalled_content":false,"_jetpack_feature_clip_id":0,"_jetpack_memberships_contains_paid_content":false,"footnotes":"","jetpack_publicize_message":"","jetpack_publicize_feature_enabled":true,"jetpack_social_post_already_shared":false,"jetpack_social_options":{"image_generator_settings":{"template":"highway","default_image_id":0,"font":"","enabled":false},"version":2},"jetpack_post_was_ever_published":false},"categories":[49,284],"tags":[822,814],"class_list":["post-8440","post","type-post","status-publish","format-standard","hentry","category-co-to-jest","category-oswietlenie-fotografia","tag-co-to-jest","tag-spektroskop"],"yoast_head":"<!-- This site is optimized with the Yoast SEO plugin v28.4 - https:\/\/yoast.com\/product\/yoast-seo-wordpress\/ -->\n<title>Rozwi\u0105zanie fotozagadki #59 i ciekawe zjawisko optyczne<\/title>\n<meta name=\"description\" content=\"Czas na rozwi\u0105zanie fotozagadki #59. Pokazany kszta\u0142t m\u00f3g\u0142 sugerowa\u0107, \u017ce jest to Ksi\u0119\u017cyc lub za\u0107mienie S\u0142o\u0144ca. Jednak na zdj\u0119ciu jest co innego.\" \/>\n<meta name=\"robots\" content=\"index, follow, max-snippet:-1, max-image-preview:large, max-video-preview:-1\" \/>\n<link rel=\"canonical\" href=\"https:\/\/fotografiadlaciekawych.pl\/index.php\/2015\/06\/24\/rozwiazanie-fotozagadki-59-i-ciekawe-zjawisko-optyczne\/\" \/>\n<meta property=\"og:locale\" content=\"pl_PL\" \/>\n<meta property=\"og:type\" content=\"article\" \/>\n<meta property=\"og:title\" content=\"Rozwi\u0105zanie fotozagadki #59 i ciekawe zjawisko optyczne\" \/>\n<meta property=\"og:description\" content=\"Czas na rozwi\u0105zanie fotozagadki #59. Pokazany kszta\u0142t m\u00f3g\u0142 sugerowa\u0107, \u017ce jest to Ksi\u0119\u017cyc lub za\u0107mienie S\u0142o\u0144ca. Jednak na zdj\u0119ciu jest co innego.\" \/>\n<meta property=\"og:url\" content=\"https:\/\/fotografiadlaciekawych.pl\/index.php\/2015\/06\/24\/rozwiazanie-fotozagadki-59-i-ciekawe-zjawisko-optyczne\/\" \/>\n<meta property=\"og:site_name\" content=\"Fotografia dla ciekawych\" \/>\n<meta property=\"article:publisher\" content=\"https:\/\/www.facebook.com\/przemyslaw.oziemblewski\" \/>\n<meta property=\"article:author\" content=\"https:\/\/www.facebook.com\/przemyslaw.oziemblewski\" \/>\n<meta property=\"article:published_time\" content=\"2015-06-24T11:15:00+00:00\" \/>\n<meta property=\"article:modified_time\" content=\"2015-06-24T11:31:27+00:00\" \/>\n<meta property=\"og:image\" content=\"http:\/\/fotografiadlaciekawych.pl\/wp-content\/uploads\/2015\/05\/dziwny-ksiezyc2-400x267.jpg\" \/>\n<meta name=\"author\" content=\"Przemys\u0142aw Oziemblewski\" \/>\n<meta name=\"twitter:label1\" content=\"Napisane przez\" \/>\n\t<meta name=\"twitter:data1\" content=\"Przemys\u0142aw Oziemblewski\" \/>\n\t<meta name=\"twitter:label2\" content=\"Szacowany czas czytania\" \/>\n\t<meta name=\"twitter:data2\" content=\"1 minuta\" \/>\n<script type=\"application\/ld+json\" class=\"yoast-schema-graph\">{\"@context\":\"https:\\\/\\\/schema.org\",\"@graph\":[{\"@type\":\"Article\",\"@id\":\"https:\\\/\\\/fotografiadlaciekawych.pl\\\/index.php\\\/2015\\\/06\\\/24\\\/rozwiazanie-fotozagadki-59-i-ciekawe-zjawisko-optyczne\\\/#article\",\"isPartOf\":{\"@id\":\"https:\\\/\\\/fotografiadlaciekawych.pl\\\/index.php\\\/2015\\\/06\\\/24\\\/rozwiazanie-fotozagadki-59-i-ciekawe-zjawisko-optyczne\\\/\"},\"author\":{\"name\":\"Przemys\u0142aw Oziemblewski\",\"@id\":\"https:\\\/\\\/fotografiadlaciekawych.pl\\\/#\\\/schema\\\/person\\\/a9c16bf51d40163ef50c7170ff56de4d\"},\"headline\":\"Rozwi\u0105zanie fotozagadki #59 i ciekawe zjawisko optyczne\",\"datePublished\":\"2015-06-24T11:15:00+00:00\",\"dateModified\":\"2015-06-24T11:31:27+00:00\",\"mainEntityOfPage\":{\"@id\":\"https:\\\/\\\/fotografiadlaciekawych.pl\\\/index.php\\\/2015\\\/06\\\/24\\\/rozwiazanie-fotozagadki-59-i-ciekawe-zjawisko-optyczne\\\/\"},\"wordCount\":185,\"commentCount\":2,\"publisher\":{\"@id\":\"https:\\\/\\\/fotografiadlaciekawych.pl\\\/#\\\/schema\\\/person\\\/a9c16bf51d40163ef50c7170ff56de4d\"},\"image\":{\"@id\":\"https:\\\/\\\/fotografiadlaciekawych.pl\\\/index.php\\\/2015\\\/06\\\/24\\\/rozwiazanie-fotozagadki-59-i-ciekawe-zjawisko-optyczne\\\/#primaryimage\"},\"thumbnailUrl\":\"http:\\\/\\\/fotografiadlaciekawych.pl\\\/wp-content\\\/uploads\\\/2015\\\/05\\\/dziwny-ksiezyc2-400x267.jpg\",\"keywords\":[\"Fotozagadka\",\"spektroskop\"],\"articleSection\":[\"Fotozagadka\",\"O\u015bwietlenie\"],\"inLanguage\":\"pl-PL\",\"potentialAction\":[{\"@type\":\"CommentAction\",\"name\":\"Comment\",\"target\":[\"https:\\\/\\\/fotografiadlaciekawych.pl\\\/index.php\\\/2015\\\/06\\\/24\\\/rozwiazanie-fotozagadki-59-i-ciekawe-zjawisko-optyczne\\\/#respond\"]}]},{\"@type\":\"WebPage\",\"@id\":\"https:\\\/\\\/fotografiadlaciekawych.pl\\\/index.php\\\/2015\\\/06\\\/24\\\/rozwiazanie-fotozagadki-59-i-ciekawe-zjawisko-optyczne\\\/\",\"url\":\"https:\\\/\\\/fotografiadlaciekawych.pl\\\/index.php\\\/2015\\\/06\\\/24\\\/rozwiazanie-fotozagadki-59-i-ciekawe-zjawisko-optyczne\\\/\",\"name\":\"Rozwi\u0105zanie fotozagadki #59 i ciekawe zjawisko optyczne\",\"isPartOf\":{\"@id\":\"https:\\\/\\\/fotografiadlaciekawych.pl\\\/#website\"},\"primaryImageOfPage\":{\"@id\":\"https:\\\/\\\/fotografiadlaciekawych.pl\\\/index.php\\\/2015\\\/06\\\/24\\\/rozwiazanie-fotozagadki-59-i-ciekawe-zjawisko-optyczne\\\/#primaryimage\"},\"image\":{\"@id\":\"https:\\\/\\\/fotografiadlaciekawych.pl\\\/index.php\\\/2015\\\/06\\\/24\\\/rozwiazanie-fotozagadki-59-i-ciekawe-zjawisko-optyczne\\\/#primaryimage\"},\"thumbnailUrl\":\"http:\\\/\\\/fotografiadlaciekawych.pl\\\/wp-content\\\/uploads\\\/2015\\\/05\\\/dziwny-ksiezyc2-400x267.jpg\",\"datePublished\":\"2015-06-24T11:15:00+00:00\",\"dateModified\":\"2015-06-24T11:31:27+00:00\",\"description\":\"Czas na rozwi\u0105zanie fotozagadki #59. Pokazany kszta\u0142t m\u00f3g\u0142 sugerowa\u0107, \u017ce jest to Ksi\u0119\u017cyc lub za\u0107mienie S\u0142o\u0144ca. Jednak na zdj\u0119ciu jest co innego.\",\"breadcrumb\":{\"@id\":\"https:\\\/\\\/fotografiadlaciekawych.pl\\\/index.php\\\/2015\\\/06\\\/24\\\/rozwiazanie-fotozagadki-59-i-ciekawe-zjawisko-optyczne\\\/#breadcrumb\"},\"inLanguage\":\"pl-PL\",\"potentialAction\":[{\"@type\":\"ReadAction\",\"target\":[\"https:\\\/\\\/fotografiadlaciekawych.pl\\\/index.php\\\/2015\\\/06\\\/24\\\/rozwiazanie-fotozagadki-59-i-ciekawe-zjawisko-optyczne\\\/\"]}]},{\"@type\":\"ImageObject\",\"inLanguage\":\"pl-PL\",\"@id\":\"https:\\\/\\\/fotografiadlaciekawych.pl\\\/index.php\\\/2015\\\/06\\\/24\\\/rozwiazanie-fotozagadki-59-i-ciekawe-zjawisko-optyczne\\\/#primaryimage\",\"url\":\"https:\\\/\\\/fotografiadlaciekawych.pl\\\/wp-content\\\/uploads\\\/2015\\\/05\\\/dziwny-ksiezyc2.jpg\",\"contentUrl\":\"https:\\\/\\\/fotografiadlaciekawych.pl\\\/wp-content\\\/uploads\\\/2015\\\/05\\\/dziwny-ksiezyc2.jpg\",\"width\":828,\"height\":552},{\"@type\":\"BreadcrumbList\",\"@id\":\"https:\\\/\\\/fotografiadlaciekawych.pl\\\/index.php\\\/2015\\\/06\\\/24\\\/rozwiazanie-fotozagadki-59-i-ciekawe-zjawisko-optyczne\\\/#breadcrumb\",\"itemListElement\":[{\"@type\":\"ListItem\",\"position\":1,\"name\":\"Home\",\"item\":\"https:\\\/\\\/fotografiadlaciekawych.pl\\\/\"},{\"@type\":\"ListItem\",\"position\":2,\"name\":\"Rozwi\u0105zanie fotozagadki #59 i ciekawe zjawisko optyczne\"}]},{\"@type\":\"WebSite\",\"@id\":\"https:\\\/\\\/fotografiadlaciekawych.pl\\\/#website\",\"url\":\"https:\\\/\\\/fotografiadlaciekawych.pl\\\/\",\"name\":\"Fotografia dla ciekawych\",\"description\":\"Blog prowadzony od 2008 r.\",\"publisher\":{\"@id\":\"https:\\\/\\\/fotografiadlaciekawych.pl\\\/#\\\/schema\\\/person\\\/a9c16bf51d40163ef50c7170ff56de4d\"},\"potentialAction\":[{\"@type\":\"SearchAction\",\"target\":{\"@type\":\"EntryPoint\",\"urlTemplate\":\"https:\\\/\\\/fotografiadlaciekawych.pl\\\/?s={search_term_string}\"},\"query-input\":{\"@type\":\"PropertyValueSpecification\",\"valueRequired\":true,\"valueName\":\"search_term_string\"}}],\"inLanguage\":\"pl-PL\"},{\"@type\":[\"Person\",\"Organization\"],\"@id\":\"https:\\\/\\\/fotografiadlaciekawych.pl\\\/#\\\/schema\\\/person\\\/a9c16bf51d40163ef50c7170ff56de4d\",\"name\":\"Przemys\u0142aw Oziemblewski\",\"image\":{\"@type\":\"ImageObject\",\"inLanguage\":\"pl-PL\",\"@id\":\"https:\\\/\\\/fotografiadlaciekawych.pl\\\/wp-content\\\/uploads\\\/2020\\\/12\\\/przemek-oziemblewski-250px.jpg\",\"url\":\"https:\\\/\\\/fotografiadlaciekawych.pl\\\/wp-content\\\/uploads\\\/2020\\\/12\\\/przemek-oziemblewski-250px.jpg\",\"contentUrl\":\"https:\\\/\\\/fotografiadlaciekawych.pl\\\/wp-content\\\/uploads\\\/2020\\\/12\\\/przemek-oziemblewski-250px.jpg\",\"width\":250,\"height\":250,\"caption\":\"Przemys\u0142aw Oziemblewski\"},\"logo\":{\"@id\":\"https:\\\/\\\/fotografiadlaciekawych.pl\\\/wp-content\\\/uploads\\\/2020\\\/12\\\/przemek-oziemblewski-250px.jpg\"},\"sameAs\":[\"http:\\\/\\\/fotografiadlaciekawych.pl\",\"https:\\\/\\\/www.facebook.com\\\/przemyslaw.oziemblewski\",\"https:\\\/\\\/www.instagram.com\\\/p.oziemblewski\\\/\",\"https:\\\/\\\/www.pinterest.com\\\/fotodcpl\\\/\",\"https:\\\/\\\/youtube.com\\\/@PrzemyslawOziemblewski\"]}]}<\/script>\n<!-- \/ Yoast SEO plugin. -->","yoast_head_json":{"title":"Rozwi\u0105zanie fotozagadki #59 i ciekawe zjawisko optyczne","description":"Czas na rozwi\u0105zanie fotozagadki #59. Pokazany kszta\u0142t m\u00f3g\u0142 sugerowa\u0107, \u017ce jest to Ksi\u0119\u017cyc lub za\u0107mienie S\u0142o\u0144ca. Jednak na zdj\u0119ciu jest co innego.","robots":{"index":"index","follow":"follow","max-snippet":"max-snippet:-1","max-image-preview":"max-image-preview:large","max-video-preview":"max-video-preview:-1"},"canonical":"https:\/\/fotografiadlaciekawych.pl\/index.php\/2015\/06\/24\/rozwiazanie-fotozagadki-59-i-ciekawe-zjawisko-optyczne\/","og_locale":"pl_PL","og_type":"article","og_title":"Rozwi\u0105zanie fotozagadki #59 i ciekawe zjawisko optyczne","og_description":"Czas na rozwi\u0105zanie fotozagadki #59. Pokazany kszta\u0142t m\u00f3g\u0142 sugerowa\u0107, \u017ce jest to Ksi\u0119\u017cyc lub za\u0107mienie S\u0142o\u0144ca. Jednak na zdj\u0119ciu jest co innego.","og_url":"https:\/\/fotografiadlaciekawych.pl\/index.php\/2015\/06\/24\/rozwiazanie-fotozagadki-59-i-ciekawe-zjawisko-optyczne\/","og_site_name":"Fotografia dla ciekawych","article_publisher":"https:\/\/www.facebook.com\/przemyslaw.oziemblewski","article_author":"https:\/\/www.facebook.com\/przemyslaw.oziemblewski","article_published_time":"2015-06-24T11:15:00+00:00","article_modified_time":"2015-06-24T11:31:27+00:00","og_image":[{"url":"http:\/\/fotografiadlaciekawych.pl\/wp-content\/uploads\/2015\/05\/dziwny-ksiezyc2-400x267.jpg","type":"","width":"","height":""}],"author":"Przemys\u0142aw Oziemblewski","twitter_misc":{"Napisane przez":"Przemys\u0142aw Oziemblewski","Szacowany czas czytania":"1 minuta"},"schema":{"@context":"https:\/\/schema.org","@graph":[{"@type":"Article","@id":"https:\/\/fotografiadlaciekawych.pl\/index.php\/2015\/06\/24\/rozwiazanie-fotozagadki-59-i-ciekawe-zjawisko-optyczne\/#article","isPartOf":{"@id":"https:\/\/fotografiadlaciekawych.pl\/index.php\/2015\/06\/24\/rozwiazanie-fotozagadki-59-i-ciekawe-zjawisko-optyczne\/"},"author":{"name":"Przemys\u0142aw Oziemblewski","@id":"https:\/\/fotografiadlaciekawych.pl\/#\/schema\/person\/a9c16bf51d40163ef50c7170ff56de4d"},"headline":"Rozwi\u0105zanie fotozagadki #59 i ciekawe zjawisko optyczne","datePublished":"2015-06-24T11:15:00+00:00","dateModified":"2015-06-24T11:31:27+00:00","mainEntityOfPage":{"@id":"https:\/\/fotografiadlaciekawych.pl\/index.php\/2015\/06\/24\/rozwiazanie-fotozagadki-59-i-ciekawe-zjawisko-optyczne\/"},"wordCount":185,"commentCount":2,"publisher":{"@id":"https:\/\/fotografiadlaciekawych.pl\/#\/schema\/person\/a9c16bf51d40163ef50c7170ff56de4d"},"image":{"@id":"https:\/\/fotografiadlaciekawych.pl\/index.php\/2015\/06\/24\/rozwiazanie-fotozagadki-59-i-ciekawe-zjawisko-optyczne\/#primaryimage"},"thumbnailUrl":"http:\/\/fotografiadlaciekawych.pl\/wp-content\/uploads\/2015\/05\/dziwny-ksiezyc2-400x267.jpg","keywords":["Fotozagadka","spektroskop"],"articleSection":["Fotozagadka","O\u015bwietlenie"],"inLanguage":"pl-PL","potentialAction":[{"@type":"CommentAction","name":"Comment","target":["https:\/\/fotografiadlaciekawych.pl\/index.php\/2015\/06\/24\/rozwiazanie-fotozagadki-59-i-ciekawe-zjawisko-optyczne\/#respond"]}]},{"@type":"WebPage","@id":"https:\/\/fotografiadlaciekawych.pl\/index.php\/2015\/06\/24\/rozwiazanie-fotozagadki-59-i-ciekawe-zjawisko-optyczne\/","url":"https:\/\/fotografiadlaciekawych.pl\/index.php\/2015\/06\/24\/rozwiazanie-fotozagadki-59-i-ciekawe-zjawisko-optyczne\/","name":"Rozwi\u0105zanie fotozagadki #59 i ciekawe zjawisko optyczne","isPartOf":{"@id":"https:\/\/fotografiadlaciekawych.pl\/#website"},"primaryImageOfPage":{"@id":"https:\/\/fotografiadlaciekawych.pl\/index.php\/2015\/06\/24\/rozwiazanie-fotozagadki-59-i-ciekawe-zjawisko-optyczne\/#primaryimage"},"image":{"@id":"https:\/\/fotografiadlaciekawych.pl\/index.php\/2015\/06\/24\/rozwiazanie-fotozagadki-59-i-ciekawe-zjawisko-optyczne\/#primaryimage"},"thumbnailUrl":"http:\/\/fotografiadlaciekawych.pl\/wp-content\/uploads\/2015\/05\/dziwny-ksiezyc2-400x267.jpg","datePublished":"2015-06-24T11:15:00+00:00","dateModified":"2015-06-24T11:31:27+00:00","description":"Czas na rozwi\u0105zanie fotozagadki #59. Pokazany kszta\u0142t m\u00f3g\u0142 sugerowa\u0107, \u017ce jest to Ksi\u0119\u017cyc lub za\u0107mienie S\u0142o\u0144ca. Jednak na zdj\u0119ciu jest co innego.","breadcrumb":{"@id":"https:\/\/fotografiadlaciekawych.pl\/index.php\/2015\/06\/24\/rozwiazanie-fotozagadki-59-i-ciekawe-zjawisko-optyczne\/#breadcrumb"},"inLanguage":"pl-PL","potentialAction":[{"@type":"ReadAction","target":["https:\/\/fotografiadlaciekawych.pl\/index.php\/2015\/06\/24\/rozwiazanie-fotozagadki-59-i-ciekawe-zjawisko-optyczne\/"]}]},{"@type":"ImageObject","inLanguage":"pl-PL","@id":"https:\/\/fotografiadlaciekawych.pl\/index.php\/2015\/06\/24\/rozwiazanie-fotozagadki-59-i-ciekawe-zjawisko-optyczne\/#primaryimage","url":"https:\/\/fotografiadlaciekawych.pl\/wp-content\/uploads\/2015\/05\/dziwny-ksiezyc2.jpg","contentUrl":"https:\/\/fotografiadlaciekawych.pl\/wp-content\/uploads\/2015\/05\/dziwny-ksiezyc2.jpg","width":828,"height":552},{"@type":"BreadcrumbList","@id":"https:\/\/fotografiadlaciekawych.pl\/index.php\/2015\/06\/24\/rozwiazanie-fotozagadki-59-i-ciekawe-zjawisko-optyczne\/#breadcrumb","itemListElement":[{"@type":"ListItem","position":1,"name":"Home","item":"https:\/\/fotografiadlaciekawych.pl\/"},{"@type":"ListItem","position":2,"name":"Rozwi\u0105zanie fotozagadki #59 i ciekawe zjawisko optyczne"}]},{"@type":"WebSite","@id":"https:\/\/fotografiadlaciekawych.pl\/#website","url":"https:\/\/fotografiadlaciekawych.pl\/","name":"Fotografia dla ciekawych","description":"Blog prowadzony od 2008 r.","publisher":{"@id":"https:\/\/fotografiadlaciekawych.pl\/#\/schema\/person\/a9c16bf51d40163ef50c7170ff56de4d"},"potentialAction":[{"@type":"SearchAction","target":{"@type":"EntryPoint","urlTemplate":"https:\/\/fotografiadlaciekawych.pl\/?s={search_term_string}"},"query-input":{"@type":"PropertyValueSpecification","valueRequired":true,"valueName":"search_term_string"}}],"inLanguage":"pl-PL"},{"@type":["Person","Organization"],"@id":"https:\/\/fotografiadlaciekawych.pl\/#\/schema\/person\/a9c16bf51d40163ef50c7170ff56de4d","name":"Przemys\u0142aw Oziemblewski","image":{"@type":"ImageObject","inLanguage":"pl-PL","@id":"https:\/\/fotografiadlaciekawych.pl\/wp-content\/uploads\/2020\/12\/przemek-oziemblewski-250px.jpg","url":"https:\/\/fotografiadlaciekawych.pl\/wp-content\/uploads\/2020\/12\/przemek-oziemblewski-250px.jpg","contentUrl":"https:\/\/fotografiadlaciekawych.pl\/wp-content\/uploads\/2020\/12\/przemek-oziemblewski-250px.jpg","width":250,"height":250,"caption":"Przemys\u0142aw Oziemblewski"},"logo":{"@id":"https:\/\/fotografiadlaciekawych.pl\/wp-content\/uploads\/2020\/12\/przemek-oziemblewski-250px.jpg"},"sameAs":["http:\/\/fotografiadlaciekawych.pl","https:\/\/www.facebook.com\/przemyslaw.oziemblewski","https:\/\/www.instagram.com\/p.oziemblewski\/","https:\/\/www.pinterest.com\/fotodcpl\/","https:\/\/youtube.com\/@PrzemyslawOziemblewski"]}]}},"jetpack_publicize_connections":[],"jetpack_sharing_enabled":true,"jetpack-related-posts":[{"id":12417,"url":"https:\/\/fotografiadlaciekawych.pl\/index.php\/2019\/01\/14\/rozwiazanie-fotozagadki-76\/","url_meta":{"origin":8440,"position":0},"title":"Rozwi\u0105zanie fotozagadki #76","author":"Przemys\u0142aw Oziemblewski","date":"poniedzia\u0142ek, 14 sty 2019","format":false,"excerpt":"Oto rozwi\u0105zanie fotozagadki. Zobacz co przedstawia zdj\u0119cie. Dzi\u0119kuj\u0119 za udzia\u0142 w zabawie i zgadywanie. Kilka os\u00f3b odgad\u0142o, co jest na zdj\u0119ciu. Inne mia\u0142y natomiast \u015bwietne skojarzenia i pomys\u0142y. Za wszystkie odpowiedzi na blogu i SM serdecznie dzi\u0119kuj\u0119. Na zdj\u0119ciu jest pokazany prz\u00f3d reflektora LED. Jeszcze raz dzi\u0119kuj\u0119 za wszystkie odpowiedzi.\u2026","rel":"","context":"W \u201eFotozagadka&quot;","block_context":{"text":"Fotozagadka","link":"https:\/\/fotografiadlaciekawych.pl\/index.php\/category\/co-to-jest\/"},"img":{"alt_text":"Fotozagadka #76","src":"https:\/\/i0.wp.com\/fotografiadlaciekawych.pl\/wp-content\/uploads\/2018\/12\/180822_IMG_3654_1000px.jpg?resize=350%2C200&ssl=1","width":350,"height":200,"srcset":"https:\/\/i0.wp.com\/fotografiadlaciekawych.pl\/wp-content\/uploads\/2018\/12\/180822_IMG_3654_1000px.jpg?resize=350%2C200&ssl=1 1x, https:\/\/i0.wp.com\/fotografiadlaciekawych.pl\/wp-content\/uploads\/2018\/12\/180822_IMG_3654_1000px.jpg?resize=525%2C300&ssl=1 1.5x, https:\/\/i0.wp.com\/fotografiadlaciekawych.pl\/wp-content\/uploads\/2018\/12\/180822_IMG_3654_1000px.jpg?resize=700%2C400&ssl=1 2x"},"classes":[]},{"id":10969,"url":"https:\/\/fotografiadlaciekawych.pl\/index.php\/2017\/09\/15\/rozwiazanie-fotozagadki-73\/","url_meta":{"origin":8440,"position":1},"title":"Rozwi\u0105zanie fotozagadki #73","author":"Przemys\u0142aw Oziemblewski","date":"pi\u0105tek, 15 wrz 2017","format":false,"excerpt":"Oto rozwi\u0105zanie fotozagadki. Zobacz co przedstawia zdj\u0119cie. Dzi\u0119kuj\u0119 za udzia\u0142 w zabawie i zgadywanie. Wiele os\u00f3b nie mia\u0142o problem\u00f3w z odgadni\u0119ciem tego, co jest na zdj\u0119ciu. Tak wi\u0119c potwierdzam, \u017ce jest to woda, a dok\u0142adnie fragment tafli jeziora sfotografowany po zachodzie. W do\u015b\u0107 spokojnej wodzie odbija si\u0119 chmura o\u015bwietlona resztkami\u2026","rel":"","context":"W \u201eFotozagadka&quot;","block_context":{"text":"Fotozagadka","link":"https:\/\/fotografiadlaciekawych.pl\/index.php\/category\/co-to-jest\/"},"img":{"alt_text":"","src":"https:\/\/i0.wp.com\/fotografiadlaciekawych.pl\/wp-content\/uploads\/2017\/08\/2890_850-3.jpg?resize=350%2C200&ssl=1","width":350,"height":200,"srcset":"https:\/\/i0.wp.com\/fotografiadlaciekawych.pl\/wp-content\/uploads\/2017\/08\/2890_850-3.jpg?resize=350%2C200&ssl=1 1x, https:\/\/i0.wp.com\/fotografiadlaciekawych.pl\/wp-content\/uploads\/2017\/08\/2890_850-3.jpg?resize=525%2C300&ssl=1 1.5x, https:\/\/i0.wp.com\/fotografiadlaciekawych.pl\/wp-content\/uploads\/2017\/08\/2890_850-3.jpg?resize=700%2C400&ssl=1 2x"},"classes":[]},{"id":11031,"url":"https:\/\/fotografiadlaciekawych.pl\/index.php\/2017\/09\/25\/rozwiazanie-fotozagadki-74\/","url_meta":{"origin":8440,"position":2},"title":"Rozwi\u0105zanie fotozagadki #74","author":"Przemys\u0142aw Oziemblewski","date":"poniedzia\u0142ek, 25 wrz 2017","format":false,"excerpt":"Oto rozwi\u0105zanie fotozagadki. Zobacz co przedstawia zdj\u0119cie. Dzi\u0119kuj\u0119 za udzia\u0142 w zabawie i zgadywanie. Wiele os\u00f3b nie mia\u0142o problem\u00f3w z odgadni\u0119ciem tego, co jest na zdj\u0119ciu. Tak wi\u0119c potwierdzam, \u017ce jest to ekran monitora. Dok\u0142adnie jest to zbli\u017cenie pikseli w tablecie Asus Eee Pad Transformer TF101. Tak wi\u0119c jest to\u2026","rel":"","context":"W \u201eFotozagadka&quot;","block_context":{"text":"Fotozagadka","link":"https:\/\/fotografiadlaciekawych.pl\/index.php\/category\/co-to-jest\/"},"img":{"alt_text":"Fotozagadka #74","src":"https:\/\/i0.wp.com\/fotografiadlaciekawych.pl\/wp-content\/uploads\/2017\/09\/1016_850.jpg?resize=350%2C200&ssl=1","width":350,"height":200,"srcset":"https:\/\/i0.wp.com\/fotografiadlaciekawych.pl\/wp-content\/uploads\/2017\/09\/1016_850.jpg?resize=350%2C200&ssl=1 1x, https:\/\/i0.wp.com\/fotografiadlaciekawych.pl\/wp-content\/uploads\/2017\/09\/1016_850.jpg?resize=525%2C300&ssl=1 1.5x, https:\/\/i0.wp.com\/fotografiadlaciekawych.pl\/wp-content\/uploads\/2017\/09\/1016_850.jpg?resize=700%2C400&ssl=1 2x"},"classes":[]},{"id":14496,"url":"https:\/\/fotografiadlaciekawych.pl\/index.php\/2020\/11\/30\/rozwiazanie-fotozagadki-81\/","url_meta":{"origin":8440,"position":3},"title":"Rozwi\u0105zanie fotozagadki #81","author":"Przemys\u0142aw Oziemblewski","date":"poniedzia\u0142ek, 30 lis 2020","format":false,"excerpt":"Oto rozwi\u0105zanie fotozagadki. Zobacz co przedstawia zdj\u0119cie. Dzi\u0119kuj\u0119 za tak liczny udzia\u0142 w zgadywaniu i \u015bwietne skojarzenia. Oto kilka przyk\u0142adowych: naczynia krwiono\u015bne cz\u0142owieka serce oko korze\u0144 ro\u015bliny kolorowy li\u015b\u0107 orzech w\u0142oski pod\u015bwietlona lampa solarna plasterek cytryny dynia ryzomorfy jakiego\u015b grzyba obrany kokos p\u0119cherz p\u0142awny skrzyd\u0142o muchy bursztyn itd. Z tego\u2026","rel":"","context":"W \u201eFotozagadka&quot;","block_context":{"text":"Fotozagadka","link":"https:\/\/fotografiadlaciekawych.pl\/index.php\/category\/co-to-jest\/"},"img":{"alt_text":"Fotozagadka #81","src":"https:\/\/i0.wp.com\/fotografiadlaciekawych.pl\/wp-content\/uploads\/2020\/05\/fotozagadka-5-P5020016.jpg?resize=350%2C200&ssl=1","width":350,"height":200,"srcset":"https:\/\/i0.wp.com\/fotografiadlaciekawych.pl\/wp-content\/uploads\/2020\/05\/fotozagadka-5-P5020016.jpg?resize=350%2C200&ssl=1 1x, https:\/\/i0.wp.com\/fotografiadlaciekawych.pl\/wp-content\/uploads\/2020\/05\/fotozagadka-5-P5020016.jpg?resize=525%2C300&ssl=1 1.5x, https:\/\/i0.wp.com\/fotografiadlaciekawych.pl\/wp-content\/uploads\/2020\/05\/fotozagadka-5-P5020016.jpg?resize=700%2C400&ssl=1 2x"},"classes":[]},{"id":12002,"url":"https:\/\/fotografiadlaciekawych.pl\/index.php\/2018\/08\/27\/rozwiazanie-fotozagadki-75\/","url_meta":{"origin":8440,"position":4},"title":"Rozwi\u0105zanie fotozagadki #75","author":"Przemys\u0142aw Oziemblewski","date":"poniedzia\u0142ek, 27 sie 2018","format":false,"excerpt":"Oto rozwi\u0105zanie fotozagadki. Zobacz co przedstawia zdj\u0119cie. Dzi\u0119kuj\u0119 za udzia\u0142 w zabawie i zgadywanie. Wiele os\u00f3b nie mia\u0142o problem\u00f3w z odgadni\u0119ciem tego, co jest na zdj\u0119ciu. Tak wi\u0119c potwierdzam, jest to galaretka za szk\u0142em, a dok\u0142adnie w kieliszku, na kt\u00f3rym samoczynnie skropli\u0142a si\u0119 woda. Nie by\u0142o wi\u0119c tu \u017cadnego spryskiwania\u2026","rel":"","context":"W \u201eFotozagadka&quot;","block_context":{"text":"Fotozagadka","link":"https:\/\/fotografiadlaciekawych.pl\/index.php\/category\/co-to-jest\/"},"img":{"alt_text":"","src":"https:\/\/i0.wp.com\/fotografiadlaciekawych.pl\/wp-content\/uploads\/2018\/08\/3303_850.jpg?resize=350%2C200&ssl=1","width":350,"height":200,"srcset":"https:\/\/i0.wp.com\/fotografiadlaciekawych.pl\/wp-content\/uploads\/2018\/08\/3303_850.jpg?resize=350%2C200&ssl=1 1x, https:\/\/i0.wp.com\/fotografiadlaciekawych.pl\/wp-content\/uploads\/2018\/08\/3303_850.jpg?resize=525%2C300&ssl=1 1.5x, https:\/\/i0.wp.com\/fotografiadlaciekawych.pl\/wp-content\/uploads\/2018\/08\/3303_850.jpg?resize=700%2C400&ssl=1 2x"},"classes":[]},{"id":12505,"url":"https:\/\/fotografiadlaciekawych.pl\/index.php\/2019\/02\/25\/rozwiazanie-fotozagadki-77\/","url_meta":{"origin":8440,"position":5},"title":"Rozwi\u0105zanie fotozagadki #77","author":"Przemys\u0142aw Oziemblewski","date":"poniedzia\u0142ek, 25 lut 2019","format":false,"excerpt":"Oto rozwi\u0105zanie fotozagadki. Zobacz co przedstawia zdj\u0119cie. Musz\u0119 przyzna\u0107, \u017ce sam mia\u0142em ogromny problem z odgadni\u0119ciem tego, co jest na zdj\u0119ciu. Nie trafi\u0142em :-) Jacek podes\u0142a\u0142 trudn\u0105 zagadk\u0119. Ciesz\u0119 si\u0119, \u017ce czytelnicy bloga tak \u0142atwo si\u0119 nie poddali i pisali swoje propozycje. Najwi\u0119cej skojarze\u0144 by\u0142o z wycieraczk\u0105. By\u0142a jednak jedna\u2026","rel":"","context":"W \u201eFotozagadka&quot;","block_context":{"text":"Fotozagadka","link":"https:\/\/fotografiadlaciekawych.pl\/index.php\/category\/co-to-jest\/"},"img":{"alt_text":"Fotozagadka #77","src":"https:\/\/i0.wp.com\/fotografiadlaciekawych.pl\/wp-content\/uploads\/2019\/01\/pc160083-od-jacka-1000px.jpg?resize=350%2C200&ssl=1","width":350,"height":200,"srcset":"https:\/\/i0.wp.com\/fotografiadlaciekawych.pl\/wp-content\/uploads\/2019\/01\/pc160083-od-jacka-1000px.jpg?resize=350%2C200&ssl=1 1x, https:\/\/i0.wp.com\/fotografiadlaciekawych.pl\/wp-content\/uploads\/2019\/01\/pc160083-od-jacka-1000px.jpg?resize=525%2C300&ssl=1 1.5x, https:\/\/i0.wp.com\/fotografiadlaciekawych.pl\/wp-content\/uploads\/2019\/01\/pc160083-od-jacka-1000px.jpg?resize=700%2C400&ssl=1 2x"},"classes":[]}],"jetpack_featured_media_url":"","_links":{"self":[{"href":"https:\/\/fotografiadlaciekawych.pl\/index.php\/wp-json\/wp\/v2\/posts\/8440","targetHints":{"allow":["GET"]}}],"collection":[{"href":"https:\/\/fotografiadlaciekawych.pl\/index.php\/wp-json\/wp\/v2\/posts"}],"about":[{"href":"https:\/\/fotografiadlaciekawych.pl\/index.php\/wp-json\/wp\/v2\/types\/post"}],"author":[{"embeddable":true,"href":"https:\/\/fotografiadlaciekawych.pl\/index.php\/wp-json\/wp\/v2\/users\/1"}],"replies":[{"embeddable":true,"href":"https:\/\/fotografiadlaciekawych.pl\/index.php\/wp-json\/wp\/v2\/comments?post=8440"}],"version-history":[{"count":8,"href":"https:\/\/fotografiadlaciekawych.pl\/index.php\/wp-json\/wp\/v2\/posts\/8440\/revisions"}],"predecessor-version":[{"id":8452,"href":"https:\/\/fotografiadlaciekawych.pl\/index.php\/wp-json\/wp\/v2\/posts\/8440\/revisions\/8452"}],"wp:attachment":[{"href":"https:\/\/fotografiadlaciekawych.pl\/index.php\/wp-json\/wp\/v2\/media?parent=8440"}],"wp:term":[{"taxonomy":"category","embeddable":true,"href":"https:\/\/fotografiadlaciekawych.pl\/index.php\/wp-json\/wp\/v2\/categories?post=8440"},{"taxonomy":"post_tag","embeddable":true,"href":"https:\/\/fotografiadlaciekawych.pl\/index.php\/wp-json\/wp\/v2\/tags?post=8440"}],"curies":[{"name":"wp","href":"https:\/\/api.w.org\/{rel}","templated":true}]}}