{"id":91,"date":"2008-07-08T23:24:10","date_gmt":"2008-07-08T21:24:10","guid":{"rendered":"http:\/\/fotografiadlaciekawych.pl\/?p=91"},"modified":"2008-07-08T23:24:33","modified_gmt":"2008-07-08T21:24:33","slug":"lody-biznes-na-bank","status":"publish","type":"post","link":"https:\/\/fotografiadlaciekawych.pl\/index.php\/2008\/07\/08\/lody-biznes-na-bank\/","title":{"rendered":"Lody &#8211; biznes na bank"},"content":{"rendered":"<p>Czy spadki na gie\u0142dzie banki musz\u0105 nadrabi\u0107 kr\u0119ceniem lod\u00f3w? \ud83d\ude42<\/p>\n<p><a href=\"https:\/\/fotografiadlaciekawych.pl\/wp-content\/uploads\/2008\/07\/p1040835-1600.jpg\" target=\"_blank\"><img decoding=\"async\" title=\"lody\" src=\"https:\/\/fotografiadlaciekawych.pl\/wp-content\/uploads\/2008\/07\/p1040835-400.jpg\" alt=\"lody\"> powi\u0119ksz<\/a><\/p>\n","protected":false},"excerpt":{"rendered":"<p>Czy spadki na gie\u0142dzie banki musz\u0105 nadrabi\u0107 kr\u0119ceniem lod\u00f3w? \ud83d\ude42 powi\u0119ksz<\/p>\n","protected":false},"author":1,"featured_media":0,"comment_status":"open","ping_status":"open","sticky":false,"template":"","format":"standard","meta":{"jetpack_post_was_ever_published":false,"_jetpack_newsletter_access":"","_jetpack_dont_email_post_to_subs":false,"_jetpack_newsletter_tier_id":0,"_jetpack_memberships_contains_paywalled_content":false,"_jetpack_memberships_contains_paid_content":false,"footnotes":"","jetpack_publicize_message":"","jetpack_publicize_feature_enabled":true,"jetpack_social_post_already_shared":false,"jetpack_social_options":{"image_generator_settings":{"template":"highway","default_image_id":0,"font":"","enabled":false},"version":2}},"categories":[86],"tags":[100],"class_list":["post-91","post","type-post","status-publish","format-standard","hentry","category-galeria-jednego-zdjecia","tag-lody"],"yoast_head":"<!-- This site is optimized with the Yoast SEO plugin v27.3 - https:\/\/yoast.com\/product\/yoast-seo-wordpress\/ -->\n<title>Lody - biznes na bank<\/title>\n<meta name=\"robots\" content=\"index, follow, max-snippet:-1, max-image-preview:large, max-video-preview:-1\" \/>\n<link rel=\"canonical\" href=\"https:\/\/fotografiadlaciekawych.pl\/index.php\/2008\/07\/08\/lody-biznes-na-bank\/\" \/>\n<meta property=\"og:locale\" content=\"pl_PL\" \/>\n<meta property=\"og:type\" content=\"article\" \/>\n<meta property=\"og:title\" content=\"Lody - biznes na bank\" \/>\n<meta property=\"og:description\" content=\"Czy spadki na gie\u0142dzie banki musz\u0105 nadrabi\u0107 kr\u0119ceniem lod\u00f3w? \ud83d\ude42 powi\u0119ksz\" \/>\n<meta property=\"og:url\" content=\"https:\/\/fotografiadlaciekawych.pl\/index.php\/2008\/07\/08\/lody-biznes-na-bank\/\" \/>\n<meta property=\"og:site_name\" content=\"Fotografia dla ciekawych\" \/>\n<meta property=\"article:publisher\" content=\"https:\/\/www.facebook.com\/przemyslaw.oziemblewski\" \/>\n<meta property=\"article:author\" content=\"https:\/\/www.facebook.com\/przemyslaw.oziemblewski\" \/>\n<meta property=\"article:published_time\" content=\"2008-07-08T21:24:10+00:00\" \/>\n<meta property=\"article:modified_time\" content=\"2008-07-08T21:24:33+00:00\" \/>\n<meta property=\"og:image\" content=\"http:\/\/fotografiadlaciekawych.pl\/wp-content\/uploads\/2008\/07\/p1040835-400.jpg\" \/>\n<meta name=\"author\" content=\"Przemys\u0142aw Oziemblewski\" \/>\n<meta name=\"twitter:label1\" content=\"Napisane przez\" \/>\n\t<meta name=\"twitter:data1\" content=\"Przemys\u0142aw Oziemblewski\" \/>\n<script type=\"application\/ld+json\" class=\"yoast-schema-graph\">{\"@context\":\"https:\\\/\\\/schema.org\",\"@graph\":[{\"@type\":\"Article\",\"@id\":\"https:\\\/\\\/fotografiadlaciekawych.pl\\\/index.php\\\/2008\\\/07\\\/08\\\/lody-biznes-na-bank\\\/#article\",\"isPartOf\":{\"@id\":\"https:\\\/\\\/fotografiadlaciekawych.pl\\\/index.php\\\/2008\\\/07\\\/08\\\/lody-biznes-na-bank\\\/\"},\"author\":{\"name\":\"Przemys\u0142aw Oziemblewski\",\"@id\":\"https:\\\/\\\/fotografiadlaciekawych.pl\\\/#\\\/schema\\\/person\\\/a9c16bf51d40163ef50c7170ff56de4d\"},\"headline\":\"Lody &#8211; biznes na bank\",\"datePublished\":\"2008-07-08T21:24:10+00:00\",\"dateModified\":\"2008-07-08T21:24:33+00:00\",\"mainEntityOfPage\":{\"@id\":\"https:\\\/\\\/fotografiadlaciekawych.pl\\\/index.php\\\/2008\\\/07\\\/08\\\/lody-biznes-na-bank\\\/\"},\"wordCount\":20,\"commentCount\":0,\"publisher\":{\"@id\":\"https:\\\/\\\/fotografiadlaciekawych.pl\\\/#\\\/schema\\\/person\\\/a9c16bf51d40163ef50c7170ff56de4d\"},\"image\":{\"@id\":\"https:\\\/\\\/fotografiadlaciekawych.pl\\\/index.php\\\/2008\\\/07\\\/08\\\/lody-biznes-na-bank\\\/#primaryimage\"},\"thumbnailUrl\":\"http:\\\/\\\/fotografiadlaciekawych.pl\\\/wp-content\\\/uploads\\\/2008\\\/07\\\/p1040835-400.jpg\",\"keywords\":[\"lody\"],\"articleSection\":[\"Galeria jednego zdj\u0119cia\"],\"inLanguage\":\"pl-PL\",\"potentialAction\":[{\"@type\":\"CommentAction\",\"name\":\"Comment\",\"target\":[\"https:\\\/\\\/fotografiadlaciekawych.pl\\\/index.php\\\/2008\\\/07\\\/08\\\/lody-biznes-na-bank\\\/#respond\"]}]},{\"@type\":\"WebPage\",\"@id\":\"https:\\\/\\\/fotografiadlaciekawych.pl\\\/index.php\\\/2008\\\/07\\\/08\\\/lody-biznes-na-bank\\\/\",\"url\":\"https:\\\/\\\/fotografiadlaciekawych.pl\\\/index.php\\\/2008\\\/07\\\/08\\\/lody-biznes-na-bank\\\/\",\"name\":\"Lody - biznes na bank\",\"isPartOf\":{\"@id\":\"https:\\\/\\\/fotografiadlaciekawych.pl\\\/#website\"},\"primaryImageOfPage\":{\"@id\":\"https:\\\/\\\/fotografiadlaciekawych.pl\\\/index.php\\\/2008\\\/07\\\/08\\\/lody-biznes-na-bank\\\/#primaryimage\"},\"image\":{\"@id\":\"https:\\\/\\\/fotografiadlaciekawych.pl\\\/index.php\\\/2008\\\/07\\\/08\\\/lody-biznes-na-bank\\\/#primaryimage\"},\"thumbnailUrl\":\"http:\\\/\\\/fotografiadlaciekawych.pl\\\/wp-content\\\/uploads\\\/2008\\\/07\\\/p1040835-400.jpg\",\"datePublished\":\"2008-07-08T21:24:10+00:00\",\"dateModified\":\"2008-07-08T21:24:33+00:00\",\"breadcrumb\":{\"@id\":\"https:\\\/\\\/fotografiadlaciekawych.pl\\\/index.php\\\/2008\\\/07\\\/08\\\/lody-biznes-na-bank\\\/#breadcrumb\"},\"inLanguage\":\"pl-PL\",\"potentialAction\":[{\"@type\":\"ReadAction\",\"target\":[\"https:\\\/\\\/fotografiadlaciekawych.pl\\\/index.php\\\/2008\\\/07\\\/08\\\/lody-biznes-na-bank\\\/\"]}]},{\"@type\":\"ImageObject\",\"inLanguage\":\"pl-PL\",\"@id\":\"https:\\\/\\\/fotografiadlaciekawych.pl\\\/index.php\\\/2008\\\/07\\\/08\\\/lody-biznes-na-bank\\\/#primaryimage\",\"url\":\"http:\\\/\\\/fotografiadlaciekawych.pl\\\/wp-content\\\/uploads\\\/2008\\\/07\\\/p1040835-400.jpg\",\"contentUrl\":\"http:\\\/\\\/fotografiadlaciekawych.pl\\\/wp-content\\\/uploads\\\/2008\\\/07\\\/p1040835-400.jpg\"},{\"@type\":\"BreadcrumbList\",\"@id\":\"https:\\\/\\\/fotografiadlaciekawych.pl\\\/index.php\\\/2008\\\/07\\\/08\\\/lody-biznes-na-bank\\\/#breadcrumb\",\"itemListElement\":[{\"@type\":\"ListItem\",\"position\":1,\"name\":\"Home\",\"item\":\"https:\\\/\\\/fotografiadlaciekawych.pl\\\/\"},{\"@type\":\"ListItem\",\"position\":2,\"name\":\"Lody &#8211; biznes na bank\"}]},{\"@type\":\"WebSite\",\"@id\":\"https:\\\/\\\/fotografiadlaciekawych.pl\\\/#website\",\"url\":\"https:\\\/\\\/fotografiadlaciekawych.pl\\\/\",\"name\":\"Fotografia dla ciekawych\",\"description\":\"Blog prowadzony od 2008 r.\",\"publisher\":{\"@id\":\"https:\\\/\\\/fotografiadlaciekawych.pl\\\/#\\\/schema\\\/person\\\/a9c16bf51d40163ef50c7170ff56de4d\"},\"potentialAction\":[{\"@type\":\"SearchAction\",\"target\":{\"@type\":\"EntryPoint\",\"urlTemplate\":\"https:\\\/\\\/fotografiadlaciekawych.pl\\\/?s={search_term_string}\"},\"query-input\":{\"@type\":\"PropertyValueSpecification\",\"valueRequired\":true,\"valueName\":\"search_term_string\"}}],\"inLanguage\":\"pl-PL\"},{\"@type\":[\"Person\",\"Organization\"],\"@id\":\"https:\\\/\\\/fotografiadlaciekawych.pl\\\/#\\\/schema\\\/person\\\/a9c16bf51d40163ef50c7170ff56de4d\",\"name\":\"Przemys\u0142aw Oziemblewski\",\"image\":{\"@type\":\"ImageObject\",\"inLanguage\":\"pl-PL\",\"@id\":\"https:\\\/\\\/fotografiadlaciekawych.pl\\\/wp-content\\\/uploads\\\/2020\\\/12\\\/przemek-oziemblewski-250px.jpg\",\"url\":\"https:\\\/\\\/fotografiadlaciekawych.pl\\\/wp-content\\\/uploads\\\/2020\\\/12\\\/przemek-oziemblewski-250px.jpg\",\"contentUrl\":\"https:\\\/\\\/fotografiadlaciekawych.pl\\\/wp-content\\\/uploads\\\/2020\\\/12\\\/przemek-oziemblewski-250px.jpg\",\"width\":250,\"height\":250,\"caption\":\"Przemys\u0142aw Oziemblewski\"},\"logo\":{\"@id\":\"https:\\\/\\\/fotografiadlaciekawych.pl\\\/wp-content\\\/uploads\\\/2020\\\/12\\\/przemek-oziemblewski-250px.jpg\"},\"sameAs\":[\"http:\\\/\\\/fotografiadlaciekawych.pl\",\"https:\\\/\\\/www.facebook.com\\\/przemyslaw.oziemblewski\",\"https:\\\/\\\/www.instagram.com\\\/p.oziemblewski\\\/\",\"https:\\\/\\\/www.pinterest.com\\\/fotodcpl\\\/\",\"https:\\\/\\\/youtube.com\\\/@PrzemyslawOziemblewski\"]}]}<\/script>\n<!-- \/ Yoast SEO plugin. -->","yoast_head_json":{"title":"Lody - biznes na bank","robots":{"index":"index","follow":"follow","max-snippet":"max-snippet:-1","max-image-preview":"max-image-preview:large","max-video-preview":"max-video-preview:-1"},"canonical":"https:\/\/fotografiadlaciekawych.pl\/index.php\/2008\/07\/08\/lody-biznes-na-bank\/","og_locale":"pl_PL","og_type":"article","og_title":"Lody - biznes na bank","og_description":"Czy spadki na gie\u0142dzie banki musz\u0105 nadrabi\u0107 kr\u0119ceniem lod\u00f3w? \ud83d\ude42 powi\u0119ksz","og_url":"https:\/\/fotografiadlaciekawych.pl\/index.php\/2008\/07\/08\/lody-biznes-na-bank\/","og_site_name":"Fotografia dla ciekawych","article_publisher":"https:\/\/www.facebook.com\/przemyslaw.oziemblewski","article_author":"https:\/\/www.facebook.com\/przemyslaw.oziemblewski","article_published_time":"2008-07-08T21:24:10+00:00","article_modified_time":"2008-07-08T21:24:33+00:00","og_image":[{"url":"http:\/\/fotografiadlaciekawych.pl\/wp-content\/uploads\/2008\/07\/p1040835-400.jpg","type":"","width":"","height":""}],"author":"Przemys\u0142aw Oziemblewski","twitter_misc":{"Napisane przez":"Przemys\u0142aw Oziemblewski"},"schema":{"@context":"https:\/\/schema.org","@graph":[{"@type":"Article","@id":"https:\/\/fotografiadlaciekawych.pl\/index.php\/2008\/07\/08\/lody-biznes-na-bank\/#article","isPartOf":{"@id":"https:\/\/fotografiadlaciekawych.pl\/index.php\/2008\/07\/08\/lody-biznes-na-bank\/"},"author":{"name":"Przemys\u0142aw Oziemblewski","@id":"https:\/\/fotografiadlaciekawych.pl\/#\/schema\/person\/a9c16bf51d40163ef50c7170ff56de4d"},"headline":"Lody &#8211; biznes na bank","datePublished":"2008-07-08T21:24:10+00:00","dateModified":"2008-07-08T21:24:33+00:00","mainEntityOfPage":{"@id":"https:\/\/fotografiadlaciekawych.pl\/index.php\/2008\/07\/08\/lody-biznes-na-bank\/"},"wordCount":20,"commentCount":0,"publisher":{"@id":"https:\/\/fotografiadlaciekawych.pl\/#\/schema\/person\/a9c16bf51d40163ef50c7170ff56de4d"},"image":{"@id":"https:\/\/fotografiadlaciekawych.pl\/index.php\/2008\/07\/08\/lody-biznes-na-bank\/#primaryimage"},"thumbnailUrl":"http:\/\/fotografiadlaciekawych.pl\/wp-content\/uploads\/2008\/07\/p1040835-400.jpg","keywords":["lody"],"articleSection":["Galeria jednego zdj\u0119cia"],"inLanguage":"pl-PL","potentialAction":[{"@type":"CommentAction","name":"Comment","target":["https:\/\/fotografiadlaciekawych.pl\/index.php\/2008\/07\/08\/lody-biznes-na-bank\/#respond"]}]},{"@type":"WebPage","@id":"https:\/\/fotografiadlaciekawych.pl\/index.php\/2008\/07\/08\/lody-biznes-na-bank\/","url":"https:\/\/fotografiadlaciekawych.pl\/index.php\/2008\/07\/08\/lody-biznes-na-bank\/","name":"Lody - biznes na bank","isPartOf":{"@id":"https:\/\/fotografiadlaciekawych.pl\/#website"},"primaryImageOfPage":{"@id":"https:\/\/fotografiadlaciekawych.pl\/index.php\/2008\/07\/08\/lody-biznes-na-bank\/#primaryimage"},"image":{"@id":"https:\/\/fotografiadlaciekawych.pl\/index.php\/2008\/07\/08\/lody-biznes-na-bank\/#primaryimage"},"thumbnailUrl":"http:\/\/fotografiadlaciekawych.pl\/wp-content\/uploads\/2008\/07\/p1040835-400.jpg","datePublished":"2008-07-08T21:24:10+00:00","dateModified":"2008-07-08T21:24:33+00:00","breadcrumb":{"@id":"https:\/\/fotografiadlaciekawych.pl\/index.php\/2008\/07\/08\/lody-biznes-na-bank\/#breadcrumb"},"inLanguage":"pl-PL","potentialAction":[{"@type":"ReadAction","target":["https:\/\/fotografiadlaciekawych.pl\/index.php\/2008\/07\/08\/lody-biznes-na-bank\/"]}]},{"@type":"ImageObject","inLanguage":"pl-PL","@id":"https:\/\/fotografiadlaciekawych.pl\/index.php\/2008\/07\/08\/lody-biznes-na-bank\/#primaryimage","url":"http:\/\/fotografiadlaciekawych.pl\/wp-content\/uploads\/2008\/07\/p1040835-400.jpg","contentUrl":"http:\/\/fotografiadlaciekawych.pl\/wp-content\/uploads\/2008\/07\/p1040835-400.jpg"},{"@type":"BreadcrumbList","@id":"https:\/\/fotografiadlaciekawych.pl\/index.php\/2008\/07\/08\/lody-biznes-na-bank\/#breadcrumb","itemListElement":[{"@type":"ListItem","position":1,"name":"Home","item":"https:\/\/fotografiadlaciekawych.pl\/"},{"@type":"ListItem","position":2,"name":"Lody &#8211; biznes na bank"}]},{"@type":"WebSite","@id":"https:\/\/fotografiadlaciekawych.pl\/#website","url":"https:\/\/fotografiadlaciekawych.pl\/","name":"Fotografia dla ciekawych","description":"Blog prowadzony od 2008 r.","publisher":{"@id":"https:\/\/fotografiadlaciekawych.pl\/#\/schema\/person\/a9c16bf51d40163ef50c7170ff56de4d"},"potentialAction":[{"@type":"SearchAction","target":{"@type":"EntryPoint","urlTemplate":"https:\/\/fotografiadlaciekawych.pl\/?s={search_term_string}"},"query-input":{"@type":"PropertyValueSpecification","valueRequired":true,"valueName":"search_term_string"}}],"inLanguage":"pl-PL"},{"@type":["Person","Organization"],"@id":"https:\/\/fotografiadlaciekawych.pl\/#\/schema\/person\/a9c16bf51d40163ef50c7170ff56de4d","name":"Przemys\u0142aw Oziemblewski","image":{"@type":"ImageObject","inLanguage":"pl-PL","@id":"https:\/\/fotografiadlaciekawych.pl\/wp-content\/uploads\/2020\/12\/przemek-oziemblewski-250px.jpg","url":"https:\/\/fotografiadlaciekawych.pl\/wp-content\/uploads\/2020\/12\/przemek-oziemblewski-250px.jpg","contentUrl":"https:\/\/fotografiadlaciekawych.pl\/wp-content\/uploads\/2020\/12\/przemek-oziemblewski-250px.jpg","width":250,"height":250,"caption":"Przemys\u0142aw Oziemblewski"},"logo":{"@id":"https:\/\/fotografiadlaciekawych.pl\/wp-content\/uploads\/2020\/12\/przemek-oziemblewski-250px.jpg"},"sameAs":["http:\/\/fotografiadlaciekawych.pl","https:\/\/www.facebook.com\/przemyslaw.oziemblewski","https:\/\/www.instagram.com\/p.oziemblewski\/","https:\/\/www.pinterest.com\/fotodcpl\/","https:\/\/youtube.com\/@PrzemyslawOziemblewski"]}]}},"jetpack_publicize_connections":[],"jetpack_featured_media_url":"","jetpack_sharing_enabled":true,"jetpack-related-posts":[{"id":1281,"url":"https:\/\/fotografiadlaciekawych.pl\/index.php\/2009\/09\/12\/duch-ogrodu\/","url_meta":{"origin":91,"position":0},"title":"Duch ogrodu :-)","author":"Przemys\u0142aw Oziemblewski","date":"sobota, 12 wrz 2009","format":false,"excerpt":"Duch ogrodu pojawi\u0142 si\u0119 na chwil\u0119 i odlecia\u0142. powi\u0119ksz","rel":"","context":"W \u201eGaleria jednego zdj\u0119cia&quot;","block_context":{"text":"Galeria jednego zdj\u0119cia","link":"https:\/\/fotografiadlaciekawych.pl\/index.php\/category\/galeria-jednego-zdjecia\/"},"img":{"alt_text":"Duch ogrodu :-)","src":"https:\/\/i0.wp.com\/fotografiadlaciekawych.pl\/wp-content\/uploads\/2009\/09\/img_67971200-400x273.jpg?resize=350%2C200","width":350,"height":200},"classes":[]},{"id":113,"url":"https:\/\/fotografiadlaciekawych.pl\/index.php\/2008\/09\/04\/a-dlaczego-nie-z-dlugim-czasem-i-bez-statywu\/","url_meta":{"origin":91,"position":1},"title":"A dlaczego nie z d\u0142ugim czasem i bez statywu?","author":"Przemys\u0142aw Oziemblewski","date":"czwartek, 4 wrz 2008","format":false,"excerpt":"Wszyscy m\u00f3wi\u0105, \u017ce poruszone zdj\u0119cie jest z\u0142e. \u017be przy d\u0142ugich ogniskowych trzeba stosowa\u0107 kr\u00f3tkie czasy. Nawet podaj\u0105 przelicznik. Je\u015bli ogniskowa 200, to czas 1\/200s, je\u015bli 50, to czas 1\/50s itp. \u017be jak jest ma\u0142o \u015bwiat\u0142a, to koniecznie trzeba mie\u0107 statyw, a najlepiej to wszystkie zdj\u0119cia robi\u0107 ze statywu, bo wtedy\u2026","rel":"","context":"W \u201eFotografia&quot;","block_context":{"text":"Fotografia","link":"https:\/\/fotografiadlaciekawych.pl\/index.php\/category\/fotografia\/"},"img":{"alt_text":"","src":"","width":0,"height":0},"classes":[]},{"id":70,"url":"https:\/\/fotografiadlaciekawych.pl\/index.php\/2008\/06\/08\/barwy-narodowe\/","url_meta":{"origin":91,"position":2},"title":"Barwy narodowe","author":"Przemys\u0142aw Oziemblewski","date":"niedziela, 8 cze 2008","format":false,"excerpt":"Dzisiaj graj\u0105 nasi. Dlatego wpis na t\u0119 okazj\u0119. Barwy narodowe bia\u0142o-czerwone, ale troch\u0119 inaczej. powi\u0119ksz","rel":"","context":"W \u201eGaleria jednego zdj\u0119cia&quot;","block_context":{"text":"Galeria jednego zdj\u0119cia","link":"https:\/\/fotografiadlaciekawych.pl\/index.php\/category\/galeria-jednego-zdjecia\/"},"img":{"alt_text":"","src":"","width":0,"height":0},"classes":[]},{"id":15360,"url":"https:\/\/fotografiadlaciekawych.pl\/index.php\/2021\/01\/29\/zamarzajace-banki-mydlane-przepis-jak-sfotografowac\/","url_meta":{"origin":91,"position":3},"title":"Zamarzaj\u0105ce ba\u0144ki mydlane &#8211; przepis jak sfotografowa\u0107","author":"Przemys\u0142aw Oziemblewski","date":"pi\u0105tek, 29 sty 2021","format":false,"excerpt":"Ju\u017c od dawna czeka\u0142em na wi\u0119kszy mr\u00f3z, by sprawdzi\u0107, czy uda mi si\u0119 sfotografowa\u0107 zamarzaj\u0105ce ba\u0144ki mydlane. Okazja pojawi\u0142a si\u0119 w zesz\u0142ym tygodniu. By\u0142o -8 stopni Celsiusza. Na pocz\u0105tku ba\u0144ki wcale nie chcia\u0142y zamarza\u0107, ale w ko\u0144cu si\u0119 uda\u0142o. Zobacz wi\u0119c jak sfotografowa\u0107 zamarzaj\u0105ce ba\u0144ki mydlane. Sam spos\u00f3b zamarzania jest\u2026","rel":"","context":"W \u201eFotografia&quot;","block_context":{"text":"Fotografia","link":"https:\/\/fotografiadlaciekawych.pl\/index.php\/category\/fotografia\/"},"img":{"alt_text":"Zamarzaj\u0105ca ba\u0144ka mydlana","src":"https:\/\/i0.wp.com\/fotografiadlaciekawych.pl\/wp-content\/uploads\/2021\/01\/zamarznieta-banka-mydlana-210118_IMG_8429_1000px.jpg?resize=350%2C200&ssl=1","width":350,"height":200,"srcset":"https:\/\/i0.wp.com\/fotografiadlaciekawych.pl\/wp-content\/uploads\/2021\/01\/zamarznieta-banka-mydlana-210118_IMG_8429_1000px.jpg?resize=350%2C200&ssl=1 1x, https:\/\/i0.wp.com\/fotografiadlaciekawych.pl\/wp-content\/uploads\/2021\/01\/zamarznieta-banka-mydlana-210118_IMG_8429_1000px.jpg?resize=525%2C300&ssl=1 1.5x, https:\/\/i0.wp.com\/fotografiadlaciekawych.pl\/wp-content\/uploads\/2021\/01\/zamarznieta-banka-mydlana-210118_IMG_8429_1000px.jpg?resize=700%2C400&ssl=1 2x"},"classes":[]},{"id":2602,"url":"https:\/\/fotografiadlaciekawych.pl\/index.php\/2010\/06\/14\/czerwone-maki\/","url_meta":{"origin":91,"position":4},"title":"Czerwone maki","author":"Przemys\u0142aw Oziemblewski","date":"poniedzia\u0142ek, 14 cze 2010","format":false,"excerpt":"Zdarza mi si\u0119 czasami, \u017ce jad\u0105c samochodem widz\u0119 za oknem \u0142adny widoczek. Pojawia si\u0119 wtedy pytanie: zatrzyma\u0107 si\u0119, czy nie? W\u0142a\u015bciwie ju\u017c pojecha\u0142em kawa\u0142ek dalej, ale zawr\u00f3ci\u0142em. My\u015bl\u0119, \u017ce warto by\u0142o. Pole pe\u0142ne czerwonych mak\u00f3w wygl\u0105da\u0142o naprawd\u0119 malowniczo. Szcz\u0119\u015bliwy los sprawi\u0142, \u017ce r\u00f3wnie\u017c chmury na niebie utworzy\u0142o dope\u0142niaj\u0105c\u0105 ca\u0142o\u015b\u0107 kompozycj\u0119.\u2026","rel":"","context":"W \u201eGaleria jednego zdj\u0119cia&quot;","block_context":{"text":"Galeria jednego zdj\u0119cia","link":"https:\/\/fotografiadlaciekawych.pl\/index.php\/category\/galeria-jednego-zdjecia\/"},"img":{"alt_text":"","src":"https:\/\/i0.wp.com\/fotografiadlaciekawych.pl\/wp-content\/uploads\/2010\/06\/img_2530800-400x266.jpg?resize=350%2C200","width":350,"height":200},"classes":[]},{"id":1272,"url":"https:\/\/fotografiadlaciekawych.pl\/index.php\/2009\/09\/09\/zdjecia-makro-z-komorki\/","url_meta":{"origin":91,"position":5},"title":"Zdj\u0119cia makro z kom\u00f3rki?","author":"Przemys\u0142aw Oziemblewski","date":"\u015broda, 9 wrz 2009","format":false,"excerpt":"Mo\u017cna by zada\u0107 pytanie. Czy telefonem kom\u00f3rkowym mo\u017cna robi\u0107 zdj\u0119cia makro? Postanowi\u0142em to sprawdzi\u0107. Poni\u017cej przyk\u0142ady zdj\u0119\u0107, kt\u00f3re zrobi\u0142em za pomoc\u0105 swojego SE K800i. powi\u0119ksz powi\u0119ksz powi\u0119ksz Najbardziej zdziwi\u0142em si\u0119 kiedy uda\u0142o mi si\u0119 podej\u015b\u0107 do motylka z kom\u00f3rk\u0105 na odleg\u0142o\u015b\u0107 oko\u0142o 15 cm. Efekt powy\u017cej. Wi\u0119c je\u015bli masz kom\u00f3rk\u0119,\u2026","rel":"","context":"W \u201eFotografia&quot;","block_context":{"text":"Fotografia","link":"https:\/\/fotografiadlaciekawych.pl\/index.php\/category\/fotografia\/"},"img":{"alt_text":"R\u00f3\u017ca - zdj\u0119cie makro kom\u00f3rk\u0105 SE K800i","src":"https:\/\/i0.wp.com\/fotografiadlaciekawych.pl\/wp-content\/uploads\/2009\/09\/dsc003441200-400x300.jpg?resize=350%2C200","width":350,"height":200},"classes":[]}],"_links":{"self":[{"href":"https:\/\/fotografiadlaciekawych.pl\/index.php\/wp-json\/wp\/v2\/posts\/91","targetHints":{"allow":["GET"]}}],"collection":[{"href":"https:\/\/fotografiadlaciekawych.pl\/index.php\/wp-json\/wp\/v2\/posts"}],"about":[{"href":"https:\/\/fotografiadlaciekawych.pl\/index.php\/wp-json\/wp\/v2\/types\/post"}],"author":[{"embeddable":true,"href":"https:\/\/fotografiadlaciekawych.pl\/index.php\/wp-json\/wp\/v2\/users\/1"}],"replies":[{"embeddable":true,"href":"https:\/\/fotografiadlaciekawych.pl\/index.php\/wp-json\/wp\/v2\/comments?post=91"}],"version-history":[{"count":0,"href":"https:\/\/fotografiadlaciekawych.pl\/index.php\/wp-json\/wp\/v2\/posts\/91\/revisions"}],"wp:attachment":[{"href":"https:\/\/fotografiadlaciekawych.pl\/index.php\/wp-json\/wp\/v2\/media?parent=91"}],"wp:term":[{"taxonomy":"category","embeddable":true,"href":"https:\/\/fotografiadlaciekawych.pl\/index.php\/wp-json\/wp\/v2\/categories?post=91"},{"taxonomy":"post_tag","embeddable":true,"href":"https:\/\/fotografiadlaciekawych.pl\/index.php\/wp-json\/wp\/v2\/tags?post=91"}],"curies":[{"name":"wp","href":"https:\/\/api.w.org\/{rel}","templated":true}]}}