{"id":9536,"date":"2016-06-06T11:35:48","date_gmt":"2016-06-06T09:35:48","guid":{"rendered":"http:\/\/fotografiadlaciekawych.pl\/?p=9536"},"modified":"2017-08-04T21:49:10","modified_gmt":"2017-08-04T19:49:10","slug":"sesja-biznesowa-korporacyjna-sie-nia-zmierzyc","status":"publish","type":"post","link":"https:\/\/fotografiadlaciekawych.pl\/index.php\/2016\/06\/06\/sesja-biznesowa-korporacyjna-sie-nia-zmierzyc\/","title":{"rendered":"Sesja biznesowa i korporacyjna &#8211; jak si\u0119 z ni\u0105 zmierzy\u0107?"},"content":{"rendered":"<p><a href=\"https:\/\/fotografiadlaciekawych.pl\/wp-content\/uploads\/2016\/06\/sesja-fotograficzna-850px.jpg\" rel=\"lightbox\"><img loading=\"lazy\" decoding=\"async\" src=\"https:\/\/fotografiadlaciekawych.pl\/wp-content\/uploads\/2016\/06\/sesja-fotograficzna-850px-400x266.jpg\" alt=\"Sesja fotograficzna biznesowa i korporacyjna\" width=\"400\" height=\"266\" class=\"alignnone size-medium wp-image-9537\" srcset=\"https:\/\/fotografiadlaciekawych.pl\/wp-content\/uploads\/2016\/06\/sesja-fotograficzna-850px-400x266.jpg 400w, https:\/\/fotografiadlaciekawych.pl\/wp-content\/uploads\/2016\/06\/sesja-fotograficzna-850px-768x511.jpg 768w, https:\/\/fotografiadlaciekawych.pl\/wp-content\/uploads\/2016\/06\/sesja-fotograficzna-850px.jpg 850w\" sizes=\"auto, (max-width: 400px) 100vw, 400px\" \/><\/a><\/p>\n<p>[artyku\u0142 sponsorowany]<\/p>\n<p>Biznes XXI wieku jest, w wi\u0119kszym ni\u017c kiedykolwiek wcze\u015bniej stopniu, budowany na sp\u00f3jnym wizerunku. Strona internetowa jest cz\u0119sto nie tylko pierwszym, ale i jedynym miejscem kontaktu z firm\u0105, z kt\u00f3rej us\u0142ug korzystamy. To, co zobaczymy na firmowej stronie czy na zdj\u0119ciu profilowym bran\u017cowego portalu, bardzo mocno wp\u0142ywa na to, jakiego nabierzemy do niej stosunku. <!--more-->Gdy zastanawiamy si\u0119, komu powierzy\u0107 wa\u017cne dla nas zadanie i gdy czytamy specjalistyczne porady w prasie bran\u017cowej, z natury rzeczy chcieliby\u015bmy wiedzie\u0107, kto stoi po drugiej stronie. Nic nie jest w stanie skuteczniej utwierdzi\u0107 nas w raz podj\u0119tej decyzji ni\u017c budz\u0105ca zaufanie twarz cz\u0142owieka, kt\u00f3ry zadba o nasze interesy.<\/p>\n<h2>Zobaczy\u0107 cz\u0142owieka<\/h2>\n<p><strong>Sesja komercyjna i biznesowa<\/strong> zawsze mie\u0107 b\u0119dzie jeden cel &#8211; przedstawi\u0107 osob\u0119 portretowan\u0105 jako osob\u0119 rzeteln\u0105 i oddan\u0105 swojej pracy, a zarazem jako w\u0142a\u015bciw\u0105 osob\u0119 na w\u0142a\u015bciwym miejscu. Je\u015bli podejmujemy si\u0119 sfotografowania ca\u0142ego zespo\u0142u, pami\u0119tajmy o tym, \u017ce dobry <em>team<\/em> tworz\u0105 z zasady ludzie o r\u00f3\u017cnych osobowo\u015bciach &#8211; czego innego oczekiwa\u0107 b\u0119dziemy od szefa czy szefowej korporacji, inaczej wyobraziliby\u015bmy sobie wzorowego pracownika dzia\u0142u HR, programist\u0119, grafika, magazyniera czy doradc\u0119 w sklepie. Dobra seria zdj\u0119\u0107 biznesowych&nbsp;potrafi nie tylko uwzgl\u0119dni\u0107 te r\u00f3\u017cnice, ale r\u00f3wnie\u017c przekona\u0107 widza, \u017ce \u00f3w zbi\u00f3r r\u00f3\u017cni\u0105cych si\u0119 mi\u0119dzy sob\u0105 ludzi potrafi po\u0142\u0105czy\u0107 si\u0142y dla wsp\u00f3lnego celu. Bardzo wa\u017cne jest r\u00f3wnie\u017c to, by portretowany by\u0142 na fotografii sob\u0105, nie za\u015b stereotypowym przedstawieniem w\u0142asnej funkcji. Najgorsz\u0105 rzecz\u0105, jak\u0105 mog\u0142aby si\u0119 nam przytrafi\u0107 (opr\u00f3cz oczywistych b\u0142\u0119d\u00f3w technicznych), jest wra\u017cenie, \u017ce szef firmy i jej za\u0142oga wyci\u0119ci zostali ze stocka. Podchodz\u0105c do <strong>sesji korporacyjnej<\/strong>, musimy poszuka\u0107 w sobie \u017cy\u0142ki wnikliwego portrecisty, kt\u00f3ry nie tylko odnajdzie u modela jego najmocniejsze atuty, najwa\u017cniejsze dla jego zawodowych zada\u0144 rysy charakteru, ale r\u00f3wnie\u017c wie, jak je uwypukli\u0107 na zdj\u0119ciu, by wypad\u0142o ono zarazem naturalnie i wiarygodnie. <strong>Sesje korporacyjne<\/strong> s\u0105 dost\u0119pne w ofertach wielu firm specjalizuj\u0105cych si\u0119 w fotografii studyjnej, jednym z przyk\u0142ad\u00f3w mo\u017ce by\u0107 <a href=\"http:\/\/portret24.pl\/sesje-komercyjne-i-biznesowe\/\" target=\"_blank\">Portret24.pl<\/a>.<\/p>\n<h2>Znale\u017a\u0107 w\u0142a\u015bciwe podej\u015bcie<\/h2>\n<p>Aby nasze fotografie spe\u0142ni\u0142y swoje zadanie, musimy przede wszystkim wiedzie\u0107, z kim mamy do czynienia. Pierwszym krokiem do udanej sesji b\u0119dzie zawsze solidnie przeprowadzona wst\u0119pna rozmowa. Musimy dowiedzie\u0107 si\u0119 od klienta, jakie idee przy\u015bwiecaj\u0105 jego firmie, w jakich mediach chcia\u0142by si\u0119 zaprezentowa\u0107, do jakich grup klient\u00f3w (lub potencjalnych wsp\u00f3\u0142pracownik\u00f3w) chcia\u0142by trafi\u0107 i od jakiej strony pragnie si\u0119 im przedstawi\u0107. Gdy to ju\u017c ustalimy, przedyskutujmy z klientem og\u00f3ln\u0105 koncepcj\u0119 sesji &#8211; czy modele przedstawieni zostan\u0105 na neutralnym tle, czy te\u017c mo\u017ce w firmowym otoczeniu, co pomo\u017ce widzowi zbudowa\u0107 sobie bardziej wszechstronny i wyrazisty wizerunek firmy? Je\u015bli klientowi zale\u017cy na tym, by raz przygotowan\u0105 sesj\u0119 mo\u017cna by\u0142o wykorzysta\u0107 w r\u00f3\u017cnych sytuacjach, nic nie stoi na przeszkodzie, by po\u0142\u0105czy\u0107 ze sob\u0105 oba rodzaje przedstawie\u0144 i obok portret\u00f3w na neutralnym tle wykona\u0107 dodatkowo zdj\u0119cie cz\u0119\u015bci zespo\u0142u podczas burzy m\u00f3zg\u00f3w lub spotkania integracyjnego, a nawet by przedstawi\u0107 za\u0142og\u0119 w dw\u00f3ch r\u00f3\u017cnych konwencjach &#8211; na powa\u017cnie i z przymru\u017ceniem oka. Kolejn\u0105 spraw\u0105 do przedyskutowania b\u0119dzie kwestia makija\u017cu oraz to, w jakich strojach sportretowani zostan\u0105 szef i pracownicy. W wielu przypadkach warto zach\u0119ci\u0107 klienta do tego, by postawi\u0107 na styl <em>business casual <\/em>dla ca\u0142ego zespo\u0142u, dopuszczaj\u0105c przy tym drobne odst\u0119pstwa w stron\u0119 swobody i fantazji u tych pracownik\u00f3w, kt\u00f3rych praca jest najbardziej tw\u00f3rcza. Sp\u00f3jny styl i ten sam dla wszystkich rejestr pozwoli stworzy\u0107 wra\u017cenie dobrze zgranego, a zarazem demokratycznego zespo\u0142u. Du\u017ca firma, w kt\u00f3rej panuje wyra\u017ana pionowa hierarchia lub w kt\u00f3rej pracownicy nosz\u0105 uniformy, mo\u017ce oczywi\u015bcie wymaga\u0107 ca\u0142kiem innego podej\u015bcia. Tu zale\u017ce\u0107 nam b\u0119dzie przede wszystkim na pokazaniu dba\u0142o\u015bci o klienta, kt\u00f3ra r\u00f3\u017cnie si\u0119 przejawia na r\u00f3\u017cnych pracowniczych szczeblach &#8211; determinacj\u0105 i przenikliwo\u015bci\u0105 u zarz\u0105du, do\u015bwiadczeniem i \u017cyczliwo\u015bci\u0105 w dziale obs\u0142ugi klienta.<\/p>\n<p>Gdy ju\u017c wszystkie szczeg\u00f3\u0142y zostan\u0105 uzgodnione i wybierzemy si\u0119 ze sprz\u0119tem do siedziby firmy, zadbajmy o to, co wa\u017cne w ka\u017cdej sesji portretowej &#8211; dobr\u0105 i swobodn\u0105 atmosfer\u0119 podczas zdj\u0119\u0107 i sprawn\u0105 obs\u0142ug\u0119 techniczn\u0105. Profesjonali\u015bci lubi\u0105 pracowa\u0107 z profesjonalistami, a dobry warsztat i umiej\u0119tno\u015b\u0107 zjednywania sobie zaufania i sympatii modeli na pewno pomog\u0105 nam zdoby\u0107 warto\u015bciow\u0105 i solidnie zas\u0142u\u017con\u0105 rekomendacj\u0119.<\/p>\n<p><em>Artyku\u0142 sponsorowany. Tekst i zdj\u0119cie: Portret24<\/em><\/p>\n","protected":false},"excerpt":{"rendered":"<p>[artyku\u0142 sponsorowany] Biznes XXI wieku jest, w wi\u0119kszym ni\u017c kiedykolwiek wcze\u015bniej stopniu, budowany na sp\u00f3jnym wizerunku. Strona internetowa jest cz\u0119sto nie tylko pierwszym, ale i jedynym miejscem kontaktu z firm\u0105, z kt\u00f3rej us\u0142ug korzystamy. To, co zobaczymy na firmowej stronie czy na zdj\u0119ciu profilowym bran\u017cowego portalu, bardzo mocno wp\u0142ywa na to, jakiego nabierzemy do niej &hellip; <a href=\"https:\/\/fotografiadlaciekawych.pl\/index.php\/2016\/06\/06\/sesja-biznesowa-korporacyjna-sie-nia-zmierzyc\/\" class=\"more-link\">Czytaj dalej <span class=\"screen-reader-text\">Sesja biznesowa i korporacyjna &#8211; jak si\u0119 z ni\u0105 zmierzy\u0107?<\/span> <span class=\"meta-nav\">&rarr;<\/span><\/a><\/p>\n","protected":false},"author":4,"featured_media":0,"comment_status":"open","ping_status":"open","sticky":false,"template":"","format":"standard","meta":{"jetpack_post_was_ever_published":false,"_jetpack_newsletter_access":"","_jetpack_dont_email_post_to_subs":false,"_jetpack_newsletter_tier_id":0,"_jetpack_memberships_contains_paywalled_content":false,"_jetpack_memberships_contains_paid_content":false,"footnotes":"","jetpack_publicize_message":"","jetpack_publicize_feature_enabled":true,"jetpack_social_post_already_shared":false,"jetpack_social_options":{"image_generator_settings":{"template":"highway","default_image_id":0,"font":"","enabled":false},"version":2}},"categories":[15],"tags":[871,872,873],"class_list":["post-9536","post","type-post","status-publish","format-standard","hentry","category-fotografia","tag-sesja-fotograficzna","tag-zdjecia-biznesowe","tag-zdjecia-korporacyjne"],"yoast_head":"<!-- This site is optimized with the Yoast SEO plugin v27.3 - https:\/\/yoast.com\/product\/yoast-seo-wordpress\/ -->\n<title>Sesja biznesowa i korporacyjna - jak si\u0119 z ni\u0105 zmierzy\u0107?<\/title>\n<meta name=\"description\" content=\"Jednym z element\u00f3w budowy wizerunku firmy s\u0105 zdj\u0119cia. Zobacz jak zmierzy\u0107 si\u0119 z fotograficzn\u0105 sesj\u0105 biznesow\u0105 i korporacyjn\u0105.\" \/>\n<meta name=\"robots\" content=\"index, follow, max-snippet:-1, max-image-preview:large, max-video-preview:-1\" \/>\n<link rel=\"canonical\" href=\"https:\/\/fotografiadlaciekawych.pl\/index.php\/2016\/06\/06\/sesja-biznesowa-korporacyjna-sie-nia-zmierzyc\/\" \/>\n<meta property=\"og:locale\" content=\"pl_PL\" \/>\n<meta property=\"og:type\" content=\"article\" \/>\n<meta property=\"og:title\" content=\"Sesja biznesowa i korporacyjna - jak si\u0119 z ni\u0105 zmierzy\u0107?\" \/>\n<meta property=\"og:description\" content=\"Jednym z element\u00f3w budowy wizerunku firmy s\u0105 zdj\u0119cia. Zobacz jak zmierzy\u0107 si\u0119 z fotograficzn\u0105 sesj\u0105 biznesow\u0105 i korporacyjn\u0105. (art. sponsorowany)\" \/>\n<meta property=\"og:url\" content=\"https:\/\/fotografiadlaciekawych.pl\/index.php\/2016\/06\/06\/sesja-biznesowa-korporacyjna-sie-nia-zmierzyc\/\" \/>\n<meta property=\"og:site_name\" content=\"Fotografia dla ciekawych\" \/>\n<meta property=\"article:publisher\" content=\"https:\/\/www.facebook.com\/przemyslaw.oziemblewski\" \/>\n<meta property=\"article:published_time\" content=\"2016-06-06T09:35:48+00:00\" \/>\n<meta property=\"article:modified_time\" content=\"2017-08-04T19:49:10+00:00\" \/>\n<meta property=\"og:image\" content=\"https:\/\/fotografiadlaciekawych.pl\/wp-content\/uploads\/2016\/06\/sesja-fotograficzna-850px.jpg\" \/>\n\t<meta property=\"og:image:width\" content=\"850\" \/>\n\t<meta property=\"og:image:height\" content=\"566\" \/>\n\t<meta property=\"og:image:type\" content=\"image\/jpeg\" \/>\n<meta name=\"author\" content=\"Artyku\u0142 sponsorowany\" \/>\n<meta name=\"twitter:label1\" content=\"Napisane przez\" \/>\n\t<meta name=\"twitter:data1\" content=\"Artyku\u0142 sponsorowany\" \/>\n\t<meta name=\"twitter:label2\" content=\"Szacowany czas czytania\" \/>\n\t<meta name=\"twitter:data2\" content=\"4 minuty\" \/>\n<script type=\"application\/ld+json\" class=\"yoast-schema-graph\">{\"@context\":\"https:\\\/\\\/schema.org\",\"@graph\":[{\"@type\":\"Article\",\"@id\":\"https:\\\/\\\/fotografiadlaciekawych.pl\\\/index.php\\\/2016\\\/06\\\/06\\\/sesja-biznesowa-korporacyjna-sie-nia-zmierzyc\\\/#article\",\"isPartOf\":{\"@id\":\"https:\\\/\\\/fotografiadlaciekawych.pl\\\/index.php\\\/2016\\\/06\\\/06\\\/sesja-biznesowa-korporacyjna-sie-nia-zmierzyc\\\/\"},\"author\":{\"name\":\"Artyku\u0142 sponsorowany\",\"@id\":\"https:\\\/\\\/fotografiadlaciekawych.pl\\\/#\\\/schema\\\/person\\\/e60ac96b4ae17919a99ff0f1ba001492\"},\"headline\":\"Sesja biznesowa i korporacyjna &#8211; jak si\u0119 z ni\u0105 zmierzy\u0107?\",\"datePublished\":\"2016-06-06T09:35:48+00:00\",\"dateModified\":\"2017-08-04T19:49:10+00:00\",\"mainEntityOfPage\":{\"@id\":\"https:\\\/\\\/fotografiadlaciekawych.pl\\\/index.php\\\/2016\\\/06\\\/06\\\/sesja-biznesowa-korporacyjna-sie-nia-zmierzyc\\\/\"},\"wordCount\":803,\"commentCount\":0,\"publisher\":{\"@id\":\"https:\\\/\\\/fotografiadlaciekawych.pl\\\/#\\\/schema\\\/person\\\/a9c16bf51d40163ef50c7170ff56de4d\"},\"image\":{\"@id\":\"https:\\\/\\\/fotografiadlaciekawych.pl\\\/index.php\\\/2016\\\/06\\\/06\\\/sesja-biznesowa-korporacyjna-sie-nia-zmierzyc\\\/#primaryimage\"},\"thumbnailUrl\":\"http:\\\/\\\/fotografiadlaciekawych.pl\\\/wp-content\\\/uploads\\\/2016\\\/06\\\/sesja-fotograficzna-850px-400x266.jpg\",\"keywords\":[\"sesja fotograficzna\",\"zdj\u0119cia biznesowe\",\"zdj\u0119cia korporacyjne\"],\"articleSection\":[\"Fotografia\"],\"inLanguage\":\"pl-PL\",\"potentialAction\":[{\"@type\":\"CommentAction\",\"name\":\"Comment\",\"target\":[\"https:\\\/\\\/fotografiadlaciekawych.pl\\\/index.php\\\/2016\\\/06\\\/06\\\/sesja-biznesowa-korporacyjna-sie-nia-zmierzyc\\\/#respond\"]}]},{\"@type\":\"WebPage\",\"@id\":\"https:\\\/\\\/fotografiadlaciekawych.pl\\\/index.php\\\/2016\\\/06\\\/06\\\/sesja-biznesowa-korporacyjna-sie-nia-zmierzyc\\\/\",\"url\":\"https:\\\/\\\/fotografiadlaciekawych.pl\\\/index.php\\\/2016\\\/06\\\/06\\\/sesja-biznesowa-korporacyjna-sie-nia-zmierzyc\\\/\",\"name\":\"Sesja biznesowa i korporacyjna - jak si\u0119 z ni\u0105 zmierzy\u0107?\",\"isPartOf\":{\"@id\":\"https:\\\/\\\/fotografiadlaciekawych.pl\\\/#website\"},\"primaryImageOfPage\":{\"@id\":\"https:\\\/\\\/fotografiadlaciekawych.pl\\\/index.php\\\/2016\\\/06\\\/06\\\/sesja-biznesowa-korporacyjna-sie-nia-zmierzyc\\\/#primaryimage\"},\"image\":{\"@id\":\"https:\\\/\\\/fotografiadlaciekawych.pl\\\/index.php\\\/2016\\\/06\\\/06\\\/sesja-biznesowa-korporacyjna-sie-nia-zmierzyc\\\/#primaryimage\"},\"thumbnailUrl\":\"http:\\\/\\\/fotografiadlaciekawych.pl\\\/wp-content\\\/uploads\\\/2016\\\/06\\\/sesja-fotograficzna-850px-400x266.jpg\",\"datePublished\":\"2016-06-06T09:35:48+00:00\",\"dateModified\":\"2017-08-04T19:49:10+00:00\",\"description\":\"Jednym z element\u00f3w budowy wizerunku firmy s\u0105 zdj\u0119cia. Zobacz jak zmierzy\u0107 si\u0119 z fotograficzn\u0105 sesj\u0105 biznesow\u0105 i korporacyjn\u0105.\",\"breadcrumb\":{\"@id\":\"https:\\\/\\\/fotografiadlaciekawych.pl\\\/index.php\\\/2016\\\/06\\\/06\\\/sesja-biznesowa-korporacyjna-sie-nia-zmierzyc\\\/#breadcrumb\"},\"inLanguage\":\"pl-PL\",\"potentialAction\":[{\"@type\":\"ReadAction\",\"target\":[\"https:\\\/\\\/fotografiadlaciekawych.pl\\\/index.php\\\/2016\\\/06\\\/06\\\/sesja-biznesowa-korporacyjna-sie-nia-zmierzyc\\\/\"]}]},{\"@type\":\"ImageObject\",\"inLanguage\":\"pl-PL\",\"@id\":\"https:\\\/\\\/fotografiadlaciekawych.pl\\\/index.php\\\/2016\\\/06\\\/06\\\/sesja-biznesowa-korporacyjna-sie-nia-zmierzyc\\\/#primaryimage\",\"url\":\"http:\\\/\\\/fotografiadlaciekawych.pl\\\/wp-content\\\/uploads\\\/2016\\\/06\\\/sesja-fotograficzna-850px-400x266.jpg\",\"contentUrl\":\"http:\\\/\\\/fotografiadlaciekawych.pl\\\/wp-content\\\/uploads\\\/2016\\\/06\\\/sesja-fotograficzna-850px-400x266.jpg\"},{\"@type\":\"BreadcrumbList\",\"@id\":\"https:\\\/\\\/fotografiadlaciekawych.pl\\\/index.php\\\/2016\\\/06\\\/06\\\/sesja-biznesowa-korporacyjna-sie-nia-zmierzyc\\\/#breadcrumb\",\"itemListElement\":[{\"@type\":\"ListItem\",\"position\":1,\"name\":\"Home\",\"item\":\"https:\\\/\\\/fotografiadlaciekawych.pl\\\/\"},{\"@type\":\"ListItem\",\"position\":2,\"name\":\"Sesja biznesowa i korporacyjna &#8211; jak si\u0119 z ni\u0105 zmierzy\u0107?\"}]},{\"@type\":\"WebSite\",\"@id\":\"https:\\\/\\\/fotografiadlaciekawych.pl\\\/#website\",\"url\":\"https:\\\/\\\/fotografiadlaciekawych.pl\\\/\",\"name\":\"Fotografia dla ciekawych\",\"description\":\"Blog prowadzony od 2008 r.\",\"publisher\":{\"@id\":\"https:\\\/\\\/fotografiadlaciekawych.pl\\\/#\\\/schema\\\/person\\\/a9c16bf51d40163ef50c7170ff56de4d\"},\"potentialAction\":[{\"@type\":\"SearchAction\",\"target\":{\"@type\":\"EntryPoint\",\"urlTemplate\":\"https:\\\/\\\/fotografiadlaciekawych.pl\\\/?s={search_term_string}\"},\"query-input\":{\"@type\":\"PropertyValueSpecification\",\"valueRequired\":true,\"valueName\":\"search_term_string\"}}],\"inLanguage\":\"pl-PL\"},{\"@type\":[\"Person\",\"Organization\"],\"@id\":\"https:\\\/\\\/fotografiadlaciekawych.pl\\\/#\\\/schema\\\/person\\\/a9c16bf51d40163ef50c7170ff56de4d\",\"name\":\"Przemys\u0142aw Oziemblewski\",\"image\":{\"@type\":\"ImageObject\",\"inLanguage\":\"pl-PL\",\"@id\":\"https:\\\/\\\/fotografiadlaciekawych.pl\\\/wp-content\\\/uploads\\\/2020\\\/12\\\/przemek-oziemblewski-250px.jpg\",\"url\":\"https:\\\/\\\/fotografiadlaciekawych.pl\\\/wp-content\\\/uploads\\\/2020\\\/12\\\/przemek-oziemblewski-250px.jpg\",\"contentUrl\":\"https:\\\/\\\/fotografiadlaciekawych.pl\\\/wp-content\\\/uploads\\\/2020\\\/12\\\/przemek-oziemblewski-250px.jpg\",\"width\":250,\"height\":250,\"caption\":\"Przemys\u0142aw Oziemblewski\"},\"logo\":{\"@id\":\"https:\\\/\\\/fotografiadlaciekawych.pl\\\/wp-content\\\/uploads\\\/2020\\\/12\\\/przemek-oziemblewski-250px.jpg\"},\"sameAs\":[\"http:\\\/\\\/fotografiadlaciekawych.pl\",\"https:\\\/\\\/www.facebook.com\\\/przemyslaw.oziemblewski\",\"https:\\\/\\\/www.instagram.com\\\/p.oziemblewski\\\/\",\"https:\\\/\\\/www.pinterest.com\\\/fotodcpl\\\/\",\"https:\\\/\\\/youtube.com\\\/@PrzemyslawOziemblewski\"]},{\"@type\":\"Person\",\"@id\":\"https:\\\/\\\/fotografiadlaciekawych.pl\\\/#\\\/schema\\\/person\\\/e60ac96b4ae17919a99ff0f1ba001492\",\"name\":\"Artyku\u0142 sponsorowany\",\"image\":{\"@type\":\"ImageObject\",\"inLanguage\":\"pl-PL\",\"@id\":\"https:\\\/\\\/secure.gravatar.com\\\/avatar\\\/d77f00aa04904566153fd90d98fbf7f32e863992406423b7a47aec95fae32ced?s=96&d=identicon&r=g\",\"url\":\"https:\\\/\\\/secure.gravatar.com\\\/avatar\\\/d77f00aa04904566153fd90d98fbf7f32e863992406423b7a47aec95fae32ced?s=96&d=identicon&r=g\",\"contentUrl\":\"https:\\\/\\\/secure.gravatar.com\\\/avatar\\\/d77f00aa04904566153fd90d98fbf7f32e863992406423b7a47aec95fae32ced?s=96&d=identicon&r=g\",\"caption\":\"Artyku\u0142 sponsorowany\"}}]}<\/script>\n<!-- \/ Yoast SEO plugin. -->","yoast_head_json":{"title":"Sesja biznesowa i korporacyjna - jak si\u0119 z ni\u0105 zmierzy\u0107?","description":"Jednym z element\u00f3w budowy wizerunku firmy s\u0105 zdj\u0119cia. Zobacz jak zmierzy\u0107 si\u0119 z fotograficzn\u0105 sesj\u0105 biznesow\u0105 i korporacyjn\u0105.","robots":{"index":"index","follow":"follow","max-snippet":"max-snippet:-1","max-image-preview":"max-image-preview:large","max-video-preview":"max-video-preview:-1"},"canonical":"https:\/\/fotografiadlaciekawych.pl\/index.php\/2016\/06\/06\/sesja-biznesowa-korporacyjna-sie-nia-zmierzyc\/","og_locale":"pl_PL","og_type":"article","og_title":"Sesja biznesowa i korporacyjna - jak si\u0119 z ni\u0105 zmierzy\u0107?","og_description":"Jednym z element\u00f3w budowy wizerunku firmy s\u0105 zdj\u0119cia. Zobacz jak zmierzy\u0107 si\u0119 z fotograficzn\u0105 sesj\u0105 biznesow\u0105 i korporacyjn\u0105. (art. sponsorowany)","og_url":"https:\/\/fotografiadlaciekawych.pl\/index.php\/2016\/06\/06\/sesja-biznesowa-korporacyjna-sie-nia-zmierzyc\/","og_site_name":"Fotografia dla ciekawych","article_publisher":"https:\/\/www.facebook.com\/przemyslaw.oziemblewski","article_published_time":"2016-06-06T09:35:48+00:00","article_modified_time":"2017-08-04T19:49:10+00:00","og_image":[{"width":850,"height":566,"url":"https:\/\/fotografiadlaciekawych.pl\/wp-content\/uploads\/2016\/06\/sesja-fotograficzna-850px.jpg","type":"image\/jpeg"}],"author":"Artyku\u0142 sponsorowany","twitter_misc":{"Napisane przez":"Artyku\u0142 sponsorowany","Szacowany czas czytania":"4 minuty"},"schema":{"@context":"https:\/\/schema.org","@graph":[{"@type":"Article","@id":"https:\/\/fotografiadlaciekawych.pl\/index.php\/2016\/06\/06\/sesja-biznesowa-korporacyjna-sie-nia-zmierzyc\/#article","isPartOf":{"@id":"https:\/\/fotografiadlaciekawych.pl\/index.php\/2016\/06\/06\/sesja-biznesowa-korporacyjna-sie-nia-zmierzyc\/"},"author":{"name":"Artyku\u0142 sponsorowany","@id":"https:\/\/fotografiadlaciekawych.pl\/#\/schema\/person\/e60ac96b4ae17919a99ff0f1ba001492"},"headline":"Sesja biznesowa i korporacyjna &#8211; jak si\u0119 z ni\u0105 zmierzy\u0107?","datePublished":"2016-06-06T09:35:48+00:00","dateModified":"2017-08-04T19:49:10+00:00","mainEntityOfPage":{"@id":"https:\/\/fotografiadlaciekawych.pl\/index.php\/2016\/06\/06\/sesja-biznesowa-korporacyjna-sie-nia-zmierzyc\/"},"wordCount":803,"commentCount":0,"publisher":{"@id":"https:\/\/fotografiadlaciekawych.pl\/#\/schema\/person\/a9c16bf51d40163ef50c7170ff56de4d"},"image":{"@id":"https:\/\/fotografiadlaciekawych.pl\/index.php\/2016\/06\/06\/sesja-biznesowa-korporacyjna-sie-nia-zmierzyc\/#primaryimage"},"thumbnailUrl":"http:\/\/fotografiadlaciekawych.pl\/wp-content\/uploads\/2016\/06\/sesja-fotograficzna-850px-400x266.jpg","keywords":["sesja fotograficzna","zdj\u0119cia biznesowe","zdj\u0119cia korporacyjne"],"articleSection":["Fotografia"],"inLanguage":"pl-PL","potentialAction":[{"@type":"CommentAction","name":"Comment","target":["https:\/\/fotografiadlaciekawych.pl\/index.php\/2016\/06\/06\/sesja-biznesowa-korporacyjna-sie-nia-zmierzyc\/#respond"]}]},{"@type":"WebPage","@id":"https:\/\/fotografiadlaciekawych.pl\/index.php\/2016\/06\/06\/sesja-biznesowa-korporacyjna-sie-nia-zmierzyc\/","url":"https:\/\/fotografiadlaciekawych.pl\/index.php\/2016\/06\/06\/sesja-biznesowa-korporacyjna-sie-nia-zmierzyc\/","name":"Sesja biznesowa i korporacyjna - jak si\u0119 z ni\u0105 zmierzy\u0107?","isPartOf":{"@id":"https:\/\/fotografiadlaciekawych.pl\/#website"},"primaryImageOfPage":{"@id":"https:\/\/fotografiadlaciekawych.pl\/index.php\/2016\/06\/06\/sesja-biznesowa-korporacyjna-sie-nia-zmierzyc\/#primaryimage"},"image":{"@id":"https:\/\/fotografiadlaciekawych.pl\/index.php\/2016\/06\/06\/sesja-biznesowa-korporacyjna-sie-nia-zmierzyc\/#primaryimage"},"thumbnailUrl":"http:\/\/fotografiadlaciekawych.pl\/wp-content\/uploads\/2016\/06\/sesja-fotograficzna-850px-400x266.jpg","datePublished":"2016-06-06T09:35:48+00:00","dateModified":"2017-08-04T19:49:10+00:00","description":"Jednym z element\u00f3w budowy wizerunku firmy s\u0105 zdj\u0119cia. Zobacz jak zmierzy\u0107 si\u0119 z fotograficzn\u0105 sesj\u0105 biznesow\u0105 i korporacyjn\u0105.","breadcrumb":{"@id":"https:\/\/fotografiadlaciekawych.pl\/index.php\/2016\/06\/06\/sesja-biznesowa-korporacyjna-sie-nia-zmierzyc\/#breadcrumb"},"inLanguage":"pl-PL","potentialAction":[{"@type":"ReadAction","target":["https:\/\/fotografiadlaciekawych.pl\/index.php\/2016\/06\/06\/sesja-biznesowa-korporacyjna-sie-nia-zmierzyc\/"]}]},{"@type":"ImageObject","inLanguage":"pl-PL","@id":"https:\/\/fotografiadlaciekawych.pl\/index.php\/2016\/06\/06\/sesja-biznesowa-korporacyjna-sie-nia-zmierzyc\/#primaryimage","url":"http:\/\/fotografiadlaciekawych.pl\/wp-content\/uploads\/2016\/06\/sesja-fotograficzna-850px-400x266.jpg","contentUrl":"http:\/\/fotografiadlaciekawych.pl\/wp-content\/uploads\/2016\/06\/sesja-fotograficzna-850px-400x266.jpg"},{"@type":"BreadcrumbList","@id":"https:\/\/fotografiadlaciekawych.pl\/index.php\/2016\/06\/06\/sesja-biznesowa-korporacyjna-sie-nia-zmierzyc\/#breadcrumb","itemListElement":[{"@type":"ListItem","position":1,"name":"Home","item":"https:\/\/fotografiadlaciekawych.pl\/"},{"@type":"ListItem","position":2,"name":"Sesja biznesowa i korporacyjna &#8211; jak si\u0119 z ni\u0105 zmierzy\u0107?"}]},{"@type":"WebSite","@id":"https:\/\/fotografiadlaciekawych.pl\/#website","url":"https:\/\/fotografiadlaciekawych.pl\/","name":"Fotografia dla ciekawych","description":"Blog prowadzony od 2008 r.","publisher":{"@id":"https:\/\/fotografiadlaciekawych.pl\/#\/schema\/person\/a9c16bf51d40163ef50c7170ff56de4d"},"potentialAction":[{"@type":"SearchAction","target":{"@type":"EntryPoint","urlTemplate":"https:\/\/fotografiadlaciekawych.pl\/?s={search_term_string}"},"query-input":{"@type":"PropertyValueSpecification","valueRequired":true,"valueName":"search_term_string"}}],"inLanguage":"pl-PL"},{"@type":["Person","Organization"],"@id":"https:\/\/fotografiadlaciekawych.pl\/#\/schema\/person\/a9c16bf51d40163ef50c7170ff56de4d","name":"Przemys\u0142aw Oziemblewski","image":{"@type":"ImageObject","inLanguage":"pl-PL","@id":"https:\/\/fotografiadlaciekawych.pl\/wp-content\/uploads\/2020\/12\/przemek-oziemblewski-250px.jpg","url":"https:\/\/fotografiadlaciekawych.pl\/wp-content\/uploads\/2020\/12\/przemek-oziemblewski-250px.jpg","contentUrl":"https:\/\/fotografiadlaciekawych.pl\/wp-content\/uploads\/2020\/12\/przemek-oziemblewski-250px.jpg","width":250,"height":250,"caption":"Przemys\u0142aw Oziemblewski"},"logo":{"@id":"https:\/\/fotografiadlaciekawych.pl\/wp-content\/uploads\/2020\/12\/przemek-oziemblewski-250px.jpg"},"sameAs":["http:\/\/fotografiadlaciekawych.pl","https:\/\/www.facebook.com\/przemyslaw.oziemblewski","https:\/\/www.instagram.com\/p.oziemblewski\/","https:\/\/www.pinterest.com\/fotodcpl\/","https:\/\/youtube.com\/@PrzemyslawOziemblewski"]},{"@type":"Person","@id":"https:\/\/fotografiadlaciekawych.pl\/#\/schema\/person\/e60ac96b4ae17919a99ff0f1ba001492","name":"Artyku\u0142 sponsorowany","image":{"@type":"ImageObject","inLanguage":"pl-PL","@id":"https:\/\/secure.gravatar.com\/avatar\/d77f00aa04904566153fd90d98fbf7f32e863992406423b7a47aec95fae32ced?s=96&d=identicon&r=g","url":"https:\/\/secure.gravatar.com\/avatar\/d77f00aa04904566153fd90d98fbf7f32e863992406423b7a47aec95fae32ced?s=96&d=identicon&r=g","contentUrl":"https:\/\/secure.gravatar.com\/avatar\/d77f00aa04904566153fd90d98fbf7f32e863992406423b7a47aec95fae32ced?s=96&d=identicon&r=g","caption":"Artyku\u0142 sponsorowany"}}]}},"jetpack_publicize_connections":[],"jetpack_featured_media_url":"","jetpack_sharing_enabled":true,"jetpack-related-posts":[{"id":1550,"url":"https:\/\/fotografiadlaciekawych.pl\/index.php\/2010\/01\/14\/jak-fotografowac-platki-sniegu\/","url_meta":{"origin":9536,"position":0},"title":"Jak fotografowa\u0107 p\u0142atki sniegu?","author":"Przemys\u0142aw Oziemblewski","date":"czwartek, 14 sty 2010","format":false,"excerpt":"Obieca\u0142em opisa\u0107 jak fotografowa\u0142em p\u0142atki \u015bniegu. Pyta\u0142a mnie o to jedna osoba, a mo\u017ce i Ty te\u017c chcia\u0142by\u015b wiedzie\u0107? 1. Obiekt Wbrew pozorom nie ka\u017cdy \u015bnieg nadaje si\u0119 do sfotografowania, je\u015bli m\u00f3wimy o fotografowaniu p\u0142atk\u00f3w. Przekona\u0142em si\u0119 o tym, gdy podj\u0105\u0142em niedawno drug\u0105 pr\u00f3b\u0119 zrobienia tego typu zdj\u0119\u0107. Pierwsz\u0105 zrobi\u0142em,\u2026","rel":"","context":"W \u201eFotografia&quot;","block_context":{"text":"Fotografia","link":"https:\/\/fotografiadlaciekawych.pl\/index.php\/category\/fotografia\/"},"img":{"alt_text":"P\u0142atki \u015bniegu","src":"https:\/\/i0.wp.com\/fotografiadlaciekawych.pl\/wp-content\/uploads\/2010\/01\/img_8766900-400x266.jpg?resize=350%2C200","width":350,"height":200},"classes":[]},{"id":17781,"url":"https:\/\/fotografiadlaciekawych.pl\/index.php\/2023\/08\/17\/trzecie-podejscie-do-zdjec-slonca-nad-torami\/","url_meta":{"origin":9536,"position":1},"title":"Trzecie podej\u015bcie do zdj\u0119\u0107 s\u0142o\u0144ca nad torami","author":"Przemys\u0142aw Oziemblewski","date":"czwartek, 17 sie 2023","format":false,"excerpt":"S\u0142o\u0144ce nieustanie wzbudza nasz\u0105 ciekawo\u015b\u0107. Ma w sobie co\u015b takiego, \u017ce przyci\u0105ga wzrok. Zw\u0142aszcza kiedy nie \u015bwieci ju\u017c tak intensywnie, nie razi oczu, to lubimy na nie spogl\u0105da\u0107. Ma to miejsce, kiedy jest ono nisko nad horyzontem. Dlatego wschody i zachody\u00a0 s\u0142o\u0144ca ciesz\u0105 si\u0119 tak du\u017cym powodzeniem.\u00a0 Przyci\u0105gaj\u0105 tak wielu\u2026","rel":"","context":"W \u201eZdj\u0119cia&quot;","block_context":{"text":"Zdj\u0119cia","link":"https:\/\/fotografiadlaciekawych.pl\/index.php\/category\/zdjecia\/"},"img":{"alt_text":"Zach\u00f3d s\u0142o\u0144ca","src":"https:\/\/i0.wp.com\/fotografiadlaciekawych.pl\/wp-content\/uploads\/2023\/08\/230728_IMG_1465-HDR_1080px-3.jpg?resize=350%2C200&ssl=1","width":350,"height":200,"srcset":"https:\/\/i0.wp.com\/fotografiadlaciekawych.pl\/wp-content\/uploads\/2023\/08\/230728_IMG_1465-HDR_1080px-3.jpg?resize=350%2C200&ssl=1 1x, https:\/\/i0.wp.com\/fotografiadlaciekawych.pl\/wp-content\/uploads\/2023\/08\/230728_IMG_1465-HDR_1080px-3.jpg?resize=525%2C300&ssl=1 1.5x, https:\/\/i0.wp.com\/fotografiadlaciekawych.pl\/wp-content\/uploads\/2023\/08\/230728_IMG_1465-HDR_1080px-3.jpg?resize=700%2C400&ssl=1 2x, https:\/\/i0.wp.com\/fotografiadlaciekawych.pl\/wp-content\/uploads\/2023\/08\/230728_IMG_1465-HDR_1080px-3.jpg?resize=1050%2C600&ssl=1 3x"},"classes":[]},{"id":10783,"url":"https:\/\/fotografiadlaciekawych.pl\/index.php\/2017\/07\/28\/zdjecia-slubne-poznaniu-pomysly-ciekawe-scenerie\/","url_meta":{"origin":9536,"position":2},"title":"Zdj\u0119cia \u015blubne w Poznaniu? Pomys\u0142y na ciekawe scenerie","author":"Artyku\u0142 sponsorowany","date":"pi\u0105tek, 28 lip 2017","format":false,"excerpt":"[artyku\u0142 sponsorowany] Pozna\u0144 to pi\u0119kne miasto pe\u0142ne zabytk\u00f3w i niezwyk\u0142ych miejsc, kt\u00f3re doskonale nadaj\u0105 si\u0119 na wyj\u0105tkow\u0105 \u015blubn\u0105 sesj\u0119. Dzi\u0119ki r\u00f3\u017cnorodno\u015bci, jak\u0105 oferuje, para m\u0142oda zdecydowa\u0107 mo\u017ce si\u0119 zar\u00f3wno na romantyczne zdj\u0119cia w parkach, przy dworach i zamkach, jak i te nieco bardziej szalone, lu\u017ane lub w industrialnym otoczeniu. Kt\u00f3re\u2026","rel":"","context":"W \u201eR\u00f3\u017cne&quot;","block_context":{"text":"R\u00f3\u017cne","link":"https:\/\/fotografiadlaciekawych.pl\/index.php\/category\/rozne\/"},"img":{"alt_text":"","src":"https:\/\/i0.wp.com\/fotografiadlaciekawych.pl\/wp-content\/uploads\/2017\/07\/fotolia_150447452_900px.jpg?resize=350%2C200&ssl=1","width":350,"height":200,"srcset":"https:\/\/i0.wp.com\/fotografiadlaciekawych.pl\/wp-content\/uploads\/2017\/07\/fotolia_150447452_900px.jpg?resize=350%2C200&ssl=1 1x, https:\/\/i0.wp.com\/fotografiadlaciekawych.pl\/wp-content\/uploads\/2017\/07\/fotolia_150447452_900px.jpg?resize=525%2C300&ssl=1 1.5x, https:\/\/i0.wp.com\/fotografiadlaciekawych.pl\/wp-content\/uploads\/2017\/07\/fotolia_150447452_900px.jpg?resize=700%2C400&ssl=1 2x"},"classes":[]},{"id":1979,"url":"https:\/\/fotografiadlaciekawych.pl\/index.php\/2010\/02\/24\/kompozycja-obrazu-1\/","url_meta":{"origin":9536,"position":3},"title":"Kompozycja obrazu #1","author":"Przemys\u0142aw Oziemblewski","date":"\u015broda, 24 lut 2010","format":false,"excerpt":"Dzisiejszym wpisem rozpoczynam seri\u0119 materia\u0142\u00f3w, kt\u00f3re b\u0119d\u0105 pochodzi\u0142y z wybranych, darmowych fragment\u00f3w ksi\u0105\u017cek udost\u0119pnianych przez wydawnictwo Helion. Na pocz\u0105tek rzecz o kompozycji obrazu z ksi\u0105\u017cki Perfekcja w fotografii. Od inspiracji do obrazu. Perfekcja w fotografii. Od inspiracji do obrazu Autor: George Barr Data wydania: 01\/2010 Stron: 224 Opis Fragment -\u2026","rel":"","context":"W \u201eCzytelnia&quot;","block_context":{"text":"Czytelnia","link":"https:\/\/fotografiadlaciekawych.pl\/index.php\/category\/literatura\/czytelnia-literatura\/"},"img":{"alt_text":"","src":"https:\/\/i0.wp.com\/fotografiadlaciekawych.pl\/wp-content\/uploads\/2010\/02\/Nowy-obraz1-400x333.jpg?resize=350%2C200","width":350,"height":200},"classes":[]},{"id":10595,"url":"https:\/\/fotografiadlaciekawych.pl\/index.php\/2017\/05\/31\/zdjecie-poradnik-wyboru-ramki-zdjecia\/","url_meta":{"origin":9536,"position":4},"title":"Zdj\u0119cie to nie wszystko! Poradnik wyboru ramki do zdj\u0119cia","author":"Artyku\u0142 sponsorowany","date":"\u015broda, 31 maj 2017","format":false,"excerpt":"[artyku\u0142 sponsorowany] Zdj\u0119cia to niezwyk\u0142a pami\u0105tka. Jednak, aby przypomnie\u0107 sobie mi\u0142e wspomnienia i chwile, kt\u00f3re zosta\u0142y na nich uwiecznione, wcale nie musimy za ka\u017cdym razem si\u0119ga\u0107 po opas\u0142y tom albumu ze zdj\u0119ciami. Fotografie mog\u0105 pi\u0119knie ozdobi\u0107 nasz dom - widniej\u0105c na \u015bcianach, rega\u0142ach, p\u00f3\u0142kach i w wielu innych miejscach. Oczywi\u015bcie\u2026","rel":"","context":"W \u201eR\u00f3\u017cne&quot;","block_context":{"text":"R\u00f3\u017cne","link":"https:\/\/fotografiadlaciekawych.pl\/index.php\/category\/rozne\/"},"img":{"alt_text":"Ramki do zdj\u0119cia","src":"https:\/\/i0.wp.com\/fotografiadlaciekawych.pl\/wp-content\/uploads\/2017\/05\/colorful-1836348_900.jpg?resize=350%2C200&ssl=1","width":350,"height":200,"srcset":"https:\/\/i0.wp.com\/fotografiadlaciekawych.pl\/wp-content\/uploads\/2017\/05\/colorful-1836348_900.jpg?resize=350%2C200&ssl=1 1x, https:\/\/i0.wp.com\/fotografiadlaciekawych.pl\/wp-content\/uploads\/2017\/05\/colorful-1836348_900.jpg?resize=525%2C300&ssl=1 1.5x, https:\/\/i0.wp.com\/fotografiadlaciekawych.pl\/wp-content\/uploads\/2017\/05\/colorful-1836348_900.jpg?resize=700%2C400&ssl=1 2x"},"classes":[]},{"id":12291,"url":"https:\/\/fotografiadlaciekawych.pl\/index.php\/2018\/12\/05\/czym-jest-ekspozycja-w-ev-i-jakie-to-ma-znaczenie\/","url_meta":{"origin":9536,"position":5},"title":"Czym jest ekspozycja w EV i jakie to ma znaczenie","author":"Przemys\u0142aw Oziemblewski","date":"\u015broda, 5 gru 2018","format":false,"excerpt":"Dosta\u0142em pytanie od Bartosza: \"Mam te\u017c pytanie odno\u015bnie grafiki z Pana strony 'Przyk\u0142adowe warto\u015bci ekspozycji w EV'. Jak ustawi\u0107 warto\u015b\u0107 na Drog\u0119 Mleczn\u0105, na -7, skoro mog\u0119 zej\u015b\u0107 do warto\u015bci -3 EV? By\u0107 mo\u017ce pytanie nie profesjonalne, cho\u0107 zawsze mierz\u0105c w niebo, \u015bwiat\u0142omierz mia\u0142em na 0, otwart\u0105 przys\u0142on\u0119 (obiektyw mam\u2026","rel":"","context":"W \u201eEkspozycja&quot;","block_context":{"text":"Ekspozycja","link":"https:\/\/fotografiadlaciekawych.pl\/index.php\/category\/fotografia\/ekspozycja-fotografia\/"},"img":{"alt_text":"","src":"https:\/\/i0.wp.com\/fotografiadlaciekawych.pl\/wp-content\/uploads\/2018\/12\/160726_IMG_2607_1000px-2.jpg?resize=350%2C200&ssl=1","width":350,"height":200,"srcset":"https:\/\/i0.wp.com\/fotografiadlaciekawych.pl\/wp-content\/uploads\/2018\/12\/160726_IMG_2607_1000px-2.jpg?resize=350%2C200&ssl=1 1x, https:\/\/i0.wp.com\/fotografiadlaciekawych.pl\/wp-content\/uploads\/2018\/12\/160726_IMG_2607_1000px-2.jpg?resize=525%2C300&ssl=1 1.5x, https:\/\/i0.wp.com\/fotografiadlaciekawych.pl\/wp-content\/uploads\/2018\/12\/160726_IMG_2607_1000px-2.jpg?resize=700%2C400&ssl=1 2x"},"classes":[]}],"_links":{"self":[{"href":"https:\/\/fotografiadlaciekawych.pl\/index.php\/wp-json\/wp\/v2\/posts\/9536","targetHints":{"allow":["GET"]}}],"collection":[{"href":"https:\/\/fotografiadlaciekawych.pl\/index.php\/wp-json\/wp\/v2\/posts"}],"about":[{"href":"https:\/\/fotografiadlaciekawych.pl\/index.php\/wp-json\/wp\/v2\/types\/post"}],"author":[{"embeddable":true,"href":"https:\/\/fotografiadlaciekawych.pl\/index.php\/wp-json\/wp\/v2\/users\/4"}],"replies":[{"embeddable":true,"href":"https:\/\/fotografiadlaciekawych.pl\/index.php\/wp-json\/wp\/v2\/comments?post=9536"}],"version-history":[{"count":6,"href":"https:\/\/fotografiadlaciekawych.pl\/index.php\/wp-json\/wp\/v2\/posts\/9536\/revisions"}],"predecessor-version":[{"id":10792,"href":"https:\/\/fotografiadlaciekawych.pl\/index.php\/wp-json\/wp\/v2\/posts\/9536\/revisions\/10792"}],"wp:attachment":[{"href":"https:\/\/fotografiadlaciekawych.pl\/index.php\/wp-json\/wp\/v2\/media?parent=9536"}],"wp:term":[{"taxonomy":"category","embeddable":true,"href":"https:\/\/fotografiadlaciekawych.pl\/index.php\/wp-json\/wp\/v2\/categories?post=9536"},{"taxonomy":"post_tag","embeddable":true,"href":"https:\/\/fotografiadlaciekawych.pl\/index.php\/wp-json\/wp\/v2\/tags?post=9536"}],"curies":[{"name":"wp","href":"https:\/\/api.w.org\/{rel}","templated":true}]}}