{"id":9949,"date":"2016-11-04T18:34:57","date_gmt":"2016-11-04T17:34:57","guid":{"rendered":"http:\/\/fotografiadlaciekawych.pl\/?p=9949"},"modified":"2016-11-04T18:40:37","modified_gmt":"2016-11-04T17:40:37","slug":"powstalo-zdjecie-gwiazdy-nad-cmentarzem","status":"publish","type":"post","link":"https:\/\/fotografiadlaciekawych.pl\/index.php\/2016\/11\/04\/powstalo-zdjecie-gwiazdy-nad-cmentarzem\/","title":{"rendered":"Jak powsta\u0142o to zdj\u0119cie &#8211; gwiazdy nad cmentarzem"},"content":{"rendered":"<p><a href=\"https:\/\/fotografiadlaciekawych.pl\/wp-content\/uploads\/2015\/11\/8747_850-3.jpg\" rel=\"lightbox\"><img loading=\"lazy\" decoding=\"async\" src=\"https:\/\/fotografiadlaciekawych.pl\/wp-content\/uploads\/2015\/11\/8747_850-3-400x267.jpg\" alt=\"Cmentarz w Chodzie\u017cy\" width=\"400\" height=\"267\" class=\"alignnone size-medium wp-image-8711\" srcset=\"https:\/\/fotografiadlaciekawych.pl\/wp-content\/uploads\/2015\/11\/8747_850-3-400x267.jpg 400w, https:\/\/fotografiadlaciekawych.pl\/wp-content\/uploads\/2015\/11\/8747_850-3-768x512.jpg 768w, https:\/\/fotografiadlaciekawych.pl\/wp-content\/uploads\/2015\/11\/8747_850-3.jpg 850w\" sizes=\"auto, (max-width: 400px) 100vw, 400px\" \/><\/a><\/p>\n<p>Dzi\u0119kuj\u0119 wszystkim za g\u0142osowanie pod wpisem <a href=\"https:\/\/fotografiadlaciekawych.pl\/index.php\/2016\/10\/28\/9-sposobow-na-zdjecia-w-swietle-zniczy\/\">9 sposob\u00f3w na zdj\u0119cia w \u015bwietle zniczy<\/a>. Zliczy\u0142em wszystkie g\u0142osy pozostawione w komentarzu na blogu i na FB. Zdecydowanym liderem zosta\u0142o zdj\u0119cie numer 9 pokazuj\u0105ce panoram\u0119 cmentarza z pod\u015bwietlonymi drzewami i gwiazdami na niebie.<\/p>\n<p>To zdj\u0119cie mo\u017ce zaskakiwa\u0107, bo pokazuje wi\u0119cej ni\u017c wida\u0107 go\u0142ym okiem. Robi\u0105c zdj\u0119cia w nocy mo\u017cesz na matrycy lub b\u0142onie \u015bwiat\u0142oczu\u0142ej pokaza\u0107 wi\u0119cej ni\u017c widzisz. Tak by\u0142o w tym przypadku.<br \/>\n<!--more--><br \/>\nW przybli\u017ceniu to, co wtedy widzia\u0142em nieuzbrojonym okiem, pokazuje poni\u017csze zdj\u0119cie.<\/p>\n<p><a href=\"https:\/\/fotografiadlaciekawych.pl\/wp-content\/uploads\/2016\/11\/8747_850-4.jpg\" rel=\"lightbox\"><img loading=\"lazy\" decoding=\"async\" src=\"https:\/\/fotografiadlaciekawych.pl\/wp-content\/uploads\/2016\/11\/8747_850-4-400x267.jpg\" alt=\"Symulacja tego co by\u0142o wida\u0107\" width=\"400\" height=\"267\" class=\"alignnone size-medium wp-image-9951\" srcset=\"https:\/\/fotografiadlaciekawych.pl\/wp-content\/uploads\/2016\/11\/8747_850-4-400x267.jpg 400w, https:\/\/fotografiadlaciekawych.pl\/wp-content\/uploads\/2016\/11\/8747_850-4-768x512.jpg 768w, https:\/\/fotografiadlaciekawych.pl\/wp-content\/uploads\/2016\/11\/8747_850-4.jpg 850w\" sizes=\"auto, (max-width: 400px) 100vw, 400px\" \/><\/a><br \/>\n<em>Symulacja tego, co by\u0142o wida\u0107<\/em><\/p>\n<p>Daj\u0105c jednak odpowiednie parametry ekspozycji mo\u017cesz zarejestrowa\u0107 wi\u0119cej. <\/p>\n<p><a href=\"https:\/\/fotografiadlaciekawych.pl\/wp-content\/uploads\/2016\/11\/8747_850-2.jpg\" rel=\"lightbox\"><img loading=\"lazy\" decoding=\"async\" src=\"https:\/\/fotografiadlaciekawych.pl\/wp-content\/uploads\/2016\/11\/8747_850-2-400x267.jpg\" alt=\"Zdj\u0119cie niobrobione\" width=\"400\" height=\"267\" class=\"alignnone size-medium wp-image-9950\" srcset=\"https:\/\/fotografiadlaciekawych.pl\/wp-content\/uploads\/2016\/11\/8747_850-2-400x267.jpg 400w, https:\/\/fotografiadlaciekawych.pl\/wp-content\/uploads\/2016\/11\/8747_850-2-768x512.jpg 768w, https:\/\/fotografiadlaciekawych.pl\/wp-content\/uploads\/2016\/11\/8747_850-2.jpg 850w\" sizes=\"auto, (max-width: 400px) 100vw, 400px\" \/><\/a><br \/>\n<em>Obraz zarejestrowany przez aparat przy parametrach: matryca APS-C, ogniskowa 14mm, przys\u0142ona f\/5, czas na\u015bwietlania 30 sekund, ISO 800<\/em><\/p>\n<p>Oczywi\u015bcie zdj\u0119cie robione ze statywu i wyzwalane z pilota. Ekspozycja by\u0142a ustawiana w trybie manualnym. Pomiar \u015bwiat\u0142a &#8211; matrycowy\/wielosegmentowy. Nie pami\u0119tam ju\u017c jak wtedy mia\u0142a si\u0119 ekspozycja wzgl\u0119dem pomiaru, ale kiedy wczoraj robi\u0142em podobne uj\u0119cie, to ekspozycja musia\u0142a by\u0107 o oko\u0142o 2EV ja\u015bniejsza ni\u017c ta wynikaj\u0105ca z pomiaru. <\/p>\n<p>Dalsze prace to ju\u017c obr\u00f3bka w programie graficznym Lightroom. Na pocz\u0105tek posz\u0142o kadrowanie i usuwanie wad obiektywu. P\u00f3\u017aniej podniesienie kontrastu og\u00f3lnego i lokalnego. Prawie maksymalne warto\u015bci. Najja\u015bniejsze partie obrazu zrobi\u0142y si\u0119 zbyt jasne dlatego zosta\u0142y przyciemnione suwakiem &#8222;highlights&#8221;. Kolejn\u0105 rzecz, kt\u00f3r\u0105 jeszcze zrobi\u0142em to dodanie filtra po\u0142\u00f3wkowego na niebo i wprowadzenie ustawie\u0144, kt\u00f3re rozja\u015bni\u0142y gwiazdy. Polega to na rozja\u015bnieniu bieli i przyciemnieniu czerni. Uzyska\u0142em wtedy poni\u017cszy efekt.<\/p>\n<p><a href=\"https:\/\/fotografiadlaciekawych.pl\/wp-content\/uploads\/2015\/11\/8747_850.jpg\" rel=\"lightbox\"><img loading=\"lazy\" decoding=\"async\" src=\"https:\/\/fotografiadlaciekawych.pl\/wp-content\/uploads\/2015\/11\/8747_850-400x267.jpg\" alt=\"Cmentarz w Chodzie\u017cy\" width=\"400\" height=\"267\" class=\"alignnone size-medium wp-image-8709\" srcset=\"https:\/\/fotografiadlaciekawych.pl\/wp-content\/uploads\/2015\/11\/8747_850-400x267.jpg 400w, https:\/\/fotografiadlaciekawych.pl\/wp-content\/uploads\/2015\/11\/8747_850.jpg 850w\" sizes=\"auto, (max-width: 400px) 100vw, 400px\" \/><\/a><\/p>\n<p>Dalsze kombinowanie z ustawieniami suwak\u00f3w w programie graficznym oraz przesuni\u0119cie filtra po\u0142\u00f3wkowego ni\u017cej spowodowa\u0142o uzyskanie kolejnej wersji zdj\u0119cia.<\/p>\n<p><a href=\"https:\/\/fotografiadlaciekawych.pl\/wp-content\/uploads\/2015\/11\/8747_850-3.jpg\" rel=\"lightbox\"><img loading=\"lazy\" decoding=\"async\" src=\"https:\/\/fotografiadlaciekawych.pl\/wp-content\/uploads\/2015\/11\/8747_850-3-400x267.jpg\" alt=\"Cmentarz w Chodzie\u017cy\" width=\"400\" height=\"267\" class=\"alignnone size-medium wp-image-8711\" srcset=\"https:\/\/fotografiadlaciekawych.pl\/wp-content\/uploads\/2015\/11\/8747_850-3-400x267.jpg 400w, https:\/\/fotografiadlaciekawych.pl\/wp-content\/uploads\/2015\/11\/8747_850-3-768x512.jpg 768w, https:\/\/fotografiadlaciekawych.pl\/wp-content\/uploads\/2015\/11\/8747_850-3.jpg 850w\" sizes=\"auto, (max-width: 400px) 100vw, 400px\" \/><\/a><\/p>\n<p>Aby by\u0142y mo\u017cliwe takie kombinacje w programie graficznym, zdj\u0119cie musia\u0142o by\u0107 odpowiednio na\u015bwietlone i zapisane w formacie RAW. <\/p>\n<p>Zach\u0119cam do w\u0142asnych eksperyment\u00f3w. Na zdj\u0119ciach nocnych mo\u017cesz pokaza\u0107 co\u015b inaczej, lepiej, ciekawiej.<\/p>\n<p>Je\u015bli temat zdj\u0119\u0107 nocnych ciebie zainteresowa\u0142, to zapraszam do zapisania si\u0119 na list\u0119 <a href=\"https:\/\/oziemblewski.com\/darmowe\/ekspozycja\/\" target=\"_blank\">Ekspozycja, zdj\u0119cia nocne i w trudnych warunkach o\u015bwietleniowych<\/a>.<\/p>\n","protected":false},"excerpt":{"rendered":"<p>Dzi\u0119kuj\u0119 wszystkim za g\u0142osowanie pod wpisem 9 sposob\u00f3w na zdj\u0119cia w \u015bwietle zniczy. Zliczy\u0142em wszystkie g\u0142osy pozostawione w komentarzu na blogu i na FB. Zdecydowanym liderem zosta\u0142o zdj\u0119cie numer 9 pokazuj\u0105ce panoram\u0119 cmentarza z pod\u015bwietlonymi drzewami i gwiazdami na niebie. To zdj\u0119cie mo\u017ce zaskakiwa\u0107, bo pokazuje wi\u0119cej ni\u017c wida\u0107 go\u0142ym okiem. Robi\u0105c zdj\u0119cia w nocy &hellip; <a href=\"https:\/\/fotografiadlaciekawych.pl\/index.php\/2016\/11\/04\/powstalo-zdjecie-gwiazdy-nad-cmentarzem\/\" class=\"more-link\">Czytaj dalej <span class=\"screen-reader-text\">Jak powsta\u0142o to zdj\u0119cie &#8211; gwiazdy nad cmentarzem<\/span> <span class=\"meta-nav\">&rarr;<\/span><\/a><\/p>\n","protected":false},"author":1,"featured_media":0,"comment_status":"open","ping_status":"open","sticky":false,"template":"","format":"standard","meta":{"_jetpack_newsletter_access":"","_jetpack_dont_email_post_to_subs":false,"_jetpack_newsletter_tier_id":0,"_jetpack_memberships_contains_paywalled_content":false,"_jetpack_feature_clip_id":0,"_jetpack_memberships_contains_paid_content":false,"footnotes":"","jetpack_publicize_message":"","jetpack_publicize_feature_enabled":true,"jetpack_social_post_already_shared":false,"jetpack_social_options":{"image_generator_settings":{"template":"highway","default_image_id":0,"font":"","enabled":false},"version":2},"jetpack_post_was_ever_published":false},"categories":[86],"tags":[266,670,215],"class_list":["post-9949","post","type-post","status-publish","format-standard","hentry","category-galeria-jednego-zdjecia","tag-cmentarz","tag-gwiazdy","tag-zdjecia-nocne"],"yoast_head":"<!-- This site is optimized with the Yoast SEO plugin v28.4 - https:\/\/yoast.com\/product\/yoast-seo-wordpress\/ -->\n<title>Jak powsta\u0142o to zdj\u0119cie - gwiazdy nad cmentarzem<\/title>\n<meta name=\"description\" content=\"To zdj\u0119cie mo\u017ce zaskakiwa\u0107. Pokazuje wi\u0119cej ni\u017c wida\u0107 go\u0142ym okiem. Robi\u0105c nocne zdj\u0119cia mo\u017cesz aparatem z\u0142apa\u0107 wi\u0119cej ni\u017c widzisz. Tak by\u0142o w tym przypadku.\" \/>\n<meta name=\"robots\" content=\"index, follow, max-snippet:-1, max-image-preview:large, max-video-preview:-1\" \/>\n<link rel=\"canonical\" href=\"https:\/\/fotografiadlaciekawych.pl\/index.php\/2016\/11\/04\/powstalo-zdjecie-gwiazdy-nad-cmentarzem\/\" \/>\n<meta property=\"og:locale\" content=\"pl_PL\" \/>\n<meta property=\"og:type\" content=\"article\" \/>\n<meta property=\"og:title\" content=\"Jak powsta\u0142o to zdj\u0119cie - gwiazdy nad cmentarzem\" \/>\n<meta property=\"og:description\" content=\"To zdj\u0119cie mo\u017ce zaskakiwa\u0107. Pokazuje wi\u0119cej ni\u017c wida\u0107 go\u0142ym okiem. Robi\u0105c nocne zdj\u0119cia mo\u017cesz aparatem z\u0142apa\u0107 wi\u0119cej ni\u017c widzisz. Tak by\u0142o w tym przypadku.\" \/>\n<meta property=\"og:url\" content=\"https:\/\/fotografiadlaciekawych.pl\/index.php\/2016\/11\/04\/powstalo-zdjecie-gwiazdy-nad-cmentarzem\/\" \/>\n<meta property=\"og:site_name\" content=\"Fotografia dla ciekawych\" \/>\n<meta property=\"article:publisher\" content=\"https:\/\/www.facebook.com\/przemyslaw.oziemblewski\" \/>\n<meta property=\"article:author\" content=\"https:\/\/www.facebook.com\/przemyslaw.oziemblewski\" \/>\n<meta property=\"article:published_time\" content=\"2016-11-04T17:34:57+00:00\" \/>\n<meta property=\"article:modified_time\" content=\"2016-11-04T17:40:37+00:00\" \/>\n<meta property=\"og:image\" content=\"https:\/\/fotografiadlaciekawych.pl\/wp-content\/uploads\/2015\/11\/8747_850-3.jpg\" \/>\n\t<meta property=\"og:image:width\" content=\"850\" \/>\n\t<meta property=\"og:image:height\" content=\"567\" \/>\n\t<meta property=\"og:image:type\" content=\"image\/jpeg\" \/>\n<meta name=\"author\" content=\"Przemys\u0142aw Oziemblewski\" \/>\n<meta name=\"twitter:label1\" content=\"Napisane przez\" \/>\n\t<meta name=\"twitter:data1\" content=\"Przemys\u0142aw Oziemblewski\" \/>\n\t<meta name=\"twitter:label2\" content=\"Szacowany czas czytania\" \/>\n\t<meta name=\"twitter:data2\" content=\"2 minuty\" \/>\n<script type=\"application\/ld+json\" class=\"yoast-schema-graph\">{\"@context\":\"https:\\\/\\\/schema.org\",\"@graph\":[{\"@type\":\"Article\",\"@id\":\"https:\\\/\\\/fotografiadlaciekawych.pl\\\/index.php\\\/2016\\\/11\\\/04\\\/powstalo-zdjecie-gwiazdy-nad-cmentarzem\\\/#article\",\"isPartOf\":{\"@id\":\"https:\\\/\\\/fotografiadlaciekawych.pl\\\/index.php\\\/2016\\\/11\\\/04\\\/powstalo-zdjecie-gwiazdy-nad-cmentarzem\\\/\"},\"author\":{\"name\":\"Przemys\u0142aw Oziemblewski\",\"@id\":\"https:\\\/\\\/fotografiadlaciekawych.pl\\\/#\\\/schema\\\/person\\\/a9c16bf51d40163ef50c7170ff56de4d\"},\"headline\":\"Jak powsta\u0142o to zdj\u0119cie &#8211; gwiazdy nad cmentarzem\",\"datePublished\":\"2016-11-04T17:34:57+00:00\",\"dateModified\":\"2016-11-04T17:40:37+00:00\",\"mainEntityOfPage\":{\"@id\":\"https:\\\/\\\/fotografiadlaciekawych.pl\\\/index.php\\\/2016\\\/11\\\/04\\\/powstalo-zdjecie-gwiazdy-nad-cmentarzem\\\/\"},\"wordCount\":386,\"commentCount\":0,\"publisher\":{\"@id\":\"https:\\\/\\\/fotografiadlaciekawych.pl\\\/#\\\/schema\\\/person\\\/a9c16bf51d40163ef50c7170ff56de4d\"},\"image\":{\"@id\":\"https:\\\/\\\/fotografiadlaciekawych.pl\\\/index.php\\\/2016\\\/11\\\/04\\\/powstalo-zdjecie-gwiazdy-nad-cmentarzem\\\/#primaryimage\"},\"thumbnailUrl\":\"http:\\\/\\\/fotografiadlaciekawych.pl\\\/wp-content\\\/uploads\\\/2015\\\/11\\\/8747_850-3-400x267.jpg\",\"keywords\":[\"cmentarz\",\"gwiazdy\",\"zdj\u0119cia nocne\"],\"articleSection\":[\"Galeria jednego zdj\u0119cia\"],\"inLanguage\":\"pl-PL\",\"potentialAction\":[{\"@type\":\"CommentAction\",\"name\":\"Comment\",\"target\":[\"https:\\\/\\\/fotografiadlaciekawych.pl\\\/index.php\\\/2016\\\/11\\\/04\\\/powstalo-zdjecie-gwiazdy-nad-cmentarzem\\\/#respond\"]}]},{\"@type\":\"WebPage\",\"@id\":\"https:\\\/\\\/fotografiadlaciekawych.pl\\\/index.php\\\/2016\\\/11\\\/04\\\/powstalo-zdjecie-gwiazdy-nad-cmentarzem\\\/\",\"url\":\"https:\\\/\\\/fotografiadlaciekawych.pl\\\/index.php\\\/2016\\\/11\\\/04\\\/powstalo-zdjecie-gwiazdy-nad-cmentarzem\\\/\",\"name\":\"Jak powsta\u0142o to zdj\u0119cie - gwiazdy nad cmentarzem\",\"isPartOf\":{\"@id\":\"https:\\\/\\\/fotografiadlaciekawych.pl\\\/#website\"},\"primaryImageOfPage\":{\"@id\":\"https:\\\/\\\/fotografiadlaciekawych.pl\\\/index.php\\\/2016\\\/11\\\/04\\\/powstalo-zdjecie-gwiazdy-nad-cmentarzem\\\/#primaryimage\"},\"image\":{\"@id\":\"https:\\\/\\\/fotografiadlaciekawych.pl\\\/index.php\\\/2016\\\/11\\\/04\\\/powstalo-zdjecie-gwiazdy-nad-cmentarzem\\\/#primaryimage\"},\"thumbnailUrl\":\"http:\\\/\\\/fotografiadlaciekawych.pl\\\/wp-content\\\/uploads\\\/2015\\\/11\\\/8747_850-3-400x267.jpg\",\"datePublished\":\"2016-11-04T17:34:57+00:00\",\"dateModified\":\"2016-11-04T17:40:37+00:00\",\"description\":\"To zdj\u0119cie mo\u017ce zaskakiwa\u0107. Pokazuje wi\u0119cej ni\u017c wida\u0107 go\u0142ym okiem. Robi\u0105c nocne zdj\u0119cia mo\u017cesz aparatem z\u0142apa\u0107 wi\u0119cej ni\u017c widzisz. Tak by\u0142o w tym przypadku.\",\"breadcrumb\":{\"@id\":\"https:\\\/\\\/fotografiadlaciekawych.pl\\\/index.php\\\/2016\\\/11\\\/04\\\/powstalo-zdjecie-gwiazdy-nad-cmentarzem\\\/#breadcrumb\"},\"inLanguage\":\"pl-PL\",\"potentialAction\":[{\"@type\":\"ReadAction\",\"target\":[\"https:\\\/\\\/fotografiadlaciekawych.pl\\\/index.php\\\/2016\\\/11\\\/04\\\/powstalo-zdjecie-gwiazdy-nad-cmentarzem\\\/\"]}]},{\"@type\":\"ImageObject\",\"inLanguage\":\"pl-PL\",\"@id\":\"https:\\\/\\\/fotografiadlaciekawych.pl\\\/index.php\\\/2016\\\/11\\\/04\\\/powstalo-zdjecie-gwiazdy-nad-cmentarzem\\\/#primaryimage\",\"url\":\"https:\\\/\\\/fotografiadlaciekawych.pl\\\/wp-content\\\/uploads\\\/2015\\\/11\\\/8747_850-3.jpg\",\"contentUrl\":\"https:\\\/\\\/fotografiadlaciekawych.pl\\\/wp-content\\\/uploads\\\/2015\\\/11\\\/8747_850-3.jpg\",\"width\":850,\"height\":567},{\"@type\":\"BreadcrumbList\",\"@id\":\"https:\\\/\\\/fotografiadlaciekawych.pl\\\/index.php\\\/2016\\\/11\\\/04\\\/powstalo-zdjecie-gwiazdy-nad-cmentarzem\\\/#breadcrumb\",\"itemListElement\":[{\"@type\":\"ListItem\",\"position\":1,\"name\":\"Home\",\"item\":\"https:\\\/\\\/fotografiadlaciekawych.pl\\\/\"},{\"@type\":\"ListItem\",\"position\":2,\"name\":\"Jak powsta\u0142o to zdj\u0119cie &#8211; gwiazdy nad cmentarzem\"}]},{\"@type\":\"WebSite\",\"@id\":\"https:\\\/\\\/fotografiadlaciekawych.pl\\\/#website\",\"url\":\"https:\\\/\\\/fotografiadlaciekawych.pl\\\/\",\"name\":\"Fotografia dla ciekawych\",\"description\":\"Blog prowadzony od 2008 r.\",\"publisher\":{\"@id\":\"https:\\\/\\\/fotografiadlaciekawych.pl\\\/#\\\/schema\\\/person\\\/a9c16bf51d40163ef50c7170ff56de4d\"},\"potentialAction\":[{\"@type\":\"SearchAction\",\"target\":{\"@type\":\"EntryPoint\",\"urlTemplate\":\"https:\\\/\\\/fotografiadlaciekawych.pl\\\/?s={search_term_string}\"},\"query-input\":{\"@type\":\"PropertyValueSpecification\",\"valueRequired\":true,\"valueName\":\"search_term_string\"}}],\"inLanguage\":\"pl-PL\"},{\"@type\":[\"Person\",\"Organization\"],\"@id\":\"https:\\\/\\\/fotografiadlaciekawych.pl\\\/#\\\/schema\\\/person\\\/a9c16bf51d40163ef50c7170ff56de4d\",\"name\":\"Przemys\u0142aw Oziemblewski\",\"image\":{\"@type\":\"ImageObject\",\"inLanguage\":\"pl-PL\",\"@id\":\"https:\\\/\\\/fotografiadlaciekawych.pl\\\/wp-content\\\/uploads\\\/2020\\\/12\\\/przemek-oziemblewski-250px.jpg\",\"url\":\"https:\\\/\\\/fotografiadlaciekawych.pl\\\/wp-content\\\/uploads\\\/2020\\\/12\\\/przemek-oziemblewski-250px.jpg\",\"contentUrl\":\"https:\\\/\\\/fotografiadlaciekawych.pl\\\/wp-content\\\/uploads\\\/2020\\\/12\\\/przemek-oziemblewski-250px.jpg\",\"width\":250,\"height\":250,\"caption\":\"Przemys\u0142aw Oziemblewski\"},\"logo\":{\"@id\":\"https:\\\/\\\/fotografiadlaciekawych.pl\\\/wp-content\\\/uploads\\\/2020\\\/12\\\/przemek-oziemblewski-250px.jpg\"},\"sameAs\":[\"http:\\\/\\\/fotografiadlaciekawych.pl\",\"https:\\\/\\\/www.facebook.com\\\/przemyslaw.oziemblewski\",\"https:\\\/\\\/www.instagram.com\\\/p.oziemblewski\\\/\",\"https:\\\/\\\/www.pinterest.com\\\/fotodcpl\\\/\",\"https:\\\/\\\/youtube.com\\\/@PrzemyslawOziemblewski\"]}]}<\/script>\n<!-- \/ Yoast SEO plugin. -->","yoast_head_json":{"title":"Jak powsta\u0142o to zdj\u0119cie - gwiazdy nad cmentarzem","description":"To zdj\u0119cie mo\u017ce zaskakiwa\u0107. Pokazuje wi\u0119cej ni\u017c wida\u0107 go\u0142ym okiem. Robi\u0105c nocne zdj\u0119cia mo\u017cesz aparatem z\u0142apa\u0107 wi\u0119cej ni\u017c widzisz. Tak by\u0142o w tym przypadku.","robots":{"index":"index","follow":"follow","max-snippet":"max-snippet:-1","max-image-preview":"max-image-preview:large","max-video-preview":"max-video-preview:-1"},"canonical":"https:\/\/fotografiadlaciekawych.pl\/index.php\/2016\/11\/04\/powstalo-zdjecie-gwiazdy-nad-cmentarzem\/","og_locale":"pl_PL","og_type":"article","og_title":"Jak powsta\u0142o to zdj\u0119cie - gwiazdy nad cmentarzem","og_description":"To zdj\u0119cie mo\u017ce zaskakiwa\u0107. Pokazuje wi\u0119cej ni\u017c wida\u0107 go\u0142ym okiem. Robi\u0105c nocne zdj\u0119cia mo\u017cesz aparatem z\u0142apa\u0107 wi\u0119cej ni\u017c widzisz. Tak by\u0142o w tym przypadku.","og_url":"https:\/\/fotografiadlaciekawych.pl\/index.php\/2016\/11\/04\/powstalo-zdjecie-gwiazdy-nad-cmentarzem\/","og_site_name":"Fotografia dla ciekawych","article_publisher":"https:\/\/www.facebook.com\/przemyslaw.oziemblewski","article_author":"https:\/\/www.facebook.com\/przemyslaw.oziemblewski","article_published_time":"2016-11-04T17:34:57+00:00","article_modified_time":"2016-11-04T17:40:37+00:00","og_image":[{"width":850,"height":567,"url":"https:\/\/fotografiadlaciekawych.pl\/wp-content\/uploads\/2015\/11\/8747_850-3.jpg","type":"image\/jpeg"}],"author":"Przemys\u0142aw Oziemblewski","twitter_misc":{"Napisane przez":"Przemys\u0142aw Oziemblewski","Szacowany czas czytania":"2 minuty"},"schema":{"@context":"https:\/\/schema.org","@graph":[{"@type":"Article","@id":"https:\/\/fotografiadlaciekawych.pl\/index.php\/2016\/11\/04\/powstalo-zdjecie-gwiazdy-nad-cmentarzem\/#article","isPartOf":{"@id":"https:\/\/fotografiadlaciekawych.pl\/index.php\/2016\/11\/04\/powstalo-zdjecie-gwiazdy-nad-cmentarzem\/"},"author":{"name":"Przemys\u0142aw Oziemblewski","@id":"https:\/\/fotografiadlaciekawych.pl\/#\/schema\/person\/a9c16bf51d40163ef50c7170ff56de4d"},"headline":"Jak powsta\u0142o to zdj\u0119cie &#8211; gwiazdy nad cmentarzem","datePublished":"2016-11-04T17:34:57+00:00","dateModified":"2016-11-04T17:40:37+00:00","mainEntityOfPage":{"@id":"https:\/\/fotografiadlaciekawych.pl\/index.php\/2016\/11\/04\/powstalo-zdjecie-gwiazdy-nad-cmentarzem\/"},"wordCount":386,"commentCount":0,"publisher":{"@id":"https:\/\/fotografiadlaciekawych.pl\/#\/schema\/person\/a9c16bf51d40163ef50c7170ff56de4d"},"image":{"@id":"https:\/\/fotografiadlaciekawych.pl\/index.php\/2016\/11\/04\/powstalo-zdjecie-gwiazdy-nad-cmentarzem\/#primaryimage"},"thumbnailUrl":"http:\/\/fotografiadlaciekawych.pl\/wp-content\/uploads\/2015\/11\/8747_850-3-400x267.jpg","keywords":["cmentarz","gwiazdy","zdj\u0119cia nocne"],"articleSection":["Galeria jednego zdj\u0119cia"],"inLanguage":"pl-PL","potentialAction":[{"@type":"CommentAction","name":"Comment","target":["https:\/\/fotografiadlaciekawych.pl\/index.php\/2016\/11\/04\/powstalo-zdjecie-gwiazdy-nad-cmentarzem\/#respond"]}]},{"@type":"WebPage","@id":"https:\/\/fotografiadlaciekawych.pl\/index.php\/2016\/11\/04\/powstalo-zdjecie-gwiazdy-nad-cmentarzem\/","url":"https:\/\/fotografiadlaciekawych.pl\/index.php\/2016\/11\/04\/powstalo-zdjecie-gwiazdy-nad-cmentarzem\/","name":"Jak powsta\u0142o to zdj\u0119cie - gwiazdy nad cmentarzem","isPartOf":{"@id":"https:\/\/fotografiadlaciekawych.pl\/#website"},"primaryImageOfPage":{"@id":"https:\/\/fotografiadlaciekawych.pl\/index.php\/2016\/11\/04\/powstalo-zdjecie-gwiazdy-nad-cmentarzem\/#primaryimage"},"image":{"@id":"https:\/\/fotografiadlaciekawych.pl\/index.php\/2016\/11\/04\/powstalo-zdjecie-gwiazdy-nad-cmentarzem\/#primaryimage"},"thumbnailUrl":"http:\/\/fotografiadlaciekawych.pl\/wp-content\/uploads\/2015\/11\/8747_850-3-400x267.jpg","datePublished":"2016-11-04T17:34:57+00:00","dateModified":"2016-11-04T17:40:37+00:00","description":"To zdj\u0119cie mo\u017ce zaskakiwa\u0107. Pokazuje wi\u0119cej ni\u017c wida\u0107 go\u0142ym okiem. Robi\u0105c nocne zdj\u0119cia mo\u017cesz aparatem z\u0142apa\u0107 wi\u0119cej ni\u017c widzisz. Tak by\u0142o w tym przypadku.","breadcrumb":{"@id":"https:\/\/fotografiadlaciekawych.pl\/index.php\/2016\/11\/04\/powstalo-zdjecie-gwiazdy-nad-cmentarzem\/#breadcrumb"},"inLanguage":"pl-PL","potentialAction":[{"@type":"ReadAction","target":["https:\/\/fotografiadlaciekawych.pl\/index.php\/2016\/11\/04\/powstalo-zdjecie-gwiazdy-nad-cmentarzem\/"]}]},{"@type":"ImageObject","inLanguage":"pl-PL","@id":"https:\/\/fotografiadlaciekawych.pl\/index.php\/2016\/11\/04\/powstalo-zdjecie-gwiazdy-nad-cmentarzem\/#primaryimage","url":"https:\/\/fotografiadlaciekawych.pl\/wp-content\/uploads\/2015\/11\/8747_850-3.jpg","contentUrl":"https:\/\/fotografiadlaciekawych.pl\/wp-content\/uploads\/2015\/11\/8747_850-3.jpg","width":850,"height":567},{"@type":"BreadcrumbList","@id":"https:\/\/fotografiadlaciekawych.pl\/index.php\/2016\/11\/04\/powstalo-zdjecie-gwiazdy-nad-cmentarzem\/#breadcrumb","itemListElement":[{"@type":"ListItem","position":1,"name":"Home","item":"https:\/\/fotografiadlaciekawych.pl\/"},{"@type":"ListItem","position":2,"name":"Jak powsta\u0142o to zdj\u0119cie &#8211; gwiazdy nad cmentarzem"}]},{"@type":"WebSite","@id":"https:\/\/fotografiadlaciekawych.pl\/#website","url":"https:\/\/fotografiadlaciekawych.pl\/","name":"Fotografia dla ciekawych","description":"Blog prowadzony od 2008 r.","publisher":{"@id":"https:\/\/fotografiadlaciekawych.pl\/#\/schema\/person\/a9c16bf51d40163ef50c7170ff56de4d"},"potentialAction":[{"@type":"SearchAction","target":{"@type":"EntryPoint","urlTemplate":"https:\/\/fotografiadlaciekawych.pl\/?s={search_term_string}"},"query-input":{"@type":"PropertyValueSpecification","valueRequired":true,"valueName":"search_term_string"}}],"inLanguage":"pl-PL"},{"@type":["Person","Organization"],"@id":"https:\/\/fotografiadlaciekawych.pl\/#\/schema\/person\/a9c16bf51d40163ef50c7170ff56de4d","name":"Przemys\u0142aw Oziemblewski","image":{"@type":"ImageObject","inLanguage":"pl-PL","@id":"https:\/\/fotografiadlaciekawych.pl\/wp-content\/uploads\/2020\/12\/przemek-oziemblewski-250px.jpg","url":"https:\/\/fotografiadlaciekawych.pl\/wp-content\/uploads\/2020\/12\/przemek-oziemblewski-250px.jpg","contentUrl":"https:\/\/fotografiadlaciekawych.pl\/wp-content\/uploads\/2020\/12\/przemek-oziemblewski-250px.jpg","width":250,"height":250,"caption":"Przemys\u0142aw Oziemblewski"},"logo":{"@id":"https:\/\/fotografiadlaciekawych.pl\/wp-content\/uploads\/2020\/12\/przemek-oziemblewski-250px.jpg"},"sameAs":["http:\/\/fotografiadlaciekawych.pl","https:\/\/www.facebook.com\/przemyslaw.oziemblewski","https:\/\/www.instagram.com\/p.oziemblewski\/","https:\/\/www.pinterest.com\/fotodcpl\/","https:\/\/youtube.com\/@PrzemyslawOziemblewski"]}]}},"jetpack_publicize_connections":[],"jetpack_sharing_enabled":true,"jetpack-related-posts":[{"id":2363,"url":"https:\/\/fotografiadlaciekawych.pl\/index.php\/2010\/04\/20\/kreatywna-ekspozycja-cz-1\/","url_meta":{"origin":9949,"position":0},"title":"Kreatywna ekspozycja","author":"Przemys\u0142aw Oziemblewski","date":"wtorek, 20 kwi 2010","format":false,"excerpt":"Z poprzedniego wpisu O ekspozycji czas zacz\u0105\u0107 wiesz ju\u017c, \u017ce ekspozycja to porcja \u015bwiat\u0142a, kt\u00f3ra w odpowiedni spos\u00f3b na\u015bwietli matryc\u0119 w aparacie cyfrowym. W odpowiedni, czyli w taki w jaki chcia\u0142 pokaza\u0107 dany obraz jego autor. Nie oznacza to jednak, \u017ce zawsze ekspozycja ma by\u0107 wierna rzeczywisto\u015bci. Mo\u017cna do tematu\u2026","rel":"","context":"W \u201eEkspozycja&quot;","block_context":{"text":"Ekspozycja","link":"https:\/\/fotografiadlaciekawych.pl\/index.php\/category\/fotografia\/ekspozycja-fotografia\/"},"img":{"alt_text":"","src":"https:\/\/i0.wp.com\/fotografiadlaciekawych.pl\/wp-content\/uploads\/2010\/04\/img_0699-ev0-900-400x266.jpg?resize=350%2C200","width":350,"height":200},"classes":[]},{"id":2679,"url":"https:\/\/fotografiadlaciekawych.pl\/index.php\/2010\/07\/07\/pozwol-sloncu-rozblysnac\/","url_meta":{"origin":9949,"position":1},"title":"Pozw\u00f3l s\u0142o\u0144cu rozb\u0142ysn\u0105\u0107","author":"Przemys\u0142aw Oziemblewski","date":"\u015broda, 7 lip 2010","format":false,"excerpt":"Im wi\u0119cej robisz zdj\u0119\u0107 i analizujesz powsta\u0142e efekty, tym bardziej zwracasz uwag\u0119 na detale. Czasami taki jeden detal mo\u017ce znacz\u0105co zmieni\u0107 odbi\u00f3r zdj\u0119cia na lepsze. Poni\u017cej dwa zdj\u0119cia. W zasadzie r\u00f3\u017cni\u0105 si\u0119 tylko jednym elementem. Czy wiesz ju\u017c jakim? Zdj\u0119cie 1 Zdj\u0119cie 2 Pierwsze zdj\u0119cie zrobione przy przys\u0142onie F22, a\u2026","rel":"","context":"W \u201eFotografia&quot;","block_context":{"text":"Fotografia","link":"https:\/\/fotografiadlaciekawych.pl\/index.php\/category\/fotografia\/"},"img":{"alt_text":"","src":"https:\/\/i0.wp.com\/fotografiadlaciekawych.pl\/wp-content\/uploads\/2010\/07\/img_7560800-400x250.jpg?resize=350%2C200","width":350,"height":200},"classes":[]},{"id":14707,"url":"https:\/\/fotografiadlaciekawych.pl\/index.php\/2020\/07\/24\/zachod-ksiezyca-oraz-kometa-c-2020-f3-neowise-nad-dolina-noteci\/","url_meta":{"origin":9949,"position":2},"title":"Zach\u00f3d Ksi\u0119\u017cyca oraz kometa C\/2020 F3 NEOWISE nad Dolin\u0105 Noteci","author":"Przemys\u0142aw Oziemblewski","date":"pi\u0105tek, 24 lip 2020","format":false,"excerpt":"Zach\u0119cony zdj\u0119ciami w Internecie wybra\u0142em si\u0119 wczoraj na \u0142apanie komety C\/2020 F3 NEOWISE. I faktycznie jest. Z\u0142apa\u0142em j\u0105 na zdj\u0119ciu. Poni\u017cej podaj\u0119 parametry. Go\u0142ym okiem trudno jest j\u0105 jednak dojrze\u0107. Wygl\u0105da na to, \u017ce wcze\u015bniej by\u0142a lepiej widoczna. Na zdj\u0119ciu jest to ma\u0142y punkt z jasn\u0105 smug\u0105. Zaznaczy\u0142em strza\u0142k\u0105, by\u2026","rel":"","context":"W \u201eZdj\u0119cia&quot;","block_context":{"text":"Zdj\u0119cia","link":"https:\/\/fotografiadlaciekawych.pl\/index.php\/category\/zdjecia\/"},"img":{"alt_text":"Zach\u00f3d Ksi\u0119\u017cyca","src":"https:\/\/i0.wp.com\/fotografiadlaciekawych.pl\/wp-content\/uploads\/2020\/07\/200723_IMG_8259_1000px.jpg?resize=350%2C200&ssl=1","width":350,"height":200,"srcset":"https:\/\/i0.wp.com\/fotografiadlaciekawych.pl\/wp-content\/uploads\/2020\/07\/200723_IMG_8259_1000px.jpg?resize=350%2C200&ssl=1 1x, https:\/\/i0.wp.com\/fotografiadlaciekawych.pl\/wp-content\/uploads\/2020\/07\/200723_IMG_8259_1000px.jpg?resize=525%2C300&ssl=1 1.5x, https:\/\/i0.wp.com\/fotografiadlaciekawych.pl\/wp-content\/uploads\/2020\/07\/200723_IMG_8259_1000px.jpg?resize=700%2C400&ssl=1 2x"},"classes":[]},{"id":11085,"url":"https:\/\/fotografiadlaciekawych.pl\/index.php\/2017\/10\/10\/tryb-automatyczny-w-aparacie\/","url_meta":{"origin":9949,"position":3},"title":"Tryb automatyczny w aparacie jest fajny ale &#8230; jest te\u017c ograniczeniem","author":"Przemys\u0142aw Oziemblewski","date":"wtorek, 10 pa\u017a 2017","format":false,"excerpt":"Tryb automatyczny jest fajny i dobrze, \u017ce tw\u00f3rcy aparat\u00f3w go zrobili, i staraj\u0105 si\u0119 go ci\u0105gle ulepsza\u0107. W sytuacjach z dobrym o\u015bwietleniem, kiedy nie zale\u017cy ci na jakim\u015b szczeg\u00f3lnym czasie na\u015bwietlania lub g\u0142\u0119bi ostro\u015bci mo\u017cna spokojnie wykorzystywa\u0107 tryb automatyczny. Wtedy uzyskujesz zazwyczaj dobrze na\u015bwietlone zdj\u0119cie zapisane do pliku JPG. Dlatego\u2026","rel":"","context":"W \u201eEkspozycja&quot;","block_context":{"text":"Ekspozycja","link":"https:\/\/fotografiadlaciekawych.pl\/index.php\/category\/fotografia\/ekspozycja-fotografia\/"},"img":{"alt_text":"","src":"https:\/\/i0.wp.com\/fotografiadlaciekawych.pl\/wp-content\/uploads\/2017\/10\/4290_850-2.jpg?resize=350%2C200&ssl=1","width":350,"height":200,"srcset":"https:\/\/i0.wp.com\/fotografiadlaciekawych.pl\/wp-content\/uploads\/2017\/10\/4290_850-2.jpg?resize=350%2C200&ssl=1 1x, https:\/\/i0.wp.com\/fotografiadlaciekawych.pl\/wp-content\/uploads\/2017\/10\/4290_850-2.jpg?resize=525%2C300&ssl=1 1.5x, https:\/\/i0.wp.com\/fotografiadlaciekawych.pl\/wp-content\/uploads\/2017\/10\/4290_850-2.jpg?resize=700%2C400&ssl=1 2x"},"classes":[]},{"id":7819,"url":"https:\/\/fotografiadlaciekawych.pl\/index.php\/2014\/09\/09\/gwiazdy-zachodzie-slonca\/","url_meta":{"origin":9949,"position":4},"title":"Gwiazdy i kamienie po zachodzie s\u0142o\u0144ca","author":"Przemys\u0142aw Oziemblewski","date":"wtorek, 9 wrz 2014","format":false,"excerpt":"Dawno ju\u017c chcia\u0142em zrobi\u0107 zdj\u0119cie, na kt\u00f3ry widoczne s\u0105 reszki zachodu s\u0142o\u0144ca oraz gwiazdy. Okazja nadarzy\u0142a si\u0119 w czasie pobytu w Jastrz\u0119biej G\u00f3rze. Inne zdj\u0119cia z tego malowniczego miejsca ju\u017c pokazywa\u0142em na blogu. Wydaje mi si\u0119, \u017ce najwi\u0119ksz\u0105 trudno\u015bci\u0105 jest trafienie w odpowiedni moment. Troch\u0119 wcze\u015bniej niebo b\u0119dzie zbyt jasne\u2026","rel":"","context":"W \u201eGaleria jednego zdj\u0119cia&quot;","block_context":{"text":"Galeria jednego zdj\u0119cia","link":"https:\/\/fotografiadlaciekawych.pl\/index.php\/category\/galeria-jednego-zdjecia\/"},"img":{"alt_text":"Zach\u00f3d s\u0142o\u0144ca i gwiazdy","src":"https:\/\/i0.wp.com\/fotografiadlaciekawych.pl\/wp-content\/uploads\/2014\/09\/zachod-slonca-i-gwiazdy_4549_850-400x266.jpg?resize=350%2C200","width":350,"height":200},"classes":[]},{"id":8896,"url":"https:\/\/fotografiadlaciekawych.pl\/index.php\/2015\/12\/04\/na-co-wplywa-przyslona\/","url_meta":{"origin":9949,"position":5},"title":"Na co wp\u0142ywa przys\u0142ona","author":"Przemys\u0142aw Oziemblewski","date":"pi\u0105tek, 4 gru 2015","format":false,"excerpt":"Przys\u0142ona w aparacie, a w\u0142a\u015bciwie w obiektywie, wp\u0142ywa na kilka czynnik\u00f3w. Z tym jest w\u0142a\u015bnie zwi\u0105zane kolejne pytanie od Huberta: \"... m\u00f3wi si\u0119, \u017ce dany obiektyw uzyskuje najwi\u0119ksz\u0105 ostro\u015b\u0107 na danej przys\u0142onie, np dla Nikkora 1.8 35 mm najlepsze rezultaty osi\u0105ga na f\/4, natomiast np. przy fotografowaniu zdj\u0119\u0107 grupowych m\u00f3wi\u2026","rel":"","context":"W \u201eFotografia&quot;","block_context":{"text":"Fotografia","link":"https:\/\/fotografiadlaciekawych.pl\/index.php\/category\/fotografia\/"},"img":{"alt_text":"Nocna architektura","src":"https:\/\/i0.wp.com\/fotografiadlaciekawych.pl\/wp-content\/uploads\/2024\/03\/240220_O2203402_1080px.jpg?resize=350%2C200&ssl=1","width":350,"height":200,"srcset":"https:\/\/i0.wp.com\/fotografiadlaciekawych.pl\/wp-content\/uploads\/2024\/03\/240220_O2203402_1080px.jpg?resize=350%2C200&ssl=1 1x, https:\/\/i0.wp.com\/fotografiadlaciekawych.pl\/wp-content\/uploads\/2024\/03\/240220_O2203402_1080px.jpg?resize=525%2C300&ssl=1 1.5x, https:\/\/i0.wp.com\/fotografiadlaciekawych.pl\/wp-content\/uploads\/2024\/03\/240220_O2203402_1080px.jpg?resize=700%2C400&ssl=1 2x, https:\/\/i0.wp.com\/fotografiadlaciekawych.pl\/wp-content\/uploads\/2024\/03\/240220_O2203402_1080px.jpg?resize=1050%2C600&ssl=1 3x"},"classes":[]}],"jetpack_featured_media_url":"","_links":{"self":[{"href":"https:\/\/fotografiadlaciekawych.pl\/index.php\/wp-json\/wp\/v2\/posts\/9949","targetHints":{"allow":["GET"]}}],"collection":[{"href":"https:\/\/fotografiadlaciekawych.pl\/index.php\/wp-json\/wp\/v2\/posts"}],"about":[{"href":"https:\/\/fotografiadlaciekawych.pl\/index.php\/wp-json\/wp\/v2\/types\/post"}],"author":[{"embeddable":true,"href":"https:\/\/fotografiadlaciekawych.pl\/index.php\/wp-json\/wp\/v2\/users\/1"}],"replies":[{"embeddable":true,"href":"https:\/\/fotografiadlaciekawych.pl\/index.php\/wp-json\/wp\/v2\/comments?post=9949"}],"version-history":[{"count":5,"href":"https:\/\/fotografiadlaciekawych.pl\/index.php\/wp-json\/wp\/v2\/posts\/9949\/revisions"}],"predecessor-version":[{"id":9956,"href":"https:\/\/fotografiadlaciekawych.pl\/index.php\/wp-json\/wp\/v2\/posts\/9949\/revisions\/9956"}],"wp:attachment":[{"href":"https:\/\/fotografiadlaciekawych.pl\/index.php\/wp-json\/wp\/v2\/media?parent=9949"}],"wp:term":[{"taxonomy":"category","embeddable":true,"href":"https:\/\/fotografiadlaciekawych.pl\/index.php\/wp-json\/wp\/v2\/categories?post=9949"},{"taxonomy":"post_tag","embeddable":true,"href":"https:\/\/fotografiadlaciekawych.pl\/index.php\/wp-json\/wp\/v2\/tags?post=9949"}],"curies":[{"name":"wp","href":"https:\/\/api.w.org\/{rel}","templated":true}]}}